{"id":104344,"date":"2026-04-12T00:29:00","date_gmt":"2026-04-11T22:29:00","guid":{"rendered":"https:\/\/www.infokuryr.cz\/n\/?p=104344"},"modified":"2026-04-11T18:05:14","modified_gmt":"2026-04-11T16:05:14","slug":"kruh-se-kolem-trumpa-uzavira-a-smecka-rizena-netanjahuem-donalda-drzi-v-sachu-leze-to-pomalu-ven","status":"publish","type":"post","link":"https:\/\/www.infokuryr.cz\/n\/2026\/04\/12\/kruh-se-kolem-trumpa-uzavira-a-smecka-rizena-netanjahuem-donalda-drzi-v-sachu-leze-to-pomalu-ven\/","title":{"rendered":"Kruh se kolem Trumpa uzav\u00edr\u00e1 a sme\u010dka \u0159\u00edzen\u00e1 Netanjahuem Donalda dr\u017e\u00ed v \u0161achu: leze to pomalu ven!"},"content":{"rendered":"<div id=\"fb-root\"><\/div>\n<div class=\"introtext\">\n<h4>V\u0161ichni, co st\u00e1li za Donaldem Trumpem a varovali ho, \u017ee Netanjahu s dcerou a ze\u0165em ho zni\u010d\u00ed, zoufale se od n\u011bj ot\u00e1\u010d\u00ed a prchaj\u00ed pry\u010d. A sprostota Trumpa u\u017e je na \u00farovni b\u011bsn\u00edc\u00ed kobyly. Chcete jmenn\u00fd seznam?<\/h4>\n<\/div>\n<div class=\"fulltext\">\n<p>Co na n\u011bj tato ortodoxn\u00ed \u017eidovsk\u00e1 parta m\u00e1, \u017ee se\u00a0p\u0159ed n\u00ed plaz\u00ed prvn\u00ed mu\u017e sv\u011bta, jak o sob\u011b \u0159\u00edk\u00e1 Donald Trump, na kolenou, a \u017eadon\u00ed o pohlazen\u00ed?\u00a0\u017de by to byla skute\u010dn\u011b kauza &#8222;<strong>Jeffrey Edward Epstein &#8211; vrah a pedofil<\/strong>\u00a0&#8211; americk\u00fd finan\u010dn\u00edk&#8220;?<\/p>\n<p><img decoding=\"async\" loading=\"lazy\" class=\"aligncenter\" src=\"https:\/\/www.skrytapravda.cz\/images\/blogy\/805\/2026\/4deben\/Do%C5%BEivot%C3%AD_pro_Netanjahua_3ce89.webp\" alt=\"Do\u017eivot\u00ed pro Netanjahua 3ce89\" width=\"683\" height=\"358\" \/><\/p>\n<h2>Toto nen\u00ed Donald Trump, kter\u00e9ho jsme si p\u0159\u00e1li v USA m\u00edt! A pokud ho nedrt\u00ed mozkov\u00e1 p\u0159\u00edhoda&#8230;<\/h2>\n<p>I jeho \u017eena Melanie vyj\u00e1d\u0159en\u00ed o distancov\u00e1n\u00ed se dala masm\u00e9di\u00edm bez v\u011bdom\u00ed Donalda, kter\u00fd z toho byl v \u0161oku!<\/p>\n<p><a title=\"Melania Trump's speech propels Epstein crisis back to forefront\" href=\"https:\/\/www.bbc.com\/news\/articles\/cwy3w9y8gyjo\" target=\"_blank\" rel=\"noopener\">Melania Trump&#8217;s speech propels Epstein crisis back to forefront<\/a><\/p>\n<h2>Cel\u00e9 to m\u00e1 sv\u016fj v\u00fdvoj<\/h2>\n<p>Nejd\u0159\u00edve zlobn\u011b za\u0159val Elon Musk, kter\u00fd se s n\u00edm ve\u0159ejn\u011b poh\u00e1dal a pak po jak\u00e9si dohod\u011b svoji \u00falohu na pomoc USA ukon\u010dil.A hned libtardi samoz\u0159ejm\u011b \u0159vali, \u017ee \u00faspory byly mal\u00e9&#8230;<\/p>\n<p><a title=\"Americk\u00e1 roztr\u017eka. Trump: Musk se zbl\u00e1znil\" href=\"https:\/\/ekonomickydenik.cz\/americka-roztrzka-trump-musk-se-zblaznil-musk-odstavuji-kosmickou-lod\/\" target=\"_blank\" rel=\"noopener\">Americk\u00e1 roztr\u017eka. Trump: Musk se zbl\u00e1znil<\/a><\/p>\n<p><a title=\"DOGE sliboval rozs\u00e1hl\u00e9 \u0161krty, te\u010f ale kon\u010d\u00ed. Musk\u016fv \u00fa\u0159ad pro efektivitu st\u00e1tn\u00ed spr\u00e1vy p\u0159ed\u010dasn\u011b zav\u00edr\u00e1, \u00faspory jsou jen mal\u00e9\" href=\"https:\/\/archiv.hn.cz\/c1-67816750-doge-sliboval-rozsahle-skrty-ted-ale-konci-muskuv-urad-pro-efektivitu-statni-spravy-predcasne-zavira-uspory-jsou-jen-male\" target=\"_blank\" rel=\"noopener\">DOGE sliboval rozs\u00e1hl\u00e9 \u0161krty, te\u010f ale kon\u010d\u00ed. Musk\u016fv \u00fa\u0159ad pro efektivitu st\u00e1tn\u00ed spr\u00e1vy p\u0159ed\u010dasn\u011b zav\u00edr\u00e1, \u00faspory jsou jen mal\u00e9<\/a><\/p>\n<p>Jeho otec se sp\u0159\u00e1telil s Vladim\u00edrem Putinem a Trumpa ost\u0159e kritizuje.<\/p>\n<p><a title=\"Otec Elona Muska: Bylo by hloup\u00e9 neobdivovat Putina\" href=\"https:\/\/www.novinky.cz\/clanek\/valka-na-ukrajine-otec-elona-muska-se-rozplyva-nad-putinem-bylo-by-hloupe-ho-neobdivovat-40516085#utm_source=www.seznam.cz&amp;utm_medium=sekce-z-internetu\" target=\"_blank\" rel=\"noopener\">Otec Elona Muska: Bylo by hloup\u00e9 neobdivovat Putina<\/a><\/p>\n<p>A libtardi hned za\u00fato\u010dili: a to p\u0159esto, \u017ee je v\u0161e v\u0161eobecn\u011b zn\u00e1m\u00e9.<\/p>\n<p><a title=\"Otec Elona Muska \u010del\u00ed obvin\u011bn\u00ed ze sexu\u00e1ln\u00edho zneu\u017e\u00edv\u00e1n\u00ed p\u011bti sv\u00fdch d\u011bt\u00ed\" href=\"https:\/\/www.idnes.cz\/zpravy\/revue\/spolecnost\/errol-musk-elon-obvineni-sexualni-zneuzivani-soud-podnikatel.A250924_135701_lidicky_sub\" target=\"_blank\" rel=\"noopener\">Otec Elona Muska \u010del\u00ed obvin\u011bn\u00ed ze sexu\u00e1ln\u00edho zneu\u017e\u00edv\u00e1n\u00ed p\u011bti sv\u00fdch d\u011bt\u00ed<\/a><\/p>\n<p>Errol v roce 2018 ve\u0159ejn\u011b sd\u00edlel, \u017ee m\u00e1 s\u00a0<strong>nevlastn\u00ed<\/strong>\u00a0dcerou Janou d\u00edt\u011b, kter\u00e9 p\u0159i\u0161lo na sv\u011bt<strong>\u00a0roky pot\u00e9, co se v roce 2004 rozvedl s jej\u00ed matkou Heide Bezuidenhoutovou.<\/strong>\u00a0Podle policejn\u00edch a soudn\u00edch zpr\u00e1v, stejn\u011b jako rozhovor\u016f s \u010dleny rodiny a soci\u00e1ln\u00edmi pracovn\u00edky, m\u011bl nyn\u00ed dev\u011btasedmdes\u00e1tilet\u00fd\u00a0<a class=\"text-link\" href=\"https:\/\/www.idnes.cz\/wiki\/lide-ve-svete\/errol-musk.K5315851\">Errol Musk<\/a>\u00a0<strong>\u00fadajn\u011b<\/strong>\u00a0zneu\u017e\u00edvat sv\u00e9 d\u011bti jak v Kalifornii, tak v Jihoafrick\u00e9 republice, kde \u017eije a kde se narodil i jeho syn\u00a0<a class=\"text-link\" href=\"https:\/\/www.idnes.cz\/wiki\/ekonomika\/elon-musk.K456241\">Elon Musk.<\/a>\u00a0 Podle soudn\u00edch dokument\u016f se prvn\u00ed incident m\u011bl st\u00e1t v roce 1993, kdy tehdej\u0161\u00ed \u010dty\u0159let\u00e1 nevlastn\u00ed dcera Jana Bezuidenhoutov\u00e1 \u00fadajn\u011b \u0159ekla \u010dlen\u016fm rodiny, \u017ee se j\u00ed Errol nevhodn\u011b dot\u00fdkal. O deset let pozd\u011bji uvedla, \u017ee ho p\u0159istihla, jak \u010dich\u00e1 k jej\u00edmu pou\u017eit\u00e9mu spodn\u00edmu pr\u00e1dlu, p\u00ed\u0161e den\u00edk New York Times.<\/p>\n<p>A \u010derstv\u00e1 zpr\u00e1va: a op\u011bt Novinky, aby politick\u00e9 neziskovky a tupci nev\u0159\u00edskali, \u017ee je to dezinformace russsssk\u00e1:<\/p>\n<p><a title=\"Migranti - potomci Evropan\u016f z JAR z\u00edskaj\u00ed p\u016fdu v Rusku. Dohodl to otec Elona Muska\" href=\"https:\/\/www.novinky.cz\/clanek\/zahranicni-evropa-migranti-z-jar-ziskaji-pudu-v-rusku-dohodl-to-otec-elona-muska-40572172\" target=\"_blank\" rel=\"noopener\">Migranti &#8211; potomci Evropan\u016f z JAR z\u00edskaj\u00ed p\u016fdu v Rusku. Dohodl to otec Elona Muska<\/a><\/p>\n<p>Nyn\u00ed napadl i pravicov\u00e9 skv\u011bl\u00e9 koment\u00e1tory jako je\u00a0Tucker Carlson<\/p>\n<p><a title=\"Trump Lashes Out at Prominent Conservatives Over Iran War Criticism\" href=\"https:\/\/www.nytimes.com\/2026\/04\/09\/us\/politics\/trump-tucker-carlson-candace-owens.html\" target=\"_blank\" rel=\"noopener\">Trump Lashes Out at Prominent Conservatives Over Iran War Criticism<\/a><\/p>\n<p><em>Americk\u00fd prezident Donald Trump slovn\u011b napadl vlivn\u00e9 konzervativn\u00ed koment\u00e1tory, kte\u0159\u00ed ho v minulosti podporovali, ale nyn\u00ed ost\u0159e vystupuj\u00ed proti jeho v\u00e1lce s \u00cdr\u00e1nem. Prezident uvedl, \u017ee Tucker Carlson, Megyn Kellyov\u00e1, Candace Owensov\u00e1 a Alex Jones maj\u00ed n\u00edzk\u00e9 IQ a \u017ee nejsou sou\u010d\u00e1st\u00ed jeho hnut\u00ed MAGA (U\u010di\u0148me Ameriku op\u011bt skv\u011blou). Rovn\u011b\u017e je ozna\u010dil za nuly.\u00a0<\/em>A \u017ee to u\u017e je v\u00e1\u017en\u00e9, ve fin\u00e1le potvrdila i jeho man\u017eelka Melanie, (viz v\u00fd\u0161e) kter\u00e1 se distancovala od \u0161p\u00edny Epsteina, ani\u017e to konzultovala\u00a0s Donaldem Trumpem. A tomu te\u010dou nervy natolik, \u017ee POPROSIL sv\u00e9ho \u0161\u00e9fa Netanjahua, aby nyn\u00ed nezab\u00edjel a nevra\u017edil,\u00a0kdy\u017e bude Trump a jeho lid\u00e9 vyjedn\u00e1vat z Ir\u00e1nem.<\/p>\n<p><strong>P\u0159ece nen\u00ed norm\u00e1ln\u00ed, aby se nechal vl\u00e1kat do pasti Izraelem a m\u011bl zdrav\u00fd rozum. Pokud ho nestihla Bidenova demence, jedin\u00e9 vysv\u011btlen\u00ed je, \u017ee ho parta ortodoxn\u00edch \u017eid\u016f v \u010d\u0159ele s dceru\u0161kou a Netanjahuem, vyd\u00edr\u00e1. T\u0159et\u00ed alternativa neexistuje. Nebo \u017ee by konvertoval i Donald Trump? To snad ne&#8230;<\/strong><\/p>\n<div class=\"clauthor\">\n<div id=\"article_author\"><a href=\"https:\/\/www.skrytapravda.cz\/ze-zahranici\/3090-kruh-se-kolem-trumpa-uzavira-a-smecka-rizena-netanjahuem-donalda-drzi-v-sachu-leze-to-pomalu-ven\">Petr Pokorn\u00fd<\/a><\/div>\n<\/div>\n<\/div>\n<div><\/div>\n<div><\/div>\n<div><\/div>\n","protected":false},"excerpt":{"rendered":"<p>V\u0161ichni, co st\u00e1li za Donaldem Trumpem a varovali ho, \u017ee Netanjahu s dcerou a ze\u0165em&#8230;<\/p>\n","protected":false},"author":2,"featured_media":104345,"comment_status":"closed","ping_status":"closed","sticky":false,"template":"","format":"standard","meta":[],"categories":[6],"tags":[4537,1352,6277,1503],"_links":{"self":[{"href":"https:\/\/www.infokuryr.cz\/n\/wp-json\/wp\/v2\/posts\/104344"}],"collection":[{"href":"https:\/\/www.infokuryr.cz\/n\/wp-json\/wp\/v2\/posts"}],"about":[{"href":"https:\/\/www.infokuryr.cz\/n\/wp-json\/wp\/v2\/types\/post"}],"author":[{"embeddable":true,"href":"https:\/\/www.infokuryr.cz\/n\/wp-json\/wp\/v2\/users\/2"}],"replies":[{"embeddable":true,"href":"https:\/\/www.infokuryr.cz\/n\/wp-json\/wp\/v2\/comments?post=104344"}],"version-history":[{"count":1,"href":"https:\/\/www.infokuryr.cz\/n\/wp-json\/wp\/v2\/posts\/104344\/revisions"}],"predecessor-version":[{"id":104346,"href":"https:\/\/www.infokuryr.cz\/n\/wp-json\/wp\/v2\/posts\/104344\/revisions\/104346"}],"wp:featuredmedia":[{"embeddable":true,"href":"https:\/\/www.infokuryr.cz\/n\/wp-json\/wp\/v2\/media\/104345"}],"wp:attachment":[{"href":"https:\/\/www.infokuryr.cz\/n\/wp-json\/wp\/v2\/media?parent=104344"}],"wp:term":[{"taxonomy":"category","embeddable":true,"href":"https:\/\/www.infokuryr.cz\/n\/wp-json\/wp\/v2\/categories?post=104344"},{"taxonomy":"post_tag","embeddable":true,"href":"https:\/\/www.infokuryr.cz\/n\/wp-json\/wp\/v2\/tags?post=104344"}],"curies":[{"name":"wp","href":"https:\/\/api.w.org\/{rel}","templated":true}]}}