{"id":104343,"date":"2026-04-12T00:25:56","date_gmt":"2026-04-11T22:25:56","guid":{"rendered":"https:\/\/www.infokuryr.cz\/n\/?p=104343"},"modified":"2026-04-11T11:41:46","modified_gmt":"2026-04-11T09:41:46","slug":"kdyz-se-silenstvi-stava-normou-vlada-parazitu-vede-tichou-valku-proti-lidskosti-co-s-tim","status":"publish","type":"post","link":"https:\/\/www.infokuryr.cz\/n\/2026\/04\/12\/kdyz-se-silenstvi-stava-normou-vlada-parazitu-vede-tichou-valku-proti-lidskosti-co-s-tim\/","title":{"rendered":"Kdy\u017e se \u0161\u00edlenstv\u00ed st\u00e1v\u00e1 normou. Vl\u00e1da parazit\u016f vede tichou v\u00e1lku proti lidskosti. Co s t\u00edm?"},"content":{"rendered":"<div id=\"fb-root\"><\/div>\n<p>Jedin\u00e9, co je hor\u0161\u00ed ne\u017e \u017e\u00edt v absurdn\u00edm sv\u011bt\u011b, je p\u0159estat si toho v\u0161\u00edmat.<\/p>\n<p>\u017dijeme v dob\u011b, kdy se hranice mezi realitou a absurdnem st\u00edraj\u00ed jako tu\u017eka na pap\u00ed\u0159e, kter\u00fd nikdo nechce \u010d\u00edst. Ka\u017ed\u00fd den se probouz\u00edme do sv\u011bta,\u00a0<strong>kde se zjevn\u00e9 nesmysly st\u00e1vaj\u00ed b\u011b\u017enou sou\u010d\u00e1st\u00ed na\u0161eho \u017eivota<\/strong>\u00a0\u2013 jako bychom se pomalu, ale jist\u011b u\u010dili p\u0159ij\u00edmat \u0161\u00edlenstv\u00ed jako novou normu. A co je hor\u0161\u00ed? P\u0159est\u00e1v\u00e1me se divit.<span id=\"more-66006\"><\/span><\/p>\n<p>Tento pocit, kter\u00fd se n\u00e1m usadil pod k\u016f\u017e\u00ed jako neviditeln\u00fd st\u00edn, nen\u00ed jenom \u00fanavou z informac\u00ed nebo p\u0159em\u00edrou podn\u011bt\u016f. Je to hlub\u0161\u00ed, t\u00e9m\u011b\u0159 fyzick\u00e1 bolest \u2013 jako bychom se ocitli v divadle, kde herci hraj\u00ed roli, kterou nikdo nenapsal, a my jsme jedin\u00ed, kdo si uv\u011bdomuje, \u017ee sc\u00e9n\u00e1\u0159 chyb\u00ed. Jen\u017ee div\u00e1ci kolem n\u00e1s tleskaj\u00ed. A my? Stoj\u00edme tam, s \u00fasty doko\u0159\u00e1n a srdcem, kter\u00e9 se sv\u00edr\u00e1 v hrudi, proto\u017ee v\u00edme, \u017ee n\u011bco nen\u00ed v po\u0159\u00e1dku.<\/p>\n<p>Absurdno nen\u00ed jenom n\u011bco, co vid\u00edme venku \u2013 v politice, ve spole\u010dnosti, v m\u00e9di\u00edch. Je to tak\u00e9 n\u011bco, co c\u00edt\u00edme uvnit\u0159. Jako bychom se pomalu, ale jist\u011b u\u010dili \u017e\u00edt s pocitem, \u017ee sv\u011bt, kter\u00fd jsme znali, se rozpl\u00fdv\u00e1 jako mlha nad r\u00e1nem. A my? Z\u016fst\u00e1v\u00e1me s ot\u00e1zkami, kter\u00e9 nemaj\u00ed odpov\u011bdi, a s pocitem, \u017ee se ocit\u00e1me na tenk\u00e9m led\u011b \u2013 a nikdo n\u00e1m ne\u0159ekne, kdy praskne.<\/p>\n<p>Mo\u017en\u00e1 je to pr\u00e1v\u011b ten okam\u017eik, kdy bychom se m\u011bli zastavit. Kdy bychom m\u011bli \u0159\u00edct: \u201eDost.\u201c Kdy bychom m\u011bli za\u010d\u00edt kl\u00e1st ot\u00e1zky, i kdy\u017e se zdaj\u00ed nepohodln\u00e9. Proto\u017ee jedin\u00e9, co je hor\u0161\u00ed ne\u017e \u017e\u00edt v absurdn\u00edm sv\u011bt\u011b, je p\u0159estat si toho v\u0161\u00edmat.<\/p>\n<p><a href=\"https:\/\/t.me\/ceskytesin_chranme_nase_deti\/49423\" target=\"_blank\" rel=\"noopener\">Zdroj<\/a><\/p>\n<h2><strong>Vl\u00e1da parazit\u016f: Tich\u00e1 v\u00e1lka proti lidskosti\u00a0<\/strong><\/h2>\n<p>P\u0159edstavte si sv\u011bt, kde se v\u011bt\u0161ina lid\u00ed probouz\u00ed ka\u017ed\u00e9 r\u00e1no s pocitem, \u017ee n\u011bco nen\u00ed v po\u0159\u00e1dku. \u017de n\u011bkdo, kdo sed\u00ed v tepl\u00fdch kancel\u00e1\u0159\u00edch, rozhoduje o jejich osudu. \u017de syst\u00e9m, kter\u00fd je obklopuje, nen\u00ed postaven na spravedlnosti, ale na vyko\u0159is\u0165ov\u00e1n\u00ed. \u017de jejich pr\u00e1ce, pot, slzy a nad\u011bje jsou jen palivem pro stroj, kter\u00fd ot\u00e1\u010d\u00ed kola moci pro hrstku vyvolen\u00fdch.<\/p>\n<p>Tento sv\u011bt nen\u00ed dystopi\u00ed z knihy. Je to n\u00e1\u0161 sv\u011bt.<\/p>\n<h4><strong>Kdo jsou ti paraziti?<\/strong><\/h4>\n<p>Jsou to ti, kte\u0159\u00ed se nikdy nedotkli tvrd\u00e9 reality. Ti, kte\u0159\u00ed nikdy nepoznali, co znamen\u00e1 bojovat o ka\u017edou korunu, ka\u017ed\u00e9 sousto j\u00eddla, ka\u017ed\u00fd dech svobody. Jsou to ti, kte\u0159\u00ed se schov\u00e1vaj\u00ed za slova jako \u201edemokracie\u201c, \u201esvoboda\u201c a \u201epokrok\u201c, zat\u00edmco jejich ruce sv\u00edraj\u00ed p\u00e1ky moci, kter\u00e9 udr\u017euj\u00ed v\u011bt\u0161inu lidstva v kleci nev\u011bdomosti a strachu.<\/p>\n<p>Jsou to sionisti\u010dt\u00ed demokrat\u00e9, kte\u0159\u00ed prom\u011bnili sv\u011bt v obrovskou farmu, kde lid\u00e9 nejsou ob\u010dan\u00e9, ale dobytek. Dobytek, kter\u00fd se mus\u00ed neust\u00e1le b\u00e1t. B\u00e1t se z\u00edt\u0159ka. B\u00e1t se v\u00e1lky. B\u00e1t se nemoc\u00ed. B\u00e1t se hladu. Strach je jejich nejmocn\u011bj\u0161\u00ed zbra\u0148.<\/p>\n<h4><strong>Jak udr\u017euj\u00ed svou moc?<\/strong><\/h4>\n<p>Paraziti v\u011bd\u00ed, \u017ee lid\u00e9, kte\u0159\u00ed se boj\u00ed, jsou poslu\u0161n\u00ed. A tak vytv\u00e1\u0159ej\u00ed iluze krize. V\u00e1lky, kter\u00e9 ni\u010d\u00ed \u017eivoty, ale pln\u00ed kapsy zbroja\u0159sk\u00fdch magn\u00e1t\u016f. Revoluce, kter\u00e9 slibuj\u00ed zm\u011bnu, ale jen nahrazuj\u00ed jednoho p\u00e1na druh\u00fdm. Epidemie, kter\u00e9 \u0161\u00ed\u0159\u00ed paniku a nut\u00ed lidi prosit o \u201ez\u00e1chranu\u201c t\u011bch sam\u00fdch, kte\u0159\u00ed krizi vytvo\u0159ili. Hladomory, kter\u00e9 oslabuj\u00ed t\u011bla, ale posiluj\u00ed kontrolu nad zdroji.<\/p>\n<p>A co je nejhor\u0161\u00ed? Lid\u00e9 to dovoluj\u00ed. Dovoluj\u00ed, aby je n\u011bkdo p\u0159esv\u011bd\u010dil, \u017ee jejich utrpen\u00ed je nevyhnuteln\u00e9. \u017de je to cena za \u201epokrok\u201c. \u017de je to jejich osud.<\/p>\n<h4><strong>Pro\u010d to funguje?<\/strong><\/h4>\n<p>Proto\u017ee v\u011bt\u0161ina lid\u00ed nechce vid\u011bt. Nechce v\u011b\u0159it, \u017ee by mohli b\u00fdt ob\u011b\u0165mi syst\u00e9mu, kter\u00fd je navr\u017een tak, aby je udr\u017eoval v nev\u011bdomosti. Rad\u011bji se upnou k televizi, k soci\u00e1ln\u00edm s\u00edt\u00edm, k iluz\u00edm, kter\u00e9 jim nab\u00edzej\u00ed. Rad\u011bji polykaj\u00ed l\u017ei, ne\u017e aby se probudili do bolestiv\u00e9 reality.<\/p>\n<p>Paraziti to v\u011bd\u00ed. V\u011bd\u00ed, \u017ee lid\u00e9, kte\u0159\u00ed se boj\u00ed, jsou snadno ovladateln\u00ed. \u017de lid\u00e9, kte\u0159\u00ed jsou unaven\u00ed, nebudou bojovat. \u017de lid\u00e9, kte\u0159\u00ed jsou rozd\u011blen\u00ed, nebudou jednotn\u00ed.<\/p>\n<h4><strong>Co s t\u00edm?<\/strong><\/h4>\n<p>Prvn\u00edm krokem je probuzen\u00ed. P\u0159estat v\u011b\u0159it, \u017ee to, co n\u00e1m \u0159\u00edkaj\u00ed, je pravda. P\u0159estat se b\u00e1t. P\u0159estat b\u00fdt poslu\u0161n\u00ed.<\/p>\n<p>Druh\u00fdm krokem je odpor. Ne n\u00e1siln\u00fd, ale inteligetn\u00ed. Odpor, kter\u00fd nehraje podle jejich pravidel. Odpor, kter\u00fd stav\u00ed na jednot\u011b, na v\u011bdomostech, na odvaze \u0159\u00edct: \u201eDost.\u201c<\/p>\n<p>T\u0159et\u00edm krokem je svoboda. Svoboda myslet. Svoboda jednat. Svoboda \u017e\u00edt bez strachu, \u017ee n\u011bkdo jin\u00fd rozhoduje o na\u0161em osudu.<\/p>\n<h4><strong>Z\u00e1v\u011br: \u010cas se probudit<\/strong><\/h4>\n<p>Tento syst\u00e9m nen\u00ed neporaziteln\u00fd. Je postaven na na\u0161em strachu a na\u0161\u00ed nev\u011bdomosti. Jakmile p\u0159estaneme m\u00edt strach, jakmile p\u0159estaneme b\u00fdt poslu\u0161n\u00ed, jejich moc se za\u010dne hroutit.<\/p>\n<p>Vl\u00e1da parazit\u016f m\u016f\u017ee existovat jen tak dlouho, dokud my dovol\u00edme.<\/p>\n<p>Je na \u010dase se probudit. Je na \u010dase \u0159\u00edct: \u201eU\u017e dost.\u201c<\/p>\n<p><a href=\"https:\/\/t.me\/ceskytesin_chranme_nase_deti\/49426\" target=\"_blank\" rel=\"noopener\">Zdroj<\/a><\/p>\n","protected":false},"excerpt":{"rendered":"<p>Jedin\u00e9, co je hor\u0161\u00ed ne\u017e \u017e\u00edt v absurdn\u00edm sv\u011bt\u011b, je p\u0159estat si toho v\u0161\u00edmat. \u017dijeme&#8230;<\/p>\n","protected":false},"author":2,"featured_media":99207,"comment_status":"closed","ping_status":"closed","sticky":false,"template":"","format":"standard","meta":[],"categories":[6],"tags":[1503,8132,122,99],"_links":{"self":[{"href":"https:\/\/www.infokuryr.cz\/n\/wp-json\/wp\/v2\/posts\/104343"}],"collection":[{"href":"https:\/\/www.infokuryr.cz\/n\/wp-json\/wp\/v2\/posts"}],"about":[{"href":"https:\/\/www.infokuryr.cz\/n\/wp-json\/wp\/v2\/types\/post"}],"author":[{"embeddable":true,"href":"https:\/\/www.infokuryr.cz\/n\/wp-json\/wp\/v2\/users\/2"}],"replies":[{"embeddable":true,"href":"https:\/\/www.infokuryr.cz\/n\/wp-json\/wp\/v2\/comments?post=104343"}],"version-history":[{"count":0,"href":"https:\/\/www.infokuryr.cz\/n\/wp-json\/wp\/v2\/posts\/104343\/revisions"}],"wp:featuredmedia":[{"embeddable":true,"href":"https:\/\/www.infokuryr.cz\/n\/wp-json\/wp\/v2\/media\/99207"}],"wp:attachment":[{"href":"https:\/\/www.infokuryr.cz\/n\/wp-json\/wp\/v2\/media?parent=104343"}],"wp:term":[{"taxonomy":"category","embeddable":true,"href":"https:\/\/www.infokuryr.cz\/n\/wp-json\/wp\/v2\/categories?post=104343"},{"taxonomy":"post_tag","embeddable":true,"href":"https:\/\/www.infokuryr.cz\/n\/wp-json\/wp\/v2\/tags?post=104343"}],"curies":[{"name":"wp","href":"https:\/\/api.w.org\/{rel}","templated":true}]}}