{"id":104334,"date":"2026-04-12T00:24:45","date_gmt":"2026-04-11T22:24:45","guid":{"rendered":"https:\/\/www.infokuryr.cz\/n\/?p=104334"},"modified":"2026-04-11T10:42:11","modified_gmt":"2026-04-11T08:42:11","slug":"izraelsky-utok-zabil-13-libanonskych-bezpecnostnich-prislusniku-uprostred-americkeho-tlaku-na-obcanskou-valku","status":"publish","type":"post","link":"https:\/\/www.infokuryr.cz\/n\/2026\/04\/12\/izraelsky-utok-zabil-13-libanonskych-bezpecnostnich-prislusniku-uprostred-americkeho-tlaku-na-obcanskou-valku\/","title":{"rendered":"Izraelsk\u00fd \u00fatok zabil 13 libanonsk\u00fdch bezpe\u010dnostn\u00edch p\u0159\u00edslu\u0161n\u00edk\u016f uprost\u0159ed americk\u00e9ho tlaku na ob\u010danskou v\u00e1lku"},"content":{"rendered":"<div id=\"fb-root\"><\/div>\n<p><strong><span dir=\"auto\">Podle ministerstva zdravotnictv\u00ed a st\u00e1tn\u00ed tiskov\u00e9 agentury NNA si izraelsk\u00e9 \u00fatoky 10. dubna v Libanonu vy\u017e\u00e1daly \u017eivoty nejm\u00e9n\u011b 28 lid\u00ed, v\u010detn\u011b 13 bezpe\u010dnostn\u00edch slo\u017eek.<\/span><\/strong><\/p>\n<p><span dir=\"auto\">P\u0159\u00edslu\u0161n\u00edci bezpe\u010dnostn\u00edch slo\u017eek byli zabiti ve m\u011bst\u011b Nabatieh v ji\u017en\u00edm Libanonu, kde \u00fatoky zas\u00e1hly vl\u00e1dn\u00ed komplex a kancel\u00e1\u0159 St\u00e1tn\u00ed bezpe\u010dnosti. St\u00e1tn\u00ed bezpe\u010dnost je n\u00e1rodn\u00ed zpravodajsk\u00e1 a bezpe\u010dnostn\u00ed agentura zem\u011b, jej\u00edm\u017e \u00fakolem je bojovat proti hrozb\u00e1m, \u0161pion\u00e1\u017ei a terorismu a chr\u00e1nit vysok\u00e9 \u00fa\u0159edn\u00edky.<\/span><\/p>\n<p><em><span dir=\"auto\">\u201eTato bolestn\u00e1 ztr\u00e1ta jen posiluje na\u0161e odhodl\u00e1n\u00ed dos\u00e1hnout p\u0159\u00edm\u011b\u0159\u00ed, kter\u00e9 ochr\u00e1n\u00ed Libanon a na\u0161e obyvatele na jihu,\u201c uvedl ve sv\u00e9m prohl\u00e1\u0161en\u00ed premi\u00e9r Nawaf Salam.<\/span><\/em><\/p>\n<p><span dir=\"auto\">Prezident Joseph Aoun mezit\u00edm vyzval mezin\u00e1rodn\u00ed spole\u010denstv\u00ed, aby \u201ep\u0159evzalo svou odpov\u011bdnost za ukon\u010den\u00ed opakovan\u00fdch izraelsk\u00fdch agres\u00ed\u201c.<\/span><\/p>\n<p><span dir=\"auto\">\u00datok na Nabatieh odsoudil tak\u00e9 Hizball\u00e1h, kter\u00fd libanonskou vl\u00e1du varoval p\u0159ed zah\u00e1jen\u00edm rozhovor\u016f s Izraelem.<\/span><\/p>\n<p><iframe loading=\"lazy\" src=\"https:\/\/s1.cdnstatic.space\/wp-content\/uploads\/2026\/04\/nab1.mp4\" width=\"600\" height=\"338\" data-mce-fragment=\"1\"><\/iframe><\/p>\n<p><iframe loading=\"lazy\" src=\"https:\/\/s1.cdnstatic.space\/wp-content\/uploads\/2026\/04\/nab2.mp4\" width=\"600\" height=\"338\" data-mce-fragment=\"1\"><\/iframe><\/p>\n<p><iframe loading=\"lazy\" src=\"https:\/\/s1.cdnstatic.space\/wp-content\/uploads\/2026\/04\/nab3.mp4\" width=\"600\" height=\"338\" data-mce-fragment=\"1\"><\/iframe><\/p>\n<p><iframe loading=\"lazy\" src=\"https:\/\/s1.cdnstatic.space\/wp-content\/uploads\/2026\/04\/nab4.mp4\" width=\"600\" height=\"338\" data-mce-fragment=\"1\"><\/iframe><\/p>\n<p><iframe loading=\"lazy\" src=\"https:\/\/s1.cdnstatic.space\/wp-content\/uploads\/2026\/04\/nab5.mp4\" width=\"600\" height=\"338\" data-mce-fragment=\"1\"><\/iframe><\/p>\n<p><span dir=\"auto\">V\u00edce ne\u017e 300 lid\u00ed, v\u011bt\u0161inou civilist\u016f, bylo 8. dubna zabito p\u0159i vln\u011b soub\u011b\u017en\u00fdch izraelsk\u00fdch \u00fader\u016f na Libanon, a to i p\u0159es p\u0159edb\u011b\u017en\u00e9 ozn\u00e1men\u00ed o p\u0159\u00edm\u011b\u0159\u00ed mezi Spojen\u00fdmi st\u00e1ty a \u00cdr\u00e1nem. P\u00e1kist\u00e1n, kter\u00fd pomohl dohodu zprost\u0159edkovat, uvedl, \u017ee Libanon byl do dohody zahrnut, ale Izrael i USA to pop\u0159ely.<\/span><\/p>\n<p><span dir=\"auto\">Hizball\u00e1h, kter\u00fd zpo\u010d\u00e1tku p\u0159\u00edm\u011b\u0159\u00ed dodr\u017eoval, za\u010dal pozd\u011bji reagovat a na Izrael vyp\u00e1lil des\u00edtky raket.<\/span><\/p>\n<p><span dir=\"auto\">K smrt\u00edc\u00edm \u00fatok\u016fm v Nabatiehu do\u0161lo pot\u00e9, co se objevily zpr\u00e1vy, \u017ee americk\u00fd prezident Donald Trump po\u017e\u00e1dal izraelsk\u00e9ho premi\u00e9ra Benjamina Netanjahua o omezen\u00ed izraelsk\u00fdch \u00fatok\u016f na Libanon, aby se zabr\u00e1nilo zhroucen\u00ed k\u0159ehk\u00e9ho p\u0159\u00edm\u011b\u0159\u00ed s Isl\u00e1mskou republikou.<\/span><\/p>\n<p><span dir=\"auto\">P\u0159edseda \u00edr\u00e1nsk\u00e9ho parlamentu stanovil jako podm\u00ednky pro zah\u00e1jen\u00ed jedn\u00e1n\u00ed s USA p\u0159\u00edm\u011b\u0159\u00ed v Libanonu a \u201euvoln\u011bn\u00ed blokovan\u00fdch \u00edr\u00e1nsk\u00fdch aktiv\u201c.<\/span><\/p>\n<p><em><span dir=\"auto\">\u201eDv\u011b z opat\u0159en\u00ed, na kter\u00fdch se strany vz\u00e1jemn\u011b dohodly, dosud nebyly provedeny: p\u0159\u00edm\u011b\u0159\u00ed v Libanonu a uvoln\u011bn\u00ed blokovan\u00fdch aktiv \u00cdr\u00e1nu p\u0159ed zah\u00e1jen\u00edm jedn\u00e1n\u00ed,\u201c napsal Mohammad Bagher Ghalibaf v p\u0159\u00edsp\u011bvku na X v angli\u010dtin\u011b. \u201eTyto dv\u011b z\u00e1le\u017eitosti mus\u00ed b\u00fdt spln\u011bny p\u0159ed zah\u00e1jen\u00edm jedn\u00e1n\u00ed.\u201c<\/span><\/em><\/p>\n<p><span dir=\"auto\">Trump \u00fadajn\u011b tak\u00e9 tla\u010dil na Netanjahua, aby velmi brzy p\u0159ijal n\u00e1vrh na m\u00edrov\u00e1 jedn\u00e1n\u00ed s Libanonem.<\/span><\/p>\n<p><span dir=\"auto\">Zpr\u00e1va izraelsk\u00e9 televize Channel 12 odhalila, \u017ee izraelsk\u00fd velvyslanec v USA Jechiel Leiter m\u00e1 v r\u00e1mci p\u0159\u00edprav na osobn\u00ed setk\u00e1n\u00ed ve Washingtonu k p\u0159\u00edm\u00fdm rozhovor\u016fm o dlouhodob\u00e9m p\u0159\u00edm\u011b\u0159\u00ed, odzbrojen\u00ed Hizball\u00e1hu a normalizaci vztah\u016f mezi Jeruzal\u00e9mem a Bejr\u00fatem uskute\u010dnit v\u016fbec prvn\u00ed telefonick\u00fd hovor sv\u00e9ho druhu se svou libanonskou kolegyn\u00ed Nadou Hamadeh-Moawad.<\/span><\/p>\n<p><span dir=\"auto\">Dne\u0161n\u00edho telefon\u00e1tu se z\u00fa\u010dastn\u00ed tak\u00e9 vysok\u00fd \u00fa\u0159edn\u00edk americk\u00e9ho ministerstva zahrani\u010d\u00ed a osobn\u00ed sch\u016fzky 14. dubna.<\/span><\/p>\n<p><span dir=\"auto\">USA a Libanon p\u0159ed sch\u016fzkou tla\u010d\u00ed na Izrael, aby souhlasil s p\u0159\u00edm\u011b\u0159\u00edm v Libanonu, jako demonstraci jeho v\u00e1\u017en\u00e9ho z\u00e1jmu o dosa\u017een\u00ed dohody, uvedl Channel 12.<\/span><\/p>\n<p><span dir=\"auto\">Pl\u00e1novan\u00e9 rozhovory by mohly v Libanonu snadno vyvolat nepokoje. Hizball\u00e1h a jeho spojenci se nikdy nevzdaj\u00ed zbran\u00ed a mo\u017en\u00e1 budou dokonce ochotni bojovat, aby zabr\u00e1nili m\u00edrov\u00e9 dohod\u011b. Stru\u010dn\u011b \u0159e\u010deno, po p\u0159\u00edm\u011b\u0159\u00ed s Izraelem by mohla n\u00e1sledovat ob\u010dansk\u00e1 v\u00e1lka, pokud USA vyvinou tlak na libanonskou vl\u00e1du, aby normalizovala vztahy s Izraelem.<\/span><\/p>\n<p><span dir=\"auto\">V ka\u017ed\u00e9m p\u0159\u00edpad\u011b se zd\u00e1, \u017ee Izrael m\u00edrovou dohodou p\u0159\u00edli\u0161 nep\u0159eje, jak dokazuj\u00ed smrt\u00edc\u00ed \u00fatoky na vl\u00e1dn\u00ed komplex v Nabatiehu.<\/span><\/p>\n<p><img decoding=\"async\" loading=\"lazy\" class=\"alignnone size-full wp-image-1185\" src=\"http:\/\/www.infokuryr.cz\/n\/wp-content\/uploads\/2021\/04\/kuryr-podpis.png\" alt=\"\" width=\"84\" height=\"24\" \/><\/p>\n<p>&nbsp;<\/p>\n","protected":false},"excerpt":{"rendered":"<p>Podle ministerstva zdravotnictv\u00ed a st\u00e1tn\u00ed tiskov\u00e9 agentury NNA si izraelsk\u00e9 \u00fatoky 10. dubna v Libanonu&#8230;<\/p>\n","protected":false},"author":2,"featured_media":104335,"comment_status":"closed","ping_status":"closed","sticky":false,"template":"","format":"standard","meta":[],"categories":[7],"tags":[107,405,3535,5135],"_links":{"self":[{"href":"https:\/\/www.infokuryr.cz\/n\/wp-json\/wp\/v2\/posts\/104334"}],"collection":[{"href":"https:\/\/www.infokuryr.cz\/n\/wp-json\/wp\/v2\/posts"}],"about":[{"href":"https:\/\/www.infokuryr.cz\/n\/wp-json\/wp\/v2\/types\/post"}],"author":[{"embeddable":true,"href":"https:\/\/www.infokuryr.cz\/n\/wp-json\/wp\/v2\/users\/2"}],"replies":[{"embeddable":true,"href":"https:\/\/www.infokuryr.cz\/n\/wp-json\/wp\/v2\/comments?post=104334"}],"version-history":[{"count":0,"href":"https:\/\/www.infokuryr.cz\/n\/wp-json\/wp\/v2\/posts\/104334\/revisions"}],"wp:featuredmedia":[{"embeddable":true,"href":"https:\/\/www.infokuryr.cz\/n\/wp-json\/wp\/v2\/media\/104335"}],"wp:attachment":[{"href":"https:\/\/www.infokuryr.cz\/n\/wp-json\/wp\/v2\/media?parent=104334"}],"wp:term":[{"taxonomy":"category","embeddable":true,"href":"https:\/\/www.infokuryr.cz\/n\/wp-json\/wp\/v2\/categories?post=104334"},{"taxonomy":"post_tag","embeddable":true,"href":"https:\/\/www.infokuryr.cz\/n\/wp-json\/wp\/v2\/tags?post=104334"}],"curies":[{"name":"wp","href":"https:\/\/api.w.org\/{rel}","templated":true}]}}