{"id":104332,"date":"2026-04-12T00:24:20","date_gmt":"2026-04-11T22:24:20","guid":{"rendered":"https:\/\/www.infokuryr.cz\/n\/?p=104332"},"modified":"2026-04-11T10:38:48","modified_gmt":"2026-04-11T08:38:48","slug":"netanjahu-kritizuje-spanelskeho-premiera-za-pokrytectvi-a-nepratelstvi-sanchez-vyzyva-k-akci-proti-izraeli-za-zlocinne-ciny","status":"publish","type":"post","link":"https:\/\/www.infokuryr.cz\/n\/2026\/04\/12\/netanjahu-kritizuje-spanelskeho-premiera-za-pokrytectvi-a-nepratelstvi-sanchez-vyzyva-k-akci-proti-izraeli-za-zlocinne-ciny\/","title":{"rendered":"Netanjahu kritizuje \u0161pan\u011blsk\u00e9ho premi\u00e9ra za \u201epokrytectv\u00ed a nep\u0159\u00e1telstv\u00ed\u201c, S\u00e1nchez vyz\u00fdv\u00e1 k akci proti Izraeli za \u201ezlo\u010dinn\u00e9 \u010diny\u201c"},"content":{"rendered":"<div id=\"fb-root\"><\/div>\n<h3 class=\"s-tagline fw-tagline\"><span dir=\"auto\">Vztahy mezi \u0160pan\u011blskem a Izraelem se ji\u017e del\u0161\u00ed dobu zhor\u0161uj\u00ed, a to p\u0159edev\u0161\u00edm kv\u016fli izraelsk\u00fdm bombardovac\u00edm kampan\u00edm v Gaze a Libanonu<\/span><\/h3>\n<p><span dir=\"auto\">Izrael vylou\u010dil \u0160pan\u011blsko z americk\u00e9ho koordina\u010dn\u00edho centra pro civiln\u00ed a vojensk\u00e9 z\u00e1le\u017eitosti (CMCC) v Kirjat Gatu a obvinil ho z \u201enep\u0159\u00e1telstv\u00ed\u201c a podpory \u201eteroristick\u00fdch re\u017eim\u016f\u201c t\u00edm, \u017ee se stav\u00ed proti americko-izraelsk\u00fdm akc\u00edm proti \u00cdr\u00e1nu.<\/span><\/p>\n<p><span dir=\"auto\">Izraelsk\u00fd premi\u00e9r Benjamin Netanjahu v rozhovoru pro X\u00a0<\/span><a href=\"https:\/\/x.com\/IsraeliPM\/status\/2042596981600596128\"><span dir=\"auto\">zve\u0159ejnil videozpr\u00e1vu<\/span><\/a><span dir=\"auto\">\u00a0spolu s textem, ve kter\u00e9m uvedl: \u201eIzrael nez\u016fstane ml\u010det tv\u00e1\u0159\u00ed v tv\u00e1\u0159 t\u011bm, kte\u0159\u00ed na n\u00e1s \u00fato\u010d\u00ed. \u0160pan\u011blsko pomluvilo na\u0161e hrdiny, voj\u00e1ky IDF, voj\u00e1ky nejmor\u00e1ln\u011bj\u0161\u00ed arm\u00e1dy na sv\u011bt\u011b.\u201c<\/span><\/p>\n<div class=\"twitter-tweet twitter-tweet-rendered\"><iframe id=\"twitter-widget-0\" class=\"\" title=\"X P\u0159\u00edsp\u011bvek\" src=\"https:\/\/platform.twitter.com\/embed\/Tweet.html?creatorScreenName=RMXnews&amp;dnt=false&amp;embedId=twitter-widget-0&amp;features=eyJ0ZndfdGltZWxpbmVfbGlzdCI6eyJidWNrZXQiOltdLCJ2ZXJzaW9uIjpudWxsfSwidGZ3X2ZvbGxvd2VyX2NvdW50X3N1bnNldCI6eyJidWNrZXQiOnRydWUsInZlcnNpb24iOm51bGx9LCJ0ZndfdHdlZXRfZWRpdF9iYWNrZW5kIjp7ImJ1Y2tldCI6Im9uIiwidmVyc2lvbiI6bnVsbH0sInRmd19yZWZzcmNfc2Vzc2lvbiI6eyJidWNrZXQiOiJvbiIsInZlcnNpb24iOm51bGx9LCJ0ZndfZm9zbnJfc29mdF9pbnRlcnZlbnRpb25zX2VuYWJsZWQiOnsiYnVja2V0Ijoib24iLCJ2ZXJzaW9uIjpudWxsfSwidGZ3X21peGVkX21lZGlhXzE1ODk3Ijp7ImJ1Y2tldCI6InRyZWF0bWVudCIsInZlcnNpb24iOm51bGx9LCJ0ZndfZXhwZXJpbWVudHNfY29va2llX2V4cGlyYXRpb24iOnsiYnVja2V0IjoxMjA5NjAwLCJ2ZXJzaW9uIjpudWxsfSwidGZ3X3Nob3dfYmlyZHdhdGNoX3Bpdm90c19lbmFibGVkIjp7ImJ1Y2tldCI6Im9uIiwidmVyc2lvbiI6bnVsbH0sInRmd19kdXBsaWNhdGVfc2NyaWJlc190b19zZXR0aW5ncyI6eyJidWNrZXQiOiJvbiIsInZlcnNpb24iOm51bGx9LCJ0ZndfdXNlX3Byb2ZpbGVfaW1hZ2Vfc2hhcGVfZW5hYmxlZCI6eyJidWNrZXQiOiJvbiIsInZlcnNpb24iOm51bGx9LCJ0ZndfdmlkZW9faGxzX2R5bmFtaWNfbWFuaWZlc3RzXzE1MDgyIjp7ImJ1Y2tldCI6InRydWVfYml0cmF0ZSIsInZlcnNpb24iOm51bGx9LCJ0ZndfbGVnYWN5X3RpbWVsaW5lX3N1bnNldCI6eyJidWNrZXQiOnRydWUsInZlcnNpb24iOm51bGx9LCJ0ZndfdHdlZXRfZWRpdF9mcm9udGVuZCI6eyJidWNrZXQiOiJvbiIsInZlcnNpb24iOm51bGx9fQ%3D%3D&amp;frame=false&amp;hideCard=false&amp;hideThread=false&amp;id=2042596981600596128&amp;lang=cs&amp;origin=https%3A%2F%2Frmx.news%2Farticle%2Fnetanyahu-slams-spanish-pm-for-hypocrisy-and-hostility-as-sanchez-calls-for-action-against-israel-for-criminal-acts%2F&amp;sessionId=5841fa7f31f551ef14e714ce637f595cfc5a835c&amp;theme=light&amp;widgetsVersion=2615f7e52b7e0%3A1702314776716&amp;width=550px\" frameborder=\"0\" scrolling=\"no\" allowfullscreen=\"allowfullscreen\" data-tweet-id=\"2042596981600596128\" data-mce-fragment=\"1\"><\/iframe><\/div>\n<p><span dir=\"auto\">Dodal, \u017ee Izrael nebude partnerem se zem\u011bmi, kter\u00e9 \u201e\u00fato\u010d\u00ed na St\u00e1t Izrael, a nikoli na teroristick\u00e9 re\u017eimy\u201c.<\/span><\/p>\n<p><span dir=\"auto\">\u201eNejsem ochoten tolerovat toto pokrytectv\u00ed a nep\u0159\u00e1telstv\u00ed. Nem\u00e1m v \u00famyslu dovolit \u017e\u00e1dn\u00e9 zemi, aby proti n\u00e1m vedla diplomatickou v\u00e1lku, ani\u017e by za to okam\u017eit\u011b zaplatila cenu,\u201c napsal Netanjahu.<\/span><\/p>\n<p><span dir=\"auto\">\u0160pan\u011blsk\u00fd premi\u00e9r Pedro S\u00e1nchez ve st\u0159edu\u00a0<\/span><a href=\"https:\/\/x.com\/sanchezcastejon\/status\/2041934569503346697\"><span dir=\"auto\">na serveru X zve\u0159ejnil<\/span><\/a><span dir=\"auto\">\u00a0po dosud nejbrut\u00e1ln\u011bj\u0161\u00edm izraelsk\u00e9m bombardov\u00e1n\u00ed Libanonu, a to navzdory zd\u00e1nliv\u00e9mu p\u0159\u00edm\u011b\u0159\u00ed vyhl\u00e1\u0161en\u00e9mu americk\u00fdm prezidentem Trumpem: \u201eJeho pohrd\u00e1n\u00ed \u017eivotem a mezin\u00e1rodn\u00edm pr\u00e1vem je netolerovateln\u00e9,\u201c napsal S\u00e1nchez a vyzval k odsouzen\u00ed ze strany mezin\u00e1rodn\u00edho spole\u010denstv\u00ed a EU a pravd\u011bpodobn\u011b i k zat\u010den\u00ed Netanjahua za v\u00e1le\u010dn\u00e9 zlo\u010diny.<\/span><\/p>\n<p><span dir=\"auto\">\u201eEvropsk\u00e1 unie mus\u00ed pozastavit svou dohodu o p\u0159idru\u017een\u00ed s Izraelem. A za tyto trestn\u00e9 \u010diny nesm\u00ed existovat \u017e\u00e1dn\u00e1 beztrestnost,\u201c napsal.<\/span><\/p>\n<div class=\"twitter-tweet twitter-tweet-rendered\"><iframe id=\"twitter-widget-1\" class=\"\" title=\"X P\u0159\u00edsp\u011bvek\" src=\"https:\/\/platform.twitter.com\/embed\/Tweet.html?creatorScreenName=RMXnews&amp;dnt=false&amp;embedId=twitter-widget-1&amp;features=eyJ0ZndfdGltZWxpbmVfbGlzdCI6eyJidWNrZXQiOltdLCJ2ZXJzaW9uIjpudWxsfSwidGZ3X2ZvbGxvd2VyX2NvdW50X3N1bnNldCI6eyJidWNrZXQiOnRydWUsInZlcnNpb24iOm51bGx9LCJ0ZndfdHdlZXRfZWRpdF9iYWNrZW5kIjp7ImJ1Y2tldCI6Im9uIiwidmVyc2lvbiI6bnVsbH0sInRmd19yZWZzcmNfc2Vzc2lvbiI6eyJidWNrZXQiOiJvbiIsInZlcnNpb24iOm51bGx9LCJ0ZndfZm9zbnJfc29mdF9pbnRlcnZlbnRpb25zX2VuYWJsZWQiOnsiYnVja2V0Ijoib24iLCJ2ZXJzaW9uIjpudWxsfSwidGZ3X21peGVkX21lZGlhXzE1ODk3Ijp7ImJ1Y2tldCI6InRyZWF0bWVudCIsInZlcnNpb24iOm51bGx9LCJ0ZndfZXhwZXJpbWVudHNfY29va2llX2V4cGlyYXRpb24iOnsiYnVja2V0IjoxMjA5NjAwLCJ2ZXJzaW9uIjpudWxsfSwidGZ3X3Nob3dfYmlyZHdhdGNoX3Bpdm90c19lbmFibGVkIjp7ImJ1Y2tldCI6Im9uIiwidmVyc2lvbiI6bnVsbH0sInRmd19kdXBsaWNhdGVfc2NyaWJlc190b19zZXR0aW5ncyI6eyJidWNrZXQiOiJvbiIsInZlcnNpb24iOm51bGx9LCJ0ZndfdXNlX3Byb2ZpbGVfaW1hZ2Vfc2hhcGVfZW5hYmxlZCI6eyJidWNrZXQiOiJvbiIsInZlcnNpb24iOm51bGx9LCJ0ZndfdmlkZW9faGxzX2R5bmFtaWNfbWFuaWZlc3RzXzE1MDgyIjp7ImJ1Y2tldCI6InRydWVfYml0cmF0ZSIsInZlcnNpb24iOm51bGx9LCJ0ZndfbGVnYWN5X3RpbWVsaW5lX3N1bnNldCI6eyJidWNrZXQiOnRydWUsInZlcnNpb24iOm51bGx9LCJ0ZndfdHdlZXRfZWRpdF9mcm9udGVuZCI6eyJidWNrZXQiOiJvbiIsInZlcnNpb24iOm51bGx9fQ%3D%3D&amp;frame=false&amp;hideCard=false&amp;hideThread=false&amp;id=2041934569503346697&amp;lang=cs&amp;origin=https%3A%2F%2Frmx.news%2Farticle%2Fnetanyahu-slams-spanish-pm-for-hypocrisy-and-hostility-as-sanchez-calls-for-action-against-israel-for-criminal-acts%2F&amp;sessionId=5841fa7f31f551ef14e714ce637f595cfc5a835c&amp;theme=light&amp;widgetsVersion=2615f7e52b7e0%3A1702314776716&amp;width=550px\" frameborder=\"0\" scrolling=\"no\" allowfullscreen=\"allowfullscreen\" data-tweet-id=\"2041934569503346697\" data-mce-fragment=\"1\"><\/iframe><\/div>\n<p><span dir=\"auto\">Vztahy mezi \u0160pan\u011blskem a Izraelem se ji\u017e n\u011bjakou dobu rozpadaj\u00ed. Madrid v b\u0159eznu 2026 trvale st\u00e1hl sv\u00e9ho velvyslance v Izraeli, \u010d\u00edm\u017e sn\u00ed\u017eil \u00farove\u0148 diplomatick\u00e9ho zastoupen\u00ed na \u00farove\u0148 charg\u00e9 d&#8217;affaires, zat\u00edmco Izrael sv\u00e9ho velvyslance odvolal ji\u017e v kv\u011btnu 2024. \u0160pan\u011blsko zavedlo v\u016f\u010di Izraeli zbrojn\u00ed embargo a v roce 2024 odm\u00edtlo povolen\u00ed k zakotven\u00ed lod\u00edm, o nich\u017e se p\u0159edpokl\u00e1d\u00e1, \u017ee p\u0159epravuj\u00ed zbran\u011b do Izraele.<\/span><\/p>\n<p><span dir=\"auto\">Nen\u00ed to tak\u00e9 poprv\u00e9, co S\u00e1nchez odk\u00e1zal na Netanjahuovo poru\u0161ov\u00e1n\u00ed mezin\u00e1rodn\u00edho pr\u00e1va, jeliko\u017e Madrid ost\u0159e kritizoval izraelsk\u00e9 \u00fatoky na Gazu i Libanon.<\/span><\/p>\n<p><span dir=\"auto\">Netanjahu bude m\u00edt mezit\u00edm podporu Washingtonu, D.C., jeliko\u017e Trumpa rozzlobili spojenci NATO, kte\u0159\u00ed pln\u011b nepodporovali jeho v\u00e1lku v \u00cdr\u00e1nu, zejm\u00e9na pokud jde o pomoc p\u0159i znovuotev\u0159en\u00ed Hormuzsk\u00e9ho pr\u016flivu.<\/span><\/p>\n<p><span dir=\"auto\">Ministr zahrani\u010d\u00ed Marco Rubio vyj\u00e1d\u0159il zklam\u00e1n\u00ed nad t\u00edm, \u017ee \u0160pan\u011blsko odm\u00edtlo povolit USA vyu\u017e\u00edvat jeho vojensk\u00e9 z\u00e1kladny a vzdu\u0161n\u00fd prostor k \u00fader\u016fm proti \u00cdr\u00e1nu. Pot\u00e9 nazna\u010dil, \u017ee by USA mohly p\u0159ehodnotit svou vojenskou p\u0159\u00edtomnost ve \u0160pan\u011blsku a tak\u00e9 to, jakou hodnotu NATO celkov\u011b p\u0159in\u00e1\u0161\u00ed Americe.<\/span><\/p>\n<p><img decoding=\"async\" loading=\"lazy\" class=\"alignnone size-full wp-image-1185\" src=\"http:\/\/www.infokuryr.cz\/n\/wp-content\/uploads\/2021\/04\/kuryr-podpis.png\" alt=\"\" width=\"84\" height=\"24\" \/><\/p>\n<p>&nbsp;<\/p>\n","protected":false},"excerpt":{"rendered":"<p>Vztahy mezi \u0160pan\u011blskem a Izraelem se ji\u017e del\u0161\u00ed dobu zhor\u0161uj\u00ed, a to p\u0159edev\u0161\u00edm kv\u016fli izraelsk\u00fdm&#8230;<\/p>\n","protected":false},"author":2,"featured_media":104333,"comment_status":"closed","ping_status":"closed","sticky":false,"template":"","format":"standard","meta":[],"categories":[7],"tags":[107,220,440],"_links":{"self":[{"href":"https:\/\/www.infokuryr.cz\/n\/wp-json\/wp\/v2\/posts\/104332"}],"collection":[{"href":"https:\/\/www.infokuryr.cz\/n\/wp-json\/wp\/v2\/posts"}],"about":[{"href":"https:\/\/www.infokuryr.cz\/n\/wp-json\/wp\/v2\/types\/post"}],"author":[{"embeddable":true,"href":"https:\/\/www.infokuryr.cz\/n\/wp-json\/wp\/v2\/users\/2"}],"replies":[{"embeddable":true,"href":"https:\/\/www.infokuryr.cz\/n\/wp-json\/wp\/v2\/comments?post=104332"}],"version-history":[{"count":0,"href":"https:\/\/www.infokuryr.cz\/n\/wp-json\/wp\/v2\/posts\/104332\/revisions"}],"wp:featuredmedia":[{"embeddable":true,"href":"https:\/\/www.infokuryr.cz\/n\/wp-json\/wp\/v2\/media\/104333"}],"wp:attachment":[{"href":"https:\/\/www.infokuryr.cz\/n\/wp-json\/wp\/v2\/media?parent=104332"}],"wp:term":[{"taxonomy":"category","embeddable":true,"href":"https:\/\/www.infokuryr.cz\/n\/wp-json\/wp\/v2\/categories?post=104332"},{"taxonomy":"post_tag","embeddable":true,"href":"https:\/\/www.infokuryr.cz\/n\/wp-json\/wp\/v2\/tags?post=104332"}],"curies":[{"name":"wp","href":"https:\/\/api.w.org\/{rel}","templated":true}]}}