{"id":104330,"date":"2026-04-12T00:23:28","date_gmt":"2026-04-11T22:23:28","guid":{"rendered":"https:\/\/www.infokuryr.cz\/n\/?p=104330"},"modified":"2026-04-11T10:36:43","modified_gmt":"2026-04-11T08:36:43","slug":"muz-ktery-pobodal-francouzku-byl-navzdory-predchozimu-soudnimu-zakazu-usetren-dozivotniho-trestu","status":"publish","type":"post","link":"https:\/\/www.infokuryr.cz\/n\/2026\/04\/12\/muz-ktery-pobodal-francouzku-byl-navzdory-predchozimu-soudnimu-zakazu-usetren-dozivotniho-trestu\/","title":{"rendered":"Mu\u017e, kter\u00fd pobodal Francouzku, byl navzdory p\u0159edchoz\u00edmu soudn\u00edmu z\u00e1kazu u\u0161et\u0159en do\u017eivotn\u00edho trestu"},"content":{"rendered":"<div id=\"fb-root\"><\/div>\n<h3 class=\"s-tagline fw-tagline\"><span dir=\"auto\">Soha\u00efb Teima se vyhnul soudn\u00edmu z\u00e1kazu vztahuj\u00edc\u00edmu se na jeho partnerku, aby ji mohl om\u00e1mit a n\u011bkolikr\u00e1t pobodat na odlehl\u00e9m italsk\u00e9m h\u0159bitov\u011b<\/span><\/h3>\n<p><span dir=\"auto\">Mu\u017e usv\u011bd\u010den\u00fd z vra\u017edy 22let\u00e9 Francouzky, jej\u00ed\u017e t\u011blo bylo objeveno v opu\u0161t\u011bn\u00e9m kostele v severn\u00ed It\u00e1lii, byl u\u0161et\u0159en do\u017eivotn\u00edho trestu a dostal 25 let v\u011bzen\u00ed, a to i p\u0159es historii n\u00e1sil\u00ed a z\u00e1kaz vstupu dovnit\u0159.<\/span><\/p>\n<p><span dir=\"auto\">\u010cty\u0159iadvacetilet\u00e1 Soha\u00efb Teima byla odsouzena soudem v Aost\u011b za zabit\u00ed Auriane Laisn\u00e9 v dubnu 2024. Jak informoval server\u00a0<\/span><a href=\"https:\/\/actu.fr\/auvergne-rhone-alpes\/lyon_69123\/la-lyonnaise-auriane-laisne-tuee-en-italie-son-compagnon-violent-condamne-mais-echappe-a-la-perpetuite_64119746.html\"><span dir=\"auto\">Actu<\/span><\/a><span dir=\"auto\">\u00a0, mlad\u00e1 \u017eena z metropolitn\u00ed oblasti Lyonu byla p\u0159ed odlehl\u00fdm m\u00edstem, kde byla n\u011bkolikr\u00e1t pobod\u00e1na, om\u00e1mena benzodiazepiny.<\/span><\/p>\n<p><span dir=\"auto\">Jej\u00ed t\u011blo bylo nalezeno 5. dubna 2024 v opu\u0161t\u011bn\u00e9m kostele nad La Salle. Podle\u00a0<\/span><a href=\"https:\/\/www.lastampa.it\/aosta\/2026\/04\/08\/news\/oggi_la_sentenza_per_il_delitto_femminicidio_di_la_salle_il_pm_aveva_chiesto_l_ergastolo-15575981\/\"><span dir=\"auto\">den\u00edku La Stampa<\/span><\/a><span dir=\"auto\">\u00a0utrp\u011bla smrteln\u00e1 bodn\u00e1 zran\u011bn\u00ed krku a b\u0159icha.<\/span><\/p>\n<p><span dir=\"auto\">St\u00e1tn\u00ed z\u00e1stupci po\u017eadovali do\u017eivotn\u00ed v\u011bzen\u00ed. St\u00e1tn\u00ed z\u00e1stupce Manlio D&#8217;Ambrosi soudu sd\u011blil, \u017ee vy\u0161et\u0159ovatel\u00e9 provedli \u201elogickou, ucelenou, p\u0159esnou a v\u010dasnou rekonstrukci fakt\u016f\u201c, \u010d\u00edm\u017e odm\u00edtl tvrzen\u00ed obhajoby, \u017ee p\u0159\u00edpad byl zalo\u017een na nep\u0159\u00edm\u00fdch skute\u010dnostech. Uvedl, \u017ee vy\u0161et\u0159ov\u00e1n\u00ed p\u0159ineslo \u201ez\u00e1va\u017en\u00e9 d\u016fkazy\u201c a odm\u00edtl tvrzen\u00ed, \u017ee z\u00e1v\u011bry expert\u016f byly ovlivn\u011bny.<\/span><\/p>\n<p><span dir=\"auto\">Teima byl s ob\u011bt\u00ed ve vztahu a ji\u017e byl p\u0159edm\u011btem n\u011bkolika st\u00ed\u017enost\u00ed na n\u00e1sil\u00ed. M\u011bl z\u00e1kaz kontaktu s Laisn\u00e9, p\u0159esto byli oba kr\u00e1tce p\u0159ed vra\u017edou vid\u011bni spole\u010dn\u011b.<\/span><\/p>\n<p><span dir=\"auto\">Deset dn\u00ed p\u0159ed vra\u017edou byl p\u00e1r zastaven u tunelu Mont Blanc, ale omezen\u00ed se v syst\u00e9mu neobjevilo, co\u017e by jim umo\u017enilo pokra\u010dovat v cest\u011b spole\u010dn\u011b.<\/span><\/p>\n<p><span dir=\"auto\">Po vra\u017ed\u011b Teima uprchl a pozd\u011bji byl zat\u010den v Lyonu pobl\u00ed\u017e Perrache, ne\u017e byl vyd\u00e1n do It\u00e1lie. Po vra\u017ed\u011b \u010delil tak\u00e9 dal\u0161\u00edmu \u0159\u00edzen\u00ed za n\u00e1siln\u00e9 trestn\u00e9 \u010diny v Grenoblu.<\/span><\/p>\n<p><span dir=\"auto\">P\u0159esto\u017ee ob\u017ealoba po\u017eadovala do\u017eivotn\u00ed trest, soud ulo\u017eil trest 25 let. Obh\u00e1jce Luca Tommaso Calabr\u00f2 uvedl, \u017ee pr\u00e1vn\u00ed t\u00fdm je \u201espokojen jen z poloviny\u201c a argumentoval t\u00edm, \u017ee do\u017eivotn\u00ed v\u011bzen\u00ed by bylo nep\u0159im\u011b\u0159en\u00e9 a z\u00e1rove\u0148 by jeho klientovi trvalo na nevin\u011b.<\/span><\/p>\n<p><span dir=\"auto\">Rodina ob\u011bti popsala soudn\u00ed proces jako hluboce bolestiv\u00fd. Pr\u00e1vn\u00edk rodiny \u0159ekl: \u201eJe t\u011b\u017ek\u00e9 tu dnes b\u00fdt a v\u0161echny na\u0161e my\u0161lenky jsou s Auriane v den, kdy by oslavila 24. narozeniny.\u201c<\/span><\/p>\n<p><img decoding=\"async\" loading=\"lazy\" class=\"alignnone size-full wp-image-1185\" src=\"http:\/\/www.infokuryr.cz\/n\/wp-content\/uploads\/2021\/04\/kuryr-podpis.png\" alt=\"\" width=\"84\" height=\"24\" \/><\/p>\n<p>&nbsp;<\/p>\n","protected":false},"excerpt":{"rendered":"<p>Soha\u00efb Teima se vyhnul soudn\u00edmu z\u00e1kazu vztahuj\u00edc\u00edmu se na jeho partnerku, aby ji mohl om\u00e1mit&#8230;<\/p>\n","protected":false},"author":2,"featured_media":104331,"comment_status":"closed","ping_status":"closed","sticky":false,"template":"","format":"standard","meta":[],"categories":[7],"tags":[551,858,656],"_links":{"self":[{"href":"https:\/\/www.infokuryr.cz\/n\/wp-json\/wp\/v2\/posts\/104330"}],"collection":[{"href":"https:\/\/www.infokuryr.cz\/n\/wp-json\/wp\/v2\/posts"}],"about":[{"href":"https:\/\/www.infokuryr.cz\/n\/wp-json\/wp\/v2\/types\/post"}],"author":[{"embeddable":true,"href":"https:\/\/www.infokuryr.cz\/n\/wp-json\/wp\/v2\/users\/2"}],"replies":[{"embeddable":true,"href":"https:\/\/www.infokuryr.cz\/n\/wp-json\/wp\/v2\/comments?post=104330"}],"version-history":[{"count":0,"href":"https:\/\/www.infokuryr.cz\/n\/wp-json\/wp\/v2\/posts\/104330\/revisions"}],"wp:featuredmedia":[{"embeddable":true,"href":"https:\/\/www.infokuryr.cz\/n\/wp-json\/wp\/v2\/media\/104331"}],"wp:attachment":[{"href":"https:\/\/www.infokuryr.cz\/n\/wp-json\/wp\/v2\/media?parent=104330"}],"wp:term":[{"taxonomy":"category","embeddable":true,"href":"https:\/\/www.infokuryr.cz\/n\/wp-json\/wp\/v2\/categories?post=104330"},{"taxonomy":"post_tag","embeddable":true,"href":"https:\/\/www.infokuryr.cz\/n\/wp-json\/wp\/v2\/tags?post=104330"}],"curies":[{"name":"wp","href":"https:\/\/api.w.org\/{rel}","templated":true}]}}