{"id":104328,"date":"2026-04-12T00:21:46","date_gmt":"2026-04-11T22:21:46","guid":{"rendered":"https:\/\/www.infokuryr.cz\/n\/?p=104328"},"modified":"2026-04-11T11:37:26","modified_gmt":"2026-04-11T09:37:26","slug":"zelenskyj-rika-ze-druzba-bude-opravena-do-jara-pokud-brusel-zaplati","status":"publish","type":"post","link":"https:\/\/www.infokuryr.cz\/n\/2026\/04\/12\/zelenskyj-rika-ze-druzba-bude-opravena-do-jara-pokud-brusel-zaplati\/","title":{"rendered":"Zelenskyj \u0159\u00edk\u00e1, \u017ee Dru\u017eba bude opravena \u201edo jara\u201c, pokud Brusel zaplat\u00ed"},"content":{"rendered":"<div id=\"fb-root\"><\/div>\n<h3 class=\"s-tagline fw-tagline\"><span dir=\"auto\">Zelenskyj minul\u00fd m\u011bs\u00edc ozn\u00e1mil, \u017ee p\u0159ij\u00edm\u00e1 technickou a finan\u010dn\u00ed podporu od Evropsk\u00e9 unie na co nejrychlej\u0161\u00ed obnovu ropovodu Dru\u017eba<\/span><\/h3>\n<p><span dir=\"auto\">Ukrajina uvedla, \u017ee letos na ja\u0159e oprav\u00ed ropovod Dru\u017eba, pokud nab\u00eddka finan\u010dn\u00ed podpory Evropsk\u00e9 unie z\u016fstane v platnosti.<\/span><\/p>\n<p><span dir=\"auto\">\u201ePokud ot\u00e1zka evropsk\u00e9ho financov\u00e1n\u00ed v\u00fdm\u011bnou za dod\u00e1vky ropy z\u016fstane aktu\u00e1ln\u00ed, ozn\u00e1mili jsme, kdy oprav\u00edme ropovod Dru\u017eba,\u201c \u0159ekl prezident Zelenskyj.<\/span><\/p>\n<p><span dir=\"auto\">\u201eZodpov\u011bdnost za dod\u00e1vky bude na Evropanech. Oprav\u00edme to, proto\u017ee tak bylo dohodnuto. \u0158ekl jsem jim, \u017ee to dokon\u010d\u00edme letos na ja\u0159e,\u201c \u0159ekl Zelenskyj v p\u00e1tek novin\u00e1\u0159\u016fm, jak citovala agentura PAP a citovala agentura\u00a0<\/span><a href=\"https:\/\/businessinsider.com.pl\/gospodarka\/jest-decyzja-w-sprawie-rurociagu-przyjazn-wolodymyr-zelenski-wskazal-termin\/z82tl9g\"><span dir=\"auto\">Business Insider<\/span><\/a><span dir=\"auto\">\u00a0.<\/span><\/p>\n<p><span dir=\"auto\">Zelensk\u00e9ho slova nazna\u010duj\u00ed, \u017ee na oprav\u011b potrub\u00ed ji\u017e bylo odvedeno mnoho pr\u00e1ce, ale po\u0161kozen\u00e9 n\u00e1dr\u017ee nelze opravit rychle. \u201eTo znamen\u00e1, \u017ee tranzit bude mo\u017en\u00fd, ale ponese s sebou v\u0161echna rizika, zejm\u00e9na proto, \u017ee nev\u00edme, zda se Rusov\u00e9 zdr\u017e\u00ed dal\u0161\u00edch \u00fatok\u016f,\u201c poznamenal ukrajinsk\u00fd prezident.<\/span><\/p>\n<p><span dir=\"auto\">Ropovod Dru\u017eba, kter\u00fd p\u0159epravuje ruskou ropu do Ma\u010farska p\u0159es Ukrajinu, byl koncem ledna po\u0161kozen rusk\u00fdm \u00fatokem. To vyhrotilo spor mezi Budape\u0161t\u00ed a Kyjevem. Obnoven\u00ed provozu ropovodu po\u017eadovalo i Slovensko.<\/span><\/p>\n<p><span dir=\"auto\">Navzdory ukrajinsk\u00fdm uji\u0161t\u011bn\u00edm, \u017ee plynovod se opravuje, vl\u00e1da Viktora Orb\u00e1na tvrd\u00ed, \u017ee ukrajinsk\u00e9 \u00fa\u0159ady \u00famysln\u011b zdr\u017euj\u00ed obnoven\u00ed tranzitu. V reakci na to Budape\u0161\u0165 blokuje Kyjevu p\u016fj\u010dku EU ve v\u00fd\u0161i 90 miliard eur a v b\u0159eznu pozastavila dod\u00e1vky plynu i na Ukrajinu.<\/span><\/p>\n<p><span dir=\"auto\">Zelenskyj minul\u00fd m\u011bs\u00edc ozn\u00e1mil, \u017ee p\u0159ij\u00edm\u00e1 technickou a finan\u010dn\u00ed podporu od Evropsk\u00e9 unie na co nejrychlej\u0161\u00ed obnovu ropovodu Dru\u017eba. V t\u00e9 dob\u011b poznamenal, \u017ee oprava ropovodu je z\u00e1visl\u00e1 na oprav\u011b \u010derpac\u00ed stanice Brody, proto\u017ee po\u0161kozen\u00ed, kter\u00e9 utrp\u011bla, zp\u016fsobilo zpo\u017ed\u011bn\u00ed obnovy cel\u00e9ho za\u0159\u00edzen\u00ed.<\/span><\/p>\n<p><span dir=\"auto\">Zelenskyj dodal, \u017ee Ukrajina zva\u017euje v\u00fdstavbu podzemn\u00ed \u00falo\u017en\u00e9 infrastruktury jako dlouhodob\u00e9 a udr\u017eiteln\u011bj\u0161\u00ed \u0159e\u0161en\u00ed.<\/span><\/p>\n<p><img decoding=\"async\" loading=\"lazy\" class=\"alignnone size-full wp-image-1185\" src=\"http:\/\/www.infokuryr.cz\/n\/wp-content\/uploads\/2021\/04\/kuryr-podpis.png\" alt=\"\" width=\"84\" height=\"24\" \/><\/p>\n<p>&nbsp;<\/p>\n","protected":false},"excerpt":{"rendered":"<p>Zelenskyj minul\u00fd m\u011bs\u00edc ozn\u00e1mil, \u017ee p\u0159ij\u00edm\u00e1 technickou a finan\u010dn\u00ed podporu od Evropsk\u00e9 unie na co&#8230;<\/p>\n","protected":false},"author":2,"featured_media":104329,"comment_status":"closed","ping_status":"closed","sticky":false,"template":"","format":"standard","meta":[],"categories":[7],"tags":[3006,3008,1000],"_links":{"self":[{"href":"https:\/\/www.infokuryr.cz\/n\/wp-json\/wp\/v2\/posts\/104328"}],"collection":[{"href":"https:\/\/www.infokuryr.cz\/n\/wp-json\/wp\/v2\/posts"}],"about":[{"href":"https:\/\/www.infokuryr.cz\/n\/wp-json\/wp\/v2\/types\/post"}],"author":[{"embeddable":true,"href":"https:\/\/www.infokuryr.cz\/n\/wp-json\/wp\/v2\/users\/2"}],"replies":[{"embeddable":true,"href":"https:\/\/www.infokuryr.cz\/n\/wp-json\/wp\/v2\/comments?post=104328"}],"version-history":[{"count":0,"href":"https:\/\/www.infokuryr.cz\/n\/wp-json\/wp\/v2\/posts\/104328\/revisions"}],"wp:featuredmedia":[{"embeddable":true,"href":"https:\/\/www.infokuryr.cz\/n\/wp-json\/wp\/v2\/media\/104329"}],"wp:attachment":[{"href":"https:\/\/www.infokuryr.cz\/n\/wp-json\/wp\/v2\/media?parent=104328"}],"wp:term":[{"taxonomy":"category","embeddable":true,"href":"https:\/\/www.infokuryr.cz\/n\/wp-json\/wp\/v2\/categories?post=104328"},{"taxonomy":"post_tag","embeddable":true,"href":"https:\/\/www.infokuryr.cz\/n\/wp-json\/wp\/v2\/tags?post=104328"}],"curies":[{"name":"wp","href":"https:\/\/api.w.org\/{rel}","templated":true}]}}