{"id":104326,"date":"2026-04-12T00:21:50","date_gmt":"2026-04-11T22:21:50","guid":{"rendered":"https:\/\/www.infokuryr.cz\/n\/?p=104326"},"modified":"2026-04-11T10:30:50","modified_gmt":"2026-04-11T08:30:50","slug":"institut-paula-ehrlicha-pei-hlasil-podezreni-na-zavazne-nezadouci-ucinky-ockovani-s-az-ctyrletym-zpozdenim","status":"publish","type":"post","link":"https:\/\/www.infokuryr.cz\/n\/2026\/04\/12\/institut-paula-ehrlicha-pei-hlasil-podezreni-na-zavazne-nezadouci-ucinky-ockovani-s-az-ctyrletym-zpozdenim\/","title":{"rendered":"Institut Paula Ehrlicha (PEI) hl\u00e1sil podez\u0159en\u00ed na z\u00e1va\u017en\u00e9 ne\u017e\u00e1douc\u00ed \u00fa\u010dinky o\u010dkov\u00e1n\u00ed s a\u017e \u010dty\u0159let\u00fdm zpo\u017ed\u011bn\u00edm"},"content":{"rendered":"<div id=\"fb-root\"><\/div>\n<p><strong><span dir=\"auto\">S a\u017e \u010dty\u0159let\u00fdm zpo\u017ed\u011bn\u00edm nahl\u00e1sil Institut Paula Ehrlicha Evropsk\u00e9 agentu\u0159e pro l\u00e9\u010div\u00e9 p\u0159\u00edpravky podez\u0159en\u00ed na z\u00e1va\u017en\u00e9 ne\u017e\u00e1douc\u00ed \u00fa\u010dinky vakc\u00edny proti koronaviru. Pat\u0159\u00ed mezi n\u011b stovky p\u0159\u00edpad\u016f, kter\u00e9 byly fat\u00e1ln\u00ed, \u017eivot ohro\u017euj\u00edc\u00ed nebo vedly k posti\u017een\u00ed, hospitalizac\u00edm \u010di vrozen\u00fdm vad\u00e1m.<\/span><\/strong><\/p>\n<p><span dir=\"auto\">Berl\u00edn\u00a0<\/span><a href=\"https:\/\/multipolar-magazin.de\/meldungen\/0396\" target=\"_blank\" rel=\"noreferrer noopener\"><span dir=\"auto\">(multipol\u00e1rn\u00ed)<\/span><\/a><span dir=\"auto\">\u00a0St\u00e1tn\u00ed institut Paula Ehrlicha (PEI) nahl\u00e1sil Evropsk\u00e9 agentu\u0159e pro l\u00e9\u010div\u00e9 p\u0159\u00edpravky (EMA) stovky podez\u0159el\u00fdch p\u0159\u00edpad\u016f z\u00e1va\u017en\u00fdch ne\u017e\u00e1douc\u00edch \u00fa\u010dink\u016f po o\u010dkov\u00e1n\u00ed proti COVID-19 jen o n\u011bkolik m\u011bs\u00edc\u016f pozd\u011bji. Toto odhalila n\u011bmeck\u00e1 vl\u00e1da v reakci\u00a0\u00a0<\/span><a href=\"https:\/\/dserver.bundestag.de\/btd\/21\/051\/2105103.pdf\"><span dir=\"auto\">na<\/span><\/a><span dir=\"auto\">\u00a0\u00a0parlamentn\u00ed \u0161et\u0159en\u00ed strany AfD ze dne 27. b\u0159ezna. Zpr\u00e1vy se konkr\u00e9tn\u011b t\u00fdkaj\u00ed podez\u0159el\u00fdch p\u0159\u00edpad\u016f, kter\u00e9 byly shrom\u00e1\u017ed\u011bny a vyhodnoceny b\u011bhem studie proveden\u00e9 v r\u00e1mci o\u010dkovac\u00ed kampan\u011b proti COVID-19 pomoc\u00ed aplikace\u00a0\u00a0<\/span><a href=\"https:\/\/multipolar-magazin.de\/artikel\/safevac-daten-geheim\"><span dir=\"auto\">\u201eSafeVac2.0\u201c. Podle\u00a0<\/span><\/a><a href=\"https:\/\/www.gesetze-im-internet.de\/amg_1976\/__4.html\"><span dir=\"auto\">n\u011bmeck\u00e9ho z\u00e1kona o l\u00e9\u010div\u00fdch p\u0159\u00edpravc\u00edch<\/span><\/a><span dir=\"auto\">\u00a0\u00a0se ne\u017e\u00e1douc\u00ed \u00fa\u010dinky pova\u017euj\u00ed za \u201ez\u00e1va\u017en\u00e9\u201c,\u00a0\u00a0\u00a0pokud jsou smrteln\u00e9, \u017eivot ohro\u017euj\u00edc\u00ed nebo vedou k hospitalizaci, trval\u00e9 invalidit\u011b \u010di vrozen\u00fdm vad\u00e1m.<\/span><\/p>\n<p><span dir=\"auto\">V p\u00edsemn\u00e9\u00a0\u00a0<\/span><a href=\"https:\/\/dserver.bundestag.de\/btd\/21\/007\/2100747.pdf\"><span dir=\"auto\">odpov\u011bdi<\/span><\/a><span dir=\"auto\">\u00a0\u00a0na ot\u00e1zku poslance parlamentu za AfD z lo\u0148sk\u00e9ho roku n\u011bmeck\u00e1 vl\u00e1da uvedla, \u017ee z\u00e1va\u017en\u00e9 ne\u017e\u00e1douc\u00ed \u00fa\u010dinky studie SafeVac byly nahl\u00e1\u0161eny do datab\u00e1ze EudraVigilance agentury EMA \u201edo 15 dn\u016f\u201c. Podle sou\u010dasn\u00e9 odpov\u011bdi vl\u00e1dy Institut Paula Ehrlicha (PEI) do 31. prosince 2021 nahl\u00e1sil agentu\u0159e EMA 754 \u00fa\u010dastn\u00edk\u016f studie SafeVac s podez\u0159en\u00edm na alespo\u0148 jednu z\u00e1va\u017enou ne\u017e\u00e1douc\u00ed p\u0159\u00edhodu jako \u201ep\u0159\u00edpady studie\u201c. Do konce roku 2021\u00a0 se ji\u017e zaregistrovalo\u00a0<\/span><a href=\"https:\/\/www.pei.de\/SharedDocs\/Downloads\/DE\/newsroom\/dossiers\/sicherheitsberichte\/sicherheitsbericht-27-12-20-bis-30-11-21.pdf?__blob=publicationFile&amp;v=9\"><span dir=\"auto\">98\u00a0<\/span><\/a>\u00a0<a href=\"https:\/\/dserver.bundestag.de\/btd\/21\/007\/2100747.pdf\"><span dir=\"auto\">procent<\/span><\/a><span dir=\"auto\">\u00a0\u00a0\u00fa\u010dastn\u00edk\u016f studie SafeVac. Vzhledem k 15denn\u00ed lh\u016ft\u011b pro hl\u00e1\u0161en\u00ed by tedy velk\u00e1 \u010d\u00e1st p\u0159\u00edpad\u016f studie se z\u00e1va\u017en\u00fdmi ne\u017e\u00e1douc\u00edmi \u00fa\u010dinky m\u011bla b\u00fdt agentu\u0159e EMA do t\u00e9 doby nahl\u00e1\u0161ena.<\/span><\/p>\n<p><span dir=\"auto\">Reakce n\u011bmeck\u00e9 vl\u00e1dy v\u0161ak nyn\u00ed odhaluje, \u017ee Institut Paula Ehrlicha (PEI) nahl\u00e1sil Evropsk\u00e9 agentu\u0159e pro l\u00e9\u010div\u00e9 p\u0159\u00edpravky (EMA) do 30. \u010dervna 2024 2 047 p\u0159\u00edpad\u016f ze studie. V\u00edce ne\u017e 1 000 p\u0159\u00edpad\u016f bylo tedy pravd\u011bpodobn\u011b nahl\u00e1\u0161eno s n\u011bkolikat\u00fddenn\u00edm nebo dokonce let\u00fdm zpo\u017ed\u011bn\u00edm. V n\u00e1sleduj\u00edc\u00edch m\u011bs\u00edc\u00edch od \u010dervence 2024 po\u010det hl\u00e1\u0161en\u00ed stagnoval, zp\u011btn\u011b bylo nahl\u00e1\u0161eno pouze n\u011bkolik p\u0159\u00edpad\u016f. P\u0159ibli\u017en\u011b o rok pozd\u011bji, mezi z\u00e1\u0159\u00edm a prosincem 2025, PEI nahl\u00e1sil t\u00e9m\u011b\u0159 600 p\u0159\u00edpad\u016f b\u011bhem \u010dty\u0159m\u011bs\u00ed\u010dn\u00edho obdob\u00ed. Ve srovn\u00e1n\u00ed s \u00fadaji z hl\u00e1\u0161en\u00ed za prosinec 2025 (2 648 p\u0159\u00edpad\u016f) s \u00fadaji za prosinec 2021 (754 p\u0159\u00edpad\u016f) nahl\u00e1sil PEI p\u0159ibli\u017en\u011b 70 procent p\u0159\u00edpad\u016f ze studie s podez\u0159en\u00edm na z\u00e1va\u017en\u00e9 ne\u017e\u00e1douc\u00ed \u00fa\u010dinky EMA se zpo\u017ed\u011bn\u00edm a\u017e \u010dty\u0159 let.<\/span><\/p>\n<p><span dir=\"auto\">Reakce n\u011bmeck\u00e9 vl\u00e1dy nevysv\u011btluje, pro\u010d v posledn\u00edch m\u011bs\u00edc\u00edch roku 2025 do\u0161lo k prudk\u00e9mu n\u00e1r\u016fstu hl\u00e1\u0161en\u00ed o p\u0159ibli\u017en\u011b 600 p\u0159\u00edpadech. V \u010dervenci 2025 v\u0161ak ministerstvo zdravotnictv\u00ed v odpov\u011bdi na p\u00edsemn\u00fd dotaz strany AfD (Alternativa pro N\u011bmecko) uvedlo,\u00a0\u00a0<\/span><a href=\"https:\/\/dserver.bundestag.de\/btd\/21\/007\/2100747.pdf\"><span dir=\"auto\">\u017ee<\/span><\/a><span dir=\"auto\">\u00a0u 3 506 \u00fa\u010dastn\u00edk\u016f studie \u201eSafeVac\u201c bylo podez\u0159en\u00ed na z\u00e1va\u017en\u00e9 ne\u017e\u00e1douc\u00ed \u00fa\u010dinky a \u017ee tyto p\u0159\u00edpady byly nahl\u00e1\u0161eny Evropsk\u00e9 agentu\u0159e pro l\u00e9\u010div\u00e9 p\u0159\u00edpravky (EMA). V prosinci 2025 v\u0161ak b\u011bhem zrychlen\u00e9ho soudn\u00edho\u00a0\u00a0<\/span><a href=\"https:\/\/www.barucker.press\/p\/safevac-gericht-pei\"><span dir=\"auto\">\u0159\u00edzen\u00ed<\/span><\/a><span dir=\"auto\">\u00a0zah\u00e1jen\u00e9ho novin\u00e1\u0159em Bastianem Baruckerem proti Institutu Paula Ehrlicha (PEI) institut u soudu vypov\u011bd\u011bl, \u017ee agentu\u0159e EMA nahl\u00e1sil pouze 2 053 p\u0159\u00edpad\u016f studie (\u00a0<\/span><a href=\"https:\/\/bastian-barucker.de\/wp-content\/uploads\/2025\/12\/3_L_3012_25_DA_Eilbeschluss_geschwarzt.pdf\"><span dir=\"auto\">k<\/span><\/a><span dir=\"auto\">\u00a0\u00a028. srpnu 2025) s podez\u0159en\u00edm na z\u00e1va\u017en\u00e9 ne\u017e\u00e1douc\u00ed \u00fa\u010dinky. To p\u0159edstavuje rozd\u00edl t\u00e9m\u011b\u0159 42 procent.<\/span><\/p>\n<p><span dir=\"auto\">Ve sv\u00e9m parlamentn\u00edm vy\u0161et\u0159ov\u00e1n\u00ed se AfD sna\u017eila pochopit d\u016fvody tohoto rozporu. Reakce spolkov\u00e9 vl\u00e1dy v\u0161ak byla vyh\u00fdbav\u00e1 a uvedla, \u017ee Institut Paula Ehrlicha (PEI) na za\u010d\u00e1tku o\u010dkovac\u00ed kampan\u011b a studie \u201eSafeVac\u201c \u201edo\u010dasn\u011b p\u0159edem nahl\u00e1sil n\u011bkter\u00e9 p\u0159\u00edpady studie\u201c Evropsk\u00e9 agentu\u0159e pro l\u00e9\u010div\u00e9 p\u0159\u00edpravky (EMA). V t\u00e9 dob\u011b je\u0161t\u011b nebylo provedeno \u017e\u00e1dn\u00e9 \u201e\u00fapln\u00e9 posouzen\u00ed\u201c, zda hl\u00e1\u0161en\u00e9 ne\u017e\u00e1douc\u00ed \u00fa\u010dinky \u201eskute\u010dn\u011b p\u0159ekro\u010dily prahovou hodnotu pro podez\u0159en\u00ed na z\u00e1va\u017en\u00fd ne\u017e\u00e1douc\u00ed \u00fa\u010dinek\u201c.<\/span><\/p>\n<p><span dir=\"auto\">Pr\u00e1vni\u010dka a b\u00fdval\u00e1 soudkyn\u011b Franziska Meyer-Hesselbarthov\u00e1 pova\u017euje toto vysv\u011btlen\u00ed za nep\u0159esv\u011bd\u010div\u00e9. V reakci na dotaz spole\u010dnosti Multipolar vysv\u011btluje, \u017ee Paul Ehrlich Institute (PEI) mus\u00ed dodr\u017eovat pravidla, aby zajistil soulad s regula\u010dn\u00edmi p\u0159edpisy a pou\u017eitelnost dat. PEI bud\u00ed dojem, \u017ee chce \u201ezp\u011btn\u011b prohl\u00e1sit sv\u00e1 vlastn\u00ed \u010d\u00edsla za nepou\u017eiteln\u00e1\u201c. Zpr\u00e1vn\u00e9 postupy PEI a jeho \u201enepr\u016fhledn\u00e9 nakl\u00e1d\u00e1n\u00ed\u201c s daty \u201eSafeVac\u201c jsou celkov\u011b \u201espochybniteln\u00e9\u201c. Pr\u00e1vni\u010dka popisuje hl\u00e1\u0161en\u00ed p\u0159ibli\u017en\u011b 600 studijn\u00edch p\u0159\u00edpad\u016f na konci roku 2025 a 42procentn\u00ed nesrovnalost v hl\u00e1\u0161en\u00edch v d\u016fsledku protich\u016fdn\u00fdch informac\u00ed jako \u201evy\u017eaduj\u00edc\u00ed v\u00e1\u017en\u00e9 vysv\u011btlen\u00ed\u201c. \u201eP\u0159edpokl\u00e1dan\u00e9 zpo\u017ed\u011bn\u00ed hl\u00e1\u0161en\u00ed u n\u011bkolika stovek z\u00e1va\u017en\u00fdch p\u0159\u00edpad\u016f bez jak\u00e9hokoli v\u011brohodn\u00e9ho vysv\u011btlen\u00ed je zcela nep\u0159ijateln\u00e9.\u201c Tento p\u0159\u00edstup je \u201eneslu\u010diteln\u00fd\u201c s \u201ed\u016fkladn\u00fdm sledov\u00e1n\u00edm bezpe\u010dnosti vakc\u00edn,\u201c zd\u016fraz\u0148uje Meyer-Hesselbarthov\u00e1.<\/span><\/p>\n<p><em><span dir=\"auto\">\u010cl\u00e1nek je reprintem zpr\u00e1vy z \u010dasopisu Multipolar<\/span><\/em><\/p>\n<p>&nbsp;<\/p>\n","protected":false},"excerpt":{"rendered":"<p>S a\u017e \u010dty\u0159let\u00fdm zpo\u017ed\u011bn\u00edm nahl\u00e1sil Institut Paula Ehrlicha Evropsk\u00e9 agentu\u0159e pro l\u00e9\u010div\u00e9 p\u0159\u00edpravky podez\u0159en\u00ed na&#8230;<\/p>\n","protected":false},"author":2,"featured_media":104327,"comment_status":"closed","ping_status":"closed","sticky":false,"template":"","format":"standard","meta":[],"categories":[7],"tags":[23,84,1301,21],"_links":{"self":[{"href":"https:\/\/www.infokuryr.cz\/n\/wp-json\/wp\/v2\/posts\/104326"}],"collection":[{"href":"https:\/\/www.infokuryr.cz\/n\/wp-json\/wp\/v2\/posts"}],"about":[{"href":"https:\/\/www.infokuryr.cz\/n\/wp-json\/wp\/v2\/types\/post"}],"author":[{"embeddable":true,"href":"https:\/\/www.infokuryr.cz\/n\/wp-json\/wp\/v2\/users\/2"}],"replies":[{"embeddable":true,"href":"https:\/\/www.infokuryr.cz\/n\/wp-json\/wp\/v2\/comments?post=104326"}],"version-history":[{"count":0,"href":"https:\/\/www.infokuryr.cz\/n\/wp-json\/wp\/v2\/posts\/104326\/revisions"}],"wp:featuredmedia":[{"embeddable":true,"href":"https:\/\/www.infokuryr.cz\/n\/wp-json\/wp\/v2\/media\/104327"}],"wp:attachment":[{"href":"https:\/\/www.infokuryr.cz\/n\/wp-json\/wp\/v2\/media?parent=104326"}],"wp:term":[{"taxonomy":"category","embeddable":true,"href":"https:\/\/www.infokuryr.cz\/n\/wp-json\/wp\/v2\/categories?post=104326"},{"taxonomy":"post_tag","embeddable":true,"href":"https:\/\/www.infokuryr.cz\/n\/wp-json\/wp\/v2\/tags?post=104326"}],"curies":[{"name":"wp","href":"https:\/\/api.w.org\/{rel}","templated":true}]}}