{"id":104324,"date":"2026-04-12T00:20:55","date_gmt":"2026-04-11T22:20:55","guid":{"rendered":"https:\/\/www.infokuryr.cz\/n\/?p=104324"},"modified":"2026-04-11T10:27:13","modified_gmt":"2026-04-11T08:27:13","slug":"sokujici-cisla-z-nemeckych-skol-ucitele-se-stavaji-oblibenou-koristi","status":"publish","type":"post","link":"https:\/\/www.infokuryr.cz\/n\/2026\/04\/12\/sokujici-cisla-z-nemeckych-skol-ucitele-se-stavaji-oblibenou-koristi\/","title":{"rendered":"\u0160okuj\u00edc\u00ed \u010d\u00edsla z n\u011bmeck\u00fdch \u0161kol: U\u010ditel\u00e9 se st\u00e1vaj\u00ed obl\u00edbenou ko\u0159ist\u00ed"},"content":{"rendered":"<div id=\"fb-root\"><\/div>\n<p><strong><span dir=\"auto\">Od roku 2015 se po\u010det n\u00e1siln\u00fdch \u00fatok\u016f na u\u010ditele v\u00fdrazn\u011b zv\u00fd\u0161il. Nyn\u00ed dos\u00e1hl nov\u00fdch rekordn\u00edch hodnot. D\u016fvody tohoto v\u00fdvoje jsou v\u0161ak do zna\u010dn\u00e9 m\u00edry ignorov\u00e1ny. Jak \u00fazce to souvis\u00ed s masovou imigrac\u00ed od roku 2015?<\/span><\/strong><\/p>\n<p><span dir=\"auto\">N\u011bmeck\u00e9 u\u010debny se st\u00e1vaj\u00ed st\u00e1le nebezpe\u010dn\u011bj\u0161\u00edmi m\u00edsty pro ty, kte\u0159\u00ed maj\u00ed vzd\u011bl\u00e1vat na\u0161e d\u011bti.\u00a0<\/span><a href=\"https:\/\/www.welt.de\/vermischtes\/article69d862d4246b3860d5021865\/kriminalstatistik-gewalt-gegen-lehrkraefte-erreicht-neuen-hoechststand-in-deutschland.html\"><span dir=\"auto\">Nov\u00e1 anal\u00fdza<\/span><\/a><span dir=\"auto\"> Statistiky policejn\u00ed kriminality (PKS) ukazuje, \u017ee n\u00e1sil\u00ed v n\u011bmeck\u00fdch \u0161kol\u00e1ch prudce roste \u2013 a dosahuje nov\u00e9ho rekordn\u00edho maxima! Jen v roce 2024 bylo zaznamen\u00e1no ohromuj\u00edc\u00edch 1 283 p\u0159\u00edpad\u016f \u00famysln\u00e9ho ubl\u00ed\u017een\u00ed na zdrav\u00ed u\u010ditel\u016f. Jedn\u00e1 se o pedagogy, kte\u0159\u00ed byli b\u011bhem v\u00fdkonu slu\u017eby ude\u0159eni p\u011bstmi, kop\u00e1ni a poni\u017eov\u00e1ni. Pro srovn\u00e1n\u00ed, v p\u0159edchoz\u00edch letech se toto \u010d\u00edslo pohybovalo mezi 717 a hluboko pod 1 000 (krom\u011b zvl\u00e1\u0161tn\u00edho efektu uzav\u0159en\u00ed \u0161kol b\u011bhem pandemie).<\/span><\/p>\n<p><span dir=\"auto\">Pohled na \u0161okuj\u00edc\u00ed dlouhodob\u00e9 statistiky ukazuje, \u017ee se u\u010ditel\u00e9 st\u00e1vaj\u00ed obl\u00edbenou ko\u0159ist\u00ed. Kdy\u017e vezmeme v \u00favahu z\u00e1va\u017en\u00e9 n\u00e1siln\u00e9 trestn\u00e9 \u010diny proti u\u010ditel\u016fm \u2013 v\u010detn\u011b vra\u017ed, zabit\u00ed, zn\u00e1siln\u011bn\u00ed, loupe\u017e\u00ed a t\u011b\u017ek\u00e9ho ubl\u00ed\u017een\u00ed na zdrav\u00ed \u2013 vyno\u0159\u00ed se jasn\u00fd a d\u011bsiv\u00fd obraz. V roce 2015, kdy kancl\u00e9\u0159ka Angela Merkelov\u00e1 otev\u0159ela hranice a za\u010dala nekontrolovan\u00e1 masov\u00e1 imigrace do N\u011bmecka, byl po\u010det z\u00e1va\u017en\u00fdch n\u00e1siln\u00fdch trestn\u00fdch \u010din\u016f proti u\u010ditel\u016fm 268. Od t\u00e9 doby toto \u010d\u00edslo ne\u00faprosn\u011b stoup\u00e1. Do roku 2023 dos\u00e1hlo 477 p\u0159\u00edpad\u016f. O rok pozd\u011bji, v roce 2024, toto \u010d\u00edslo explodovalo na neuv\u011b\u0159iteln\u00fdch 557 p\u0159\u00edpad\u016f z\u00e1va\u017en\u00fdch trestn\u00fdch \u010din\u016f proti pedagog\u016fm.<\/span><\/p>\n<p><span dir=\"auto\">\u0160koly nyn\u00ed nesou hlavn\u00ed t\u00edhu ne\u00fasp\u011b\u0161n\u00e9 migra\u010dn\u00ed politiky zaveden\u00fdch stran. V mnoha znev\u00fdhodn\u011bn\u00fdch \u0161kol\u00e1ch doch\u00e1z\u00ed k dramatick\u00e9 ztr\u00e1t\u011b respektu ke st\u00e1tn\u00edm autorit\u00e1m \u2013 toxick\u00e9 prost\u0159ed\u00ed importovan\u00e9ho n\u00e1sil\u00ed, kulturn\u00edho pohrd\u00e1n\u00ed na\u0161imi hodnotami a st\u00e1tu, kter\u00fd se vzdal kontroly. A ob\u011bti t\u00e9to politick\u00e9 ignorance stoj\u00ed ka\u017ed\u00e9 r\u00e1no bezbrann\u011b u tabule. Je d\u016fle\u017eit\u00e9 poznamenat, \u017ee policie zaznamen\u00e1v\u00e1 pouze incidenty, kdy jsou u\u010ditel\u00e9 v\u00fdslovn\u011b napadeni ve sv\u00e9 \u00fa\u0159edn\u00ed funkci. Po\u010det nehl\u00e1\u0161en\u00fdch, ka\u017edodenn\u00edch v\u00fdhr\u016f\u017eek a ur\u00e1\u017eek je pravd\u011bpodobn\u011b mnohon\u00e1sobn\u011b vy\u0161\u0161\u00ed a mnohem netolerovateln\u011bj\u0161\u00ed.<\/span><\/p>\n<p><span dir=\"auto\">Ztr\u00e1ta kontroly se nekon\u010d\u00ed u \u0161koln\u00edch bran. Ti, kte\u0159\u00ed maj\u00ed zachra\u0148ovat \u017eivoty a udr\u017eovat po\u0159\u00e1dek v na\u0161ich ulic\u00edch, se st\u00e1le \u010dast\u011bji st\u00e1vaj\u00ed ter\u010dem \u00fatok\u016f. Mezi lety 2018 a 2024 prudce vzrostly tak\u00e9 n\u00e1siln\u00e9 trestn\u00e9 \u010diny proti hasi\u010d\u016fm, z\u00e1chran\u00e1\u0159\u016fm a policist\u016fm. Feder\u00e1ln\u00ed vl\u00e1da se v\u0161ak rad\u011bji zapojuje do symbolick\u00e9 politiky. Kr\u00e1tce p\u0159ed koncem roku p\u0159edstavila ministryn\u011b spravedlnosti SPD Stefanie Hubigov\u00e1 pl\u00e1ny na zv\u00fd\u0161en\u00ed trest\u016f za \u00fatoky na policisty a z\u00e1chran\u00e1\u0159e. Minim\u00e1ln\u00ed trest odn\u011bt\u00ed svobody by byl \u0161est m\u011bs\u00edc\u016f m\u00edsto sou\u010dasn\u00fdch t\u0159\u00ed. Z\u00e1kon je v\u0161ak zat\u00edm jen pap\u00edrov\u00fdm tygrem \u2013 rozhodnut\u00ed vl\u00e1dy st\u00e1le \u010dek\u00e1 na odchod.<\/span><\/p>\n<p><span dir=\"auto\">Ka\u017ed\u00fd, kdo chce v\u011bd\u011bt, kam tento trend vede, se sta\u010d\u00ed pod\u00edvat na Berl\u00edn. Toto levicov\u011b orientovan\u00e9 a zelen\u011b dominovan\u00e9 hlavn\u00ed m\u011bsto je ji\u017e dlouho smutn\u00fdm zt\u011blesn\u011bn\u00edm selh\u00e1n\u00ed politicky odpov\u011bdn\u00fdch osob. Nejnov\u011bj\u0161\u00ed data sen\u00e1torky \u0161kolstv\u00ed Kathariny G\u00fcnther-W\u00fcnschov\u00e9 (CDU) za \u0161koln\u00ed rok 2024\/2025 shrnuj\u00ed trag\u00e9dii v ohromuj\u00edc\u00edch a d\u011bsiv\u00fdch procentech: Z 599 \u0161kol, kter\u00e9 se z\u00fa\u010dastnily procesu pod\u00e1v\u00e1n\u00ed zpr\u00e1v, v\u00edce ne\u017e polovina (53,6 procenta) nahl\u00e1sila incidenty fyzick\u00e9ho n\u00e1sil\u00ed.<\/span><\/p>\n<p><span dir=\"auto\">Takhle se tedy vychvaluje \u201enejlep\u0161\u00ed N\u011bmecko v\u0161ech dob\u201c, o kter\u00e9m tak r\u00e1dy b\u00e1sn\u00ed zaveden\u00e9 politick\u00e9 strany. N\u011bmecko, kde se u\u010ditel\u016fm, policist\u016fm, hasi\u010d\u016fm a z\u00e1chran\u00e1\u0159\u016fm u\u017e neprojevuje \u00facta, ale m\u00edsto toho jsou napad\u00e1ni. Nen\u00ed divu, \u017ee se st\u00e1le m\u00e9n\u011b lid\u00ed chce st\u00e1t u\u010diteli nebo z\u00e1chran\u00e1\u0159i.<\/span><\/p>\n<p><img decoding=\"async\" loading=\"lazy\" class=\"alignnone size-full wp-image-1185\" src=\"http:\/\/www.infokuryr.cz\/n\/wp-content\/uploads\/2021\/04\/kuryr-podpis.png\" alt=\"\" width=\"84\" height=\"24\" \/><\/p>\n<p>&nbsp;<\/p>\n","protected":false},"excerpt":{"rendered":"<p>Od roku 2015 se po\u010det n\u00e1siln\u00fdch \u00fatok\u016f na u\u010ditele v\u00fdrazn\u011b zv\u00fd\u0161il. Nyn\u00ed dos\u00e1hl nov\u00fdch rekordn\u00edch&#8230;<\/p>\n","protected":false},"author":2,"featured_media":104325,"comment_status":"closed","ping_status":"closed","sticky":false,"template":"","format":"standard","meta":[],"categories":[7],"tags":[369,239,84,1536],"_links":{"self":[{"href":"https:\/\/www.infokuryr.cz\/n\/wp-json\/wp\/v2\/posts\/104324"}],"collection":[{"href":"https:\/\/www.infokuryr.cz\/n\/wp-json\/wp\/v2\/posts"}],"about":[{"href":"https:\/\/www.infokuryr.cz\/n\/wp-json\/wp\/v2\/types\/post"}],"author":[{"embeddable":true,"href":"https:\/\/www.infokuryr.cz\/n\/wp-json\/wp\/v2\/users\/2"}],"replies":[{"embeddable":true,"href":"https:\/\/www.infokuryr.cz\/n\/wp-json\/wp\/v2\/comments?post=104324"}],"version-history":[{"count":0,"href":"https:\/\/www.infokuryr.cz\/n\/wp-json\/wp\/v2\/posts\/104324\/revisions"}],"wp:featuredmedia":[{"embeddable":true,"href":"https:\/\/www.infokuryr.cz\/n\/wp-json\/wp\/v2\/media\/104325"}],"wp:attachment":[{"href":"https:\/\/www.infokuryr.cz\/n\/wp-json\/wp\/v2\/media?parent=104324"}],"wp:term":[{"taxonomy":"category","embeddable":true,"href":"https:\/\/www.infokuryr.cz\/n\/wp-json\/wp\/v2\/categories?post=104324"},{"taxonomy":"post_tag","embeddable":true,"href":"https:\/\/www.infokuryr.cz\/n\/wp-json\/wp\/v2\/tags?post=104324"}],"curies":[{"name":"wp","href":"https:\/\/api.w.org\/{rel}","templated":true}]}}