{"id":104321,"date":"2026-04-12T00:18:23","date_gmt":"2026-04-11T22:18:23","guid":{"rendered":"https:\/\/www.infokuryr.cz\/n\/?p=104321"},"modified":"2026-04-11T10:13:59","modified_gmt":"2026-04-11T08:13:59","slug":"trump-pripravuje-americkou-armadu-pro-pripad-ze-by-rozhovory-selhaly-prohlasuje-ze-iran-nema-zadne-karty-zatimco-delegace-dorazi-do-islamabadu","status":"publish","type":"post","link":"https:\/\/www.infokuryr.cz\/n\/2026\/04\/12\/trump-pripravuje-americkou-armadu-pro-pripad-ze-by-rozhovory-selhaly-prohlasuje-ze-iran-nema-zadne-karty-zatimco-delegace-dorazi-do-islamabadu\/","title":{"rendered":"Trump \u201ep\u0159ipravuje\u201c americkou arm\u00e1du pro p\u0159\u00edpad, \u017ee by rozhovory selhaly \u2013 prohla\u0161uje, \u017ee \u00cdr\u00e1n \u201enem\u00e1 \u017e\u00e1dn\u00e9 karty\u201c, zat\u00edmco delegace doraz\u00ed do Isl\u00e1m\u00e1b\u00e1du"},"content":{"rendered":"<div id=\"fb-root\"><\/div>\n<div class=\"elementor-element elementor-element-1fb4c2c elementor-widget elementor-widget-theme-post-content\" data-id=\"1fb4c2c\" data-element_type=\"widget\" data-e-type=\"widget\" data-widget_type=\"theme-post-content.default\">\n<div class=\"elementor-widget-container\">\n<h3><strong><span dir=\"auto\">Shrnut\u00ed:<\/span><\/strong><\/h3>\n<p><span dir=\"auto\">\u00cdr\u00e1n dal jasn\u011b najevo, \u017ee boje v Libanonu mus\u00ed skon\u010dit, jinak budou rozhovory v P\u00e1kist\u00e1nu \u201ebezv\u00fdznamn\u00e9\u201c \u2013 zat\u00edmco jeho delegace doraz\u00ed do \u201eblokovan\u00e9ho\u201c P\u00e1kist\u00e1nu. Spekulace o prob\u00edhaj\u00edc\u00edch transportn\u00edch letech Pentagonu na Bl\u00edzk\u00fd v\u00fdchod s\u00edl\u00ed.<\/span><\/p>\n<p><span dir=\"auto\">Trump hroz\u00ed dal\u0161\u00ed vojenskou akc\u00ed, pokud \u00cdr\u00e1n nebude \u201espolupracovat\u201c, a prohl\u00e1sil, \u017ee \u00cdr\u00e1n \u201enem\u00e1 \u017e\u00e1dn\u00e9 karty\u201c \u2013 a to i p\u0159esto, \u017ee se p\u0159\u00ed\u0161t\u00ed t\u00fdden ve Washingtonu maj\u00ed konat rozhovory mezi Izraelem a Libanonem. Americk\u00e1 delegace veden\u00e1 Vancem je na cest\u011b do Isl\u00e1m\u00e1b\u00e1du. Z\u00e1rove\u0148 p\u0159edseda parlamentu vzn\u00e1\u0161\u00ed nov\u00e9 po\u017eadavky ohledn\u011b Libanonu.<\/span><\/p>\n<p><span dir=\"auto\">Lloyd&#8217;s: \u201e\u00cdr\u00e1nci jsou p\u0159ipraveni vyjedn\u00e1vat s ur\u010dit\u00fdmi zem\u011bmi o zaji\u0161t\u011bn\u00ed plaveb, ale pouze v jednotliv\u00fdch p\u0159\u00edpadech.\u201c Za posledn\u00edch 24 hodin touto trasou proplula hrstka tanker\u016f, v\u011bt\u0161inou spojen\u00fdch s \u00cdr\u00e1nem\/\u010c\u00ednou.<\/span><\/p>\n<p><span dir=\"auto\">Po dnech p\u00e1tr\u00e1n\u00ed a z\u00e1chrany se po\u010det ob\u011bt\u00ed v Libanonu po st\u0159ede\u010dn\u00edch izraelsk\u00fdch \u201ep\u0159ekvapiv\u00fdch\u201c \u00fatoc\u00edch zv\u00fd\u0161il na v\u00edce ne\u017e 300. Ojedin\u011bl\u00e9 \u00fatoky IDF na jihu a v\u00fdchod\u011b pokra\u010duj\u00ed.<\/span><\/p>\n<figure id=\"polymarket-strait-of-hormuz-traffic-returns-to-normal-by-april-30\" class=\"polymarket-embed\" aria-label=\"Predikce polymarketu: Vr\u00e1t\u00ed se doprava v Hormuzsk\u00e9m pr\u016flivu do norm\u00e1lu do konce dubna?\"><iframe loading=\"lazy\" title=\"Vr\u00e1t\u00ed se doprava v Hormuzsk\u00e9m pr\u016flivu do konce dubna k norm\u00e1lu? \u2014 Polymarket Prediction Market\" src=\"https:\/\/embed.polymarket.com\/market?market=strait-of-hormuz-traffic-returns-to-normal-by-april-30&amp;height=300\" width=\"400\" height=\"300\" frameborder=\"0\" data-mce-fragment=\"1\"><\/iframe><figcaption><strong><span dir=\"auto\">Vr\u00e1t\u00ed se doprava v Hormuzsk\u00e9m pr\u016flivu do norm\u00e1lu do konce dubna?<\/span><\/strong><br \/>\n<span dir=\"auto\">Ano 21 % \u00b7 Ne 80 %<\/span><br \/>\n<a href=\"https:\/\/polymarket.com\/event\/strait-of-hormuz-traffic-returns-to-normal-by-april-30\"><span dir=\"auto\">Zobrazit cel\u00fd trh a obchodov\u00e1n\u00ed na Polymarketu<\/span><\/a><\/figcaption><\/figure>\n<h3><strong><span dir=\"auto\">Delegace obou stran dorazily do Isl\u00e1m\u00e1b\u00e1du<\/span><\/strong><\/h3>\n<p><span dir=\"auto\">Delegace vysoce postaven\u00fdch \u00edr\u00e1nsk\u00fdch p\u0159edstavitel\u016f dorazila do p\u00e1kist\u00e1nsk\u00e9 metropole Isl\u00e1m\u00e1b\u00e1du p\u0159ed zah\u00e1jen\u00edm jedn\u00e1n\u00ed o p\u0159\u00edm\u011b\u0159\u00ed se Spojen\u00fdmi st\u00e1ty, informovala v p\u00e1tek \u00edr\u00e1nsk\u00e1 st\u00e1tn\u00ed televize.<\/span><\/p>\n<div class=\"twitter-tweet twitter-tweet-rendered\"><iframe id=\"twitter-widget-0\" class=\"\" title=\"X Post\" src=\"https:\/\/platform.twitter.com\/embed\/Tweet.html?dnt=false&amp;embedId=twitter-widget-0&amp;features=eyJ0ZndfdGltZWxpbmVfbGlzdCI6eyJidWNrZXQiOltdLCJ2ZXJzaW9uIjpudWxsfSwidGZ3X2ZvbGxvd2VyX2NvdW50X3N1bnNldCI6eyJidWNrZXQiOnRydWUsInZlcnNpb24iOm51bGx9LCJ0ZndfdHdlZXRfZWRpdF9iYWNrZW5kIjp7ImJ1Y2tldCI6Im9uIiwidmVyc2lvbiI6bnVsbH0sInRmd19yZWZzcmNfc2Vzc2lvbiI6eyJidWNrZXQiOiJvbiIsInZlcnNpb24iOm51bGx9LCJ0ZndfZm9zbnJfc29mdF9pbnRlcnZlbnRpb25zX2VuYWJsZWQiOnsiYnVja2V0Ijoib24iLCJ2ZXJzaW9uIjpudWxsfSwidGZ3X21peGVkX21lZGlhXzE1ODk3Ijp7ImJ1Y2tldCI6InRyZWF0bWVudCIsInZlcnNpb24iOm51bGx9LCJ0ZndfZXhwZXJpbWVudHNfY29va2llX2V4cGlyYXRpb24iOnsiYnVja2V0IjoxMjA5NjAwLCJ2ZXJzaW9uIjpudWxsfSwidGZ3X3Nob3dfYmlyZHdhdGNoX3Bpdm90c19lbmFibGVkIjp7ImJ1Y2tldCI6Im9uIiwidmVyc2lvbiI6bnVsbH0sInRmd19kdXBsaWNhdGVfc2NyaWJlc190b19zZXR0aW5ncyI6eyJidWNrZXQiOiJvbiIsInZlcnNpb24iOm51bGx9LCJ0ZndfdXNlX3Byb2ZpbGVfaW1hZ2Vfc2hhcGVfZW5hYmxlZCI6eyJidWNrZXQiOiJvbiIsInZlcnNpb24iOm51bGx9LCJ0ZndfdmlkZW9faGxzX2R5bmFtaWNfbWFuaWZlc3RzXzE1MDgyIjp7ImJ1Y2tldCI6InRydWVfYml0cmF0ZSIsInZlcnNpb24iOm51bGx9LCJ0ZndfbGVnYWN5X3RpbWVsaW5lX3N1bnNldCI6eyJidWNrZXQiOnRydWUsInZlcnNpb24iOm51bGx9LCJ0ZndfdHdlZXRfZWRpdF9mcm9udGVuZCI6eyJidWNrZXQiOiJvbiIsInZlcnNpb24iOm51bGx9fQ%3D%3D&amp;frame=false&amp;hideCard=false&amp;hideThread=false&amp;id=2042704042246467635&amp;lang=cs&amp;maxWidth=560px&amp;origin=https%3A%2F%2Funcutnews.ch%2Ftrump-bereitet-us-militaer-vor-falls-gespraeche-scheitern-erklaert-iran-habe-keine-karten-waehrend-delegationen-in-islamabad-eintreffen%2F&amp;sessionId=c987f5b25beaff013c17f3f6065f47c561409336&amp;theme=light&amp;widgetsVersion=2615f7e52b7e0%3A1702314776716&amp;width=550px\" frameborder=\"0\" scrolling=\"no\" allowfullscreen=\"allowfullscreen\" data-tweet-id=\"2042704042246467635\" data-mce-fragment=\"1\"><\/iframe><\/div>\n<p><span dir=\"auto\">Delegaci povede p\u0159edseda \u00edr\u00e1nsk\u00e9ho parlamentu Mohammad Bagher Ghalibaf spolu s ministrem zahrani\u010d\u00ed Abb\u00e1sem Aragh\u010d\u00edm a dal\u0161\u00edmi bezpe\u010dnostn\u00edmi a ekonomick\u00fdmi z\u00e1stupci, uvedla st\u00e1tn\u00ed televizn\u00ed stanice IRIB na sv\u00fdch webov\u00fdch str\u00e1nk\u00e1ch.<\/span><\/p>\n<p><span dir=\"auto\">\u00cdr\u00e1nsk\u00fd postoj byl potvrzen, \u017ee rozhovory za\u010dnou pouze tehdy, pokud Washington p\u0159ijme \u00edr\u00e1nsk\u00e9 p\u0159edb\u011b\u017en\u00e9 podm\u00ednky.<\/span><\/p>\n<p><span dir=\"auto\">Viceprezident Vance v p\u00e1tek odjel z USA do P\u00e1kist\u00e1nu \u2013 k nejv\u011bt\u0161\u00ed v\u00fdzv\u011b sv\u00e9 kari\u00e9ry: vyjednat s \u00cdr\u00e1nem dohodu o vy\u0159e\u0161en\u00ed jadern\u00e9ho sporu a ukon\u010den\u00ed v\u00e1lky.<\/span><\/p>\n<p><span dir=\"auto\">\u201ePro JD je to velk\u00e1 v\u011bc. Postoup\u00ed do Super Bowlu,\u201c \u0159ekl americk\u00fd \u00fa\u0159edn\u00edk agentu\u0159e Axios.<\/span><\/p>\n<p><span dir=\"auto\">Vance v sobotu povede americkou delegaci v P\u00e1kist\u00e1nu spolu se zvl\u00e1\u0161tn\u00edm vyslancem Stevem Witkoffem a Jaredem Kushnerem, zet\u011bm Donalda Trumpa.<\/span><\/p>\n<p><span dir=\"auto\">Budou se sna\u017eit upevnit prozat\u00edmn\u00ed p\u0159\u00edm\u011b\u0159\u00ed dohodnut\u00e9 tento t\u00fdden.<\/span><\/p>\n<p><span dir=\"auto\">P\u0159ed odletem letadlem Air Force Two do Isl\u00e1m\u00e1b\u00e1du Vance prohl\u00e1sil, \u017ee Trump se rozhovor\u016f nez\u00fa\u010dastn\u00ed, ale dal sv\u00e9mu t\u00fdmu \u201edocela jasn\u00e9 pokyny\u201c.<\/span><\/p>\n<p><span dir=\"auto\">\u0158ekl: \u201eJak \u0159ekl prezident Spojen\u00fdch st\u00e1t\u016f, pokud jsou \u00cdr\u00e1nci ochotni vyjedn\u00e1vat v dobr\u00e9 v\u00ed\u0159e, jsme jist\u011b ochotni jim podat pomocnou ruku. Pokud se n\u00e1s pokus\u00ed oklamat, zjist\u00ed, \u017ee vyjedn\u00e1vac\u00ed t\u00fdm nen\u00ed p\u0159\u00edli\u0161 otev\u0159en\u00fd.\u201c<\/span><\/p>\n<h3><strong><span dir=\"auto\">Trump tvrd\u00ed, \u017ee \u00cdr\u00e1n \u201enem\u00e1 \u017e\u00e1dn\u00e9 karty\u201c<\/span><\/strong><\/h3>\n<figure class=\"wp-block-image aligncenter size-large\"><img decoding=\"async\" loading=\"lazy\" class=\"aligncenter\" src=\"https:\/\/www.zerohedge.com\/_next\/image?url=https%3A%2F%2Fassets.zerohedge.com%2Fs3fs-public%2Finline-images%2Ftrumpnocards.jpg&amp;w=1920&amp;q=75\" alt=\"\" width=\"629\" height=\"250\" \/><\/figure>\n<p><span dir=\"auto\">&#8230;ale v\u011b\u0159\u00ed tomu B\u00edl\u00fd d\u016fm skute\u010dn\u011b? Nazna\u010dil, \u017ee \u00cdr\u00e1nci by byli mrtv\u00ed, kdyby nesouhlasili s vyjedn\u00e1v\u00e1n\u00edm (s odkazem na d\u0159\u00edv\u011bj\u0161\u00ed hrozby vyhladit celou \u201ecivilizaci\u201c).<\/span><\/p>\n<p><span dir=\"auto\">Ohledn\u011b ot\u00e1zky vyjedn\u00e1vac\u00ed s\u00edly Fox News p\u0159ed n\u011bkolika dny informovala:<\/span><\/p>\n<div class=\"twitter-tweet twitter-tweet-rendered\"><iframe id=\"twitter-widget-1\" class=\"\" title=\"X Post\" src=\"https:\/\/platform.twitter.com\/embed\/Tweet.html?dnt=false&amp;embedId=twitter-widget-1&amp;features=eyJ0ZndfdGltZWxpbmVfbGlzdCI6eyJidWNrZXQiOltdLCJ2ZXJzaW9uIjpudWxsfSwidGZ3X2ZvbGxvd2VyX2NvdW50X3N1bnNldCI6eyJidWNrZXQiOnRydWUsInZlcnNpb24iOm51bGx9LCJ0ZndfdHdlZXRfZWRpdF9iYWNrZW5kIjp7ImJ1Y2tldCI6Im9uIiwidmVyc2lvbiI6bnVsbH0sInRmd19yZWZzcmNfc2Vzc2lvbiI6eyJidWNrZXQiOiJvbiIsInZlcnNpb24iOm51bGx9LCJ0ZndfZm9zbnJfc29mdF9pbnRlcnZlbnRpb25zX2VuYWJsZWQiOnsiYnVja2V0Ijoib24iLCJ2ZXJzaW9uIjpudWxsfSwidGZ3X21peGVkX21lZGlhXzE1ODk3Ijp7ImJ1Y2tldCI6InRyZWF0bWVudCIsInZlcnNpb24iOm51bGx9LCJ0ZndfZXhwZXJpbWVudHNfY29va2llX2V4cGlyYXRpb24iOnsiYnVja2V0IjoxMjA5NjAwLCJ2ZXJzaW9uIjpudWxsfSwidGZ3X3Nob3dfYmlyZHdhdGNoX3Bpdm90c19lbmFibGVkIjp7ImJ1Y2tldCI6Im9uIiwidmVyc2lvbiI6bnVsbH0sInRmd19kdXBsaWNhdGVfc2NyaWJlc190b19zZXR0aW5ncyI6eyJidWNrZXQiOiJvbiIsInZlcnNpb24iOm51bGx9LCJ0ZndfdXNlX3Byb2ZpbGVfaW1hZ2Vfc2hhcGVfZW5hYmxlZCI6eyJidWNrZXQiOiJvbiIsInZlcnNpb24iOm51bGx9LCJ0ZndfdmlkZW9faGxzX2R5bmFtaWNfbWFuaWZlc3RzXzE1MDgyIjp7ImJ1Y2tldCI6InRydWVfYml0cmF0ZSIsInZlcnNpb24iOm51bGx9LCJ0ZndfbGVnYWN5X3RpbWVsaW5lX3N1bnNldCI6eyJidWNrZXQiOnRydWUsInZlcnNpb24iOm51bGx9LCJ0ZndfdHdlZXRfZWRpdF9mcm9udGVuZCI6eyJidWNrZXQiOiJvbiIsInZlcnNpb24iOm51bGx9fQ%3D%3D&amp;frame=false&amp;hideCard=false&amp;hideThread=false&amp;id=2041914651277996379&amp;lang=cs&amp;origin=https%3A%2F%2Funcutnews.ch%2Ftrump-bereitet-us-militaer-vor-falls-gespraeche-scheitern-erklaert-iran-habe-keine-karten-waehrend-delegationen-in-islamabad-eintreffen%2F&amp;sessionId=c987f5b25beaff013c17f3f6065f47c561409336&amp;theme=light&amp;widgetsVersion=2615f7e52b7e0%3A1702314776716&amp;width=550px\" frameborder=\"0\" scrolling=\"no\" allowfullscreen=\"allowfullscreen\" data-tweet-id=\"2041914651277996379\" data-mce-fragment=\"1\"><\/iframe><\/div>\n<h3><strong><span dir=\"auto\">Trump varuje, \u017ee \u00fatoky na \u00cdr\u00e1n budou pokra\u010dovat, pokud Teher\u00e1n nebude spolupracovat<\/span><\/strong><\/h3>\n<p><span dir=\"auto\">Prezident Trump listu\u00a0<\/span><em><span dir=\"auto\">New York Post<\/span><\/em><span dir=\"auto\">\u00a0potvrdil , \u017ee p\u0159ipravuje americkou arm\u00e1du na rozs\u00e1hlou operaci proti \u00cdr\u00e1nu, pokud Teher\u00e1n neustoup\u00ed a rozhovory v P\u00e1kist\u00e1nu sel\u017eou.<\/span><\/p>\n<p><em><span dir=\"auto\">\u201eDozv\u00edme se to asi za 24 hodin. Brzy to budeme v\u011bd\u011bt,\u201c \u0159ekl Trump listu Post na ot\u00e1zku, zda si mysl\u00ed, \u017ee rozhovory byly \u00fasp\u011b\u0161n\u00e9.<\/span><\/em><\/p>\n<p><span dir=\"auto\">Je\u0161t\u011b p\u0159ed sch\u016fzkou panovaly ostr\u00e9 neshody ohledn\u011b desetibodov\u00e9ho pl\u00e1nu a nyn\u00ed jsou v Isl\u00e1m\u00e1b\u00e1du zastoupeny ob\u011b strany. Kl\u00ed\u010dov\u00fdm bodem sporu z\u016fst\u00e1v\u00e1, zda je Libanon sou\u010d\u00e1st\u00ed dvout\u00fddenn\u00ed dohody o p\u0159\u00edm\u011b\u0159\u00ed.<\/span><\/p>\n<p><span dir=\"auto\">D\u00e1le se spekuluje, \u017ee rozhovory by mohly slou\u017eit pouze jako \u201ez\u00e1st\u011brka\u201c pro v\u011bt\u0161\u00ed vojensk\u00e9 nahromad\u011bn\u00ed Pentagonu v regionu. Z\u00e1rove\u0148 \u00edr\u00e1nsk\u00e9 s\u00edly pravd\u011bpodobn\u011b vyu\u017e\u00edvaj\u00ed p\u0159\u00edle\u017eitosti k reorganizaci sv\u00fdch pozic.<\/span><\/p>\n<h3><strong><span dir=\"auto\">Ghalibaf vyz\u00fdv\u00e1 k ukon\u010den\u00ed \u00fatok\u016f v Libanonu<\/span><\/strong><\/h3>\n<p><span dir=\"auto\">P\u0159edseda \u00edr\u00e1nsk\u00e9ho parlamentu Mohammad Bagher Ghalibaf, pova\u017eovan\u00fd za kl\u00ed\u010dovou politickou osobnost v zemi, prohl\u00e1sil, \u017ee \u017e\u00e1dn\u00e1 jedn\u00e1n\u00ed se neuskute\u010dn\u00ed, dokud nebudou spln\u011bny n\u00e1sleduj\u00edc\u00ed podm\u00ednky:<\/span><\/p>\n<ol>\n<li><span dir=\"auto\">P\u0159\u00edm\u011b\u0159\u00ed v Libanonu<\/span><\/li>\n<li><span dir=\"auto\">Uvoln\u011bn\u00ed blokovan\u00fdch \u00edr\u00e1nsk\u00fdch aktiv: \u201eUvoln\u011bn\u00ed blokovan\u00fdch \u00edr\u00e1nsk\u00fdch aktiv p\u0159ed zah\u00e1jen\u00edm jedn\u00e1n\u00ed.\u201c<\/span><\/li>\n<\/ol>\n<h3><strong><span dir=\"auto\">Ceny ropy na tato prohl\u00e1\u0161en\u00ed reagovaly r\u016fstem<\/span><\/strong><\/h3>\n<figure class=\"wp-block-image aligncenter size-large\"><img decoding=\"async\" loading=\"lazy\" class=\"aligncenter\" src=\"https:\/\/www.zerohedge.com\/_next\/image?url=https%3A%2F%2Fassets.zerohedge.com%2Fs3fs-public%2Finline-images%2F2026-04-10_07-58-00.jpg&amp;w=1920&amp;q=75\" alt=\"\" width=\"638\" height=\"495\" \/><\/figure>\n<p><span dir=\"auto\">Z\u00e1rove\u0148 sporadick\u00e9 izraelsk\u00e9 \u00fatoky na libanonsk\u00e9 \u00fazem\u00ed pokra\u010duj\u00ed i \u200b\u200bp\u0159es jedn\u00e1n\u00ed o p\u0159\u00edm\u011b\u0159\u00ed. Jedn\u00e1n\u00ed mezi Izraelem a Libanonem by se m\u011bla konat p\u0159\u00ed\u0161t\u00ed t\u00fdden ve Washingtonu.<\/span><\/p>\n<p><span dir=\"auto\">Nen\u00ed jasn\u00e9, zda Teher\u00e1n bude trvat na sv\u00fdch po\u017eadavc\u00edch, i kdy\u017e jeho delegace pr\u00e1v\u011b dorazila do P\u00e1kist\u00e1nu.<\/span><\/p>\n<p><span dir=\"auto\">Vzhledem k nov\u00fdm \u00edr\u00e1nsk\u00fdm podm\u00ednk\u00e1m by rozhovory mohly p\u0159inejmen\u0161\u00edm za\u010d\u00edt nep\u0159\u00edmou formou.<\/span><\/p>\n<p><span dir=\"auto\">Trump ji\u017e d\u0159\u00edve varoval, \u017ee \u00cdr\u00e1n by nem\u011bl \u00fa\u010dtovat poplatky za pr\u016fjezd Hormuzsk\u00fdm pr\u016flivem.<\/span><\/p>\n<p><span dir=\"auto\">Ned\u00e1vn\u00fd v\u00fdvoj podle zdroj\u016f:<\/span><\/p>\n<p><span dir=\"auto\">Navzdory koment\u00e1\u0159\u016fm ohledn\u011b Libanonu se \u00edr\u00e1nsk\u00e1 delegace z\u00edt\u0159ej\u0161\u00edho jedn\u00e1n\u00ed z\u00fa\u010dastn\u00ed.<\/span><\/p>\n<p><span dir=\"auto\">Americk\u00e1 a \u00edr\u00e1nsk\u00e1 technick\u00e1 delegace dorazily dnes r\u00e1no do P\u00e1kist\u00e1nu.<\/span><\/p>\n<p><span dir=\"auto\">M\u00c1LO INFORMAC\u00cd O P\u0158\u00cdJEZDU \u00cdR\u00c1NSK\u00c9 DELEGACE DO P\u00c1KIST\u00c1NU<\/span><\/p>\n<div class=\"twitter-tweet twitter-tweet-rendered\"><iframe id=\"twitter-widget-2\" class=\"\" title=\"X Post\" src=\"https:\/\/platform.twitter.com\/embed\/Tweet.html?dnt=false&amp;embedId=twitter-widget-2&amp;features=eyJ0ZndfdGltZWxpbmVfbGlzdCI6eyJidWNrZXQiOltdLCJ2ZXJzaW9uIjpudWxsfSwidGZ3X2ZvbGxvd2VyX2NvdW50X3N1bnNldCI6eyJidWNrZXQiOnRydWUsInZlcnNpb24iOm51bGx9LCJ0ZndfdHdlZXRfZWRpdF9iYWNrZW5kIjp7ImJ1Y2tldCI6Im9uIiwidmVyc2lvbiI6bnVsbH0sInRmd19yZWZzcmNfc2Vzc2lvbiI6eyJidWNrZXQiOiJvbiIsInZlcnNpb24iOm51bGx9LCJ0ZndfZm9zbnJfc29mdF9pbnRlcnZlbnRpb25zX2VuYWJsZWQiOnsiYnVja2V0Ijoib24iLCJ2ZXJzaW9uIjpudWxsfSwidGZ3X21peGVkX21lZGlhXzE1ODk3Ijp7ImJ1Y2tldCI6InRyZWF0bWVudCIsInZlcnNpb24iOm51bGx9LCJ0ZndfZXhwZXJpbWVudHNfY29va2llX2V4cGlyYXRpb24iOnsiYnVja2V0IjoxMjA5NjAwLCJ2ZXJzaW9uIjpudWxsfSwidGZ3X3Nob3dfYmlyZHdhdGNoX3Bpdm90c19lbmFibGVkIjp7ImJ1Y2tldCI6Im9uIiwidmVyc2lvbiI6bnVsbH0sInRmd19kdXBsaWNhdGVfc2NyaWJlc190b19zZXR0aW5ncyI6eyJidWNrZXQiOiJvbiIsInZlcnNpb24iOm51bGx9LCJ0ZndfdXNlX3Byb2ZpbGVfaW1hZ2Vfc2hhcGVfZW5hYmxlZCI6eyJidWNrZXQiOiJvbiIsInZlcnNpb24iOm51bGx9LCJ0ZndfdmlkZW9faGxzX2R5bmFtaWNfbWFuaWZlc3RzXzE1MDgyIjp7ImJ1Y2tldCI6InRydWVfYml0cmF0ZSIsInZlcnNpb24iOm51bGx9LCJ0ZndfbGVnYWN5X3RpbWVsaW5lX3N1bnNldCI6eyJidWNrZXQiOnRydWUsInZlcnNpb24iOm51bGx9LCJ0ZndfdHdlZXRfZWRpdF9mcm9udGVuZCI6eyJidWNrZXQiOiJvbiIsInZlcnNpb24iOm51bGx9fQ%3D%3D&amp;frame=false&amp;hideCard=false&amp;hideThread=false&amp;id=2042614290192957698&amp;lang=cs&amp;origin=https%3A%2F%2Funcutnews.ch%2Ftrump-bereitet-us-militaer-vor-falls-gespraeche-scheitern-erklaert-iran-habe-keine-karten-waehrend-delegationen-in-islamabad-eintreffen%2F&amp;sessionId=c987f5b25beaff013c17f3f6065f47c561409336&amp;theme=light&amp;widgetsVersion=2615f7e52b7e0%3A1702314776716&amp;width=550px\" frameborder=\"0\" scrolling=\"no\" allowfullscreen=\"allowfullscreen\" data-tweet-id=\"2042614290192957698\" data-mce-fragment=\"1\"><\/iframe><\/div>\n<h3><strong><span dir=\"auto\">Jsou tyto rozhovory jen z\u00e1st\u011brkou pro navy\u0161ov\u00e1n\u00ed vojensk\u00e9 s\u00edly?<\/span><\/strong><\/h3>\n<p><span dir=\"auto\">N\u011bkte\u0159\u00ed pozorovatel\u00e9 nazna\u010duj\u00ed, \u017ee Washington pot\u0159eboval \u010das na nasazen\u00ed v\u011bt\u0161\u00edch vojensk\u00fdch kontingent\u016f \u2013 v\u010detn\u011b n\u00e1mo\u0159n\u00edch a v\u00fdsadkov\u00fdch jednotek \u2013 pravd\u011bpodobn\u011b pro operaci na znovuotev\u0159en\u00ed Hormuzsk\u00e9ho pr\u016flivu.<\/span><\/p>\n<p><span dir=\"auto\">To se zd\u00e1 pravd\u011bpodobn\u00e9, jeliko\u017e postoje obou stran z\u016fst\u00e1vaj\u00ed velmi odli\u0161n\u00e9, co\u017e sni\u017euje \u0161ance na kone\u010dnou dohodu.<\/span><\/p>\n<p><span dir=\"auto\">Dvout\u00fddenn\u00ed obdob\u00ed by proto mohlo b\u00fdt vyu\u017eito i k p\u0159ezbrojen\u00ed a reorganizaci sil.<\/span><\/p>\n<p><span dir=\"auto\">USA zjevn\u011b nebyly p\u0159ipraveny na s\u00edlu a trv\u00e1n\u00ed \u00edr\u00e1nsk\u00fdch proti\u00fatok\u016f na americk\u00e9 z\u00e1kladny a spojence v Persk\u00e9m z\u00e1livu.<\/span><\/p>\n<p><span dir=\"auto\">Otev\u0159en\u00e1 data o vojensk\u00fdch letech mezi USA, Evropou a Bl\u00edzk\u00fdm v\u00fdchodem nazna\u010duj\u00ed pokra\u010duj\u00edc\u00ed navy\u0161ov\u00e1n\u00ed vojensk\u00fdch kapacit v dob\u011b p\u0159ed jedn\u00e1n\u00edmi.<\/span><\/p>\n<figure class=\"wp-block-image aligncenter size-large\"><img decoding=\"async\" loading=\"lazy\" class=\"aligncenter\" src=\"https:\/\/cms.zerohedge.com\/s3\/files\/inline-images\/frcbuildup.jpg?itok=9x1D2wg3\" alt=\"\" width=\"613\" height=\"542\" \/><\/figure>\n<h3><strong><span dir=\"auto\">Pokra\u010duj\u00edc\u00ed boje v Libanonu<\/span><\/strong><\/h3>\n<p><span dir=\"auto\">Kl\u00ed\u010dovou ot\u00e1zkou z\u016fst\u00e1v\u00e1, zda Izrael a Libanon skute\u010dn\u011b zah\u00e1j\u00ed form\u00e1ln\u00ed jedn\u00e1n\u00ed o p\u0159\u00edm\u011b\u0159\u00ed. Ta jsou napl\u00e1nov\u00e1na na p\u0159\u00ed\u0161t\u00ed t\u00fdden na p\u016fd\u011b americk\u00e9ho ministerstva zahrani\u010d\u00ed ve Washingtonu.<\/span><\/p>\n<p><span dir=\"auto\">Masivn\u00ed izraelsk\u00e9 \u00fatoky za\u010d\u00e1tkem tohoto t\u00fddne ohrozily p\u0159\u00edm\u011b\u0159\u00ed s \u00cdr\u00e1nem je\u0161t\u011b p\u0159edt\u00edm, ne\u017e ofici\u00e1ln\u011b za\u010dalo.<\/span><\/p>\n<p><span dir=\"auto\">Vysoce postaven\u00e9 \u00edr\u00e1nsk\u00e9 bezpe\u010dnostn\u00ed zdroje uvedly, \u017ee pokud by Izrael znovu za\u00fato\u010dil na Bejr\u00fat, jedn\u00e1n\u00ed mezi USA a \u00cdr\u00e1nem by byla ukon\u010dena.<\/span><\/p>\n<p><span dir=\"auto\">Izrael v p\u00e1tek pokra\u010doval v \u00fatoc\u00edch, zat\u00edmco Hizball\u00e1h pokra\u010doval v raketov\u00e9 palb\u011b na sever Izraele.<\/span><\/p>\n<p><span dir=\"auto\">Ve st\u0159edu bylo z Libanonu odp\u00e1leno asi 70 raket pot\u00e9, co masivn\u00ed izraelsk\u00e9 \u00fatoky zabily p\u0159es 300 lid\u00ed a v\u00edce ne\u017e 1150 jich bylo zran\u011bno.<\/span><\/p>\n<figure class=\"wp-block-image aligncenter size-large\"><img decoding=\"async\" loading=\"lazy\" class=\"aligncenter\" src=\"https:\/\/www.zerohedge.com\/_next\/image?url=https%3A%2F%2Fassets.zerohedge.com%2Fs3fs-public%2Finline-images%2Firanwarleb.jpg&amp;w=1920&amp;q=75\" alt=\"\" width=\"584\" height=\"389\" \/><\/figure>\n<p><span dir=\"auto\">Mo\u017en\u00e9 jsou i pozemn\u00ed boje na jihu, zat\u00edmco pokra\u010duj\u00ed leteck\u00e9 \u00fadery IDF.<\/span><\/p>\n<p><span dir=\"auto\">Podle Al Jazeery zas\u00e1hl izraelsk\u00fd n\u00e1let m\u011bsto al-Tajr\u00ed v ji\u017en\u00edm Libanonu a dal\u0161\u00ed m\u011bsto Sahmar v z\u00e1padn\u00edm \u00fadol\u00ed Bek\u00e1a. T\u011b\u017ek\u00e9 \u00fatoky byly hl\u00e1\u0161eny tak\u00e9 v Nabatiehu.<\/span><\/p>\n<p><span dir=\"auto\">Gener\u00e1ln\u00ed tajemn\u00edk Hizball\u00e1hu Naim K\u00e1sem prohl\u00e1sil, \u017ee skupina \u201ez\u016fstane neochv\u011bjn\u00e1\u201c a \u017ee \u201eodpor bude pokra\u010dovat a\u017e do posledn\u00edho dechu\u201c.<\/span><\/p>\n<p><span dir=\"auto\">Pochv\u00e1lil obranu proti pozemn\u00ed ofenz\u00edv\u011b a uvedl: \u201eNep\u0159\u00edtele p\u0159ekvapily metody odporu, flexibilita bojovn\u00edk\u016f a jejich obrann\u00e9 schopnosti.\u201c<\/span><\/p>\n<p><span dir=\"auto\">Z\u00e1rove\u0148 zd\u016fraznil: \u201eNevr\u00e1t\u00edme se k p\u0159edchoz\u00ed situaci a vyz\u00fdv\u00e1me odpov\u011bdn\u00e9 osoby, aby ned\u011blaly \u017e\u00e1dn\u00e9 svobodn\u00e9 \u00fastupky,\u201c a z\u00e1rove\u0148 odsoudil \u201ekrvav\u00fd zlo\u010din\u201c ze st\u0159edy.<\/span><\/p>\n<h3><strong><span dir=\"auto\">\u00cdr\u00e1nsk\u00e1 delegace p\u0159ijela do P\u00e1kist\u00e1nu<\/span><\/strong><\/h3>\n<p><span dir=\"auto\">Zat\u00edmco se USA a \u00cdr\u00e1n p\u0159ipravuj\u00ed na rozhovory, situace v Libanonu z\u016fst\u00e1v\u00e1 kritick\u00fdm faktorem, kter\u00fd by se mohl kdykoli vyhrotit.<\/span><\/p>\n<p><span dir=\"auto\">P\u00e1kist\u00e1nsk\u00e1 m\u00e9dia informuj\u00ed, \u017ee \u00edr\u00e1nsk\u00e1 delegace ji\u017e dorazila a \u017ee jedn\u00e1n\u00ed by m\u011bla za\u010d\u00edt v sobotu, co\u017e se shoduje s p\u0159\u00edjezdem americk\u00e9 delegace veden\u00e9 viceprezidentem J. D. Vancem a vyslanci Witkoffem a Kushnerem.<\/span><\/p>\n<p><span dir=\"auto\">P\u0159\u00edjezd jednotliv\u00fdch vysok\u00fdch \u00edr\u00e1nsk\u00fdch p\u0159edstavitel\u016f zat\u00edm nebyl ofici\u00e1ln\u011b potvrzen, ale o\u010dek\u00e1v\u00e1 se, \u017ee se osobn\u011b z\u00fa\u010dastn\u00ed ministr zahrani\u010d\u00ed Araghchi.<\/span><\/p>\n<p><strong><span dir=\"auto\">Z\u00e1rove\u0148 se objevuj\u00ed nepotvrzen\u00e9 zpr\u00e1vy o vnit\u0159n\u00edm nap\u011bt\u00ed v r\u00e1mci \u00edr\u00e1nsk\u00e9 delegace:<\/span><\/strong><\/p>\n<p><em><span dir=\"auto\">Vrchn\u00ed velitel Revolu\u010dn\u00ed gardy se sna\u017e\u00ed omezit vliv Ghalibafa a Aragchiho v jedn\u00e1n\u00edch.<\/span><\/em><\/p>\n<p><em><span dir=\"auto\">P\u0159edn\u00ed \u00edr\u00e1n\u0161t\u00ed p\u0159edstavitel\u00e9 se p\u0159ou o slo\u017een\u00ed a pravomoci delegace.<\/span><\/em><\/p>\n<p><span dir=\"auto\">Isl\u00e1m\u00e1b\u00e1d je b\u011bhem setk\u00e1n\u00ed pod p\u0159\u00edsn\u00fdmi bezpe\u010dnostn\u00edmi opat\u0159en\u00edmi. M\u011bsto bylo prakticky uzav\u0159eno a \u00fa\u0159ady vyhl\u00e1sily dvoudenn\u00ed st\u00e1tn\u00ed sv\u00e1tek.<\/span><\/p>\n<div class=\"twitter-tweet twitter-tweet-rendered\"><iframe id=\"twitter-widget-3\" class=\"\" title=\"X Post\" src=\"https:\/\/platform.twitter.com\/embed\/Tweet.html?dnt=false&amp;embedId=twitter-widget-3&amp;features=eyJ0ZndfdGltZWxpbmVfbGlzdCI6eyJidWNrZXQiOltdLCJ2ZXJzaW9uIjpudWxsfSwidGZ3X2ZvbGxvd2VyX2NvdW50X3N1bnNldCI6eyJidWNrZXQiOnRydWUsInZlcnNpb24iOm51bGx9LCJ0ZndfdHdlZXRfZWRpdF9iYWNrZW5kIjp7ImJ1Y2tldCI6Im9uIiwidmVyc2lvbiI6bnVsbH0sInRmd19yZWZzcmNfc2Vzc2lvbiI6eyJidWNrZXQiOiJvbiIsInZlcnNpb24iOm51bGx9LCJ0ZndfZm9zbnJfc29mdF9pbnRlcnZlbnRpb25zX2VuYWJsZWQiOnsiYnVja2V0Ijoib24iLCJ2ZXJzaW9uIjpudWxsfSwidGZ3X21peGVkX21lZGlhXzE1ODk3Ijp7ImJ1Y2tldCI6InRyZWF0bWVudCIsInZlcnNpb24iOm51bGx9LCJ0ZndfZXhwZXJpbWVudHNfY29va2llX2V4cGlyYXRpb24iOnsiYnVja2V0IjoxMjA5NjAwLCJ2ZXJzaW9uIjpudWxsfSwidGZ3X3Nob3dfYmlyZHdhdGNoX3Bpdm90c19lbmFibGVkIjp7ImJ1Y2tldCI6Im9uIiwidmVyc2lvbiI6bnVsbH0sInRmd19kdXBsaWNhdGVfc2NyaWJlc190b19zZXR0aW5ncyI6eyJidWNrZXQiOiJvbiIsInZlcnNpb24iOm51bGx9LCJ0ZndfdXNlX3Byb2ZpbGVfaW1hZ2Vfc2hhcGVfZW5hYmxlZCI6eyJidWNrZXQiOiJvbiIsInZlcnNpb24iOm51bGx9LCJ0ZndfdmlkZW9faGxzX2R5bmFtaWNfbWFuaWZlc3RzXzE1MDgyIjp7ImJ1Y2tldCI6InRydWVfYml0cmF0ZSIsInZlcnNpb24iOm51bGx9LCJ0ZndfbGVnYWN5X3RpbWVsaW5lX3N1bnNldCI6eyJidWNrZXQiOnRydWUsInZlcnNpb24iOm51bGx9LCJ0ZndfdHdlZXRfZWRpdF9mcm9udGVuZCI6eyJidWNrZXQiOiJvbiIsInZlcnNpb24iOm51bGx9fQ%3D%3D&amp;frame=false&amp;hideCard=false&amp;hideThread=false&amp;id=2042573959254745498&amp;lang=cs&amp;origin=https%3A%2F%2Funcutnews.ch%2Ftrump-bereitet-us-militaer-vor-falls-gespraeche-scheitern-erklaert-iran-habe-keine-karten-waehrend-delegationen-in-islamabad-eintreffen%2F&amp;sessionId=c987f5b25beaff013c17f3f6065f47c561409336&amp;theme=light&amp;widgetsVersion=2615f7e52b7e0%3A1702314776716&amp;width=550px\" frameborder=\"0\" scrolling=\"no\" allowfullscreen=\"allowfullscreen\" data-tweet-id=\"2042573959254745498\" data-mce-fragment=\"1\"><\/iframe><\/div>\n<p><span dir=\"auto\">P\u00e1kist\u00e1nsk\u00fd \u00fa\u0159edn\u00edk\u00a0<\/span><em><span dir=\"auto\">listu Guardian<\/span><\/em><span dir=\"auto\">\u00a0\u0159ekl : \u201eNa\u0161\u00ed prioritou je zajistit hladk\u00fd pr\u016fb\u011bh rozhovor\u016f. Nechceme b\u00fdt vn\u00edm\u00e1ni jako ru\u0161iv\u00fd faktor. Na\u0161\u00ed rol\u00ed je role medi\u00e1tora.\u201c<\/span><\/p>\n<p><span dir=\"auto\">\u00cdr\u00e1nsk\u00fd prezident Mas\u00fad Peze\u0161kijan jasn\u011b uvedl, \u017ee jedn\u00e1n\u00ed jsou \u201ebezv\u00fdznamn\u00e1\u201c, dokud budou pokra\u010dovat izraelsk\u00e9 \u00fatoky v Libanonu.<\/span><\/p>\n<p><span dir=\"auto\">List The\u00a0<\/span><em><span dir=\"auto\">Washington Post<\/span><\/em><span dir=\"auto\">\u00a0uv\u00e1d\u00ed, \u017ee americk\u00e1 vl\u00e1da chce v r\u00e1mci rozhovor\u016f zajistit i propu\u0161t\u011bn\u00ed Ameri\u010dan\u016f zadr\u017eovan\u00fdch v \u00cdr\u00e1nu.<\/span><\/p>\n<h3><strong><span dir=\"auto\">Stav Hormuzsk\u00e9ho pr\u016flivu<\/span><\/strong><\/h3>\n<p><span dir=\"auto\">Trump prohl\u00e1sil, \u017ee \u00cdr\u00e1n odv\u00e1d\u00ed \u201evelmi \u0161patnou pr\u00e1ci\u201c v umo\u017e\u0148ov\u00e1n\u00ed toku ropy Hormuzsk\u00fdm pr\u016flivem, a varoval p\u0159ed poplatky za pr\u016fjezd.<\/span><\/p>\n<p><span dir=\"auto\">\u00cdr\u00e1nsk\u00fd poslanec d\u0159\u00edve uvedl, \u017ee n\u011bkter\u00e9 lod\u011b budou muset zaplatit a\u017e dva miliony dolar\u016f.<\/span><\/p>\n<p><span dir=\"auto\">Data ukazuj\u00ed, \u017ee v\u011bt\u0161ina lod\u00ed, kter\u00e9 ned\u00e1vno propluly pr\u016flivem, m\u011bla spojen\u00ed s \u00cdr\u00e1nem. Mnoho dal\u0161\u00edch se t\u00e9to trase nad\u00e1le vyh\u00fdb\u00e1.<\/span><\/p>\n<p><span dir=\"auto\">\u201e\u00cdr\u00e1nci jsou p\u0159ipraveni vyjedn\u00e1vat s ur\u010dit\u00fdmi zem\u011bmi o zaji\u0161t\u011bn\u00ed pr\u016fjezdu, ale pouze v jednotliv\u00fdch p\u0159\u00edpadech,\u201c \u0159ekla\u00a0<\/span><em><span dir=\"auto\">den\u00edku The New York Times<\/span><\/em><span dir=\"auto\">\u00a0Bridget Diakunov\u00e1 z Lloyd\u2019s List Intelligence .<\/span><\/p>\n<p><span dir=\"auto\">\u201eTrumpova administrativa nut\u00ed sv\u00e9 spojence vyjedn\u00e1vat s \u00cdr\u00e1nem, proto\u017ee neexistuje jin\u00e1 mo\u017enost.\u201c<\/span><\/p>\n<p><span dir=\"auto\">Agentura Reuters upozor\u0148uje, \u017ee podle aktu\u00e1ln\u00edch \u00fadaj\u016f o sledov\u00e1n\u00ed m\u011bla v\u011bt\u0161ina lod\u00ed, kter\u00e9 v posledn\u00edch 24 hodin\u00e1ch propluly Hormuzsk\u00fdm pr\u016flivem, spojen\u00ed s \u00cdr\u00e1nem. V\u011bt\u0161ina lod\u00ed se v\u0161ak plavb\u011b po t\u00e9to vodn\u00ed cest\u011b nad\u00e1le vyh\u00fdb\u00e1, proto\u017ee je st\u00e1le ohro\u017eena.<\/span><\/p>\n<figure class=\"wp-block-image aligncenter size-large\"><img decoding=\"async\" loading=\"lazy\" class=\"aligncenter\" src=\"https:\/\/www.zerohedge.com\/_next\/image?url=https%3A%2F%2Fassets.zerohedge.com%2Fs3fs-public%2Finline-images%2Fhrmztrffc.jpg&amp;w=1920&amp;q=75\" alt=\"\" width=\"561\" height=\"386\" \/><\/figure>\n<p><span dir=\"auto\">\u201e\u00a0<\/span><strong><span dir=\"auto\">T\u0159i tankery<\/span><\/strong><span dir=\"auto\">\u00a0\u2013 supertanker na ropu s n\u00e1kladn\u00ed kapacitou 2 miliony barel\u016f, bunkrov\u00fd tanker a men\u0161\u00ed ropn\u00fd tanker \u2013 opustily \u00edr\u00e1nsk\u00e9 vody za posledn\u00edch 24 hodin, jak vypl\u00fdv\u00e1 ze samostatn\u00fdch anal\u00fdz dat z platforem Kpler a Lloyd&#8217;s List Intelligence,\u201c uv\u00e1d\u00ed agentura\u00a0<\/span><em><span dir=\"auto\">Reuters<\/span><\/em><span dir=\"auto\">\u00a0. \u201e\u00a0Podle \u00fadaj\u016f b\u011bhem uplynul\u00e9ho dne vypluly tak\u00e9\u00a0<\/span><strong><span dir=\"auto\">\u010dty\u0159i lod\u011b na p\u0159epravu sypk\u00fdch materi\u00e1l\u016f \u2013 v\u010detn\u011b jedn\u00e9 p\u0159epravuj\u00edc\u00ed \u017eeleznou rudu z \u00cdr\u00e1nu do \u010c\u00edny .\u201c<\/span><\/strong><\/p>\n<div class=\"twitter-tweet twitter-tweet-rendered\"><iframe id=\"twitter-widget-4\" class=\"\" title=\"X Post\" src=\"https:\/\/platform.twitter.com\/embed\/Tweet.html?dnt=false&amp;embedId=twitter-widget-4&amp;features=eyJ0ZndfdGltZWxpbmVfbGlzdCI6eyJidWNrZXQiOltdLCJ2ZXJzaW9uIjpudWxsfSwidGZ3X2ZvbGxvd2VyX2NvdW50X3N1bnNldCI6eyJidWNrZXQiOnRydWUsInZlcnNpb24iOm51bGx9LCJ0ZndfdHdlZXRfZWRpdF9iYWNrZW5kIjp7ImJ1Y2tldCI6Im9uIiwidmVyc2lvbiI6bnVsbH0sInRmd19yZWZzcmNfc2Vzc2lvbiI6eyJidWNrZXQiOiJvbiIsInZlcnNpb24iOm51bGx9LCJ0ZndfZm9zbnJfc29mdF9pbnRlcnZlbnRpb25zX2VuYWJsZWQiOnsiYnVja2V0Ijoib24iLCJ2ZXJzaW9uIjpudWxsfSwidGZ3X21peGVkX21lZGlhXzE1ODk3Ijp7ImJ1Y2tldCI6InRyZWF0bWVudCIsInZlcnNpb24iOm51bGx9LCJ0ZndfZXhwZXJpbWVudHNfY29va2llX2V4cGlyYXRpb24iOnsiYnVja2V0IjoxMjA5NjAwLCJ2ZXJzaW9uIjpudWxsfSwidGZ3X3Nob3dfYmlyZHdhdGNoX3Bpdm90c19lbmFibGVkIjp7ImJ1Y2tldCI6Im9uIiwidmVyc2lvbiI6bnVsbH0sInRmd19kdXBsaWNhdGVfc2NyaWJlc190b19zZXR0aW5ncyI6eyJidWNrZXQiOiJvbiIsInZlcnNpb24iOm51bGx9LCJ0ZndfdXNlX3Byb2ZpbGVfaW1hZ2Vfc2hhcGVfZW5hYmxlZCI6eyJidWNrZXQiOiJvbiIsInZlcnNpb24iOm51bGx9LCJ0ZndfdmlkZW9faGxzX2R5bmFtaWNfbWFuaWZlc3RzXzE1MDgyIjp7ImJ1Y2tldCI6InRydWVfYml0cmF0ZSIsInZlcnNpb24iOm51bGx9LCJ0ZndfbGVnYWN5X3RpbWVsaW5lX3N1bnNldCI6eyJidWNrZXQiOnRydWUsInZlcnNpb24iOm51bGx9LCJ0ZndfdHdlZXRfZWRpdF9mcm9udGVuZCI6eyJidWNrZXQiOiJvbiIsInZlcnNpb24iOm51bGx9fQ%3D%3D&amp;frame=false&amp;hideCard=false&amp;hideThread=false&amp;id=2042580086180712713&amp;lang=cs&amp;origin=https%3A%2F%2Funcutnews.ch%2Ftrump-bereitet-us-militaer-vor-falls-gespraeche-scheitern-erklaert-iran-habe-keine-karten-waehrend-delegationen-in-islamabad-eintreffen%2F&amp;sessionId=c987f5b25beaff013c17f3f6065f47c561409336&amp;theme=light&amp;widgetsVersion=2615f7e52b7e0%3A1702314776716&amp;width=550px\" frameborder=\"0\" scrolling=\"no\" allowfullscreen=\"allowfullscreen\" data-tweet-id=\"2042580086180712713\" data-mce-fragment=\"1\"><\/iframe><\/div>\n<p><span dir=\"auto\">Ve\u010der jedn\u00e1n\u00ed v Isl\u00e1m\u00e1b\u00e1du \u00cdr\u00e1n p\u0159evzal kontrolu nad Hormuzsk\u00fdm pr\u016flivem. \u201e\u00cdr\u00e1nci jsou p\u0159ipraveni vyjedn\u00e1vat s ur\u010dit\u00fdmi zem\u011bmi, aby zajistili bezpe\u010dnost lodn\u00ed dopravy \u2013 ale pouze v jednotliv\u00fdch p\u0159\u00edpadech,\u201c \u0159ekla listu The New York Times Bridget Diakunov\u00e1, hlavn\u00ed analyti\u010dka rizik a dodr\u017eov\u00e1n\u00ed p\u0159edpis\u016f ve spole\u010dnosti Lloyd\u2019s List Intelligence. \u201eTrumpova administrativa nut\u00ed sv\u00e9 spojence vyjedn\u00e1vat s \u00cdr\u00e1nem, proto\u017ee neexistuje \u017e\u00e1dn\u00e1 jin\u00e1 mo\u017enost.\u201c<\/span><\/p>\n<p><em><strong>Tyler Durden<\/strong><\/em><\/p>\n<\/div>\n<\/div>\n<div class=\"elementor-element elementor-element-8c57238 quelle dc-has-condition dc-condition-empty elementor-widget elementor-widget-heading\" data-id=\"8c57238\" data-element_type=\"widget\" data-e-type=\"widget\" data-widget_type=\"heading.default\">\n<div class=\"elementor-widget-container\">\n<h3 class=\"elementor-heading-title elementor-size-default\"><span style=\"font-size: 10pt;\"><a href=\"https:\/\/www.zerohedge.com\/geopolitical\/pakistan-streets-lockdown-iran-delegation-arrives-us-talks-fighting-hasnt-ceased\" target=\"_blank\" rel=\"nofollow noopener\"><span dir=\"auto\">Zdroj<\/span><\/a><\/span><\/h3>\n<\/div>\n<\/div>\n","protected":false},"excerpt":{"rendered":"<p>Shrnut\u00ed: \u00cdr\u00e1n dal jasn\u011b najevo, \u017ee boje v Libanonu mus\u00ed skon\u010dit, jinak budou rozhovory v&#8230;<\/p>\n","protected":false},"author":2,"featured_media":80985,"comment_status":"closed","ping_status":"closed","sticky":false,"template":"","format":"standard","meta":[],"categories":[7],"tags":[1042,80,38,1060,452],"_links":{"self":[{"href":"https:\/\/www.infokuryr.cz\/n\/wp-json\/wp\/v2\/posts\/104321"}],"collection":[{"href":"https:\/\/www.infokuryr.cz\/n\/wp-json\/wp\/v2\/posts"}],"about":[{"href":"https:\/\/www.infokuryr.cz\/n\/wp-json\/wp\/v2\/types\/post"}],"author":[{"embeddable":true,"href":"https:\/\/www.infokuryr.cz\/n\/wp-json\/wp\/v2\/users\/2"}],"replies":[{"embeddable":true,"href":"https:\/\/www.infokuryr.cz\/n\/wp-json\/wp\/v2\/comments?post=104321"}],"version-history":[{"count":0,"href":"https:\/\/www.infokuryr.cz\/n\/wp-json\/wp\/v2\/posts\/104321\/revisions"}],"wp:featuredmedia":[{"embeddable":true,"href":"https:\/\/www.infokuryr.cz\/n\/wp-json\/wp\/v2\/media\/80985"}],"wp:attachment":[{"href":"https:\/\/www.infokuryr.cz\/n\/wp-json\/wp\/v2\/media?parent=104321"}],"wp:term":[{"taxonomy":"category","embeddable":true,"href":"https:\/\/www.infokuryr.cz\/n\/wp-json\/wp\/v2\/categories?post=104321"},{"taxonomy":"post_tag","embeddable":true,"href":"https:\/\/www.infokuryr.cz\/n\/wp-json\/wp\/v2\/tags?post=104321"}],"curies":[{"name":"wp","href":"https:\/\/api.w.org\/{rel}","templated":true}]}}