{"id":104265,"date":"2026-04-11T00:22:48","date_gmt":"2026-04-10T22:22:48","guid":{"rendered":"https:\/\/www.infokuryr.cz\/n\/?p=104265"},"modified":"2026-04-10T12:38:47","modified_gmt":"2026-04-10T10:38:47","slug":"miroslav-petr-samozrejmost-kterou-ignorujeme","status":"publish","type":"post","link":"https:\/\/www.infokuryr.cz\/n\/2026\/04\/11\/miroslav-petr-samozrejmost-kterou-ignorujeme\/","title":{"rendered":"Miroslav Petr: Samoz\u0159ejmost, kterou ignorujeme"},"content":{"rendered":"<div id=\"fb-root\"><\/div>\n<p>Vzhledem k sou\u010dasn\u00e9 politice, z\u00e1kon\u016fm a soud\u016fm by m\u011bl ka\u017ed\u00fd zn\u00e1t ve sv\u00e9m vlastn\u00edm z\u00e1jmu z\u00e1kladn\u00ed lidsk\u00e1 pr\u00e1va. A tak\u00e9 kv\u016fli dal\u0161\u00ed &#8222;epidemii&#8220; kovidu \u010di dokonce dystopii pl\u00e1novan\u00e9 sv\u011btovl\u00e1dou. Nebo v\u00e1m v\u016fbec nevadilo poru\u0161ov\u00e1n\u00ed nejen \u00dastavy \u010cR, ale i Charty lidsk\u00fdch pr\u00e1v \/ zalo\u017eenou 10. prosince 1948 Valn\u00fdm shrom\u00e1\u017ed\u011bn\u00edm OSN\/ v dob\u011b kovidu?<\/p>\n<p>V\u0161ichni jsme svobodn\u00ed a jsme si rovni. Se v\u0161emi by se m\u011blo zach\u00e1zet stejn\u011b.<\/p>\n<p>Nediskriminujte. Stejn\u00e1 pr\u00e1va pro v\u0161echny bez rozd\u00edlu.<\/p>\n<p>Pr\u00e1vo na \u017eivot. M\u00e1me pr\u00e1vo \u017e\u00edt svobodn\u011b a v bezpe\u010d\u00ed.<\/p>\n<p>\u017d\u00e1dn\u00e9 otroctv\u00ed.<\/p>\n<p>V\u0161ichni m\u00e1me stejn\u00e9 pr\u00e1vo pou\u017e\u00edt z\u00e1kon.<\/p>\n<p>V\u0161ichni jsme pod ochranou z\u00e1kona. Z\u00e1kony mus\u00ed se v\u0161emi zach\u00e1zet spravedliv\u011b.<\/p>\n<p>Spravedliv\u00e9 zach\u00e1zen\u00ed spravedliv\u00fdmi soudy. Nen\u00ed-li s n\u00e1mi zach\u00e1zeno spravedliv\u011b, tak n\u00e1s mus\u00ed chr\u00e1nit z\u00e1kony.<\/p>\n<p>\u017d\u00e1dn\u00e9 nespravedliv\u00e9 uv\u011bzn\u011bn\u00ed. Nikdo nem\u00e1 pr\u00e1vo bez n\u00e1le\u017eit\u00e9ho d\u016fvodu n\u00e1s d\u00e1t do v\u011bzen\u00ed.<\/p>\n<p>Pr\u00e1vo na soud. Jsme-li p\u0159edvol\u00e1ni, m\u011bl by soud b\u00fdt ve\u0159ejn\u00fd.<\/p>\n<p>Nevinn\u00fd, dokud nen\u00ed prok\u00e1z\u00e1na vina. Nikdo nesm\u00ed b\u00fdt obvinov\u00e1n ze sp\u00e1ch\u00e1n\u00ed n\u011b\u010deho, dokud se to neprok\u00e1\u017ee.<\/p>\n<p>Pr\u00e1vo na soukrom\u00ed. Nikdo nesm\u00ed po\u0161kodit na\u0161e dobr\u00e9 jm\u00e9no k\u0159iv\u00fdm obvin\u011bn\u00edm. Nikdo nem\u00e1 pr\u00e1vo otv\u00edrat na\u0161e dopisy, p\u0159ij\u00edt k n\u00e1m dom\u016f,\u00a0 obt\u011b\u017eovat n\u00e1s \u010di na\u0161i rodinu bez \u0159\u00e1dn\u00e9ho d\u016fvodu.<\/p>\n<p>Svoboda pohybu. M\u00e1me pr\u00e1vo cestovat jak se n\u00e1m l\u00edb\u00ed.<\/p>\n<p>Pr\u00e1vo na azyl. Ne-li v na\u0161\u00ed zemi s n\u00e1mi zach\u00e1zeno \u0161patn\u011b, m\u00e1me v\u0161ichni pr\u00e1vo odej\u00edt do jin\u00e9 zem\u011b, abychom byli v bezpe\u010d\u00ed.<\/p>\n<p>Mu\u017ei a \u017eeny maj\u00ed stejn\u00e1 pr\u00e1va.<\/p>\n<p>Pr\u00e1vo na vlastn\u00ed v\u011bci. Nikdo n\u00e1m je nesm\u00ed br\u00e1t.<\/p>\n<p>Svoboda my\u0161len\u00ed. V\u0161ichni m\u00e1me pr\u00e1vo v\u011b\u0159it tomu, \u010demu chceme v\u011b\u0159it, m\u00edt n\u011bjak\u00e9 n\u00e1bo\u017eenstv\u00ed.<\/p>\n<p>Pr\u00e1vo \u0159\u00edkat, co chcete. V\u0161ichni m\u00e1me pr\u00e1vo sd\u00edlet vlastn\u00ed my\u0161lenky s ostatn\u00edmi lidmi.<\/p>\n<p>Pr\u00e1vo sdru\u017eov\u00e1n\u00ed. M\u00e1me pr\u00e1vo sch\u00e1zet se sv\u00fdmi p\u0159\u00e1teli a spolupracovat na ochran\u011b sv\u00fdch pr\u00e1v.<\/p>\n<p>Pr\u00e1vo na demokracii. V\u0161ichni m\u00e1me pr\u00e1vo pod\u00edlet se na vl\u00e1d\u011b na\u0161\u00ed zem\u011b. Ka\u017ed\u00e9mu dosp\u011bl\u00e9mu mus\u00ed b\u00fdt dovoleno vybrat si sv\u00e9 vlastn\u00ed v\u016fdce.<\/p>\n<p>Pr\u00e1vo na soci\u00e1ln\u00ed zabezpe\u010den\u00ed. V\u0161ichni m\u00e1me pr\u00e1vo na p\u0159ijateln\u00e9 ubytov\u00e1n\u00ed, l\u00e9ka\u0159skou p\u00e9\u010di, vzd\u011bl\u00e1n\u00ed a p\u00e9\u010di o d\u011bti, dostatek pen\u011bz na p\u0159e\u017eit\u00ed a l\u00e9ka\u0159skou pomoc.<\/p>\n<p>Pr\u00e1va pracuj\u00edc\u00edch. Ka\u017ed\u00fd dosp\u011bl\u00fd m\u00e1 pr\u00e1vo vykon\u00e1vat pr\u00e1ci a dostat za ni spravedliv\u00fd plat.<\/p>\n<p>Pr\u00e1vo na odpo\u010dinek a z\u00e1bavu.<\/p>\n<p>Pr\u00e1vo pro soci\u00e1ln\u011b pot\u0159ebn\u00e9. Sta\u0159\u00ed lid\u00e9, t\u011b\u017ece nemocn\u00ed, invalid\u00e9, svobodn\u00e9 matky a dal\u0161\u00ed soci\u00e1ln\u011b pot\u0159ebn\u00ed maj\u00ed pr\u00e1vo, aby o n\u011b bylo postar\u00e1no.<\/p>\n<p>Pr\u00e1vo na vzd\u011bl\u00e1n\u00ed. Z\u0160 m\u00e1 b\u00fdt zdarma.<\/p>\n<p>Kultura a autorsk\u00e1 pr\u00e1va. Um\u011bleck\u00e1 d\u00edla jsou chr\u00e1n\u011bna p\u0159ed kop\u00edrov\u00e1n\u00edm.<\/p>\n<p>Pr\u00e1va a povinnosti. M\u00e1me v\u016f\u010di jin\u00fdm lidem povinnosti a m\u011bli bychom chr\u00e1nit jejich pr\u00e1va a svobody. Nikdo n\u00e1m je nesm\u00ed vz\u00edt.<\/p>\n<p>Jsou v\u0161echna tato uveden\u00e1 lidsk\u00e1 pr\u00e1va opravdu dodr\u017eov\u00e1na politiky, z\u00e1kony, polici\u00ed a soudy? Kolik pr\u00e1v bylo poru\u0161ov\u00e1no v dob\u011b kovidu?<\/p>\n<p>&#8222;Ale co s t\u00edm mohu ud\u011blat, jsem na to p\u0159ece jen S\u00c1M.&#8220; \u0158eklo si 8 000 000 000 lid\u00ed&#8230;Zn\u00e1te &#8222;V\u0161ichni za jednoho, jeden za v\u0161echny&#8220; a &#8222;Svatoplukovy t\u0159i pruty&#8220;?<\/p>\n<p>Dle soudruha Mitrofanova chce\u00a0 Putin ovl\u00e1dnout celou Evropu. Pro\u010d tento politicky z\u00e1visl\u00fd takzvan\u00fd &#8222;novin\u00e1\u0159&#8220; nen\u00ed v Bohnic\u00edch?<\/p>\n<p>Loutkov\u00fd ka\u0161p\u00e1rek, pardon, pr\u00fd prezident chce za ka\u017edou cenu\u00a0 jet na summit NATO. St\u00e1le je\u0161t\u011b mu nedoch\u00e1z\u00ed, \u017ee USA i NATO kon\u010d\u00ed a \u017ee ka\u010der Donald chce n\u00e1vrat vojsk NATO z Evropy do USA a \u017ee o setk\u00e1n\u00ed s kovan\u00fdm komunistou nem\u00e1 sebemen\u0161\u00ed z\u00e1jem. Pokud mermomoc\u00ed chce, at tam jede na sv\u00e9m vehiklu, pardon, motorce.<\/p>\n<p>Dle hol\u010di\u010dky Lip\u00e1nkov\u00e9 nen\u00ed Macinka zp\u016fsobil\u00fd v\u00e9st diplomacii. To \u0159\u00edk\u00e1 d\u00edt\u011b, kter\u00e9 v\u016fbec nezn\u00e1 v\u00fdznam toho slova! Amat\u00e9rsk\u00fd b\u0159\u00eddil kritizuje toho, komu tleskal s\u00e1m\u00a0 Donald. P\u0159ipom\u00edn\u00e1 mi \u0161t\u011bkot \u010divavy na vl\u010d\u00e1ka, kter\u00fd je za plotem.<\/p>\n<p>&#8222;Zabij\u00e1k&#8220; vyhro\u017euje rodin\u011b Rajchla. U\u017e od pohledu je to zakrsl\u00fd mrz\u00e1k, pardon, malink\u00fd sk\u0159et. Nech\u00e1vaj\u00ed se s n\u00e1m fotit P\u00e1vek, Nutela, Iv\u00e1nek a V\u00edtek. Tak\u00e9 se soudruhem Novotn\u00fdm, kter\u00fd mi p\u0159ipom\u00edn\u00e1 gorilu, se nech\u00e1vaj\u00ed fotit P\u00e1vek, Nutela a mal\u00fd Kalous. Inu, darmo se ne\u0159\u00edk\u00e1, \u017ee vr\u00e1na k vr\u00e1n\u011b sed\u00e1. Ka\u017ed\u00fd parchant si hled\u00e1 sob\u011b rovn\u00e9ho.<\/p>\n<p>N\u011bkolik st\u00e1t\u016f USA vystupuje z WHO, OSN a WEF. Odv\u00e1\u017e\u00ed se n\u011bjak\u00fd evropsk\u00fd st\u00e1t vystoupit z t\u011bchto nebezpe\u010dn\u00fdch organizac\u00ed?<\/p>\n<p><a href=\"https:\/\/www.czechfreepress.cz\/dalsi-blogy\/samozrejmost-kterou-ignorujeme.html\">Miroslav Petr<\/a><\/p>\n<p>&nbsp;<\/p>\n<p>&nbsp;<\/p>\n","protected":false},"excerpt":{"rendered":"<p>Vzhledem k sou\u010dasn\u00e9 politice, z\u00e1kon\u016fm a soud\u016fm by m\u011bl ka\u017ed\u00fd zn\u00e1t ve sv\u00e9m vlastn\u00edm z\u00e1jmu&#8230;<\/p>\n","protected":false},"author":2,"featured_media":84205,"comment_status":"closed","ping_status":"closed","sticky":false,"template":"","format":"standard","meta":[],"categories":[6],"tags":[23,1503,1975,812,58],"_links":{"self":[{"href":"https:\/\/www.infokuryr.cz\/n\/wp-json\/wp\/v2\/posts\/104265"}],"collection":[{"href":"https:\/\/www.infokuryr.cz\/n\/wp-json\/wp\/v2\/posts"}],"about":[{"href":"https:\/\/www.infokuryr.cz\/n\/wp-json\/wp\/v2\/types\/post"}],"author":[{"embeddable":true,"href":"https:\/\/www.infokuryr.cz\/n\/wp-json\/wp\/v2\/users\/2"}],"replies":[{"embeddable":true,"href":"https:\/\/www.infokuryr.cz\/n\/wp-json\/wp\/v2\/comments?post=104265"}],"version-history":[{"count":0,"href":"https:\/\/www.infokuryr.cz\/n\/wp-json\/wp\/v2\/posts\/104265\/revisions"}],"wp:featuredmedia":[{"embeddable":true,"href":"https:\/\/www.infokuryr.cz\/n\/wp-json\/wp\/v2\/media\/84205"}],"wp:attachment":[{"href":"https:\/\/www.infokuryr.cz\/n\/wp-json\/wp\/v2\/media?parent=104265"}],"wp:term":[{"taxonomy":"category","embeddable":true,"href":"https:\/\/www.infokuryr.cz\/n\/wp-json\/wp\/v2\/categories?post=104265"},{"taxonomy":"post_tag","embeddable":true,"href":"https:\/\/www.infokuryr.cz\/n\/wp-json\/wp\/v2\/tags?post=104265"}],"curies":[{"name":"wp","href":"https:\/\/api.w.org\/{rel}","templated":true}]}}