{"id":104249,"date":"2026-04-11T00:21:59","date_gmt":"2026-04-10T22:21:59","guid":{"rendered":"https:\/\/www.infokuryr.cz\/n\/?p=104249"},"modified":"2026-04-10T12:39:07","modified_gmt":"2026-04-10T10:39:07","slug":"izraelsky-utok-v-libanonu-zabil-nejmene-254-lidi-mnoho-z-nich-byly-deti","status":"publish","type":"post","link":"https:\/\/www.infokuryr.cz\/n\/2026\/04\/11\/izraelsky-utok-v-libanonu-zabil-nejmene-254-lidi-mnoho-z-nich-byly-deti\/","title":{"rendered":"Izraelsk\u00fd \u00fatok v Libanonu zabil nejm\u00e9n\u011b 254 lid\u00ed, mnoho z nich byly d\u011bti"},"content":{"rendered":"<div id=\"fb-root\"><\/div>\n<p><strong><span dir=\"auto\">Masivn\u00ed vlna izraelsk\u00fdch \u00fader\u016f, kter\u00e1 se brzy r\u00e1no 8. dubna zam\u011b\u0159ila na n\u011bkolik hust\u011b os\u00eddlen\u00fdch komer\u010dn\u00edch a obytn\u00fdch oblast\u00ed po cel\u00e9m Libanonu, si vy\u017e\u00e1dala stovky \u017eivot\u016f.<\/span><\/strong><\/p>\n<p><span dir=\"auto\">K \u00fatok\u016fm do\u0161lo jen n\u011bkolik hodin pot\u00e9, co se USA a \u00cdr\u00e1n po v\u00edce ne\u017e p\u011bti t\u00fddnech v\u00e1lky dohodly na dvout\u00fddenn\u00edm p\u0159\u00edm\u011b\u0159\u00ed. P\u00e1kist\u00e1n, prost\u0159edn\u00edk, uvedl, \u017ee Libanon je do dohody zahrnut. Izraelsk\u00fd premi\u00e9r Benjamin Netanjahu i americk\u00fd prezident Donald Trump pozd\u011bji uvedli, \u017ee Libanon byl z dohody vylou\u010den.<\/span><\/p>\n<p><span dir=\"auto\">Libanonsk\u00e1 civiln\u00ed obrana ozn\u00e1mila, \u017ee p\u0159i \u00faderech, kter\u00e9 zas\u00e1hly hlavn\u00ed m\u011bsto Bejr\u00fat, \u00fadol\u00ed Bek\u00e1 a ji\u017en\u00ed Libanon, bylo zabito nejm\u00e9n\u011b 254 lid\u00ed a dal\u0161\u00edch 1165 bylo zran\u011bno.<\/span><\/p>\n<p><span dir=\"auto\">Mezi ob\u011b\u0165mi byly des\u00edtky \u017een a d\u011bt\u00ed, a\u010dkoli libanonsk\u00e9 zdravotnick\u00e9 org\u00e1ny zat\u00edm neuvedly p\u0159esn\u00e1 \u010d\u00edsla.<\/span><\/p>\n<div id=\"attachment_244650\" class=\"wp-caption aligncenter\" style=\"width: 597px;\">\n<p><a href=\"https:\/\/s1.cdnstatic.space\/wp-content\/uploads\/2026\/04\/HFacivgXMAAObMv.jpg\" target=\"_blank\" rel=\"noopener\"><img decoding=\"async\" loading=\"lazy\" class=\"wp-image-244650\" src=\"https:\/\/s1.cdnstatic.space\/wp-content\/uploads\/2026\/04\/HFacivgXMAAObMv-1024x1024.jpg\" sizes=\"(max-width: 600px) 100vw, 600px\" srcset=\"https:\/\/s5.cdnstatic.space\/wp-content\/uploads\/2026\/04\/HFacivgXMAAObMv-1024x1024.jpg 1024w, https:\/\/s5.cdnstatic.space\/wp-content\/uploads\/2026\/04\/HFacivgXMAAObMv-300x300.jpg 300w, https:\/\/s5.cdnstatic.space\/wp-content\/uploads\/2026\/04\/HFacivgXMAAObMv-150x150.jpg 150w, https:\/\/s5.cdnstatic.space\/wp-content\/uploads\/2026\/04\/HFacivgXMAAObMv-768x768.jpg 768w, https:\/\/s5.cdnstatic.space\/wp-content\/uploads\/2026\/04\/HFacivgXMAAObMv-1536x1536.jpg 1536w, https:\/\/s5.cdnstatic.space\/wp-content\/uploads\/2026\/04\/HFacivgXMAAObMv-400x400.jpg 400w, https:\/\/s5.cdnstatic.space\/wp-content\/uploads\/2026\/04\/HFacivgXMAAObMv-75x75.jpg 75w, https:\/\/s5.cdnstatic.space\/wp-content\/uploads\/2026\/04\/HFacivgXMAAObMv-45x45.jpg 45w, https:\/\/s5.cdnstatic.space\/wp-content\/uploads\/2026\/04\/HFacivgXMAAObMv.jpg 2048w\" alt=\"\" width=\"597\" height=\"597\" aria-describedby=\"caption-attachment-244650\" \/><\/a><\/p>\n<p id=\"caption-attachment-244650\" class=\"wp-caption-text\"><span dir=\"auto\">Kliknut\u00edm zobraz\u00edte obr\u00e1zek v pln\u00e9 velikosti. (X)<\/span><\/p>\n<\/div>\n<div id=\"attachment_244647\" class=\"wp-caption aligncenter\" style=\"width: 597px;\">\n<p><a href=\"https:\/\/s1.cdnstatic.space\/wp-content\/uploads\/2026\/04\/HFaciu0XgAAW7ew.jpg\" target=\"_blank\" rel=\"noopener\"><img decoding=\"async\" loading=\"lazy\" class=\"wp-image-244647\" src=\"https:\/\/s1.cdnstatic.space\/wp-content\/uploads\/2026\/04\/HFaciu0XgAAW7ew-1024x1024.jpg\" sizes=\"(max-width: 600px) 100vw, 600px\" srcset=\"https:\/\/s5.cdnstatic.space\/wp-content\/uploads\/2026\/04\/HFaciu0XgAAW7ew-1024x1024.jpg 1024w, https:\/\/s5.cdnstatic.space\/wp-content\/uploads\/2026\/04\/HFaciu0XgAAW7ew-300x300.jpg 300w, https:\/\/s5.cdnstatic.space\/wp-content\/uploads\/2026\/04\/HFaciu0XgAAW7ew-150x150.jpg 150w, https:\/\/s5.cdnstatic.space\/wp-content\/uploads\/2026\/04\/HFaciu0XgAAW7ew-768x768.jpg 768w, https:\/\/s5.cdnstatic.space\/wp-content\/uploads\/2026\/04\/HFaciu0XgAAW7ew-1536x1536.jpg 1536w, https:\/\/s5.cdnstatic.space\/wp-content\/uploads\/2026\/04\/HFaciu0XgAAW7ew-400x400.jpg 400w, https:\/\/s5.cdnstatic.space\/wp-content\/uploads\/2026\/04\/HFaciu0XgAAW7ew-75x75.jpg 75w, https:\/\/s5.cdnstatic.space\/wp-content\/uploads\/2026\/04\/HFaciu0XgAAW7ew-45x45.jpg 45w, https:\/\/s5.cdnstatic.space\/wp-content\/uploads\/2026\/04\/HFaciu0XgAAW7ew.jpg 2048w\" alt=\"\" width=\"597\" height=\"597\" aria-describedby=\"caption-attachment-244647\" \/><\/a><\/p>\n<p id=\"caption-attachment-244647\" class=\"wp-caption-text\"><span dir=\"auto\">Kliknut\u00edm zobraz\u00edte obr\u00e1zek v pln\u00e9 velikosti. (X)<\/span><\/p>\n<\/div>\n<div id=\"attachment_244648\" class=\"wp-caption aligncenter\" style=\"width: 595px;\">\n<p><a href=\"https:\/\/s1.cdnstatic.space\/wp-content\/uploads\/2026\/04\/HFaciu1XUAIVYTK.jpg\" target=\"_blank\" rel=\"noopener\"><img decoding=\"async\" loading=\"lazy\" class=\"wp-image-244648\" src=\"https:\/\/s1.cdnstatic.space\/wp-content\/uploads\/2026\/04\/HFaciu1XUAIVYTK-1024x1024.jpg\" sizes=\"auto, (max-width: 600px) 100vw, 600px\" srcset=\"https:\/\/s5.cdnstatic.space\/wp-content\/uploads\/2026\/04\/HFaciu1XUAIVYTK-1024x1024.jpg 1024w, https:\/\/s5.cdnstatic.space\/wp-content\/uploads\/2026\/04\/HFaciu1XUAIVYTK-300x300.jpg 300w, https:\/\/s5.cdnstatic.space\/wp-content\/uploads\/2026\/04\/HFaciu1XUAIVYTK-150x150.jpg 150w, https:\/\/s5.cdnstatic.space\/wp-content\/uploads\/2026\/04\/HFaciu1XUAIVYTK-768x768.jpg 768w, https:\/\/s5.cdnstatic.space\/wp-content\/uploads\/2026\/04\/HFaciu1XUAIVYTK-1536x1536.jpg 1536w, https:\/\/s5.cdnstatic.space\/wp-content\/uploads\/2026\/04\/HFaciu1XUAIVYTK-400x400.jpg 400w, https:\/\/s5.cdnstatic.space\/wp-content\/uploads\/2026\/04\/HFaciu1XUAIVYTK-75x75.jpg 75w, https:\/\/s5.cdnstatic.space\/wp-content\/uploads\/2026\/04\/HFaciu1XUAIVYTK-45x45.jpg 45w, https:\/\/s5.cdnstatic.space\/wp-content\/uploads\/2026\/04\/HFaciu1XUAIVYTK.jpg 2048w\" alt=\"\" width=\"595\" height=\"595\" aria-describedby=\"caption-attachment-244648\" \/><\/a><\/p>\n<p id=\"caption-attachment-244648\" class=\"wp-caption-text\"><span dir=\"auto\">Kliknut\u00edm zobraz\u00edte obr\u00e1zek v pln\u00e9 velikosti. (X)<\/span><\/p>\n<\/div>\n<div id=\"attachment_244649\" class=\"wp-caption aligncenter\" style=\"width: 593px;\">\n<p><a href=\"https:\/\/s1.cdnstatic.space\/wp-content\/uploads\/2026\/04\/HFaciuxWMAAThKc.jpg\" target=\"_blank\" rel=\"noopener\"><img decoding=\"async\" loading=\"lazy\" class=\"wp-image-244649\" src=\"https:\/\/s1.cdnstatic.space\/wp-content\/uploads\/2026\/04\/HFaciuxWMAAThKc-1024x1024.jpg\" sizes=\"auto, (max-width: 600px) 100vw, 600px\" srcset=\"https:\/\/s5.cdnstatic.space\/wp-content\/uploads\/2026\/04\/HFaciuxWMAAThKc-1024x1024.jpg 1024w, https:\/\/s5.cdnstatic.space\/wp-content\/uploads\/2026\/04\/HFaciuxWMAAThKc-300x300.jpg 300w, https:\/\/s5.cdnstatic.space\/wp-content\/uploads\/2026\/04\/HFaciuxWMAAThKc-150x150.jpg 150w, https:\/\/s5.cdnstatic.space\/wp-content\/uploads\/2026\/04\/HFaciuxWMAAThKc-768x768.jpg 768w, https:\/\/s5.cdnstatic.space\/wp-content\/uploads\/2026\/04\/HFaciuxWMAAThKc-1536x1536.jpg 1536w, https:\/\/s5.cdnstatic.space\/wp-content\/uploads\/2026\/04\/HFaciuxWMAAThKc-400x400.jpg 400w, https:\/\/s5.cdnstatic.space\/wp-content\/uploads\/2026\/04\/HFaciuxWMAAThKc-75x75.jpg 75w, https:\/\/s5.cdnstatic.space\/wp-content\/uploads\/2026\/04\/HFaciuxWMAAThKc-45x45.jpg 45w, https:\/\/s5.cdnstatic.space\/wp-content\/uploads\/2026\/04\/HFaciuxWMAAThKc.jpg 2048w\" alt=\"\" width=\"593\" height=\"593\" aria-describedby=\"caption-attachment-244649\" \/><\/a><\/p>\n<p id=\"caption-attachment-244649\" class=\"wp-caption-text\"><span dir=\"auto\">Kliknut\u00edm zobraz\u00edte obr\u00e1zek v pln\u00e9 velikosti. (X)<\/span><\/p>\n<\/div>\n<p><span dir=\"auto\">Izraelsk\u00e9 obrann\u00e9 s\u00edly (IDF) ozna\u010dily \u00fatok za sv\u016fj nejv\u011bt\u0161\u00ed koordinovan\u00fd \u00fader v Libanonu od zah\u00e1jen\u00ed nov\u00e9 vojensk\u00e9 operace v zemi proti Hizball\u00e1hu minul\u00fd m\u011bs\u00edc.<\/span><\/p>\n<p><span dir=\"auto\">\u201eArm\u00e1da provedla p\u0159ekvapiv\u00fd \u00fader na stovky terorist\u016f Hizball\u00e1hu ve velitelsk\u00fdch centrech po cel\u00e9m Libanonu. Jde o nejv\u011bt\u0161\u00ed koncentrovan\u00fd \u00fader, jak\u00fd Hizball\u00e1h utrp\u011bl od operace Beepers,\u201c uvedl ministr obrany Israel Katz ve video prohl\u00e1\u0161en\u00ed s odkazem na rozs\u00e1hlou operaci proti Hizball\u00e1hu z roku 2024, kter\u00e1 zahrnovala pagerov\u00e9 bomby.<\/span><\/p>\n<p><span dir=\"auto\">Pozd\u011bji ve\u010der a v noci zas\u00e1hly Libanon, v\u010detn\u011b Bejr\u00fatu, dal\u0161\u00ed izraelsk\u00e9 \u00fadery, p\u0159i\u010dem\u017e IDF 9. dubna ozn\u00e1mila, \u017ee byl zabit Ali Yusuf Harshi, tajemn\u00edk v\u016fdce Hizball\u00e1hu.<\/span><\/p>\n<p><em><span dir=\"auto\">\u201eHar\u0161\u00ed byl bl\u00edzk\u00fdm spolupracovn\u00edkem a osobn\u00edm poradcem gener\u00e1ln\u00edho tajemn\u00edka Hizball\u00e1hu Naima K\u00e1sema a hr\u00e1l \u00fast\u0159edn\u00ed roli v \u0159\u00edzen\u00ed jeho kancel\u00e1\u0159e a bezpe\u010dnosti,\u201c uvedla arm\u00e1da.<\/span><\/em><\/p>\n<p><span dir=\"auto\">Dodala, \u017ee dal\u0161\u00ed \u00fadery zas\u00e1hly tak\u00e9 dva \u201ecentr\u00e1ln\u00ed\u201c p\u0159echody p\u0159es \u0159eku Litani, kter\u00e9 Hizball\u00e1h vyu\u017e\u00edval k p\u0159esunu \u201etis\u00edc\u016f zbran\u00ed, raket a odpalovac\u00edch za\u0159\u00edzen\u00ed\u201c do ji\u017en\u00edho Libanonu.<\/span><\/p>\n<p><span dir=\"auto\">Podle arm\u00e1dy bylo nav\u00edc v ji\u017en\u00edm Libanonu zasa\u017eeno asi deset sklad\u016f zbran\u00ed, raketomety a velitelstv\u00ed Hizball\u00e1hu.<\/span><\/p>\n<p><iframe loading=\"lazy\" src=\"https:\/\/s1.cdnstatic.space\/wp-content\/uploads\/2026\/04\/uk1.mp4\" width=\"600\" height=\"338\" data-mce-fragment=\"1\"><\/iframe><\/p>\n<p><iframe loading=\"lazy\" src=\"https:\/\/s1.cdnstatic.space\/wp-content\/uploads\/2026\/04\/uk2.mp4\" width=\"600\" height=\"338\" data-mce-fragment=\"1\"><\/iframe><\/p>\n<p><iframe loading=\"lazy\" src=\"https:\/\/s1.cdnstatic.space\/wp-content\/uploads\/2026\/04\/uk3.mp4\" width=\"600\" height=\"338\" data-mce-fragment=\"1\"><\/iframe><\/p>\n<p><iframe loading=\"lazy\" src=\"https:\/\/s1.cdnstatic.space\/wp-content\/uploads\/2026\/04\/uk4.mp4\" width=\"600\" height=\"338\" data-mce-fragment=\"1\"><\/iframe><\/p>\n<p><span dir=\"auto\">Izraelsk\u00e1 eskalace konfliktu proti Libanonu vyvolala konflikt z cel\u00e9ho sv\u011bta, v\u010detn\u011b Velk\u00e9 Brit\u00e1nie, Francie, Ruska a \u010c\u00edny. \u00cdr\u00e1n ze sv\u00e9 strany pohrozil odvetou a varoval, \u017ee by se mohl odhl\u00e1sit z pl\u00e1novan\u00fdch rozhovor\u016f s USA v P\u00e1kist\u00e1nu. \u00cdr\u00e1nsk\u00e1 isl\u00e1msk\u00e1 republika tak\u00e9 omezila pr\u016fjezd strategick\u00fdm Hormuzsk\u00fdm pr\u016flivem.<\/span><\/p>\n<p><span dir=\"auto\">Hizball\u00e1h, kter\u00fd zpo\u010d\u00e1tku dodr\u017eoval p\u0159\u00edm\u011b\u0159\u00ed, obnovil 9. dubna operace proti IDF a zam\u011b\u0159il se na n\u011bkolik osad v severn\u00edm Izraeli.<\/span><\/p>\n<p><span dir=\"auto\">O\u010dek\u00e1v\u00e1 se dal\u0161\u00ed eskalace, jeliko\u017e se zd\u00e1, \u017ee Izrael je odhodl\u00e1n pokra\u010dovat ve sv\u00e9 operaci v Libanonu. Izrael pravd\u011bpodobn\u011b operaci dokonce vn\u00edm\u00e1 jako zp\u016fsob, jak sabotovat p\u0159\u00edm\u011b\u0159\u00ed mezi USA a \u00cdr\u00e1nem.<\/span><\/p>\n<p><img decoding=\"async\" loading=\"lazy\" class=\"alignnone size-full wp-image-1185\" src=\"http:\/\/www.infokuryr.cz\/n\/wp-content\/uploads\/2021\/04\/kuryr-podpis.png\" alt=\"\" width=\"84\" height=\"24\" \/><\/p>\n<p>&nbsp;<\/p>\n","protected":false},"excerpt":{"rendered":"<p>Masivn\u00ed vlna izraelsk\u00fdch \u00fader\u016f, kter\u00e1 se brzy r\u00e1no 8. dubna zam\u011b\u0159ila na n\u011bkolik hust\u011b os\u00eddlen\u00fdch&#8230;<\/p>\n","protected":false},"author":2,"featured_media":50103,"comment_status":"closed","ping_status":"closed","sticky":false,"template":"","format":"standard","meta":[],"categories":[7],"tags":[245,107,405,871,723,5135],"_links":{"self":[{"href":"https:\/\/www.infokuryr.cz\/n\/wp-json\/wp\/v2\/posts\/104249"}],"collection":[{"href":"https:\/\/www.infokuryr.cz\/n\/wp-json\/wp\/v2\/posts"}],"about":[{"href":"https:\/\/www.infokuryr.cz\/n\/wp-json\/wp\/v2\/types\/post"}],"author":[{"embeddable":true,"href":"https:\/\/www.infokuryr.cz\/n\/wp-json\/wp\/v2\/users\/2"}],"replies":[{"embeddable":true,"href":"https:\/\/www.infokuryr.cz\/n\/wp-json\/wp\/v2\/comments?post=104249"}],"version-history":[{"count":0,"href":"https:\/\/www.infokuryr.cz\/n\/wp-json\/wp\/v2\/posts\/104249\/revisions"}],"wp:featuredmedia":[{"embeddable":true,"href":"https:\/\/www.infokuryr.cz\/n\/wp-json\/wp\/v2\/media\/50103"}],"wp:attachment":[{"href":"https:\/\/www.infokuryr.cz\/n\/wp-json\/wp\/v2\/media?parent=104249"}],"wp:term":[{"taxonomy":"category","embeddable":true,"href":"https:\/\/www.infokuryr.cz\/n\/wp-json\/wp\/v2\/categories?post=104249"},{"taxonomy":"post_tag","embeddable":true,"href":"https:\/\/www.infokuryr.cz\/n\/wp-json\/wp\/v2\/tags?post=104249"}],"curies":[{"name":"wp","href":"https:\/\/api.w.org\/{rel}","templated":true}]}}