{"id":104246,"date":"2026-04-11T00:20:45","date_gmt":"2026-04-10T22:20:45","guid":{"rendered":"https:\/\/www.infokuryr.cz\/n\/?p=104246"},"modified":"2026-04-10T11:26:02","modified_gmt":"2026-04-10T09:26:02","slug":"prvni-studie-o-ucinku-ivermektinu-a-mebendazolu-v-lecbe-rakoviny-pritahuje-pozornost","status":"publish","type":"post","link":"https:\/\/www.infokuryr.cz\/n\/2026\/04\/11\/prvni-studie-o-ucinku-ivermektinu-a-mebendazolu-v-lecbe-rakoviny-pritahuje-pozornost\/","title":{"rendered":"Prvn\u00ed studie o \u00fa\u010dinku ivermektinu a mebendazolu v l\u00e9\u010db\u011b rakoviny p\u0159itahuje pozornost"},"content":{"rendered":"<div id=\"fb-root\"><\/div>\n<div class=\"elementor-element elementor-element-1fb4c2c elementor-widget elementor-widget-theme-post-content\" data-id=\"1fb4c2c\" data-element_type=\"widget\" data-e-type=\"widget\" data-widget_type=\"theme-post-content.default\">\n<div class=\"elementor-widget-container\">\n<p><span dir=\"auto\">Skupina l\u00e9ka\u0159\u016f z americk\u00e9 spole\u010dnosti\u00a0<\/span><em><span dir=\"auto\">The\u00a0<\/span><a href=\"https:\/\/www.twc.health\/pages\/ivermectin-mebendazole-cancer-study\" target=\"_blank\" rel=\"noreferrer noopener\" data-type=\"link\" data-id=\"https:\/\/www.twc.health\/pages\/ivermectin-mebendazole-cancer-study\"><span dir=\"auto\">Wellness Company (TWC)<\/span><\/a><\/em><span dir=\"auto\">\u00a0informuje o potenci\u00e1ln\u00edch pozitivn\u00edch \u00fa\u010dinc\u00edch nekonven\u010dn\u00ed kombinovan\u00e9 terapie u pacient\u016f s rakovinou. V preprintov\u00e9\u00a0<\/span><a href=\"https:\/\/www.twc.health\/pages\/ivermectin-mebendazole-cancer-study\" target=\"_blank\" rel=\"noreferrer noopener\" data-type=\"link\" data-id=\"https:\/\/www.twc.health\/pages\/ivermectin-mebendazole-cancer-study\"><span dir=\"auto\">studii<\/span><\/a><span dir=\"auto\">\u00a0, kter\u00e1 dosud nepro\u0161la recenzn\u00edm \u0159\u00edzen\u00edm , zkoumali pou\u017eit\u00ed antiparazitik ivermektinu a mebendazolu mimo schv\u00e1len\u00e9 indikace.<\/span><\/p>\n<p><span dir=\"auto\">V\u00fdsledky byly zve\u0159ejn\u011bny na platform\u011b Zenodo a vych\u00e1zej\u00ed z dat od 197 pacient\u016f s rakovinou v USA. Po p\u0159ibli\u017en\u011b \u0161esti m\u011bs\u00edc\u00edch byla k dispozici data ze sledov\u00e1n\u00ed 122 \u00fa\u010dastn\u00edk\u016f.<\/span><\/p>\n<h3><em><span dir=\"auto\">Pr\u016flomov\u00e1 zpr\u00e1va o rakovin\u011b<\/span><\/em><\/h3>\n<p><em><span dir=\"auto\">L\u00e9ka\u0159i spole\u010dnosti The Wellness Company s hrdost\u00ed oznamuj\u00ed dokon\u010den\u00ed unik\u00e1tn\u00ed observa\u010dn\u00ed zpr\u00e1vy o pou\u017eit\u00ed ivermektinu a mebendazolu v l\u00e9\u010db\u011b rakoviny. Rukopis je v sou\u010dasn\u00e9 dob\u011b recenzov\u00e1n a je k dispozici jako preprint na Zenodo, v\u00fdzkumn\u00e9m repozit\u00e1\u0159i provozovan\u00e9m CERNem (Evropskou organizac\u00ed pro jadern\u00fd v\u00fdzkum).<\/span><\/em><\/p>\n<p><em><span dir=\"auto\">\u201eV t\u00e9to jedine\u010dn\u00e9 observa\u010dn\u00ed zpr\u00e1v\u011b u lid\u00ed prok\u00e1zalo pou\u017eit\u00ed ivermektinu + mebendazolu mimo schv\u00e1len\u00e9 indikace pozoruhodn\u00fd klinick\u00fd p\u0159\u00ednos ve v\u00fd\u0161i 84 % p\u0159i l\u00e9\u010db\u011b rakoviny. Tyto v\u00fdsledky nazna\u010duj\u00ed, \u017ee n\u00e1kladov\u011b efektivn\u00ed a bezpe\u010dn\u00e9 pou\u017eit\u00ed t\u011bchto l\u00e9k\u016f mimo schv\u00e1len\u00e9 indikace by mohlo b\u00fdt d\u016fle\u017eit\u00fdm dopl\u0148kem l\u00e9\u010dby rakoviny,\u201c uvedl Dr. Peter McCullough, hlavn\u00ed v\u011bdeck\u00fd pracovn\u00edk spole\u010dnosti The Wellness Company.\u00a0<\/span><\/em><em><span dir=\"auto\">Studii si m\u016f\u017eete p\u0159e\u010d\u00edst na n\u00ed\u017ee uveden\u00e9m odkazu.<\/span><\/em><\/p>\n<div class=\"twitter-tweet twitter-tweet-rendered\"><iframe id=\"twitter-widget-0\" class=\"\" title=\"X Post\" src=\"https:\/\/platform.twitter.com\/embed\/Tweet.html?dnt=false&amp;embedId=twitter-widget-0&amp;features=eyJ0ZndfdGltZWxpbmVfbGlzdCI6eyJidWNrZXQiOltdLCJ2ZXJzaW9uIjpudWxsfSwidGZ3X2ZvbGxvd2VyX2NvdW50X3N1bnNldCI6eyJidWNrZXQiOnRydWUsInZlcnNpb24iOm51bGx9LCJ0ZndfdHdlZXRfZWRpdF9iYWNrZW5kIjp7ImJ1Y2tldCI6Im9uIiwidmVyc2lvbiI6bnVsbH0sInRmd19yZWZzcmNfc2Vzc2lvbiI6eyJidWNrZXQiOiJvbiIsInZlcnNpb24iOm51bGx9LCJ0ZndfZm9zbnJfc29mdF9pbnRlcnZlbnRpb25zX2VuYWJsZWQiOnsiYnVja2V0Ijoib24iLCJ2ZXJzaW9uIjpudWxsfSwidGZ3X21peGVkX21lZGlhXzE1ODk3Ijp7ImJ1Y2tldCI6InRyZWF0bWVudCIsInZlcnNpb24iOm51bGx9LCJ0ZndfZXhwZXJpbWVudHNfY29va2llX2V4cGlyYXRpb24iOnsiYnVja2V0IjoxMjA5NjAwLCJ2ZXJzaW9uIjpudWxsfSwidGZ3X3Nob3dfYmlyZHdhdGNoX3Bpdm90c19lbmFibGVkIjp7ImJ1Y2tldCI6Im9uIiwidmVyc2lvbiI6bnVsbH0sInRmd19kdXBsaWNhdGVfc2NyaWJlc190b19zZXR0aW5ncyI6eyJidWNrZXQiOiJvbiIsInZlcnNpb24iOm51bGx9LCJ0ZndfdXNlX3Byb2ZpbGVfaW1hZ2Vfc2hhcGVfZW5hYmxlZCI6eyJidWNrZXQiOiJvbiIsInZlcnNpb24iOm51bGx9LCJ0ZndfdmlkZW9faGxzX2R5bmFtaWNfbWFuaWZlc3RzXzE1MDgyIjp7ImJ1Y2tldCI6InRydWVfYml0cmF0ZSIsInZlcnNpb24iOm51bGx9LCJ0ZndfbGVnYWN5X3RpbWVsaW5lX3N1bnNldCI6eyJidWNrZXQiOnRydWUsInZlcnNpb24iOm51bGx9LCJ0ZndfdHdlZXRfZWRpdF9mcm9udGVuZCI6eyJidWNrZXQiOiJvbiIsInZlcnNpb24iOm51bGx9fQ%3D%3D&amp;frame=false&amp;hideCard=false&amp;hideThread=false&amp;id=2041551558987644930&amp;lang=cs&amp;origin=https%3A%2F%2Funcutnews.ch%2Ferste-studie-zu-ivermectin-und-mebendazol-bei-krebs-sorgt-fuer-aufmerksamkeit%2F&amp;sessionId=ee9d3241795c75ee126a244d1d2dff67bafd4857&amp;theme=light&amp;widgetsVersion=2615f7e52b7e0%3A1702314776716&amp;width=550px\" frameborder=\"0\" scrolling=\"no\" allowfullscreen=\"allowfullscreen\" data-tweet-id=\"2041551558987644930\" data-mce-fragment=\"1\"><\/iframe><\/div>\n<p><span dir=\"auto\">Podle autor\u016f 84,4 procenta t\u00e9to skupiny vyk\u00e1zalo tzv. \u201eklinick\u00fd p\u0159\u00ednos\u201c. To zahrnuje p\u0159\u00edpady, kdy onemocn\u011bn\u00ed ustoupilo, z\u016fstalo stabiln\u00ed nebo ji\u017e nebylo detekovateln\u00e9. T\u00e9m\u011b\u0159 polovina respondent\u016f tak\u00e9 uvedla zmen\u0161en\u00ed velikosti n\u00e1doru nebo \u00fapln\u00e9 vymizen\u00ed onemocn\u011bn\u00ed.<\/span><\/p>\n<p><span dir=\"auto\">Auto\u0159i studie zd\u016fraz\u0148uj\u00ed, \u017ee ob\u011b \u00fa\u010dinn\u00e9 l\u00e1tky se ji\u017e po desetilet\u00ed pou\u017e\u00edvaj\u00ed k l\u00e9\u010db\u011b parazit\u00e1rn\u00edch infekc\u00ed, a proto maj\u00ed dob\u0159e zn\u00e1m\u00fd bezpe\u010dnostn\u00ed profil. Laboratorn\u00ed studie nav\u00edc nazna\u010duj\u00ed mo\u017en\u00e9 protirakovinn\u00e9 \u00fa\u010dinky.<\/span><\/p>\n<p><span dir=\"auto\">Z\u00e1rove\u0148 sami zd\u016fraz\u0148uj\u00ed, \u017ee se jedn\u00e1 o\u00a0<\/span><strong><span dir=\"auto\">observa\u010dn\u00ed studii bez kontroln\u00ed skupiny<\/span><\/strong><span dir=\"auto\">\u00a0. Proto lze o skute\u010dn\u00e9 \u00fa\u010dinnosti vyvodit pouze omezen\u00e9 z\u00e1v\u011bry. V\u00fdzkumn\u00edci volaj\u00ed po dal\u0161\u00edch randomizovan\u00fdch, kontrolovan\u00fdch klinick\u00fdch studi\u00edch k ov\u011b\u0159en\u00ed v\u00fdsledk\u016f.<\/span><\/p>\n<p><span dir=\"auto\">Odborn\u00edci obecn\u011b varuj\u00ed p\u0159ed p\u0159ehnanou interpretac\u00ed p\u0159edb\u011b\u017en\u00fdch dat z preprint\u016f. Bez nez\u00e1visl\u00e9ho hodnocen\u00ed a kontrolovan\u00fdch studijn\u00edch podm\u00ednek je obt\u00ed\u017en\u00e9 v\u00fdsledky interpretovat.<\/span><\/p>\n<p><span dir=\"auto\">Studie se do\u010dkala dal\u0161\u00ed pozornosti d\u00edky prohl\u00e1\u0161en\u00ed TWC, \u017ee rukopis byl d\u0159\u00edve bez dal\u0161\u00edho vysv\u011btlen\u00ed odm\u00edtnut platformou pro preprinty SSRN. To v n\u011bkter\u00fdch kruz\u00edch vyvolalo spekulace, kter\u00e9 v\u0161ak dosud nebyly nez\u00e1visle potvrzeny.<\/span><\/p>\n<div class=\"twitter-tweet twitter-tweet-rendered\"><iframe id=\"twitter-widget-1\" class=\"\" title=\"X Post\" src=\"https:\/\/platform.twitter.com\/embed\/Tweet.html?dnt=false&amp;embedId=twitter-widget-1&amp;features=eyJ0ZndfdGltZWxpbmVfbGlzdCI6eyJidWNrZXQiOltdLCJ2ZXJzaW9uIjpudWxsfSwidGZ3X2ZvbGxvd2VyX2NvdW50X3N1bnNldCI6eyJidWNrZXQiOnRydWUsInZlcnNpb24iOm51bGx9LCJ0ZndfdHdlZXRfZWRpdF9iYWNrZW5kIjp7ImJ1Y2tldCI6Im9uIiwidmVyc2lvbiI6bnVsbH0sInRmd19yZWZzcmNfc2Vzc2lvbiI6eyJidWNrZXQiOiJvbiIsInZlcnNpb24iOm51bGx9LCJ0ZndfZm9zbnJfc29mdF9pbnRlcnZlbnRpb25zX2VuYWJsZWQiOnsiYnVja2V0Ijoib24iLCJ2ZXJzaW9uIjpudWxsfSwidGZ3X21peGVkX21lZGlhXzE1ODk3Ijp7ImJ1Y2tldCI6InRyZWF0bWVudCIsInZlcnNpb24iOm51bGx9LCJ0ZndfZXhwZXJpbWVudHNfY29va2llX2V4cGlyYXRpb24iOnsiYnVja2V0IjoxMjA5NjAwLCJ2ZXJzaW9uIjpudWxsfSwidGZ3X3Nob3dfYmlyZHdhdGNoX3Bpdm90c19lbmFibGVkIjp7ImJ1Y2tldCI6Im9uIiwidmVyc2lvbiI6bnVsbH0sInRmd19kdXBsaWNhdGVfc2NyaWJlc190b19zZXR0aW5ncyI6eyJidWNrZXQiOiJvbiIsInZlcnNpb24iOm51bGx9LCJ0ZndfdXNlX3Byb2ZpbGVfaW1hZ2Vfc2hhcGVfZW5hYmxlZCI6eyJidWNrZXQiOiJvbiIsInZlcnNpb24iOm51bGx9LCJ0ZndfdmlkZW9faGxzX2R5bmFtaWNfbWFuaWZlc3RzXzE1MDgyIjp7ImJ1Y2tldCI6InRydWVfYml0cmF0ZSIsInZlcnNpb24iOm51bGx9LCJ0ZndfbGVnYWN5X3RpbWVsaW5lX3N1bnNldCI6eyJidWNrZXQiOnRydWUsInZlcnNpb24iOm51bGx9LCJ0ZndfdHdlZXRfZWRpdF9mcm9udGVuZCI6eyJidWNrZXQiOiJvbiIsInZlcnNpb24iOm51bGx9fQ%3D%3D&amp;frame=false&amp;hideCard=false&amp;hideThread=false&amp;id=2041520549185409453&amp;lang=cs&amp;origin=https%3A%2F%2Funcutnews.ch%2Ferste-studie-zu-ivermectin-und-mebendazol-bei-krebs-sorgt-fuer-aufmerksamkeit%2F&amp;sessionId=ee9d3241795c75ee126a244d1d2dff67bafd4857&amp;theme=light&amp;widgetsVersion=2615f7e52b7e0%3A1702314776716&amp;width=550px\" frameborder=\"0\" scrolling=\"no\" allowfullscreen=\"allowfullscreen\" data-tweet-id=\"2041520549185409453\" data-mce-fragment=\"1\"><\/iframe><\/div>\n<div>\n<img decoding=\"async\" loading=\"lazy\" class=\"alignnone size-full wp-image-1185\" src=\"http:\/\/www.infokuryr.cz\/n\/wp-content\/uploads\/2021\/04\/kuryr-podpis.png\" alt=\"\" width=\"84\" height=\"24\" \/><\/div>\n<div><\/div>\n<\/div>\n<\/div>\n<div class=\"elementor-element elementor-element-46a8472 elementor-grid-3 elementor-grid-tablet-2 elementor-grid-mobile-1 elementor-posts--thumbnail-top elementor-widget elementor-widget-posts\" data-id=\"46a8472\" data-element_type=\"widget\" data-e-type=\"widget\" data-settings=\"{&quot;classic_row_gap&quot;:{&quot;unit&quot;:&quot;px&quot;,&quot;size&quot;:25,&quot;sizes&quot;:[]},&quot;classic_columns&quot;:&quot;3&quot;,&quot;classic_columns_tablet&quot;:&quot;2&quot;,&quot;classic_columns_mobile&quot;:&quot;1&quot;,&quot;classic_row_gap_tablet&quot;:{&quot;unit&quot;:&quot;px&quot;,&quot;size&quot;:&quot;&quot;,&quot;sizes&quot;:[]},&quot;classic_row_gap_mobile&quot;:{&quot;unit&quot;:&quot;px&quot;,&quot;size&quot;:&quot;&quot;,&quot;sizes&quot;:[]}}\" data-widget_type=\"posts.classic\">\n<div class=\"elementor-widget-container\">\n<div class=\"elementor-posts-container elementor-posts elementor-posts--skin-classic elementor-grid elementor-has-item-ratio\" role=\"list\"><\/div>\n<\/div>\n<\/div>\n","protected":false},"excerpt":{"rendered":"<p>Skupina l\u00e9ka\u0159\u016f z americk\u00e9 spole\u010dnosti\u00a0The\u00a0Wellness Company (TWC)\u00a0informuje o potenci\u00e1ln\u00edch pozitivn\u00edch \u00fa\u010dinc\u00edch nekonven\u010dn\u00ed kombinovan\u00e9 terapie u&#8230;<\/p>\n","protected":false},"author":2,"featured_media":104247,"comment_status":"closed","ping_status":"closed","sticky":false,"template":"","format":"standard","meta":[],"categories":[7],"tags":[518,1366,839,1561],"_links":{"self":[{"href":"https:\/\/www.infokuryr.cz\/n\/wp-json\/wp\/v2\/posts\/104246"}],"collection":[{"href":"https:\/\/www.infokuryr.cz\/n\/wp-json\/wp\/v2\/posts"}],"about":[{"href":"https:\/\/www.infokuryr.cz\/n\/wp-json\/wp\/v2\/types\/post"}],"author":[{"embeddable":true,"href":"https:\/\/www.infokuryr.cz\/n\/wp-json\/wp\/v2\/users\/2"}],"replies":[{"embeddable":true,"href":"https:\/\/www.infokuryr.cz\/n\/wp-json\/wp\/v2\/comments?post=104246"}],"version-history":[{"count":0,"href":"https:\/\/www.infokuryr.cz\/n\/wp-json\/wp\/v2\/posts\/104246\/revisions"}],"wp:featuredmedia":[{"embeddable":true,"href":"https:\/\/www.infokuryr.cz\/n\/wp-json\/wp\/v2\/media\/104247"}],"wp:attachment":[{"href":"https:\/\/www.infokuryr.cz\/n\/wp-json\/wp\/v2\/media?parent=104246"}],"wp:term":[{"taxonomy":"category","embeddable":true,"href":"https:\/\/www.infokuryr.cz\/n\/wp-json\/wp\/v2\/categories?post=104246"},{"taxonomy":"post_tag","embeddable":true,"href":"https:\/\/www.infokuryr.cz\/n\/wp-json\/wp\/v2\/tags?post=104246"}],"curies":[{"name":"wp","href":"https:\/\/api.w.org\/{rel}","templated":true}]}}