{"id":104236,"date":"2026-04-11T00:14:18","date_gmt":"2026-04-10T22:14:18","guid":{"rendered":"https:\/\/www.infokuryr.cz\/n\/?p=104236"},"modified":"2026-04-10T11:14:01","modified_gmt":"2026-04-10T09:14:01","slug":"indie-planuje-zabezpecit-otevrene-hranice-pomoci-krokodylu-a-jedovatych-hadu","status":"publish","type":"post","link":"https:\/\/www.infokuryr.cz\/n\/2026\/04\/11\/indie-planuje-zabezpecit-otevrene-hranice-pomoci-krokodylu-a-jedovatych-hadu\/","title":{"rendered":"Indie pl\u00e1nuje zabezpe\u010dit otev\u0159en\u00e9 hranice pomoc\u00ed krokod\u00fdl\u016f a jedovat\u00fdch had\u016f"},"content":{"rendered":"<div id=\"fb-root\"><\/div>\n<p><strong><span dir=\"auto\">Indie nyn\u00ed v boji proti prob\u00edhaj\u00edc\u00ed neleg\u00e1ln\u00ed imigraci muslim\u016f z Banglad\u00e9\u0161e vol\u00ed jin\u00fd p\u0159\u00edstup \u2013 uchyluje se k drastick\u00e9mu opat\u0159en\u00ed: do pohrani\u010dn\u00edch vod se sousedem budou vypu\u0161t\u011bni krokod\u00fdli a jedovat\u00ed hadi.<\/span><\/strong><\/p>\n<p><span dir=\"auto\">Indick\u00e1 vl\u00e1da pl\u00e1nuje nasadit smrt\u00edc\u00ed plazy pod\u00e9l nehl\u00eddan\u00fdch \u00fasek\u016f \u0159eky hrani\u010d\u00edc\u00ed s Banglad\u00e9\u0161em, aby kone\u010dn\u011b zastavila p\u0159\u00edliv neleg\u00e1ln\u00edch migrant\u016f z Banglad\u00e9\u0161e. Vysoce postaven\u00fd d\u016fstojn\u00edk pohrani\u010dn\u00ed str\u00e1\u017ee Manoj Barwal\u00a0<\/span><a href=\"https:\/\/www.dawn.com\/news\/1990023\/india-turns-to-crocodiles-for-policing-bd-border\"><span dir=\"auto\">potvrdil<\/span><\/a><span dir=\"auto\"> tiskov\u00e9 agentu\u0159e AFP tento odv\u00e1\u017en\u00fd pl\u00e1n: zv\u00ed\u0159ata budou nasazena jako \u201ebiologick\u00e1 bari\u00e9ra\u201c p\u0159esn\u011b tam, kde nelze postavit fyzick\u00e9 ploty. Barwal to ozna\u010dil za \u201einovativn\u00ed n\u00e1pad\u201c.<\/span><\/p>\n<p><span dir=\"auto\">Intern\u00ed memorandum Indick\u00e9 pohrani\u010dn\u00ed slu\u017eby (BSF) ze dne 26. b\u0159ezna dokazuje, \u017ee jednotky v ter\u00e9nu ji\u017e dostaly pokyn prozkoumat praktickou proveditelnost odstra\u0161uj\u00edc\u00edch prost\u0159edk\u016f na b\u00e1zi zv\u00ed\u0159at z \u201eopera\u010dn\u00edho hlediska\u201c. Rozkaz poch\u00e1z\u00ed z nejvy\u0161\u0161\u00edch m\u00edst a nese podpis ministra vnitra Amita \u0160\u00e1ha, siln\u00e9ho mu\u017ee pro vnit\u0159n\u00ed bezpe\u010dnost a nejbli\u017e\u0161\u00edho d\u016fv\u011brn\u00edka premi\u00e9ra Narendry M\u00f3d\u00edho.<\/span><\/p>\n<figure class=\"wp-block-embed is-type-rich is-provider-twitter wp-block-embed-twitter\">\n<div class=\"wp-block-embed__wrapper\">\n<div class=\"twitter-tweet twitter-tweet-rendered\"><iframe id=\"twitter-widget-0\" class=\"\" title=\"X P\u0159\u00edsp\u011bvek\" src=\"https:\/\/platform.twitter.com\/embed\/Tweet.html?dnt=true&amp;embedId=twitter-widget-0&amp;features=eyJ0ZndfdGltZWxpbmVfbGlzdCI6eyJidWNrZXQiOltdLCJ2ZXJzaW9uIjpudWxsfSwidGZ3X2ZvbGxvd2VyX2NvdW50X3N1bnNldCI6eyJidWNrZXQiOnRydWUsInZlcnNpb24iOm51bGx9LCJ0ZndfdHdlZXRfZWRpdF9iYWNrZW5kIjp7ImJ1Y2tldCI6Im9uIiwidmVyc2lvbiI6bnVsbH0sInRmd19yZWZzcmNfc2Vzc2lvbiI6eyJidWNrZXQiOiJvbiIsInZlcnNpb24iOm51bGx9LCJ0ZndfZm9zbnJfc29mdF9pbnRlcnZlbnRpb25zX2VuYWJsZWQiOnsiYnVja2V0Ijoib24iLCJ2ZXJzaW9uIjpudWxsfSwidGZ3X21peGVkX21lZGlhXzE1ODk3Ijp7ImJ1Y2tldCI6InRyZWF0bWVudCIsInZlcnNpb24iOm51bGx9LCJ0ZndfZXhwZXJpbWVudHNfY29va2llX2V4cGlyYXRpb24iOnsiYnVja2V0IjoxMjA5NjAwLCJ2ZXJzaW9uIjpudWxsfSwidGZ3X3Nob3dfYmlyZHdhdGNoX3Bpdm90c19lbmFibGVkIjp7ImJ1Y2tldCI6Im9uIiwidmVyc2lvbiI6bnVsbH0sInRmd19kdXBsaWNhdGVfc2NyaWJlc190b19zZXR0aW5ncyI6eyJidWNrZXQiOiJvbiIsInZlcnNpb24iOm51bGx9LCJ0ZndfdXNlX3Byb2ZpbGVfaW1hZ2Vfc2hhcGVfZW5hYmxlZCI6eyJidWNrZXQiOiJvbiIsInZlcnNpb24iOm51bGx9LCJ0ZndfdmlkZW9faGxzX2R5bmFtaWNfbWFuaWZlc3RzXzE1MDgyIjp7ImJ1Y2tldCI6InRydWVfYml0cmF0ZSIsInZlcnNpb24iOm51bGx9LCJ0ZndfbGVnYWN5X3RpbWVsaW5lX3N1bnNldCI6eyJidWNrZXQiOnRydWUsInZlcnNpb24iOm51bGx9LCJ0ZndfdHdlZXRfZWRpdF9mcm9udGVuZCI6eyJidWNrZXQiOiJvbiIsInZlcnNpb24iOm51bGx9fQ%3D%3D&amp;frame=false&amp;hideCard=false&amp;hideThread=false&amp;id=2042053625782939874&amp;lang=de&amp;origin=https%3A%2F%2Freport24.news%2Findien-will-offene-grenzen-mit-krokodilen-und-giftschlangen-sichern%2F&amp;sessionId=0316d5c377240c23f9affc8fb190bcc23b98f254&amp;theme=light&amp;widgetsVersion=2615f7e52b7e0%3A1702314776716&amp;width=550px\" frameborder=\"0\" scrolling=\"no\" allowfullscreen=\"allowfullscreen\" data-tweet-id=\"2042053625782939874\" data-mce-fragment=\"1\"><\/iframe><\/div>\n<\/div>\n<\/figure>\n<p><span dir=\"auto\">Hranice mezi Indi\u00ed a Banglad\u00e9\u0161em je no\u010dn\u00ed m\u016frou ka\u017ed\u00e9ho pohrani\u010dn\u00edka: je dlouh\u00e1 p\u0159es 4 000 kilometr\u016f, prot\u00edn\u00e1 ji 54 \u0159ek, nebezpe\u010dn\u00e9 ba\u017einy a mangrovov\u00e9 lesy. P\u0159ibli\u017en\u011b 850 kilometr\u016f je zcela nezabezpe\u010den\u00fdch. V m\u011bkk\u00e9m bahn\u011b a z\u00e1plavov\u00fdch oblastech nelze postavit konven\u010dn\u00ed hrani\u010dn\u00ed za\u0159\u00edzen\u00ed a pevn\u00e9 ploty. Pr\u00e1v\u011b zde, kde i high-tech drony, za\u0159\u00edzen\u00ed pro no\u010dn\u00ed vid\u011bn\u00ed a p\u00e1trac\u00ed psi nar\u00e1\u017eej\u00ed na sv\u00e9 limity, se nyn\u00ed ve vod\u011b maj\u00ed skr\u00fdvat krokod\u00fdli a jedovat\u00ed hadi jako \u017eiv\u00ed pohrani\u010dn\u00edci.<\/span><\/p>\n<p><span dir=\"auto\">Pro vl\u00e1du pod veden\u00edm premi\u00e9ra M\u00f3d\u00edho se boj proti neleg\u00e1ln\u00ed masov\u00e9 imigraci stal ji\u017e d\u00e1vno nejvy\u0161\u0161\u00ed prioritou. Migranti, kte\u0159\u00ed do zem\u011b proud\u00ed bez povolen\u00ed, jsou politiky vl\u00e1dnouc\u00ed strany BJP jednozna\u010dn\u011b ozna\u010dov\u00e1ni za \u201evet\u0159elce\u201c, kte\u0159\u00ed ohro\u017euj\u00ed bezpe\u010dnost a identitu Indie. Tato nekompromisn\u00ed linie se t\u011b\u0161\u00ed obrovsk\u00e9 ve\u0159ejn\u00e9 podpo\u0159e po krvav\u00fdch \u00fatoc\u00edch muslimsk\u00fdch terorist\u016f. Teprve v dubnu lo\u0148sk\u00e9ho roku bylo v Ka\u0161m\u00edru p\u0159i brut\u00e1ln\u00edm \u00fatoku na hinduistick\u00e9 turisty zmasakrov\u00e1no 26 lid\u00ed \u2013 M\u00f3d\u00ed n\u00e1sledn\u011b ozn\u00e1mil ne\u00faprosn\u00e9 z\u00e1sahy.<\/span><\/p>\n<figure class=\"wp-block-embed is-type-rich is-provider-twitter wp-block-embed-twitter\">\n<div class=\"wp-block-embed__wrapper\">\n<div class=\"twitter-tweet twitter-tweet-rendered\"><iframe id=\"twitter-widget-1\" class=\"\" title=\"X P\u0159\u00edsp\u011bvek\" src=\"https:\/\/platform.twitter.com\/embed\/Tweet.html?dnt=true&amp;embedId=twitter-widget-1&amp;features=eyJ0ZndfdGltZWxpbmVfbGlzdCI6eyJidWNrZXQiOltdLCJ2ZXJzaW9uIjpudWxsfSwidGZ3X2ZvbGxvd2VyX2NvdW50X3N1bnNldCI6eyJidWNrZXQiOnRydWUsInZlcnNpb24iOm51bGx9LCJ0ZndfdHdlZXRfZWRpdF9iYWNrZW5kIjp7ImJ1Y2tldCI6Im9uIiwidmVyc2lvbiI6bnVsbH0sInRmd19yZWZzcmNfc2Vzc2lvbiI6eyJidWNrZXQiOiJvbiIsInZlcnNpb24iOm51bGx9LCJ0ZndfZm9zbnJfc29mdF9pbnRlcnZlbnRpb25zX2VuYWJsZWQiOnsiYnVja2V0Ijoib24iLCJ2ZXJzaW9uIjpudWxsfSwidGZ3X21peGVkX21lZGlhXzE1ODk3Ijp7ImJ1Y2tldCI6InRyZWF0bWVudCIsInZlcnNpb24iOm51bGx9LCJ0ZndfZXhwZXJpbWVudHNfY29va2llX2V4cGlyYXRpb24iOnsiYnVja2V0IjoxMjA5NjAwLCJ2ZXJzaW9uIjpudWxsfSwidGZ3X3Nob3dfYmlyZHdhdGNoX3Bpdm90c19lbmFibGVkIjp7ImJ1Y2tldCI6Im9uIiwidmVyc2lvbiI6bnVsbH0sInRmd19kdXBsaWNhdGVfc2NyaWJlc190b19zZXR0aW5ncyI6eyJidWNrZXQiOiJvbiIsInZlcnNpb24iOm51bGx9LCJ0ZndfdXNlX3Byb2ZpbGVfaW1hZ2Vfc2hhcGVfZW5hYmxlZCI6eyJidWNrZXQiOiJvbiIsInZlcnNpb24iOm51bGx9LCJ0ZndfdmlkZW9faGxzX2R5bmFtaWNfbWFuaWZlc3RzXzE1MDgyIjp7ImJ1Y2tldCI6InRydWVfYml0cmF0ZSIsInZlcnNpb24iOm51bGx9LCJ0ZndfbGVnYWN5X3RpbWVsaW5lX3N1bnNldCI6eyJidWNrZXQiOnRydWUsInZlcnNpb24iOm51bGx9LCJ0ZndfdHdlZXRfZWRpdF9mcm9udGVuZCI6eyJidWNrZXQiOiJvbiIsInZlcnNpb24iOm51bGx9fQ%3D%3D&amp;frame=false&amp;hideCard=false&amp;hideThread=false&amp;id=2041227217695396282&amp;lang=de&amp;origin=https%3A%2F%2Freport24.news%2Findien-will-offene-grenzen-mit-krokodilen-und-giftschlangen-sichern%2F&amp;sessionId=0316d5c377240c23f9affc8fb190bcc23b98f254&amp;theme=light&amp;widgetsVersion=2615f7e52b7e0%3A1702314776716&amp;width=550px\" frameborder=\"0\" scrolling=\"no\" allowfullscreen=\"allowfullscreen\" data-tweet-id=\"2041227217695396282\" data-mce-fragment=\"1\"><\/iframe><\/div>\n<\/div>\n<\/figure>\n<p><span dir=\"auto\">Zat\u00edmco vl\u00e1da pl\u00e1nuje uzav\u0159\u00edt hranice, takzvan\u00e9 organizace pro lidsk\u00e1 pr\u00e1va se op\u011bt bou\u0159\u00ed. Obvi\u0148uj\u00ed Indii ze systematick\u00e9 diskriminace muslim\u016f a z toho, \u017ee neleg\u00e1ln\u00ed migranty jednodu\u0161e slep\u011b nech\u00e1v\u00e1 v d\u017eungli bez \u0159\u00e1dn\u00e9ho procesu. Nov\u00e9 Dill\u00ed v\u0161ak chce muslim\u016fm v Banglad\u00e9\u0161i d\u00e1t jasn\u011b najevo, \u017ee pro n\u011b v zemi jako neleg\u00e1ln\u00ed imigranti nen\u00ed budoucnost. Koneckonc\u016f, s muslimy, kte\u0159\u00ed v Indii \u017eij\u00ed, je u\u017e tak dost probl\u00e9m\u016f.<\/span><\/p>\n<p><img decoding=\"async\" loading=\"lazy\" class=\"alignnone size-full wp-image-1185\" src=\"http:\/\/www.infokuryr.cz\/n\/wp-content\/uploads\/2021\/04\/kuryr-podpis.png\" alt=\"\" width=\"84\" height=\"24\" \/><\/p>\n<p>&nbsp;<\/p>\n","protected":false},"excerpt":{"rendered":"<p>Indie nyn\u00ed v boji proti prob\u00edhaj\u00edc\u00ed neleg\u00e1ln\u00ed imigraci muslim\u016f z Banglad\u00e9\u0161e vol\u00ed jin\u00fd p\u0159\u00edstup \u2013&#8230;<\/p>\n","protected":false},"author":2,"featured_media":104237,"comment_status":"closed","ping_status":"closed","sticky":false,"template":"","format":"standard","meta":[],"categories":[7],"tags":[804,79,637],"_links":{"self":[{"href":"https:\/\/www.infokuryr.cz\/n\/wp-json\/wp\/v2\/posts\/104236"}],"collection":[{"href":"https:\/\/www.infokuryr.cz\/n\/wp-json\/wp\/v2\/posts"}],"about":[{"href":"https:\/\/www.infokuryr.cz\/n\/wp-json\/wp\/v2\/types\/post"}],"author":[{"embeddable":true,"href":"https:\/\/www.infokuryr.cz\/n\/wp-json\/wp\/v2\/users\/2"}],"replies":[{"embeddable":true,"href":"https:\/\/www.infokuryr.cz\/n\/wp-json\/wp\/v2\/comments?post=104236"}],"version-history":[{"count":0,"href":"https:\/\/www.infokuryr.cz\/n\/wp-json\/wp\/v2\/posts\/104236\/revisions"}],"wp:featuredmedia":[{"embeddable":true,"href":"https:\/\/www.infokuryr.cz\/n\/wp-json\/wp\/v2\/media\/104237"}],"wp:attachment":[{"href":"https:\/\/www.infokuryr.cz\/n\/wp-json\/wp\/v2\/media?parent=104236"}],"wp:term":[{"taxonomy":"category","embeddable":true,"href":"https:\/\/www.infokuryr.cz\/n\/wp-json\/wp\/v2\/categories?post=104236"},{"taxonomy":"post_tag","embeddable":true,"href":"https:\/\/www.infokuryr.cz\/n\/wp-json\/wp\/v2\/tags?post=104236"}],"curies":[{"name":"wp","href":"https:\/\/api.w.org\/{rel}","templated":true}]}}