{"id":104234,"date":"2026-04-11T00:13:10","date_gmt":"2026-04-10T22:13:10","guid":{"rendered":"https:\/\/www.infokuryr.cz\/n\/?p=104234"},"modified":"2026-04-10T11:09:43","modified_gmt":"2026-04-10T09:09:43","slug":"nizozemsky-soud-zamitl-odvolani-v-pripadu-proti-billu-gatesovi-a-generalnimu-rediteli-spolecnosti-pfizer-albertu-bourlovi-hlavni-slyseni-je-naplanovano-na-rijen","status":"publish","type":"post","link":"https:\/\/www.infokuryr.cz\/n\/2026\/04\/11\/nizozemsky-soud-zamitl-odvolani-v-pripadu-proti-billu-gatesovi-a-generalnimu-rediteli-spolecnosti-pfizer-albertu-bourlovi-hlavni-slyseni-je-naplanovano-na-rijen\/","title":{"rendered":"Nizozemsk\u00fd soud zam\u00edtl odvol\u00e1n\u00ed v p\u0159\u00edpadu proti Billu Gatesovi a gener\u00e1ln\u00edmu \u0159editeli spole\u010dnosti Pfizer Albertu Bourlovi \u2013 hlavn\u00ed sly\u0161en\u00ed je napl\u00e1nov\u00e1no na \u0159\u00edjen"},"content":{"rendered":"<div id=\"fb-root\"><\/div>\n<div class=\"elementor-element elementor-element-1fb4c2c elementor-widget elementor-widget-theme-post-content\" data-id=\"1fb4c2c\" data-element_type=\"widget\" data-e-type=\"widget\" data-widget_type=\"theme-post-content.default\">\n<div class=\"elementor-widget-container\">\n<p><strong><span dir=\"auto\">Nizozemsk\u00fd soud zam\u00edtl odvol\u00e1n\u00ed \u2013 kl\u00ed\u010dov\u00e9 ot\u00e1zky z\u016fst\u00e1vaj\u00ed neprozkouman\u00e9<\/span><\/strong><\/p>\n<p><span dir=\"auto\">Odvolac\u00ed soud v Amsterdamu zam\u00edtl odvol\u00e1n\u00ed v p\u0159\u00edpadu t\u00fdkaj\u00edc\u00edm se vakc\u00edn proti covidu-19 jako nep\u0159\u00edpustn\u00e9, \u010d\u00edm\u017e zabr\u00e1nil v\u011bcn\u00e9mu p\u0159ezkumu obvin\u011bn\u00ed. Soud se zam\u011b\u0159il v\u00fdhradn\u011b na procesn\u00ed ot\u00e1zky a potvrdil rozhodnut\u00ed ni\u017e\u0161\u00edho soudu, ani\u017e by se zab\u00fdval meritorit p\u0159\u00edpadu.<\/span><\/p>\n<p><span dir=\"auto\">Hlavn\u00ed ot\u00e1zkou byla akreditace expert\u016f a mo\u017enost p\u0159ezkoum\u00e1n\u00ed z\u00e1sadn\u00edch ot\u00e1zek t\u00fdkaj\u00edc\u00edch se bezpe\u010dnosti a klasifikace injekc\u00ed proti covidu-19 u soudu. K tomuto p\u0159ezkumu prozat\u00edm nedojde. Kritici to vn\u00edmaj\u00ed jako struktur\u00e1ln\u00ed probl\u00e9m: \u0159\u00edzen\u00ed s politicky a spole\u010densky citliv\u00fdm obsahem nejsou rozhodov\u00e1na ve v\u011bci sam\u00e9, ale jsou blokov\u00e1na form\u00e1ln\u00edmi p\u0159ek\u00e1\u017ekami.<\/span><\/p>\n<figure class=\"wp-block-image aligncenter size-large is-resized\"><img decoding=\"async\" loading=\"lazy\" class=\"aligncenter\" src=\"https:\/\/substackcdn.com\/image\/fetch\/$s_!jgbG!,w_1456,c_limit,f_webp,q_auto:good,fl_progressive:steep\/https%3A%2F%2Fsubstack-post-media.s3.amazonaws.com%2Fpublic%2Fimages%2F6ead1af2-db51-43f1-bad8-22d23335b3cd_795x1578.png\" alt=\"\" width=\"619\" height=\"1229\" \/><\/figure>\n<p><span dir=\"auto\">Tato tiskov\u00e1 zpr\u00e1va jasn\u011b uv\u00e1d\u00ed, \u017ee \u017ealobci vzn\u00e1\u0161ej\u00ed dalekos\u00e1hl\u00e1 obvin\u011bn\u00ed a po\u017eaduj\u00ed komplexn\u00ed p\u0159ezkoum\u00e1n\u00ed d\u016fkaz\u016f. Bez ohledu na v\u011bcn\u00e9 posouzen\u00ed t\u011bchto obvin\u011bn\u00ed je t\u0159eba poznamenat, \u017ee dosud chyb\u00ed soudn\u00ed rozhodnut\u00ed. To vytv\u00e1\u0159\u00ed propast mezi ve\u0159ejnou debatou a soudn\u00edm \u0159\u00edzen\u00edm.<\/span><\/p>\n<p><span dir=\"auto\">Je tak\u00e9 pozoruhodn\u00e9, \u017ee soud v\u00fdslovn\u011b nevid\u011bl d\u016fvod zpochyb\u0148ovat rozhodnut\u00ed ni\u017e\u0161\u00edho soudu. To vyvol\u00e1v\u00e1 z\u00e1sadn\u00ed ot\u00e1zku, do jak\u00e9 m\u00edry jsou soudy v\u016fbec ochotny p\u0159ipustit, aby se u soudu projedn\u00e1vala kontroverzn\u00ed nebo politicky nabit\u00e1 t\u00e9mata.<\/span><\/p>\n<p><span dir=\"auto\">Z\u00e1rove\u0148 tento p\u0159\u00edpad ukazuje, jak siln\u011b je v\u00fdsledek takov\u00e9ho \u0159\u00edzen\u00ed ji\u017e ovlivn\u011bn procesn\u00edmi rozhodnut\u00edmi. Pokud je omezena p\u0159\u00edpustnost kl\u00ed\u010dov\u00fdch d\u016fkaz\u016f nebo znalc\u016f, komplexn\u00ed vy\u0161et\u0159ov\u00e1n\u00ed se st\u00e1v\u00e1 prakticky nemo\u017en\u00fdm.<\/span><\/p>\n<p><span dir=\"auto\">\u0158\u00edzen\u00ed je\u0161t\u011b nen\u00ed ukon\u010deno, ale sp\u00ed\u0161e se p\u0159esouv\u00e1 do samostatn\u00e9ho hlavn\u00edho l\u00ed\u010den\u00ed, v n\u011bm\u017e budou projedn\u00e1ny v\u011bcn\u00e9 ot\u00e1zky. Zda to skute\u010dn\u011b povede k \u00fapln\u00e9mu a otev\u0159en\u00e9mu projedn\u00e1n\u00ed, se teprve uvid\u00ed.<\/span><\/p>\n<p><span dir=\"auto\">Tento p\u0159\u00edpad je p\u0159\u00edkladem v\u00fdvoje, v n\u011bm\u017e pr\u00e1vn\u00ed rozhodnut\u00ed st\u00e1le v\u00edce definuj\u00ed r\u00e1mec toho, co lze v\u016fbec vyjedn\u00e1vat \u2013 a t\u00edm nep\u0159\u00edmo i to, kter\u00e9 ot\u00e1zky z\u016fst\u00e1vaj\u00ed nezodpov\u011bzeny.<\/span><\/p>\n<\/div>\n<\/div>\n<div class=\"elementor-element elementor-element-8c57238 quelle dc-has-condition dc-condition-empty elementor-widget elementor-widget-heading\" data-id=\"8c57238\" data-element_type=\"widget\" data-e-type=\"widget\" data-widget_type=\"heading.default\">\n<div class=\"elementor-widget-container\">\n<h3 class=\"elementor-heading-title elementor-size-default\"><span style=\"font-size: 10pt;\"><a href=\"https:\/\/www.josephsansone.com\/p\/breaking-netherlands-court-dismissed?utm_source=post-email-title&amp;publication_id=1021940&amp;post_id=193693451&amp;utm_campaign=email-post-title&amp;isFreemail=false&amp;r=pf6gr&amp;triedRedirect=true&amp;utm_medium=email\" target=\"_blank\" rel=\"nofollow noopener\"><span dir=\"auto\">Zdroj<\/span><\/a><\/span><\/h3>\n<p>&nbsp;<\/p>\n<\/div>\n<\/div>\n","protected":false},"excerpt":{"rendered":"<p>Nizozemsk\u00fd soud zam\u00edtl odvol\u00e1n\u00ed \u2013 kl\u00ed\u010dov\u00e9 ot\u00e1zky z\u016fst\u00e1vaj\u00ed neprozkouman\u00e9 Odvolac\u00ed soud v Amsterdamu zam\u00edtl odvol\u00e1n\u00ed&#8230;<\/p>\n","protected":false},"author":2,"featured_media":74690,"comment_status":"closed","ping_status":"closed","sticky":false,"template":"","format":"standard","meta":[],"categories":[7],"tags":[511,8446,781,324,651],"_links":{"self":[{"href":"https:\/\/www.infokuryr.cz\/n\/wp-json\/wp\/v2\/posts\/104234"}],"collection":[{"href":"https:\/\/www.infokuryr.cz\/n\/wp-json\/wp\/v2\/posts"}],"about":[{"href":"https:\/\/www.infokuryr.cz\/n\/wp-json\/wp\/v2\/types\/post"}],"author":[{"embeddable":true,"href":"https:\/\/www.infokuryr.cz\/n\/wp-json\/wp\/v2\/users\/2"}],"replies":[{"embeddable":true,"href":"https:\/\/www.infokuryr.cz\/n\/wp-json\/wp\/v2\/comments?post=104234"}],"version-history":[{"count":0,"href":"https:\/\/www.infokuryr.cz\/n\/wp-json\/wp\/v2\/posts\/104234\/revisions"}],"wp:featuredmedia":[{"embeddable":true,"href":"https:\/\/www.infokuryr.cz\/n\/wp-json\/wp\/v2\/media\/74690"}],"wp:attachment":[{"href":"https:\/\/www.infokuryr.cz\/n\/wp-json\/wp\/v2\/media?parent=104234"}],"wp:term":[{"taxonomy":"category","embeddable":true,"href":"https:\/\/www.infokuryr.cz\/n\/wp-json\/wp\/v2\/categories?post=104234"},{"taxonomy":"post_tag","embeddable":true,"href":"https:\/\/www.infokuryr.cz\/n\/wp-json\/wp\/v2\/tags?post=104234"}],"curies":[{"name":"wp","href":"https:\/\/api.w.org\/{rel}","templated":true}]}}