{"id":10423,"date":"2022-05-09T15:36:50","date_gmt":"2022-05-09T13:36:50","guid":{"rendered":"http:\/\/www.infokuryr.cz\/n\/?p=10423"},"modified":"2022-05-09T16:38:37","modified_gmt":"2022-05-09T14:38:37","slug":"nedelnik-adama-b-bartose-86-zase-jsme-v-necem-nejlepsi-ale-bude-to-stacit","status":"publish","type":"post","link":"https:\/\/www.infokuryr.cz\/n\/2022\/05\/09\/nedelnik-adama-b-bartose-86-zase-jsme-v-necem-nejlepsi-ale-bude-to-stacit\/","title":{"rendered":"NED\u011aLN\u00cdK ADAMA B. BARTO\u0160E (86): ZASE JSME V N\u011a\u010cEM NEJLEP\u0160\u00cd. ALE BUDE TO STA\u010cIT?"},"content":{"rendered":"<div id=\"fb-root\"><\/div>\n<p>V minul\u00e9m ned\u011bln\u00edku jsem v nads\u00e1zce napsal, \u017ee vl\u00e1da si o sob\u011b ur\u010dit\u011b mysl\u00ed, \u017ee je\u00a0<em>\u201ebest in gas\u201c<\/em>. Ne \u017ee by to o sob\u011b tvrdila, ale chov\u00e1 se tak \u2013 uprost\u0159ed nejv\u011bt\u0161\u00ed plynov\u00e9 krize se tv\u00e1\u0159\u00ed, \u017ee se nic ned\u011bje, plynu bude f\u016fra, plyn bude, zdroje jsou\u2026 Parafr\u00e1zoval jsem t\u00edm Babi\u0161ovo heslo\u00a0<em>\u201ebest in covid\u201c<\/em>, kter\u00fdm se zase tehdej\u0161\u00ed premi\u00e9r chlubil, jak \u010cesko zvl\u00e1d\u00e1 covidovou krizi, aby se p\u00e1r t\u00fddn\u016f na to stalo \u201enejhor\u0161\u00edm v covidu\u201c na sv\u011bte. Inu, vl\u00e1dy to takto maj\u00ed \u2013 v\u017edy maj\u00ed pot\u0159ebu se prsit, \u017ee jsou v n\u011b\u010dem dobr\u00e9, zpravidla pr\u00e1v\u011b ve chv\u00edli, kdy jsou v tom nejhor\u0161\u00ed, kdy\u017e jsou na tom nejh\u016f\u0159e. V takov\u00e9m p\u0159\u00edpad\u011b jen zm\u011bn\u00ed znam\u00e9nko a z nouze ud\u011blaj\u00ed ctnost.<span id=\"more-13021\"><\/span><\/p>\n<p>Jen\u017ee to jsem je\u0161t\u011b nev\u011bd\u011bl, \u017ee minul\u00fd t\u00fdden se h\u0148upova vl\u00e1da pochlubila, \u017ee jsme\u00a0<em>\u201ebest in refugees\u201c<\/em>, \u010dili\u00a0<a href=\"https:\/\/www.idnes.cz\/zpravy\/domaci\/premier-uprchlici-valka.A220503_184515_domaci_wes\" target=\"_blank\" rel=\"noopener\"><strong>\u201enejlep\u0161\u00ed v uprchl\u00edc\u00edch\u201c<\/strong><\/a>. To se tedy m\u00e1me \u010d\u00edm chlubit. Jestli to takto p\u016fjde d\u00e1l, boj\u00edm se, abychom nebyli \u201enejlep\u0161\u00ed v uprchl\u00edc\u00edch\u201c, ale jen v trochu jin\u00e9m smyslu \u2013 \u017ee \u010ce\u0161i hromadn\u011b uprchnou z \u010cesk\u00e9 republiky, podob\u011b jako Ukrajinci prchaj\u00ed u\u017e desetilet\u00ed z Ukrajiny. K ukrajinizaci (zchudnut\u00ed) na\u0161\u00ed zem\u011b m\u00e1me toti\u017e po\u0159\u00e1dn\u011b na\u0161l\u00e1pnuto, skoro by se dalo \u0159\u00edci, \u017ee jsme \u201e<em>best in ukrainianization<\/em>\u201c (nejlep\u0161\u00ed v ukrajinizaci). Ceny pohonn\u00fdch hmot, energi\u00ed \u010di potravin let\u00ed strm\u011b vzh\u016fru, a\u017e se n\u00e1m prot\u00e1\u010dej\u00ed panenky, vl\u00e1da Ukrajinc\u016fm rozd\u00e1v\u00e1 \u0161t\u011bdr\u00e9 soci\u00e1ln\u00ed d\u00e1vky, alternativn\u00ed m\u00e9dia jsou zak\u00e1z\u00e1na a m\u00edt jin\u00fd n\u00e1zor na Ukrajinu ne\u017e vl\u00e1da je t\u00e9m\u011b\u0159 trestn\u00fdm \u010dinem. M\u00e9dia vys\u00edlaj\u00ed v ukrajin\u0161tin\u011b, banky jdou do ruku ukrajinsk\u00fdm zbohatl\u00edk\u016fm a o t\u011bch fangl\u00edch jsem tu u\u017e psal, tak\u017ee \u0161koda mluvit. U\u017e tu chyb\u00ed snad jen ta pov\u011bstn\u00e1 ukrajinsk\u00e1 korupce, ale ta m\u016f\u017ee p\u0159ij\u00edt co nevid\u011bt \u2013 jednak si ji uprchl\u00edci p\u0159in\u00e1\u0161ej\u00ed s sebou ve sv\u00e9 mentalit\u011b a druhak za chv\u00edli bude v\u0161e tak drah\u00e9 a tolik v\u011bc\u00ed bude chyb\u011bt, \u017ee bez po\u0159\u00e1dn\u00e9ho \u00faplatku kdejak\u00e9mu \u00fa\u0159edn\u00edkovi si ani ne\u0161krtneme\u2026<\/p>\n<p>Kdy\u017e jsme u t\u011bch d\u00e1vek. Asi aby to nevypadalo tak blb\u011b, vl\u00e1da rozhodla, \u017ee i my, \u010ce\u0161i, n\u011bco dostaneme. Jednor\u00e1zov\u00fd p\u0159\u00edsp\u011bvek 5000 korun na ka\u017ed\u00e9 d\u00edt\u011b pro dom\u00e1cnosti s p\u0159\u00edjmem do jednoho milionu \u010dist\u00e9ho za rok. Jen\u017ee h\u0148upova vl\u00e1da je vl\u00e1da diletant\u016f, kde si dokonce pletou \u010distou a hrubou mzdu (samoz\u0159ejm\u011b, \u017ee nepletou, ale i to, \u017ee si to neum\u011bj\u00ed spo\u010d\u00edtat napoprv\u00e9, ukazuje, jac\u00ed jsou to b\u0159\u00eddilov\u00e9).<\/p>\n<p>Jure\u010dka (podle kter\u00e9ho bychom m\u00edsto rusk\u00fdm plynem\u00a0<a href=\"https:\/\/www.idnes.cz\/zpravy\/domaci\/marian-jurecka-rusko-plyn-energie-eu-kravske-hovno-biometan.A220427_154703_domaci_ihav\" target=\"_blank\" rel=\"noopener\"><em><strong>m\u011bli topit kravsk\u00fdm hovnem<\/strong><\/em><\/a>) ze sebe musel ud\u011blat je\u0161t\u011b v\u011bt\u0161\u00edho hlup\u00e1ka ne\u017e je a ozn\u00e1mit to ve\u0159ejn\u011b. Vl\u00e1da se tak trapn\u011b vyvl\u00e9kla ze sv\u00e9ho vlastn\u00edho slibu a rozd\u00e1 v\u0161imn\u00e9 jen n\u011bkomu. Ale \u010dert to vem \u2013 stejn\u011b je to ve srovn\u00e1n\u00ed s Ukrajinci v\u00fdsm\u011bch. Zat\u00edmco pro \u010cechy je to jednor\u00e1zov\u00e1 d\u00e1vka 5000 K\u010d na d\u00edt\u011b, ukrajinsk\u00fd uprchl\u00edk t\u011bch 5000 K\u010d bude dost\u00e1vat ka\u017ed\u00fd m\u011bs\u00edc. A bez n\u011bjak\u00fdch \u00fa\u0159edn\u00edch opl\u00e9ta\u010dek. U\u017e jsme se dozv\u011bd\u011bli, \u017ee se v\u0161e m\u00e1 v\u00fdhledov\u011b \u0159e\u0161it elektronicky (<a href=\"https:\/\/newsbox.cz\/zpravy\/mpsv-chce-aby-uprchlici-do-dvou-mesicu-o-davky-zadali-jen-elektronicky-d58wf73i\" target=\"_blank\" rel=\"noopener\"><em><strong>\u00fadajn\u011b proto, aby nebyly fronty<\/strong><\/em><\/a>), tak\u017ee zat\u00edmco \u010cech mus\u00ed chodit osobn\u011b na \u00fa\u0159ad pr\u00e1ce a podstupovat tam nep\u0159\u00edjemn\u00e9 a \u010dasto i poni\u017euj\u00edc\u00ed jedn\u00e1n\u00ed, Ukrajinec si z\u0159ejm\u011b jen klikne a sv\u00fdch p\u011bt tis\u00edc m\u00e1 jist\u00fdch. A j\u00e1 se pt\u00e1m \u2013 budou muset b\u00fdt v\u016fbec fyzicky p\u0159\u00edtomn\u00ed na \u00fazem\u00ed \u010cR? V\u0161ak se tak\u00e9 ned\u00e1vno\u00a0<a href=\"https:\/\/www.seznamzpravy.cz\/clanek\/ekonomika-firmy-autobusy-zpet-na-ukrajinu-jsou-plne-lide-cestuji-az-do-kyjeva-199678\" target=\"_blank\" rel=\"noopener\"><em><strong>dost Ukrajinc\u016f na velikono\u010dn\u00ed sv\u00e1tky k p\u0159ekvapen\u00ed n\u00e1s v\u0161ech vr\u00e1tilo na Ukrajinu<\/strong><\/em><\/a>\u00a0(tak bojuje se tam, nebo ne?). Budou d\u00e1vky pob\u00edrat i tam? M\u00e1 to vl\u00e1da n\u011bjak o\u0161et\u0159en\u00e9, aby je nepob\u00edrali i na Ukrajin\u011b? Proto\u017ee nebylo by nic d\u011bsiv\u011bj\u0161\u00edho, ne\u017e abychom my tu d\u0159eli na d\u00e1vky, kter\u00fdmi by si Ukrajinci doma na Ukrajin\u011b p\u0159ilep\u0161ovali. Ne\u0159\u00edk\u00e1m, \u017ee to tak je, ale pt\u00e1m se \u2013 pokud chce vl\u00e1da pomoc uprchl\u00edk\u016fm digitalizovat, aby se \u201evyhnula front\u00e1m\u201c a vym\u00fd\u0161l\u00ed za t\u00edm \u00fa\u010delem r\u016fzn\u00e9 digit\u00e1ln\u00ed kl\u00ed\u010de a bankovn\u00ed identity, jak zajist\u00ed, aby toho nebylo zneu\u017e\u00edv\u00e1no? Jak zajist\u00ed, aby Ukrajinci d\u00e1vky nepob\u00edrali na Ukrajin\u011b \u2013 my\u0161leno tak, aby si nevyjeli do \u010cR pro n\u00e1rok na d\u00e1vky a pak se zase nevr\u00e1tili dom\u016f, kde si jimi budou vylep\u0161ovat sv\u016fj rozpo\u010det?<\/p>\n<p>Tak\u017ee jsme \u201enejlep\u0161\u00ed v uprchl\u00edc\u00edch\u201c. Tak to je bomba. To pohlad\u00ed na du\u0161i. To si d\u00e1m za r\u00e1me\u010dek. S t\u00edm budu ve\u010der us\u00ednat a r\u00e1no se probouzet \u2013 jak je na\u0161e vl\u00e1da skv\u011bl\u00e1. Nen\u00ed schopn\u00e1 zajistit n\u00e1m z\u00e1kladn\u00ed pot\u0159eby, nen\u00ed schopn\u00e1 udr\u017eet dosavadn\u00ed \u017eivotn\u00ed standard (nato\u017e ho garantovat do budoucna), ale hlavn\u011b, \u017ee se m\u016f\u017eeme pochlubit t\u00edm, kolik jsme dovezli Ukrajinc\u016f a co v\u0161e jsme jim zadarmo (a na \u00fakor n\u00e1s samotn\u00fdch) dali. A jak jsme to v\u0161e organiza\u010dn\u011b zvl\u00e1dli.<\/p>\n<p>O ukrajinsk\u00fdch Cik\u00e1nech ani nemluv\u011b \u2013 i pro vl\u00e1du je to delik\u00e1tn\u00ed probl\u00e9m, proto\u017ee nev\u00ed, kam s nimi. A tak se rad\u00ed s kraji a kraje jsou p\u0159ekvapen\u00e9, kdy\u017e jim vl\u00e1da chce ukrajinsk\u00e9 Cik\u00e1ny p\u0159id\u011blit do n\u011bjak\u00e9ho st\u00e1tem vlastn\u011bn\u00e9ho objektu, proto\u017ee t\u00edm starost p\u0159esune na bedra kraje a mysl\u00ed si, \u017ee t\u00edm je hotovo. Jen\u017ee\u00a0<a href=\"https:\/\/www.idnes.cz\/zpravy\/domaci\/urad-ubytovatel-rom-uprchlik-ukrajina-rusko-valka-cesko-pomoc-vlada-migrace.A220505_134617_domaci_lisv\" target=\"_blank\" rel=\"noopener\"><em><strong>kraje<\/strong><\/em><\/a>\u00a0a\u00a0<a href=\"https:\/\/www.idnes.cz\/zpravy\/domaci\/romove-uprchlici-ukrajina-invaze-rusko-odmitani-obce.A220428_210053_domaci_lisv\" target=\"_blank\" rel=\"noopener\"><em><strong>obce<\/strong><\/em><\/a>\u00a0to odm\u00edtaj\u00ed. A Cik\u00e1ni samotn\u00ed maj\u00ed rovn\u011b\u017e sv\u00e9 p\u0159edstavy o bydlen\u00ed \u2013 navrhovan\u00e9 se jim nel\u00edb\u00ed, tak t\u00e1bo\u0159\u00ed nap\u0159\u00edklad\u00a0<a href=\"https:\/\/www.idnes.cz\/brno\/zpravy\/uprchlici-romove-valka-ukrajina-brno-nadrazi.A220502_145258_brno-zpravy_zubr\" target=\"_blank\" rel=\"noopener\"><em><strong>v Brn\u011b u n\u00e1dra\u017e\u00ed<\/strong><\/em><\/a>. A \u010de\u0161t\u00ed Cik\u00e1ni se nov\u011b p\u0159\u00edchoz\u00edch tak\u00e9\u00a0<a href=\"https:\/\/www.idnes.cz\/zpravy\/domaci\/romove-uprchlici-ukrajina-ubytovani-integrace-socialni-stigma.A220504_101405_domaci_wass\" target=\"_blank\" rel=\"noopener\"><em><strong>ob\u00e1vaj\u00ed<\/strong><\/em><\/a>\u00a0\u2013 \u017ee se pr\u00fd prohloub\u00ed jejich spole\u010densk\u00e9 stigma. Naopak tato p\u011btadvacetilet\u00e1 rodina z Ukrajiny se rasismu neboj\u00ed a\u00a0<a href=\"https:\/\/cnn.iprima.cz\/petadvaceticlenna-romska-rodina-z-kyjeva-chce-zustat-v-cesku-navzdy-rasismu-se-neboji-90278\" target=\"_blank\" rel=\"noopener\"><em><strong>pr\u00fd tu pl\u00e1nuje z\u016fstat nav\u017edy<\/strong><\/em><\/a>. Tak jo. P\u0159esn\u011b tohle jsme pot\u0159ebovali. Sl\u00e1va Ukraj\u00edn\u011b \u2013 Sl\u00e1va gerojovi Fial\u00f3vi\u2026<\/p>\n<p>Do toho v\u0161eho nep\u0159est\u00e1v\u00e1 ta otravn\u00e1 propaganda, kdy Ukrajinci ka\u017ed\u00fd den v\u00edt\u011bz\u00ed a co Rus, to zr\u016fda. A Putin je snad je\u0161t\u011b hor\u0161\u00ed ne\u017e Hitler. Jak podotkl jeden m\u016fj zn\u00e1m\u00fd: \u201eTen Putin je fakt bezskrupul\u00f3zn\u011b agresivn\u00ed politik. V\u0161ichni snad vn\u00edm\u00e1me, jak u\u017e v\u00edce ne\u017e 20 let rok co rok trvale p\u0159ibli\u017euje Moskvu evropsk\u00fdm z\u00e1kladn\u00e1m NATO.\u201c<\/p>\n<p>Ale dost vt\u00edpk\u016f. Putin m\u00e1 tu sm\u016flu, \u017ee kon\u010d\u00ed na \u201e-in\u201c, podobn\u011b jako Stalin. A t\u00edm je to dan\u00e9. Ale co oby\u010dejn\u00ed Rusov\u00e9? Pro\u010d oni by m\u011bli trp\u011bt za to, co \u010din\u00ed jejich prezident? A p\u0159esto se tak d\u011bje. Nen\u00ed to rasismus? Nen\u00ed to nen\u00e1vist v\u016f\u010di n\u00e1rodu, skupin\u011b osob? Nen\u00ed to hanoben\u00ed? Co d\u011blaj\u00ed v\u0161ichni ti st\u00e1tn\u00ed z\u00e1stupci, eurokomisa\u0159ky a dal\u0161\u00ed individua, kter\u00e1 m\u011bla uplynul\u00e9 roky plnou hubu boje proti p\u0159edsude\u010dn\u00e9 nen\u00e1visti? Jen\u017ee vyz\u00fdvat k vra\u017ed\u011b Rusy je podle facebooku mo\u017en\u00e9 a\u00a0<a href=\"https:\/\/www.idnes.cz\/zpravy\/zahranicni\/ukrajina-rusko-vakarcuk-kolesnikov-kolektivni-vina-odpovednost.A220413_142126_zahranicni_aha?zdroj=otvirak\" target=\"_blank\" rel=\"noopener\"><em><strong>dokonce se mluv\u00ed i o kolektivn\u00ed vin\u011b Rus\u016f<\/strong><\/em><\/a>\u00a0\u2013 jako\u017ee ka\u017ed\u00fd Rus je automaticky vinen t\u00edm, \u017ee je Rus a te\u010dka. Proto\u017ee si zvolili Putina.<\/p>\n<p>P\u0159itom n\u00e1m t\u0159icet let vtloukaj\u00ed do hlav, jak\u00e9 bylo uvalen\u00ed kolektivn\u00ed viny na N\u011bmce po druh\u00e9 sv\u011btov\u00e9 v\u00e1lce z na\u0161\u00ed strany ohromn\u00fdm proh\u0159e\u0161kem, za kter\u00fd se m\u00e1me neust\u00e1le pon\u00ed\u017een\u011b omlouvat a prosit o odpu\u0161t\u011bn\u00ed. Ale logiku v tom nehledejte. Pomn\u00edky rusk\u00fdch gener\u00e1l\u016f se mohou bourat, pomn\u00edky osvoboditel\u016f se mohou prznit. Rusk\u00e9 tanky se mohou nat\u00edrat na r\u016f\u017eovo. Ale kdy\u017e n\u011bkdo nat\u0159e na r\u016f\u017eovo n\u011bmeck\u00fd k\u0159\u00ed\u017e,\u00a0<a href=\"https:\/\/www.idnes.cz\/liberec\/zpravy\/korenov-stepanka-sprej-ruzova-barva-svastika-kriz.A220418_151639_liberec-zpravy_jape\" target=\"_blank\" rel=\"noopener\"><em><strong>je ohe\u0148 na st\u0159e\u0161e<\/strong><\/em><\/a>\u2026<\/p>\n<p>Aby mne n\u011bkdo \u0161patn\u011b nepochopil \u2013 mysl\u00edm, \u017ee by se nem\u011bly hanobit a ani odstra\u0148ovat \u017e\u00e1dn\u00e9 pomn\u00edky. Je to sou\u010d\u00e1st na\u0161\u00ed historie. I t\u00e9, o kter\u00e9 si zp\u011btn\u011b m\u016f\u017eeme myslet ledacos. Tak\u017ee a\u0165 jsou tu n\u011bmeck\u00e9 pomn\u00edky, ale a\u0165 jsou tu i ty sov\u011btsk\u00e9. A nikdo a\u0165 \u017e\u00e1dn\u00e9 neni\u010d\u00ed, proto\u017ee je to ne\u00facta. Jde p\u0159ece o pietu. O padl\u00e9. O popraven\u00e9. O odsunut\u00e9. O ob\u011bti. N\u011bkdo zaplatil \u017eivotem, n\u011bkdo padl, n\u011bkdo zaplatil odsunem a propadnut\u00edm majetku, nic nebylo jednoduch\u00e9. Ned\u00e1v\u00e1m mezi to rovn\u00edtko, muset odej\u00edt i s rodinou nen\u00ed tot\u00e9\u017e, co b\u00fdt s rodinou post\u0159\u00edlen, tak\u017ee nen\u00ed ob\u011b\u0165 jako ob\u011b\u0165, ale v\u00e1lka m\u00e1 v\u017edy ob\u011bti a r\u016fzn\u011b odstup\u0148ovan\u00e9. I zanikl\u00e9 n\u011bmeck\u00e9 obce si klidn\u011b zaslou\u017e\u00ed pomn\u00edk, ale zaslou\u017e\u00ed-li si ho ony, t\u00edm sp\u00ed\u0161e si ho zaslou\u017e\u00ed hrdinov\u00e9, zn\u00e1m\u00ed i bezejmenn\u00ed, kte\u0159\u00ed polo\u017eili \u017eivot, proto\u017ee n\u00e1m p\u0159ipom\u00ednaj\u00ed, \u017ee za svobodu je nutn\u00e9 bojovat a nen\u00ed zadarmo. Nehrajme si na gener\u00e1ly po bitv\u011b, kdy\u017e dnes v\u00edme, jak \u0161ly d\u011bjiny d\u00e1l. Byly to tehdy pohnut\u00e9 ud\u00e1losti a pomn\u00edky by pro n\u00e1s m\u011bly b\u00fdt mementem. I o tom je dne\u0161n\u00ed v\u00fdro\u010d\u00ed \u2013 9. kv\u011btna.<\/p>\n<p>N\u011bmci u n\u00e1s masov\u011b volili Henleina, a proto museli j\u00edt. Dnes se tvrd\u00ed, jak to bylo zl\u00e9, nespravedliv\u00e9, diskrimina\u010dn\u00ed, krut\u00e9 a kdesi cosi. A proto\u017ee nem\u00e1me vlastn\u00ed kolonie, vlastn\u00ed otroky, ani jsme nerozpoutali \u017e\u00e1dnou v\u00e1lku, sebemrska\u010dsky se alespo\u0148 od roku 1989 pran\u00fd\u0159ujeme, jak jsme \u201evyhnali\u201c N\u011bmce. Je to pr\u00fd n\u00e1\u0161 d\u011bdi\u010dn\u00fd h\u0159\u00edch, jako bychom snad my dnes, v 21. stolet\u00ed, mohli za to, co se d\u011blo b\u011bhem v\u00e1lky. P\u0159es t\u0159icet let jsme vychov\u00e1v\u00e1ni k usm\u00ed\u0159en\u00ed.<\/p>\n<p>Ale podobn\u011b pau\u0161\u00e1ln\u011b se p\u0159itom dnes postupuje v\u016f\u010di Rus\u016fm. Rus\u016fm se dnes zabavuje majetek, jen proto, \u017ee jsou to Rusov\u00e9. Zakazuj\u00ed se jim vyd\u00e1vat v\u00edza, jen proto, \u017ee to jsou Rusov\u00e9. Jejich sportovci se nemohou \u00fa\u010dastnit mezin\u00e1rodn\u00edch sportovn\u00edch utk\u00e1n\u00ed, jen proto, \u017ee to jsou Rusov\u00e9 (p\u0159itom se to t\u00fdk\u00e1 i Rus\u016f, co Putinovo jedn\u00e1n\u00ed odsuzuj\u00ed \u2013 nap\u0159\u00edklad sportovci, kte\u0159\u00ed se od d\u011bn\u00ed na Ukrajin\u011b distancovali. A p\u0159esto si ne\u0161krtnou. Nezahraj\u00ed. To ned\u00e1v\u00e1 smysl). L\u00e9ka\u0159i tvrd\u00ed, \u017ee nebudou o\u0161et\u0159ovat rusk\u00e9 pacienty, jen proto, \u017ee to jsou Rusov\u00e9. U\u010ditel tvrd\u00ed, \u017ee nebude vyu\u010dovat rusk\u00e9 studenty, jen proto, \u017ee to jsou Rusov\u00e9. Dokonce jsou zakazov\u00e1ni i jejich kulturn\u00ed velik\u00e1ni, co\u017e u\u017e p\u0159es sto let le\u017e\u00ed pod drnem. Jen proto, \u017ee to byli Rusov\u00e9.<\/p>\n<p>Tak\u017ee, neopakujme star\u00e9 chyby a zachovejme si lidskost.<\/p>\n<p>Tohle nen\u00ed na\u0161e v\u00e1lka, tohle nen\u00ed na\u0161e starost. Sv\u00fdch starost\u00ed m\u00e1me dost i beztoho\u2026<\/p>\n<p><em>Adam B. Barto\u0161<\/em><br \/>\n<em>p\u0159edseda N\u00e1rodn\u00ed demokracie<\/em><\/p>\n<p><img decoding=\"async\" loading=\"lazy\" class=\"alignnone size-full wp-image-678\" src=\"http:\/\/www.infokuryr.cz\/n\/wp-content\/uploads\/2021\/04\/narodni_demokracie_logo.jpg\" alt=\"\" width=\"300\" height=\"85\" \/><\/p>\n<p>&nbsp;<\/p>\n<p>&nbsp;<\/p>\n","protected":false},"excerpt":{"rendered":"<p>V minul\u00e9m ned\u011bln\u00edku jsem v nads\u00e1zce napsal, \u017ee vl\u00e1da si o sob\u011b ur\u010dit\u011b mysl\u00ed, \u017ee&#8230;<\/p>\n","protected":false},"author":2,"featured_media":10424,"comment_status":"closed","ping_status":"closed","sticky":false,"template":"","format":"standard","meta":[],"categories":[6],"tags":[367,29,85],"_links":{"self":[{"href":"https:\/\/www.infokuryr.cz\/n\/wp-json\/wp\/v2\/posts\/10423"}],"collection":[{"href":"https:\/\/www.infokuryr.cz\/n\/wp-json\/wp\/v2\/posts"}],"about":[{"href":"https:\/\/www.infokuryr.cz\/n\/wp-json\/wp\/v2\/types\/post"}],"author":[{"embeddable":true,"href":"https:\/\/www.infokuryr.cz\/n\/wp-json\/wp\/v2\/users\/2"}],"replies":[{"embeddable":true,"href":"https:\/\/www.infokuryr.cz\/n\/wp-json\/wp\/v2\/comments?post=10423"}],"version-history":[{"count":0,"href":"https:\/\/www.infokuryr.cz\/n\/wp-json\/wp\/v2\/posts\/10423\/revisions"}],"wp:featuredmedia":[{"embeddable":true,"href":"https:\/\/www.infokuryr.cz\/n\/wp-json\/wp\/v2\/media\/10424"}],"wp:attachment":[{"href":"https:\/\/www.infokuryr.cz\/n\/wp-json\/wp\/v2\/media?parent=10423"}],"wp:term":[{"taxonomy":"category","embeddable":true,"href":"https:\/\/www.infokuryr.cz\/n\/wp-json\/wp\/v2\/categories?post=10423"},{"taxonomy":"post_tag","embeddable":true,"href":"https:\/\/www.infokuryr.cz\/n\/wp-json\/wp\/v2\/tags?post=10423"}],"curies":[{"name":"wp","href":"https:\/\/api.w.org\/{rel}","templated":true}]}}