{"id":104221,"date":"2026-04-10T05:57:09","date_gmt":"2026-04-10T03:57:09","guid":{"rendered":"https:\/\/www.infokuryr.cz\/n\/?p=104221"},"modified":"2026-04-10T05:57:09","modified_gmt":"2026-04-10T03:57:09","slug":"nato-se-zacalo-drolit-a-rutte-uz-nedokaze-zakryvat-rozkol-uvnitr-aliance","status":"publish","type":"post","link":"https:\/\/www.infokuryr.cz\/n\/2026\/04\/10\/nato-se-zacalo-drolit-a-rutte-uz-nedokaze-zakryvat-rozkol-uvnitr-aliance\/","title":{"rendered":"NATO se za\u010dalo drolit a Rutte u\u017e nedok\u00e1\u017ee zakr\u00fdvat rozkol uvnit\u0159 aliance!"},"content":{"rendered":"<div id=\"fb-root\"><\/div>\n<h4>NATO se za\u010dalo drolit a Rutte u\u017e nedok\u00e1\u017ee zakr\u00fdvat rozkol uvnit\u0159 aliance! Sch\u016fzka s Trumpem podle Politico dopadla katastrof\u00e1ln\u011b a Trump k\u0159i\u010del o zrad\u011b evropsk\u00fdch spojenc\u016f, kte\u0159\u00ed selhali v testu kolektivn\u00ed obrany! Na konci sch\u016fzky do\u0161lo na dal\u0161\u00ed ultim\u00e1tum pro zem\u011b NATO a Rutte v Reaganov\u011b institutu u\u017e marn\u011b zakr\u00fdval, \u017ee USA prost\u011b z aliance odch\u00e1z\u00ed!<\/h4>\n<p>Kr\u00e1tce po ozn\u00e1men\u00ed Donalda Trumpa o zah\u00e1jen\u00ed m\u00edrov\u00fdch rozhovor\u016f s \u00cdr\u00e1nem v P\u00e1kist\u00e1nu do\u0161lo k vysl\u00e1n\u00ed intern\u00edho pokynu z B\u00edl\u00e9ho domu, aby se gener\u00e1ln\u00ed tajemn\u00edk NATO Mark Rutte dostavil okam\u017eit\u011b do Washingtonu. Sch\u016fzka nebyla v\u016fbec v p\u0159\u00e1telsk\u00e9m duchu, na rozd\u00edl od Rutteho snahy vykreslovat n\u00e1v\u0161t\u011bvu jako p\u0159\u00e1telskou, proto\u017ee podle Bloombergu za zav\u0159en\u00fdmi dve\u0159mi pr\u00fd neb\u011b\u017eel rozhovor.<\/p>\n<p><strong>Jednalo se v podstat\u011b asi o 45-minutov\u00fd Trump\u016fv monolog pln\u00fd nad\u00e1vek, ve kter\u00e9m Ruttemu jako z\u00e1stupci \u201cEvropan\u016f\u201d v podstat\u011b vy\u010detl zradu spojenc\u016f<\/strong>, kter\u00e9 se dopustily na USA a americk\u00e9 arm\u00e1d\u011b. Neochota vyslat lod\u011b do Persk\u00e9ho z\u00e1livu se pr\u00fd Trumpa ani tak nedotkla tak jako pr\u00e1v\u011b skand\u00e1ln\u00ed z\u00e1kaz n\u011bkolika evropsk\u00fdch zem\u00ed proti p\u0159elet\u016fm americk\u00fdch letadel, proti vplut\u00ed americk\u00fdch lod\u00ed, a proti vyu\u017eit\u00ed evropsk\u00fdch z\u00e1kladen pro pot\u0159eby americk\u00e9 arm\u00e1dy p\u0159i operac\u00edch proti \u00cdr\u00e1nu.<\/p>\n<p>&nbsp;<\/p>\n<div id=\"rumble_v763rn0\">\n<div id=\"vid_v763rn0\" class=\"rumble_v763rn0-Rumble-cls\" tabindex=\"-1\"><div class='videoWrapper'>\r\n\t            <iframe src='https:\/\/rumble.com\/embed\/pj.v763rn0\/' frameborder='0' allowfullscreen><\/iframe>\r\n\t        <\/div><\/div>\n<\/div>\n<p>&nbsp;<\/p>\n<p>Rutte se podle Bloombergu neodva\u017eoval oponovat, proto\u017ee by vyvolal v\u011bt\u0161\u00ed hn\u011bv a k\u0159ik stejn\u00e9ho form\u00e1tu, kter\u00e9ho se vloni v lednu do\u010dkal Volodymyr Zelensk\u00fd, kdy\u017e si dovolil Trumpovi oponovat. Na konci Trumpova monologu podle americk\u00e9ho listu padlo dal\u0161\u00ed ultim\u00e1tum. B\u011bhem n\u011bkolika dn\u00ed mus\u00ed evropsk\u00e9 zem\u011b NATO vyslat do Persk\u00e9ho z\u00e1livu vojensk\u00e9 s\u00edly a znovu otev\u0159\u00edt Hormuzsk\u00fd pr\u016fliv.<\/p>\n<p>Rutte necht\u011bl vyvolat konflikt, a proto pr\u00fd pouze odpov\u011bd\u011bl, \u017ee toto ultim\u00e1tum bude tlumo\u010dit v Bruselu po n\u00e1vratu z USA sv\u00fdm alian\u010dn\u00edm partner\u016fm, a \u017ee pr\u00fd se proberou mo\u017enosti, jak by mohly evropsk\u00e9 zem\u011b v z\u00e1livu pomoci. Trump se pr\u00fd uklidnil, ale zato Rutte u\u017e nedok\u00e1zal skr\u00fdvat obavy. Po odchodu z B\u00edl\u00e9ho domu \u0161el do americk\u00e9 televize CNN a potom do panelov\u00e9 diskuse v Institutu Ronalda Reagana.<\/p>\n<h3>Gener\u00e1ln\u00ed tajemn\u00edk NATO hledal slova, jak zakr\u00fdt rozval NATO<\/h3>\n<p>Jak na CNN, tak i potom v panelu moderovan\u00e9m Rachel Hoffovou se sna\u017eil o svoji klasickou vrstevnatou artikulaci poskl\u00e1dan\u00fdch slov o jednot\u011b, alianci, spole\u010dn\u00e9m \u00fasil\u00ed, ale bylo vid\u011bt, \u017ee u\u017e tomu s\u00e1m nev\u011b\u0159\u00ed. V panelu musel u\u017e p\u0159ipustit, \u017ee Evropa u\u017e prost\u011b nen\u00ed centrem z\u00e1jmu USA, \u017ee pozornost Washingtonu se soust\u0159ed\u00ed na indo-asijsk\u00fd prostor.<\/p>\n<p><strong>A \u017ee evropsk\u00e9 zem\u011b NATO se mus\u00ed zbavit sv\u00e9 z\u00e1vislosti na USA, a \u017ee mus\u00ed zv\u00fd\u0161it svoji \u00fa\u010dast v alianci, my\u0161leno finan\u010dn\u011b a n\u00e1kladov\u011b, tedy vy\u010dlen\u011bn\u00edm 5% HDP<\/strong>, p\u0159i\u010dem\u017e i Ruttemu u\u017e bylo jasn\u00e9, \u017ee roztr\u017eku mezi USA a NATO nejde maskovat, \u017ee rozkol se roz\u0161i\u0159uje, a proto Rutte ani jednou neodpov\u011bd\u011bl na p\u0159\u00edmou ot\u00e1zku moder\u00e1torky, na v\u0161echny p\u0159\u00edm\u00e9 ot\u00e1zky se vyhnul, v\u010detn\u011b ot\u00e1zky o Trumpov\u011b snaze o vystoupen\u00ed z NATO.<\/p>\n<p>&nbsp;<\/p>\n<div id=\"rumble_v763rnq\">\n<div id=\"vid_v763rnq\" class=\"rumble_v763rnq-Rumble-cls\" tabindex=\"-1\"><div class='videoWrapper'>\r\n\t            <iframe src='https:\/\/rumble.com\/embed\/pj.v763rnq\/' frameborder='0' allowfullscreen><\/iframe>\r\n\t        <\/div><\/div>\n<\/div>\n<p>&nbsp;<\/p>\n<p>Podle Bloombergu Donald Trump d\u00e1le rovn\u011b\u017e ost\u0159e kritizoval NATO kv\u016fli ne\u010dinnosti evropsk\u00fdch spojenc\u016f b\u011bhem v\u00e1lky s \u00cdr\u00e1nem. Podle zdroj\u016f bl\u00edzk\u00fdch p\u0159edsedovi bloku Marku Ruttemu, kter\u00e9 hovo\u0159ily s agenturou Bloomberg, pr\u00fd Trump dal \u010dlen\u016fm bloku ultim\u00e1tum a po\u017eaduje, aby se zav\u00e1zali k pomoci p\u0159i zaji\u0161t\u011bn\u00ed bezpe\u010dnosti Hormuzsk\u00e9ho pr\u016flivu \u201e<em>b\u011bhem n\u011bkolika dn\u00ed<\/em>.\u201c \u201e<em>NATO tam nebylo, kdy\u017e jsme je pot\u0159ebovali, a nebude tam ani tehdy, a\u017e je budeme pot\u0159ebovat znovu<\/em>,\u201c napsal Trump ve \u010dtvrtek na sv\u00e9 soci\u00e1ln\u00ed s\u00edti Truth Social.<\/p>\n<h3>Spojenci v NATO selhali ve zkou\u0161ce a nepomohli USA, kdy\u017e to bylo pot\u0159eba<\/h3>\n<p>Trump\u016fv hn\u011bv je reakc\u00ed na n\u011bkolik t\u00fddn\u016f trvaj\u00edc\u00ed kritiku evropsk\u00fdch \u010dlen\u016f NATO za to, co on vn\u00edm\u00e1 jako jejich odm\u00edtnut\u00ed podpo\u0159it americko-izraelskou v\u00e1lku proti \u00cdr\u00e1nu. \u0160pan\u011blsko p\u0159\u00edmo odm\u00edtlo umo\u017enit americk\u00fdm letadl\u016fm vyu\u017e\u00edvat sv\u00e9 z\u00e1kladny, zat\u00edmco N\u011bmecko a Velk\u00e1 Brit\u00e1nie odm\u00edtly podpo\u0159it Trumpa a izraelsk\u00e9ho premi\u00e9ra Benjamina Netanjahua s t\u00edm, \u017ee \u201e<em>tohle nen\u00ed na\u0161e v\u00e1lka<\/em>\u201c.<\/p>\n<p>Rutte popsal tento rozhovor jako \u201e<em>velmi up\u0159\u00edmnou a velmi otev\u0159enou<\/em>\u201c diskusi mezi \u201e<em>dv\u011bma dobr\u00fdmi p\u0159\u00e1teli<\/em>\u201c, ale Bloomberg poznamenal, \u017ee Rutte pou\u017e\u00edv\u00e1 diplomatick\u00fd slovn\u00edk, tak\u017ee\u00a0\u201e<em>velmi up\u0159\u00edmnou a velmi otev\u0159enou<\/em>\u201c diskus\u00ed se v diplomacii mysl\u00ed k\u0159ik, v\u00fdbuchy vzteku, vulg\u00e1rn\u00ed slova, nad\u00e1vky na partnery v Evrop\u011b a v\u00fdhr\u016f\u017eky.<\/p>\n<div class=\"twitter-tweet twitter-tweet-rendered\"><a href=\"https:\/\/x.com\/MeidasTouch\/status\/2042221416884650043?ref_src=twsrc%5Etfw%7Ctwcamp%5Etweetembed%7Ctwterm%5E2042221416884650043%7Ctwgr%5E1554c585cf7872d35113bfc6328751ac0d2c74f4%7Ctwcon%5Es1_&amp;ref_url=https%3A%2F%2Faeronet.news%2Fnato-se-zacalo-drolit-a-rutte-uz-nedokaze-zakryvat-rozkol-uvnitr-aliance-schuzka-s-trumpem-podle-politico-dopadla-katastrofalne-a-trump-kricel-o-zrade-evropskych-spojencu-kteri-selhali-v-testu%2F\"><img decoding=\"async\" loading=\"lazy\" class=\"wp-image-104222 aligncenter\" src=\"http:\/\/www.infokuryr.cz\/n\/wp-content\/uploads\/2026\/04\/x-5-265x300.jpg\" alt=\"\" width=\"420\" height=\"475\" srcset=\"https:\/\/www.infokuryr.cz\/n\/wp-content\/uploads\/2026\/04\/x-5-265x300.jpg 265w, https:\/\/www.infokuryr.cz\/n\/wp-content\/uploads\/2026\/04\/x-5.jpg 589w\" sizes=\"(max-width: 420px) 100vw, 420px\" \/><\/a><\/div>\n<p><strong>Ve \u010dtvrte\u010dn\u00edm rozhovoru pro CNN v\u0161ak uvedl, \u017ee Trump byl \u201e<em>zjevn\u011b zklaman\u00fd<\/em>\u201c z toho, \u017ee spojenci USA odm\u00edtli zapojit se do v\u00e1lky proti \u00cdr\u00e1nu.<\/strong>\u00a0Na opakovan\u00e9 dotazy, zda Trump zm\u00ednil, \u017ee by mohl opustit alianci, Rutte p\u0159\u00edmo nikdy moder\u00e1tor\u016fm neodpov\u011bd\u011bl, p\u0159esto\u017ee se ho opakovan\u011b n\u011bkolikr\u00e1t ptali na tot\u00e9\u017e. Rutte \u010delil v Evrop\u011b vln\u011b kritiky kv\u016fli sv\u00e9mu vn\u00edman\u00e9mu podl\u00e9zav\u00e9mu chov\u00e1n\u00ed v\u016f\u010di Trumpovi.<\/p>\n<p>B\u011bhem spole\u010dn\u00e9ho vystoupen\u00ed p\u0159ed novin\u00e1\u0159i loni americk\u00e9ho prezidenta \u017eertovn\u011b oslovil \u201e<em>tati<\/em>\u201c, \u010d\u00edm\u017e na sebe upoutal pozornost m\u00e9di\u00ed a stal se ter\u010dem posm\u011bchu. P\u0159ed nadch\u00e1zej\u00edc\u00edm setk\u00e1n\u00edm tiskov\u00e1 mluv\u010d\u00ed B\u00edl\u00e9ho domu Karoline Leavittov\u00e1 novin\u00e1\u0159\u016fm sd\u011blila, \u017ee p\u0159\u00edpadn\u00fd odchod USA z Unie je \u201e<em>z\u00e1le\u017eitost\u00ed, o kter\u00e9 prezident hovo\u0159il.<\/em>\u201c D\u00e1le uvedla, \u017ee Trump by tuto ot\u00e1zku mohl nadn\u00e9st pr\u00e1v\u011b p\u0159i rozhovoru s Ruttem.<\/p>\n<h3>Rutte bude v Bruselu tlumo\u010dit ultim\u00e1tum od Trumpa<\/h3>\n<p>Podle analytik\u016f Trumpova ultim\u00e1ta nemaj\u00ed \u017e\u00e1dnou hodnotu, jsou profl\u00e1knut\u00e1, a pr\u00e1v\u011b u\u017e i spojenci v NATO to v\u011bd\u00ed, \u017ee Trump je pes, kter\u00e1 \u0161t\u011bk\u00e1, ale nekou\u0161e, proto\u017ee m\u00e1 n\u00e1hubek v podob\u011b osekan\u00fdch prezidentsk\u00fdch pravomoc\u00ed. Z toho, co mu z pravomoc\u00ed zbylo, v\u0161ak m\u016f\u017ee po\u0159\u00e1dn\u011b zato\u010dit hlavu p\u0159edev\u0161\u00edm evropsk\u00fdm politik\u016fm, proto\u017ee\u00a0<strong>Trump jako vrchn\u00ed velitel americk\u00e9 arm\u00e1dy m\u016f\u017ee st\u00e1hnout z n\u011bkter\u00fdch zem\u00ed Evropy americk\u00e9 voj\u00e1ky a p\u0159esunout je jinam.\u00a0<\/strong>A tady jde o dal\u0161\u00ed tah na \u0161achovnici. M\u016f\u017ee je p\u0159esunout \u201c<em>jen<\/em>\u201d do jin\u00e9 evropsk\u00e9 zem\u011b, nap\u0159. z Velk\u00e9 Brit\u00e1nie do Polska, ale tak\u00e9 je m\u016f\u017ee p\u0159evelet do oblasti Persk\u00e9ho z\u00e1livu.<\/p>\n<p>A proto\u017ee nen\u00ed jasn\u00e9, jak v\u00e1lka s \u00cdr\u00e1nem skon\u010d\u00ed, tak v NATO nyn\u00ed existuje obava, \u017ee i kdy\u017e Kongres nedovol\u00ed Trumpovi opustit NATO, tak mu nem\u016f\u017ee zabr\u00e1nit p\u0159esunovat americk\u00e9 voj\u00e1ky. M\u016f\u017ee je prost\u011b odvelet pry\u010d z Evropy a nechat v Evrop\u011b pr\u00e1zdn\u00e9 kas\u00e1rny, pr\u00e1zdn\u00e9 z\u00e1kladny.\u00a0Podle serveru Politico se za zav\u0159en\u00fdmi dve\u0159mi v B\u00edl\u00e9m dom\u011b p\u0159i sch\u016fzce Trumpa a Rutteho k\u0159i\u010delo.\u00a0\u201e<em>Dopadlo to katastrof\u00e1ln\u011b\u2026 sam\u00e1 spr\u0161ka ur\u00e1\u017eek<\/em>,\u201c \u0159ekl jeden evropsk\u00fd \u00fa\u0159edn\u00edk a dodal, \u017ee Trump \u201e<em>z\u0159ejm\u011b vyhro\u017eoval, \u017ee ud\u011bl\u00e1 prakticky cokoli.<\/em>\u201c<\/p>\n<div class=\"twitter-tweet twitter-tweet-rendered\"><a href=\"https:\/\/x.com\/clashreport\/status\/2042338387604988263?ref_src=twsrc%5Etfw%7Ctwcamp%5Etweetembed%7Ctwterm%5E2042338387604988263%7Ctwgr%5E1554c585cf7872d35113bfc6328751ac0d2c74f4%7Ctwcon%5Es1_&amp;ref_url=https%3A%2F%2Faeronet.news%2Fnato-se-zacalo-drolit-a-rutte-uz-nedokaze-zakryvat-rozkol-uvnitr-aliance-schuzka-s-trumpem-podle-politico-dopadla-katastrofalne-a-trump-kricel-o-zrade-evropskych-spojencu-kteri-selhali-v-testu%2F\"><img decoding=\"async\" loading=\"lazy\" class=\"wp-image-104223 aligncenter\" src=\"http:\/\/www.infokuryr.cz\/n\/wp-content\/uploads\/2026\/04\/x1-7-201x300.jpg\" alt=\"\" width=\"432\" height=\"645\" srcset=\"https:\/\/www.infokuryr.cz\/n\/wp-content\/uploads\/2026\/04\/x1-7-201x300.jpg 201w, https:\/\/www.infokuryr.cz\/n\/wp-content\/uploads\/2026\/04\/x1-7.jpg 594w\" sizes=\"(max-width: 432px) 100vw, 432px\" \/><\/a><\/div>\n<p>Evropa nem\u00e1 na to, aby mohla ufinancovat NATO. V\u00fddaje 5% HDP jsou astronomick\u00e9 a nav\u00edc v EU do toho vstupuje politick\u00fd probl\u00e9m, \u017ee kdy\u017e u\u017e se budou navy\u0161ovat v\u00fddaje, tak evropsk\u00e9 st\u00e1ty budou cht\u00edt ty pen\u00edze d\u00e1t sv\u00fdm zbrojovk\u00e1m a ne t\u011bm americk\u00fdm za mo\u0159em. A to samoz\u0159ejm\u011b znovu Trump kritizuje, \u017ee jde o vylu\u010dov\u00e1n\u00ed americk\u00e9 zbrojn\u00ed konkurence, \u017ee to nebude tolerovat.<\/p>\n<p>A \u017ee uval\u00ed na evropsk\u00e9 zem\u011b cla, pokud budou nakupovat zbran\u011b od jin\u00fdch zbrojovek ne\u017e od americk\u00fdch. Prost\u011b se ukazuje, \u017ee\u00a0<strong>v\u00e1lka s \u00cdr\u00e1nem odhalila slabost nejen americk\u00e9 arm\u00e1dy, ale p\u0159edev\u0161\u00edm slabost americk\u00e9ho nejvy\u0161\u0161\u00edho velen\u00ed, kter\u00e9 neodhadlo odolnost \u00cdr\u00e1nu a jeho mohutn\u00e9 vojensk\u00e9 a taktick\u00e9 schopnosti v regionu<\/strong>. \u00cdr\u00e1n se p\u0159ipravil na v\u00e1lku z\u00edt\u0159ka, zat\u00edmco americk\u00e1 arm\u00e1da st\u00e1le bojuje v\u00e1lku v\u010derej\u0161ka.<\/p>\n<h3>Za por\u00e1\u017eku USA v Persk\u00e9m z\u00e1livu se Trump nebude mst\u00edt \u00cdr\u00e1nu, ale spojenc\u016fm v NATO<\/h3>\n<p>Tento konflikt je nepochybn\u011b miln\u00edkem v \u0161ir\u0161\u00ed prom\u011bn\u011b mezin\u00e1rodn\u00edho syst\u00e9mu. Neznamen\u00e1 v\u0161ak konec tohoto procesu. A nen\u00ed ani posledn\u00ed kapitolou v boji o Bl\u00edzk\u00fd v\u00fdchod. \u00cdr\u00e1n p\u0159edev\u0161\u00edm prok\u00e1zal svou odolnost. \u00dapln\u011b vyvr\u00e1til z\u00e1kladn\u00ed p\u0159edpoklad, z n\u011bho\u017e vych\u00e1zela americko-izraelsk\u00e1 kampa\u0148: \u017ee dostate\u010dn\u011b siln\u00fd \u00fader bude sta\u010dit k svr\u017een\u00ed Isl\u00e1msk\u00e9 republiky nebo k jej\u00edmu donucen\u00ed k podroben\u00ed se.<\/p>\n<p>Reakce Teher\u00e1nu nebyla v konven\u010dn\u00edm vojensk\u00e9m smyslu nijak velkolep\u00e1, ale byla \u00fa\u010dinn\u00e1. \u00cdr\u00e1n roz\u0161\u00ed\u0159il oblast nap\u011bt\u00ed a dal najevo, \u017ee n\u00e1klady na eskalaci se nebudou omezovat pouze na vojensk\u00e9 c\u00edle. Donutil tak sv\u00e9 protivn\u00edky po\u010d\u00edtat nejen s \u00edr\u00e1nskou odvetou, ale i s k\u0159ehkost\u00ed \u0161ir\u0161\u00edho region\u00e1ln\u00edho syst\u00e9mu. Donald Trump sice ozn\u00e1mil v\u00edt\u011bzstv\u00ed v \u00cdr\u00e1nu, ve skute\u010dnosti jeho v\u00edt\u011bzstv\u00ed nejl\u00e9pe sumarizuje AI meme n\u00ed\u017ee.<\/p>\n<figure id=\"attachment_66624\" class=\"wp-caption aligncenter\" style=\"width: 473px;\"><a href=\"https:\/\/aeronet.news\/wp-content\/uploads\/TrumpWeWonAI.jpg\"><img decoding=\"async\" loading=\"lazy\" class=\"wp-image-66624 \" src=\"https:\/\/aeronet.news\/wp-content\/uploads\/TrumpWeWonAI.jpg\" sizes=\"(max-width: 725px) 100vw, 725px\" srcset=\"https:\/\/aeronet.news\/wp-content\/uploads\/TrumpWeWonAI.jpg 725w, https:\/\/aeronet.news\/wp-content\/uploads\/TrumpWeWonAI-180x300.jpg 180w, https:\/\/aeronet.news\/wp-content\/uploads\/TrumpWeWonAI-614x1024.jpg 614w, https:\/\/aeronet.news\/wp-content\/uploads\/TrumpWeWonAI-700x1167.jpg 700w, https:\/\/aeronet.news\/wp-content\/uploads\/TrumpWeWonAI-214x357.jpg 214w, https:\/\/aeronet.news\/wp-content\/uploads\/TrumpWeWonAI-290x483.jpg 290w\" alt=\"\" width=\"473\" height=\"789\" \/><\/a><figcaption class=\"wp-caption-text\">Zv\u00edt\u011bzili jsme!<\/figcaption><\/figure>\n<p>To je d\u016fle\u017eit\u00e9, proto\u017ee vytrvalost Spojen\u00fdch st\u00e1t\u016f a jejich region\u00e1ln\u00edch partner\u016f je omezen\u00e1. Naproti tomu vytrvalost \u00cdr\u00e1nu byla v minulosti mnohem v\u011bt\u0161\u00ed. Takzvan\u00e1 \u201e<em>Osa odporu<\/em>\u201c se rovn\u011b\u017e uk\u00e1zala b\u00fdt odoln\u011bj\u0161\u00ed, ne\u017e mnoz\u00ed p\u0159edpokl\u00e1dali.\u00a0<strong>Navzdory z\u00e1va\u017en\u00fdm \u0161kod\u00e1m, kter\u00e9 Izrael v uplynul\u00fdch dvou letech zp\u016fsobil, z\u016fst\u00e1vaj\u00ed pro\u00edr\u00e1nsk\u00e9 s\u00edly v Libanonu, Jemenu a Ir\u00e1ku strategick\u00fdm faktorem.<\/strong>\u00a0I tam, kde p\u0159\u00edmo nezas\u00e1hly, vyost\u0159ily situaci a donutily \u00fato\u010dn\u00edky k neust\u00e1l\u00e9 ostra\u017eitosti.<\/p>\n<p>\u0160ir\u0161\u00ed snaha o oslaben\u00ed \u00edr\u00e1nsk\u00e9ho vlivu se tak obr\u00e1tila proti jej\u00edm autor\u016fm. \u00cdr\u00e1n z toho vy\u0161el sice ot\u0159esen\u00fd, ale st\u00e1le stoj\u00ed na nohou. I kdyby tvrzen\u00ed Teher\u00e1nu, \u017ee jak\u00e9koli urovn\u00e1n\u00ed mus\u00ed prob\u011bhnout podle jeho podm\u00ednek, byla \u010d\u00e1ste\u010dn\u011b jen vyjedn\u00e1vac\u00ed taktika, jedna v\u011bc je ji\u017e jasn\u00e1: region\u00e1ln\u00ed vliv \u00cdr\u00e1nu se nezmen\u0161il tak, jak si Washington a Tel Aviv p\u0159edstavovaly. Jedn\u00e1n\u00ed s Teher\u00e1nem jsou tud\u00ed\u017e nyn\u00ed nevyhnuteln\u00e1. A uvid\u00edte, \u017ee Trump za vin\u00edka americk\u00e9 por\u00e1\u017eky neozna\u010d\u00ed \u00cdr\u00e1n, ale pr\u00e1v\u011b \u201c<em>proradn\u00e9<\/em>\u201d evropsk\u00e9 spojence v NATO. Pr\u00e1v\u011b jim se bude mst\u00edt. Rutte ji\u017e m\u011bl mo\u017enost prvn\u00ed ochutn\u00e1vky t\u00e9to msty v B\u00edl\u00e9m dom\u011b.<\/p>\n<p><a href=\"https:\/\/aeronet.news\/nato-se-zacalo-drolit-a-rutte-uz-nedokaze-zakryvat-rozkol-uvnitr-aliance-schuzka-s-trumpem-podle-politico-dopadla-katastrofalne-a-trump-kricel-o-zrade-evropskych-spojencu-kteri-selhali-v-testu\/\">-VK-<\/a><\/p>\n<p>&nbsp;<\/p>\n","protected":false},"excerpt":{"rendered":"<p>NATO se za\u010dalo drolit a Rutte u\u017e nedok\u00e1\u017ee zakr\u00fdvat rozkol uvnit\u0159 aliance! Sch\u016fzka s Trumpem&#8230;<\/p>\n","protected":false},"author":2,"featured_media":104224,"comment_status":"closed","ping_status":"closed","sticky":false,"template":"","format":"standard","meta":[],"categories":[6],"tags":[1042,7486,39,1496,452,37],"_links":{"self":[{"href":"https:\/\/www.infokuryr.cz\/n\/wp-json\/wp\/v2\/posts\/104221"}],"collection":[{"href":"https:\/\/www.infokuryr.cz\/n\/wp-json\/wp\/v2\/posts"}],"about":[{"href":"https:\/\/www.infokuryr.cz\/n\/wp-json\/wp\/v2\/types\/post"}],"author":[{"embeddable":true,"href":"https:\/\/www.infokuryr.cz\/n\/wp-json\/wp\/v2\/users\/2"}],"replies":[{"embeddable":true,"href":"https:\/\/www.infokuryr.cz\/n\/wp-json\/wp\/v2\/comments?post=104221"}],"version-history":[{"count":0,"href":"https:\/\/www.infokuryr.cz\/n\/wp-json\/wp\/v2\/posts\/104221\/revisions"}],"wp:featuredmedia":[{"embeddable":true,"href":"https:\/\/www.infokuryr.cz\/n\/wp-json\/wp\/v2\/media\/104224"}],"wp:attachment":[{"href":"https:\/\/www.infokuryr.cz\/n\/wp-json\/wp\/v2\/media?parent=104221"}],"wp:term":[{"taxonomy":"category","embeddable":true,"href":"https:\/\/www.infokuryr.cz\/n\/wp-json\/wp\/v2\/categories?post=104221"},{"taxonomy":"post_tag","embeddable":true,"href":"https:\/\/www.infokuryr.cz\/n\/wp-json\/wp\/v2\/tags?post=104221"}],"curies":[{"name":"wp","href":"https:\/\/api.w.org\/{rel}","templated":true}]}}