{"id":10417,"date":"2022-05-09T16:06:21","date_gmt":"2022-05-09T14:06:21","guid":{"rendered":"http:\/\/www.infokuryr.cz\/n\/?p=10417"},"modified":"2022-05-09T16:07:57","modified_gmt":"2022-05-09T14:07:57","slug":"argentina-prolamuje-izolaci-venezuely","status":"publish","type":"post","link":"https:\/\/www.infokuryr.cz\/n\/2022\/05\/09\/argentina-prolamuje-izolaci-venezuely\/","title":{"rendered":"Argentina prolamuje izolaci Venezuely"},"content":{"rendered":"<div id=\"fb-root\"><\/div>\n<div class=\"perex\"><strong>Argentinsk\u00fd prezident Alberto Fern\u00e1ndez ozn\u00e1mil rozhodnut\u00ed sv\u00e9 vl\u00e1dy pln\u011b normalizovat vztahy s Venezuelou a ukon\u010dit l\u00e9ta diplomatick\u00e9ho nap\u011bt\u00ed. \u201eMysl\u00edme si, \u017ee nastal \u010das mluvit o Venezuele a jako prvn\u00ed krok chce Buenos Aires obnovit pln\u00e9 diplomatick\u00e9 styky s Caracasem,\u201c \u0159ekl Fern\u00e1ndez b\u011bhem setk\u00e1n\u00ed s ekv\u00e1dorsk\u00fdm prezidentem Guillermem Lassem.<\/p>\n<p><\/strong><\/div>\n<div class=\"content\">\n<p>Argentina rovn\u011b\u017e vyzvala v\u0161echny latinskoamerick\u00e9 a karibsk\u00e9 n\u00e1rody, aby p\u0159ehodnotily sv\u00e9 vztahy se socialistickou vl\u00e1dou Nicol\u00e1se Madura s c\u00edlem \u201epomoci Venezuele obnovit jej\u00ed norm\u00e1ln\u00ed fungov\u00e1n\u00ed jako zem\u011b\u201c a pokro\u010dit v region\u00e1ln\u00ed integraci. \u201eMus\u00ed b\u00fdt dosa\u017eeno jednoty,\u201c prohl\u00e1sil Fern\u00e1ndez, kter\u00fd v sou\u010dasn\u00e9 dob\u011b do\u010dasn\u011b p\u0159edsed\u00e1 Spole\u010denstv\u00ed st\u00e1t\u016f Latinsk\u00e9 Ameriky a Karibiku (CELAC), integra\u010dn\u00edmu bloku vytvo\u0159en\u00e9mu v\u00a0roce 2011 z\u00a0podn\u011btu zesnul\u00e9ho venezuelsk\u00e9ho prezidenta Huga Ch\u00e1veze. Levicov\u00fd l\u00eddr Fern\u00e1ndez tak\u00e9 ocenil spolupr\u00e1ci Madurovy vl\u00e1dy s \u00da\u0159adem vysok\u00e9ho komisa\u0159e OSN pro lidsk\u00e1 pr\u00e1va a \u201epokrok zem\u011b ve volebn\u00edm procesu\u201c, pokud jde o region\u00e1ln\u00ed volby v listopadu 2021, kdy se venezuelsk\u00e9 opozi\u010dn\u00ed strany po letech zapojily do volebn\u00edho procesu.<\/p>\n<p>Konzervativn\u00ed ekv\u00e1dorsk\u00fd prezident Lasso p\u0159ekvapiv\u011b uv\u00edtal v\u00fdzvu sv\u00e9ho argentinsk\u00e9ho prot\u011bj\u0161ku k obnoven\u00ed diplomatick\u00fdch kontakt\u016f s Caracasem, ale \u0159ekl, \u017ee jeho kabinet z\u00e1le\u017eitost \u201ezanalyzuje a vyhodnot\u00ed.\u201c \u201eJe\u0161t\u011b nejsme p\u0159ipraveni u\u010dinit rozhodnut\u00ed,\u201c zd\u016fraznil. Lasso dodal, \u017ee Ekv\u00e1dor hodnot\u00ed pozitivn\u011b ned\u00e1vn\u00e9 setk\u00e1n\u00ed mezi vysok\u00fdmi p\u0159edstaviteli USA a Madurovou vl\u00e1dou a v\u017edy bude podporovat dialog. Quito udr\u017euje napjat\u00e9 vztahy s bol\u00edvarovskou vl\u00e1dou od roku 2018, kdy se moci ujal pravicov\u00fd exprezident Len\u00edn Moreno. Nap\u011bt\u00ed pokra\u010duje i za krajn\u011b pravicov\u00e9ho bank\u00e9\u0159e a politika Guillerma Lassa, zvolen\u00e9ho v dubnu 2021. Zem\u011b v\u0161ak udr\u017eovaly komunikaci na konzul\u00e1rn\u00ed \u00farovni. Fern\u00e1ndezova v\u00fdzva k normalizaci vztah\u016f s Caracasem m\u00e1 v\u011bt\u0161\u00ed v\u00e1hu jednak proto, \u017ee je do\u010dasn\u00fdm p\u0159edsedou CELAC a tak\u00e9 proto, \u017ee ji p\u0159ednesl p\u0159ed ekv\u00e1dorsk\u00fdm pravicov\u00fdm prezidentem.<\/p>\n<p>Diplomatick\u00e9 vztahy mezi Argentinou a Venezuelou byly napjat\u00e9 za vl\u00e1dy b\u00fdval\u00e9ho konzervativn\u00edho prezidenta Mauricia Macriho. Ten pat\u0159il k region\u00e1ln\u00edm v\u016fdc\u016fm, kte\u0159\u00ed v srpnu 2017 zalo\u017eili ji\u017e neexistuj\u00edc\u00ed Limskou skupinu, ad hoc organizaci pravicov\u00fdch vl\u00e1d usiluj\u00edc\u00ed o zm\u011bnu re\u017eimu ve Venezuele. Za\u010d\u00e1tkem roku 2019 nav\u00edc Macri uznal opozi\u010dn\u00edho l\u00eddra Juana Guaid\u00f3a podporovan\u00e9ho USA jako \u201eprozat\u00edmn\u00edho prezidenta\u201c a podpo\u0159il kr\u00e1tkodob\u00fd dubnov\u00fd pokus o pu\u010d. Ve stejn\u00e9m roce argentinsk\u00e1 arm\u00e1da \u00fadajn\u011b uva\u017eovala o invazi do Venezuely, podle unikl\u00fdch dokument\u016f odhalen\u00fdch p\u0159i ned\u00e1vn\u00e9m novin\u00e1\u0159sk\u00e9m vy\u0161et\u0159ov\u00e1n\u00ed. Po Fern\u00e1ndezov\u011b volebn\u00edm v\u00edt\u011bzstv\u00ed na konci roku 2019 Argentina v b\u0159eznu 2021 opustila Limskou skupinu. Diplomatick\u00e9 vztahy s Caracasem se zlep\u0161ily, ale nikdy se pln\u011b nenormalizovaly.<\/p>\n<p>Ozn\u00e1men\u00ed Argentiny o obnoven\u00ed diplomatick\u00fdch vztah\u016f s Venezuelou vytv\u00e1\u0159\u00ed pozitivn\u00ed o\u010dek\u00e1v\u00e1n\u00ed pro budoucnost karibsk\u00e9 zem\u011b po letech nucen\u00e9 izolace a \u00fatok\u016f ze strany region\u00e1ln\u00edch pravicov\u00fdch vl\u00e1d. V posledn\u00edch letech za\u010dala venezuelsk\u00e1 vl\u00e1da po levicov\u00fdch volebn\u00edch v\u00edt\u011bzstv\u00edch v Mexiku, Argentin\u011b, Peru, Hondurasu a Chile znovu navazovat komunikaci s \u0159adou zem\u00ed. I kdy\u017e kontakty a diplomatick\u00e9 styky nebyly ve v\u0161ech p\u0159\u00edpadech zcela obnoveny, nov\u00ed v\u016fdci odm\u00edtli strategii USA usiluj\u00edc\u00ed o svr\u017een\u00ed prezidenta Madura n\u00e1sil\u00edm. Nejnapjat\u011bj\u0161\u00ed vztahy m\u00e1 Venezuela se sousedn\u00ed Kolumbi\u00ed vedenou pravicov\u00fdm prezidentem Iv\u00e1nem Duquem, nejbli\u017e\u0161\u00edm spojencem Washingtonu v regionu. N\u00e1rody p\u0159eru\u0161ily kontakty na za\u010d\u00e1tku roku 2019 pot\u00e9, co se Bogot\u00e1 spojila se samozvanou \u201edo\u010dasnou vl\u00e1dou\u201c Juana Guaid\u00f3a podporovanou USA. Krom\u011b toho byla venezuelsk\u00e1 ambas\u00e1da v Bogot\u011b c\u00edlem \u0159ady \u00fatok\u016f. To se v\u0161ak m\u016f\u017ee zm\u011bnit po leto\u0161n\u00edch kolumbijsk\u00fdch prezidentsk\u00fdch volb\u00e1ch, ve kter\u00fdch je favoritem levicov\u00fd kandid\u00e1t Gustavo Petro. Prvn\u00ed kolo se uskute\u010dn\u00ed ji\u017e 29. kv\u011btna.<\/p>\n<\/div>\n<p><a href=\"http:\/\/vasevec.parlamentnilisty.cz\/blogy\/argentina-prolamuje-izolaci-venezuely\">Filip Andler<\/a><\/p>\n<p>&nbsp;<\/p>\n","protected":false},"excerpt":{"rendered":"<p>Argentinsk\u00fd prezident Alberto Fern\u00e1ndez ozn\u00e1mil rozhodnut\u00ed sv\u00e9 vl\u00e1dy pln\u011b normalizovat vztahy s Venezuelou a ukon\u010dit&#8230;<\/p>\n","protected":false},"author":2,"featured_media":10418,"comment_status":"closed","ping_status":"closed","sticky":false,"template":"","format":"standard","meta":[],"categories":[7],"tags":[756,165,181],"_links":{"self":[{"href":"https:\/\/www.infokuryr.cz\/n\/wp-json\/wp\/v2\/posts\/10417"}],"collection":[{"href":"https:\/\/www.infokuryr.cz\/n\/wp-json\/wp\/v2\/posts"}],"about":[{"href":"https:\/\/www.infokuryr.cz\/n\/wp-json\/wp\/v2\/types\/post"}],"author":[{"embeddable":true,"href":"https:\/\/www.infokuryr.cz\/n\/wp-json\/wp\/v2\/users\/2"}],"replies":[{"embeddable":true,"href":"https:\/\/www.infokuryr.cz\/n\/wp-json\/wp\/v2\/comments?post=10417"}],"version-history":[{"count":0,"href":"https:\/\/www.infokuryr.cz\/n\/wp-json\/wp\/v2\/posts\/10417\/revisions"}],"wp:featuredmedia":[{"embeddable":true,"href":"https:\/\/www.infokuryr.cz\/n\/wp-json\/wp\/v2\/media\/10418"}],"wp:attachment":[{"href":"https:\/\/www.infokuryr.cz\/n\/wp-json\/wp\/v2\/media?parent=10417"}],"wp:term":[{"taxonomy":"category","embeddable":true,"href":"https:\/\/www.infokuryr.cz\/n\/wp-json\/wp\/v2\/categories?post=10417"},{"taxonomy":"post_tag","embeddable":true,"href":"https:\/\/www.infokuryr.cz\/n\/wp-json\/wp\/v2\/tags?post=10417"}],"curies":[{"name":"wp","href":"https:\/\/api.w.org\/{rel}","templated":true}]}}