{"id":104151,"date":"2026-04-09T06:49:30","date_gmt":"2026-04-09T04:49:30","guid":{"rendered":"https:\/\/www.infokuryr.cz\/n\/?p=104151"},"modified":"2026-04-09T06:49:30","modified_gmt":"2026-04-09T04:49:30","slug":"iran-vyhrozuje-izraeli-a-znovu-uzavira-hormuz-kvuli-serii-masakru-civilnich-obyvatel-v-libanonu","status":"publish","type":"post","link":"https:\/\/www.infokuryr.cz\/n\/2026\/04\/09\/iran-vyhrozuje-izraeli-a-znovu-uzavira-hormuz-kvuli-serii-masakru-civilnich-obyvatel-v-libanonu\/","title":{"rendered":"\u00cdr\u00e1n vyhro\u017euje Izraeli a znovu uzav\u00edr\u00e1 Hormuz kv\u016fli s\u00e9rii masakr\u016f civiln\u00edch obyvatel v Libanonu"},"content":{"rendered":"<div id=\"fb-root\"><\/div>\n<p><strong><span dir=\"auto\">\u00cdr\u00e1n pohrozil Izraeli a uzav\u0159el strategicky d\u016fle\u017eit\u00fd Hormuzsk\u00fd pr\u016fliv po s\u00e9rii n\u00e1siln\u00fdch \u00fatok\u016f v Libanonu, p\u0159i nich\u017e zahynulo p\u0159es dv\u011bst\u011bpades\u00e1t lid\u00ed.<\/span><\/strong><\/p>\n<p><span dir=\"auto\">K \u00fatok\u016fm do\u0161lo jen n\u011bkolik hodin pot\u00e9, co brzy r\u00e1no 8. dubna vstoupilo v platnost dvout\u00fddenn\u00ed p\u0159\u00edm\u011b\u0159\u00ed mezi \u00cdr\u00e1nem a Spojen\u00fdmi st\u00e1ty. P\u00e1kist\u00e1nsk\u00fd premi\u00e9r \u0160ehb\u00e1z \u0160ar\u00edf, kter\u00fd dohodu zprost\u0159edkoval, uvedl, \u017ee bylo dohodnuto \u201eokam\u017eit\u00e9 p\u0159\u00edm\u011b\u0159\u00ed v\u0161ude v\u010detn\u011b Libanonu a jinde\u201c.<\/span><\/p>\n<p><span dir=\"auto\">Kancel\u00e1\u0159 premi\u00e9ra Benjamina Netanjahua tehdy vydala prohl\u00e1\u0161en\u00ed, v n\u011bm\u017e p\u0159\u00edm\u011b\u0159\u00ed uv\u00edtala, ale zd\u016fraznila, \u017ee se nevztahuje na Libanon.<\/span><\/p>\n<p><span dir=\"auto\">Americk\u00fd prezident Donald Trump pozd\u011bji televizi PBS \u0159ekl, \u017ee Libanon nebyl zahrnut do dvout\u00fddenn\u00ed dohody o p\u0159\u00edm\u011b\u0159\u00ed s \u00cdr\u00e1nem.<\/span><\/p>\n<p><span dir=\"auto\">N\u00e1siln\u00e9 izraelsk\u00e9 \u00fatoky zam\u011b\u0159en\u00e9 na hlavn\u00ed m\u011bsto Bejr\u00fat, \u00fadol\u00ed Bek\u00e1 a ji\u017en\u00ed Libanon si vy\u017e\u00e1daly \u017eivoty v\u00edce ne\u017e stovky lid\u00ed.<\/span><\/p>\n<p><em><span dir=\"auto\">\u201eN\u00e1lety izraelsk\u00e9ho nep\u0159\u00edtele na \u0159adu libanonsk\u00fdch oblast\u00ed, kter\u00e9 dos\u00e1hly a\u017e hlavn\u00edho m\u011bsta Bejr\u00fatu, vedly, dle aktualizovan\u00e9ho, \u200b\u200bnekone\u010dn\u00e9ho po\u010dtu, ke 112 mu\u010dedn\u00edk\u016fm a 837 zran\u011bn\u00fdm,\u201c uvedlo ve sv\u00e9m prohl\u00e1\u0161en\u00ed libanonsk\u00e9 ministerstvo zdravotnictv\u00ed.<\/span><\/em><\/p>\n<p><span dir=\"auto\">Hizball\u00e1h, kter\u00fd s n\u00e1stupem p\u0159\u00edm\u011b\u0159\u00ed zastavil operace, prohl\u00e1sil, \u017ee m\u00e1 \u201epr\u00e1vo\u201c reagovat na izraelsk\u00e9 \u00fatoky na Libanon.<\/span><\/p>\n<p><em><span dir=\"auto\">\u201eProhla\u0161ujeme, \u017ee krev mu\u010dedn\u00edk\u016f a zran\u011bn\u00fdch nebude prolita nadarmo a \u017ee dne\u0161n\u00ed masakry, stejn\u011b jako v\u0161echny akty agrese a brut\u00e1ln\u00ed zlo\u010diny, potvrzuj\u00ed na\u0161e p\u0159irozen\u00e9 a z\u00e1konn\u00e9 pr\u00e1vo vzdorovat okupaci a reagovat na jej\u00ed agresi,\u201c uvedla skupina ve sv\u00e9m prohl\u00e1\u0161en\u00ed.<\/span><\/em><\/p>\n<p><span dir=\"auto\">\u00cdr\u00e1nsk\u00fd bezpe\u010dnostn\u00ed zdroj pozd\u011bji tiskov\u00e9 agentu\u0159e Fars sd\u011blil, \u017ee Izrael zva\u017euje \u201eodstra\u0161uj\u00edc\u00ed operace\u201c proti Izraeli v reakci na to, co se stalo v Libanonu.<\/span><\/p>\n<p><span dir=\"auto\">Poloofici\u00e1ln\u00ed tiskov\u00e1 agentura rovn\u011b\u017e informovala, \u017ee \u00cdr\u00e1n zastavil pr\u016fplav ropn\u00fdch tanker\u016f Hormuzsk\u00fdm pr\u016flivem. Uvedla, \u017ee po vstupu p\u0159\u00edm\u011b\u0159\u00ed mezi \u00cdr\u00e1nem a USA v platnost bylo pr\u016flivem povoleno proplout pouze dv\u011bma ropn\u00fdm tanker\u016fm.<\/span><\/p>\n<p><em><span dir=\"auto\">\u201eSou\u010dasn\u011b s izraelsk\u00fdmi \u00fatoky na Libanon byl zastaven pr\u016fplav ropn\u00fdch tanker\u016f Hormuzsk\u00fdm pr\u016flivem,\u201c dodala agentura.<\/span><\/em><\/p>\n<p><span dir=\"auto\">N\u011bkolik zdroj\u016f z lodn\u00ed dopravy agentu\u0159e AFP potvrdilo, \u017ee \u00edr\u00e1nsk\u00e9 n\u00e1mo\u0159n\u00ed s\u00edly vyhro\u017eovaly zni\u010den\u00edm lod\u00ed, kter\u00e9 se pokus\u00ed proplout pr\u016flivem bez teher\u00e1nsk\u00e9ho svolen\u00ed, a dodaly, \u017ee tranzit p\u0159es vodn\u00ed cestu z\u016fst\u00e1v\u00e1 uzav\u0159en.<\/span><\/p>\n<p><span dir=\"auto\">V n\u00e1vaznosti na tyto zpr\u00e1vy \u00edr\u00e1nsk\u00e9 Isl\u00e1msk\u00e9 revolu\u010dn\u00ed gardy varovaly, \u017ee zareaguj\u00ed, pokud Izrael neukon\u010d\u00ed \u00fatoky na Libanon.<\/span><\/p>\n<p><em><span dir=\"auto\">\u201eVyd\u00e1v\u00e1me d\u016frazn\u00e9 varov\u00e1n\u00ed Spojen\u00fdm st\u00e1t\u016fm, kter\u00e9 poru\u0161uj\u00ed smlouvy, a jejich sionistick\u00e9mu spojenci, jejich katu: pokud agrese proti milovan\u00e9mu Libanonu okam\u017eit\u011b neustane, spln\u00edme svou povinnost a zareagujeme,\u201c uvedli gardist\u00e9 \u200b\u200bv prohl\u00e1\u0161en\u00ed, kter\u00e9 odvys\u00edlala st\u00e1tn\u00ed televize s odkazem na Izrael.<\/span><\/em><\/p>\n<p><span dir=\"auto\">\u00cdr\u00e1nsk\u00fd ministr zahrani\u010d\u00ed Abb\u00e1s Arag\u010d\u010d\u00ed tak\u00e9 nastolil s p\u00e1kist\u00e1nsk\u00fdmi medi\u00e1tory ot\u00e1zku poru\u0161ov\u00e1n\u00ed p\u0159\u00edm\u011b\u0159\u00ed Izraelem v Libanonu.<\/span><\/p>\n<p><span dir=\"auto\">Podle prohl\u00e1\u0161en\u00ed ministerstva Araghchi \u201ediskutoval o poru\u0161ov\u00e1n\u00ed p\u0159\u00edm\u011b\u0159\u00ed sionistick\u00fdm re\u017eimem v \u00cdr\u00e1nu a Libanonu\u201c v telefon\u00e1tu s vlivn\u00fdm p\u00e1kist\u00e1nsk\u00fdm vojensk\u00fdm v\u016fdcem poln\u00edm mar\u0161\u00e1lem \u00c1simem Munirem.<\/span><\/p>\n<p><span dir=\"auto\">Tiskov\u00e1 agentura Tasnim dokonce informovala, \u017ee \u00cdr\u00e1n je p\u0159ipraven odstoupit od p\u0159\u00edm\u011b\u0159\u00ed a odvetit izraelsk\u00e9 \u00fatoky na Libanon.<\/span><\/p>\n<p><em><span dir=\"auto\">\u201e\u00cdr\u00e1n odstoup\u00ed od dohody, pokud bude Izrael p\u0159i sv\u00e9m \u00fatoku na Libanon nad\u00e1le poru\u0161ovat p\u0159\u00edm\u011b\u0159\u00ed,\u201c uvedla poloofici\u00e1ln\u00ed tiskov\u00e1 agentura s odvol\u00e1n\u00edm na dob\u0159e informovan\u00fd zdroj.<\/span><\/em><\/p>\n<p><span dir=\"auto\">Nejnov\u011bj\u0161\u00ed izraelsk\u00e9 \u00fatoky na Libanon byly jasn\u00fdm pokusem o sabot\u00e1\u017e p\u0159\u00edm\u011b\u0159\u00ed a dokonce i o zma\u0159en\u00ed americko-\u00edr\u00e1nsk\u00fdch rozhovor\u016f, kter\u00e9 se maj\u00ed konat v p\u00e1kist\u00e1nsk\u00e9m hlavn\u00edm m\u011bst\u011b Isl\u00e1m\u00e1b\u00e1du 9. dubna. Vzhledem k tomu, \u017ee USA v tomto ohledu stoj\u00ed na stran\u011b Izraele, m\u016f\u017ee pokus skute\u010dn\u011b usp\u011bt.<\/span><\/p>\n<p><span dir=\"auto\">\u00cdr\u00e1n se pravd\u011bpodobn\u011b p\u0159ed jedn\u00e1n\u00edmi zdr\u017e\u00ed odpov\u011bdi, jen aby otestoval situaci s USA. Isl\u00e1msk\u00e1 republika v\u0161ak pravd\u011bpodobn\u011b nebude dlouho zadr\u017eovat dech. \u00datok na Libanon signalizuje zl\u00e9 \u00famysly a \u00cdr\u00e1n ji\u017e uk\u00e1zal, \u017ee u\u017e nebude \u010dekat, a\u017e ho ohe\u0148 dos\u00e1hne.<\/span><\/p>\n<p><img decoding=\"async\" loading=\"lazy\" class=\"alignnone size-full wp-image-1185\" src=\"http:\/\/www.infokuryr.cz\/n\/wp-content\/uploads\/2021\/04\/kuryr-podpis.png\" alt=\"\" width=\"84\" height=\"24\" \/><\/p>\n<p>&nbsp;<\/p>\n","protected":false},"excerpt":{"rendered":"<p>\u00cdr\u00e1n pohrozil Izraeli a uzav\u0159el strategicky d\u016fle\u017eit\u00fd Hormuzsk\u00fd pr\u016fliv po s\u00e9rii n\u00e1siln\u00fdch \u00fatok\u016f v Libanonu,&#8230;<\/p>\n","protected":false},"author":2,"featured_media":104152,"comment_status":"closed","ping_status":"closed","sticky":false,"template":"","format":"standard","meta":[],"categories":[7],"tags":[38,107,405,397],"_links":{"self":[{"href":"https:\/\/www.infokuryr.cz\/n\/wp-json\/wp\/v2\/posts\/104151"}],"collection":[{"href":"https:\/\/www.infokuryr.cz\/n\/wp-json\/wp\/v2\/posts"}],"about":[{"href":"https:\/\/www.infokuryr.cz\/n\/wp-json\/wp\/v2\/types\/post"}],"author":[{"embeddable":true,"href":"https:\/\/www.infokuryr.cz\/n\/wp-json\/wp\/v2\/users\/2"}],"replies":[{"embeddable":true,"href":"https:\/\/www.infokuryr.cz\/n\/wp-json\/wp\/v2\/comments?post=104151"}],"version-history":[{"count":0,"href":"https:\/\/www.infokuryr.cz\/n\/wp-json\/wp\/v2\/posts\/104151\/revisions"}],"wp:featuredmedia":[{"embeddable":true,"href":"https:\/\/www.infokuryr.cz\/n\/wp-json\/wp\/v2\/media\/104152"}],"wp:attachment":[{"href":"https:\/\/www.infokuryr.cz\/n\/wp-json\/wp\/v2\/media?parent=104151"}],"wp:term":[{"taxonomy":"category","embeddable":true,"href":"https:\/\/www.infokuryr.cz\/n\/wp-json\/wp\/v2\/categories?post=104151"},{"taxonomy":"post_tag","embeddable":true,"href":"https:\/\/www.infokuryr.cz\/n\/wp-json\/wp\/v2\/tags?post=104151"}],"curies":[{"name":"wp","href":"https:\/\/api.w.org\/{rel}","templated":true}]}}