{"id":104146,"date":"2026-04-09T06:36:10","date_gmt":"2026-04-09T04:36:10","guid":{"rendered":"https:\/\/www.infokuryr.cz\/n\/?p=104146"},"modified":"2026-04-09T06:36:10","modified_gmt":"2026-04-09T04:36:10","slug":"primeri-poruseno-americke-letectvo-zautocilo-na-teheran-da-se-jeste-verit-usa","status":"publish","type":"post","link":"https:\/\/www.infokuryr.cz\/n\/2026\/04\/09\/primeri-poruseno-americke-letectvo-zautocilo-na-teheran-da-se-jeste-verit-usa\/","title":{"rendered":"P\u0159\u00edm\u011b\u0159\u00ed poru\u0161eno: Americk\u00e9 letectvo za\u00fato\u010dilo na Teher\u00e1n! D\u00e1 se je\u0161t\u011b v\u011b\u0159it USA"},"content":{"rendered":"<div id=\"fb-root\"><\/div>\n<p class=\"lead\"><strong><span dir=\"auto\">Americk\u00e9 letectvo zah\u00e1jilo leteck\u00e9 \u00fadery na Teher\u00e1n. Dvout\u00fddenn\u00ed dohoda o p\u0159\u00edm\u011b\u0159\u00ed trvala necel\u00fdch 12 hodin.<\/span><\/strong><\/p>\n<p><span dir=\"auto\">V n\u011bkter\u00fdch oblastech Teher\u00e1nu jsou sly\u0161et zvuky syst\u00e9m\u016f protivzdu\u0161n\u00e9 obrany, uv\u00e1d\u011bj\u00ed \u00edr\u00e1nsk\u00e9 tiskov\u00e9 agentury Mehr a Nournews. \u201eNep\u0159\u00edtel tak\u00e9 za\u00fato\u010dil na oblasti v okol\u00ed\u201c \u00edr\u00e1nsk\u00e9ho hlavn\u00edho m\u011bsta, \u010d\u00edm\u017e poru\u0161il p\u0159\u00edm\u011b\u0159\u00ed, informuj\u00ed m\u00e9dia. Leteck\u00e9 \u00fadery byly podle ve\u0159ejn\u00fdch zpr\u00e1v zam\u011b\u0159eny na \u00edr\u00e1nsk\u00e1 m\u011bsta Isfah\u00e1n a Karad\u017e.<\/span><\/p>\n<p><span dir=\"auto\">V noci 8. dubna americk\u00fd prezident Donald Trump ozn\u00e1mil dvout\u00fddenn\u00ed p\u0159\u00edm\u011b\u0159\u00ed s \u00cdr\u00e1nem a prohl\u00e1sil, \u017ee se rozhodl odlo\u017eit \u00fadery o dva t\u00fddny, proto\u017ee Spojen\u00e9 st\u00e1ty \u201edos\u00e1hly a dokonce p\u0159ekro\u010dily v\u0161echny sv\u00e9 vojensk\u00e9 c\u00edle\u201c. \u00cdr\u00e1nsk\u00e1 Nejvy\u0161\u0161\u00ed rada n\u00e1rodn\u00ed bezpe\u010dnosti zase prohl\u00e1sila v\u00edt\u011bzstv\u00ed v konfliktu a dodala, \u017ee Washington byl \u201enucen\u201c p\u0159ijmout n\u00e1vrhy Teher\u00e1nu v desetibodov\u00e9m pl\u00e1nu. Mezi n\u011b pat\u0159ily z\u00e1ruky ne\u00fato\u010den\u00ed proti \u00cdr\u00e1nu a uzn\u00e1n\u00ed kontroly zem\u011b nad Hormuzsk\u00fdm pr\u016flivem.<\/span><\/p>\n<h3>V d\u016fsledku izraelsk\u00fdch \u00fatok\u016f na Libanon bylo za posledn\u00edch 24 hodin zabito v\u00edce ne\u017e 250 lid\u00ed<\/h3>\n<p><img decoding=\"async\" class=\"aligncenter\" src=\"https:\/\/img6.eadaily.com\/c650x400\/o\/5b3\/73b0c7c4cf85410aee9e811a2474b.jpeg\" \/><\/p>\n<p class=\"lead\"><strong><span dir=\"auto\">P\u0159i izraelsk\u00fdch \u00faderech v Libanonu bylo ve st\u0159edu zabito v\u00edce ne\u017e 250 lid\u00ed a v\u00edce ne\u017e 1100 jich bylo zran\u011bno, informovala stanice Al Jazeera s odvol\u00e1n\u00edm na libanonskou civiln\u00ed obranu.<\/span><\/strong><\/p>\n<p><span dir=\"auto\">Libanonsk\u00e9 ministerstvo zdravotnictv\u00ed d\u0159\u00edve ozn\u00e1milo, \u017ee p\u0159i izraelsk\u00fdch \u00faderech v Libanonu bylo zabito 112 lid\u00ed a 837 bylo zran\u011bno.<\/span><\/p>\n<p><em><span dir=\"auto\">Podle libanonsk\u00e9 civiln\u00ed obrany bylo p\u0159i st\u0159ede\u010dn\u00edch \u00fatoc\u00edch zabito nejm\u00e9n\u011b 254 lid\u00ed a dal\u0161\u00edch 1165 bylo zran\u011bno.<\/span><span class=\"after-quote\"><span dir=\"auto\">\u00a0\u2014 uv\u00e1d\u00ed se v report\u00e1\u017ei televizn\u00ed stanice.<\/span><\/span><\/em><\/p>\n<p><span dir=\"auto\">Ve st\u0159edu izraelsk\u00e1 letadla zas\u00e1hla \u010dtvrti Mazraa, Manar, Ein el-Mreis a Barbour v centru Bejr\u00fatu a tak\u00e9 osm \u010dtvrt\u00ed v ji\u017en\u00edch p\u0159edm\u011bst\u00edch.<\/span><\/p>\n<p><span dir=\"auto\">Hizball\u00e1h uvedl, \u017ee m\u00e1 v \u00famyslu reagovat na izraelsk\u00e9 \u00fatoky.<\/span><\/p>\n<p><img decoding=\"async\" loading=\"lazy\" class=\"alignnone size-full wp-image-1185\" src=\"http:\/\/www.infokuryr.cz\/n\/wp-content\/uploads\/2021\/04\/kuryr-podpis.png\" alt=\"\" width=\"84\" height=\"24\" \/><\/p>\n<p>&nbsp;<\/p>\n","protected":false},"excerpt":{"rendered":"<p>Americk\u00e9 letectvo zah\u00e1jilo leteck\u00e9 \u00fadery na Teher\u00e1n. Dvout\u00fddenn\u00ed dohoda o p\u0159\u00edm\u011b\u0159\u00ed trvala necel\u00fdch 12 hodin&#8230;.<\/p>\n","protected":false},"author":2,"featured_media":104147,"comment_status":"closed","ping_status":"closed","sticky":false,"template":"","format":"standard","meta":[],"categories":[7],"tags":[38,107,4199,37,1863],"_links":{"self":[{"href":"https:\/\/www.infokuryr.cz\/n\/wp-json\/wp\/v2\/posts\/104146"}],"collection":[{"href":"https:\/\/www.infokuryr.cz\/n\/wp-json\/wp\/v2\/posts"}],"about":[{"href":"https:\/\/www.infokuryr.cz\/n\/wp-json\/wp\/v2\/types\/post"}],"author":[{"embeddable":true,"href":"https:\/\/www.infokuryr.cz\/n\/wp-json\/wp\/v2\/users\/2"}],"replies":[{"embeddable":true,"href":"https:\/\/www.infokuryr.cz\/n\/wp-json\/wp\/v2\/comments?post=104146"}],"version-history":[{"count":0,"href":"https:\/\/www.infokuryr.cz\/n\/wp-json\/wp\/v2\/posts\/104146\/revisions"}],"wp:featuredmedia":[{"embeddable":true,"href":"https:\/\/www.infokuryr.cz\/n\/wp-json\/wp\/v2\/media\/104147"}],"wp:attachment":[{"href":"https:\/\/www.infokuryr.cz\/n\/wp-json\/wp\/v2\/media?parent=104146"}],"wp:term":[{"taxonomy":"category","embeddable":true,"href":"https:\/\/www.infokuryr.cz\/n\/wp-json\/wp\/v2\/categories?post=104146"},{"taxonomy":"post_tag","embeddable":true,"href":"https:\/\/www.infokuryr.cz\/n\/wp-json\/wp\/v2\/tags?post=104146"}],"curies":[{"name":"wp","href":"https:\/\/api.w.org\/{rel}","templated":true}]}}