{"id":104144,"date":"2026-04-09T06:30:59","date_gmt":"2026-04-09T04:30:59","guid":{"rendered":"https:\/\/www.infokuryr.cz\/n\/?p=104144"},"modified":"2026-04-09T06:30:59","modified_gmt":"2026-04-09T04:30:59","slug":"trumpova-administrativa-militarizuje-krestanstvi-zatimco-izrael-jedna-beztrestne-rika-aktivista","status":"publish","type":"post","link":"https:\/\/www.infokuryr.cz\/n\/2026\/04\/09\/trumpova-administrativa-militarizuje-krestanstvi-zatimco-izrael-jedna-beztrestne-rika-aktivista\/","title":{"rendered":"Trumpova administrativa \u201emilitarizuje k\u0159es\u0165anstv\u00ed\u201c, zat\u00edmco Izrael jedn\u00e1 beztrestn\u011b, \u0159\u00edk\u00e1 aktivista"},"content":{"rendered":"<div id=\"fb-root\"><\/div>\n<h3>R\u00e9torika americk\u00e9ho prezidenta je pro sv\u011btov\u00e9ho l\u00eddra nehodn\u00e1, zat\u00edmco Z\u00e1pad nad\u00e1le zav\u00edr\u00e1 o\u010di p\u0159ed izraelsk\u00fdmi zlo\u010diny v Gaze a jinde, uvedl Tadhg Hickey<\/h3>\n<p><span dir=\"auto\">Administrativa americk\u00e9ho prezidenta Donalda Trumpa\u00a0<\/span><em><span dir=\"auto\">\u201emilitarizuje k\u0159es\u0165anstv\u00ed\u201c,<\/span><\/em><span dir=\"auto\">\u00a0aby ospravedlnila sv\u00e9 \u010diny na Bl\u00edzk\u00e9m v\u00fdchod\u011b, zat\u00edmco Izrael nad\u00e1le jedn\u00e1 beztrestn\u011b, zat\u00edmco velk\u00e1 \u010d\u00e1st Z\u00e1padu nad t\u00edm p\u0159iv\u00edr\u00e1 o\u010di, prohl\u00e1sil irsk\u00fd aktivista a satirik Tadhg Hickey.<\/span><\/p>\n<p><span dir=\"auto\">V po\u0159adu East Meets West na stanici RT, kter\u00fd moderovaly Tara Reade a Olga Bataman, Hickey popsal jako ironick\u00e9, \u017ee Trump a dal\u0161\u00ed p\u0159edstavitel\u00e9 jeho administrativy se ve sv\u00fdch ve\u0159ejn\u00fdch prohl\u00e1\u0161en\u00edch o v\u00e1lce proti \u00cdr\u00e1nu odvol\u00e1vaj\u00ed na biblick\u00e1 poselstv\u00ed, zat\u00edmco ve skute\u010dnosti se jejich \u010diny\u00a0<\/span><em><span dir=\"auto\">\u201est\u00e1le v\u00edce vzdaluj\u00ed od Kristova u\u010den\u00ed\u201c.<\/span><\/em><\/p>\n<p><em><span dir=\"auto\">\u201eJe to zneu\u017e\u00edv\u00e1n\u00ed k\u0159es\u0165anstv\u00ed jako zbran\u011b, co\u017e pova\u017euji za opravdu ot\u0159esn\u00e9. Je opravdu vulg\u00e1rn\u00ed p\u0159edstava, \u017ee Je\u017e\u00ed\u0161 je pro tyto lidi jak\u00fdmsi v\u00e1le\u010dn\u00fdm agentem, a na jejich hodnot\u00e1ch ani chov\u00e1n\u00ed nen\u00ed nic k\u0159es\u0165ansk\u00e9ho,\u201c<\/span><\/em><span dir=\"auto\">\u00a0\u0159ekl Hickey.<\/span><\/p>\n<p><span dir=\"auto\">Popsal Izrael jako naprost\u00fd beztrestn\u00fd \u010din v Gaze i jinde, kter\u00fd se sna\u017e\u00ed\u00a0<\/span><em><span dir=\"auto\">\u201evyv\u00e1znout z trestu, jak jen to jde\u201c,<\/span><\/em><span dir=\"auto\">\u00a0dokud je Trump v B\u00edl\u00e9m dom\u011b, s v\u011bdom\u00edm, \u017ee se nesetk\u00e1 s \u017e\u00e1dn\u00fdm odporem Washingtonu ani \u0161ir\u0161\u00edho Z\u00e1padu.<\/span><\/p>\n<p><span dir=\"auto\">Hickey tak\u00e9 popsal\u00a0<\/span><em><span dir=\"auto\">\u201ek\u0159es\u0165ansk\u00fd sionismus\u201c<\/span><\/em><span dir=\"auto\">\u00a0v USA jako\u00a0<\/span><em><span dir=\"auto\">\u201enejna\u017eran\u011bj\u0161\u00ed aspekt\u201c<\/span><\/em><span dir=\"auto\">\u00a0podporuj\u00edc\u00ed kroky Izraele, zat\u00edmco \u017eidovsk\u00fd st\u00e1t byl mistrem ve vytv\u00e1\u0159en\u00ed\u00a0<\/span><em><span dir=\"auto\">\u201eTrumpova monstra 2.0\u201c<\/span><\/em><span dir=\"auto\">\u00a0a zaji\u0161\u0165ov\u00e1n\u00ed spolu\u00fa\u010dasti Washingtonu.<\/span><\/p>\n<p><span dir=\"auto\">Hickey tak\u00e9 hovo\u0159il o sv\u00e9 zku\u0161enosti se zadr\u017een\u00edm v Izraeli pot\u00e9, co se v roce 2025 pokusil doru\u010dit pomoc do Gazy v r\u00e1mci Flotily svobody.<\/span><\/p>\n<p><em><span dir=\"auto\">\u201eByli jsme uneseni v mezin\u00e1rodn\u00edch vod\u00e1ch, odvezeni do teroristick\u00e9 v\u011bznice\u2026 oble\u010deni do v\u011bze\u0148sk\u00e9ho oble\u010den\u00ed, odep\u0159ena n\u00e1m l\u00e9ka\u0159sk\u00e1 p\u00e9\u010de, \u017e\u00e1dn\u00fd p\u0159\u00edstup k pr\u00e1vn\u00edk\u016fm, \u017e\u00e1dn\u00fd \u010das na hl\u00eddce. Byl tam 75let\u00fd Ir, kter\u00e9mu byl odep\u0159en p\u0159\u00edstup k inzul\u00ednu\u2026 byl z\u00e1zrak, \u017ee p\u0159e\u017eil. Nemysl\u00edm si, \u017ee by se n\u00e1s skute\u010dn\u011b pokusili zab\u00edt, ale kdyby jeden z n\u00e1s zem\u0159el v jedn\u00e9 z jejich cel, byl by to pro n\u011b velk\u00fd bonus, proto\u017ee by to odradilo lidi, kte\u0159\u00ed by tam znovu jeli,\u201c<\/span><\/em><span dir=\"auto\">\u00a0\u0159ekl aktivista.<\/span><\/p>\n<p><img decoding=\"async\" loading=\"lazy\" class=\"alignnone size-full wp-image-1185\" src=\"http:\/\/www.infokuryr.cz\/n\/wp-content\/uploads\/2021\/04\/kuryr-podpis.png\" alt=\"\" width=\"84\" height=\"24\" \/><\/p>\n<p>&nbsp;<\/p>\n","protected":false},"excerpt":{"rendered":"<p>R\u00e9torika americk\u00e9ho prezidenta je pro sv\u011btov\u00e9ho l\u00eddra nehodn\u00e1, zat\u00edmco Z\u00e1pad nad\u00e1le zav\u00edr\u00e1 o\u010di p\u0159ed izraelsk\u00fdmi&#8230;<\/p>\n","protected":false},"author":2,"featured_media":104145,"comment_status":"closed","ping_status":"closed","sticky":false,"template":"","format":"standard","meta":[],"categories":[7],"tags":[2141,452,365],"_links":{"self":[{"href":"https:\/\/www.infokuryr.cz\/n\/wp-json\/wp\/v2\/posts\/104144"}],"collection":[{"href":"https:\/\/www.infokuryr.cz\/n\/wp-json\/wp\/v2\/posts"}],"about":[{"href":"https:\/\/www.infokuryr.cz\/n\/wp-json\/wp\/v2\/types\/post"}],"author":[{"embeddable":true,"href":"https:\/\/www.infokuryr.cz\/n\/wp-json\/wp\/v2\/users\/2"}],"replies":[{"embeddable":true,"href":"https:\/\/www.infokuryr.cz\/n\/wp-json\/wp\/v2\/comments?post=104144"}],"version-history":[{"count":0,"href":"https:\/\/www.infokuryr.cz\/n\/wp-json\/wp\/v2\/posts\/104144\/revisions"}],"wp:featuredmedia":[{"embeddable":true,"href":"https:\/\/www.infokuryr.cz\/n\/wp-json\/wp\/v2\/media\/104145"}],"wp:attachment":[{"href":"https:\/\/www.infokuryr.cz\/n\/wp-json\/wp\/v2\/media?parent=104144"}],"wp:term":[{"taxonomy":"category","embeddable":true,"href":"https:\/\/www.infokuryr.cz\/n\/wp-json\/wp\/v2\/categories?post=104144"},{"taxonomy":"post_tag","embeddable":true,"href":"https:\/\/www.infokuryr.cz\/n\/wp-json\/wp\/v2\/tags?post=104144"}],"curies":[{"name":"wp","href":"https:\/\/api.w.org\/{rel}","templated":true}]}}