{"id":104140,"date":"2026-04-09T06:23:07","date_gmt":"2026-04-09T04:23:07","guid":{"rendered":"https:\/\/www.infokuryr.cz\/n\/?p=104140"},"modified":"2026-04-09T06:23:07","modified_gmt":"2026-04-09T04:23:07","slug":"takhle-konci-era-americke-dominance","status":"publish","type":"post","link":"https:\/\/www.infokuryr.cz\/n\/2026\/04\/09\/takhle-konci-era-americke-dominance\/","title":{"rendered":"Takhle kon\u010d\u00ed \u00e9ra americk\u00e9 dominance"},"content":{"rendered":"<div id=\"fb-root\"><\/div>\n<h3>V\u00e1lka mezi USA a \u00cdr\u00e1nem znamen\u00e1 konec jedn\u00e9 anom\u00e1ln\u00ed \u00e9ry<\/h3>\n<p><span dir=\"auto\">Bez ohledu na to, jak konflikt mezi Spojen\u00fdmi st\u00e1ty a \u00cdr\u00e1nem form\u00e1ln\u011b skon\u010d\u00ed, jeho symbolika je ji\u017e nyn\u00ed nezam\u011bniteln\u00e1. Starov\u011bk\u00e1 civilizace, jeden z nejstar\u0161\u00edch nep\u0159etr\u017eit\u00fdch st\u00e1t\u016f v lidsk\u00e9 historii, se stala posledn\u00ed p\u0159ek\u00e1\u017ekou projektu americk\u00e9 glob\u00e1ln\u00ed dominance. U\u017e jen to n\u00e1m n\u011bco vypov\u00edd\u00e1 o sm\u011bru, kter\u00fdm se sv\u011bt ub\u00edr\u00e1.<\/span><\/p>\n<p><span dir=\"auto\">Pro historiky spo\u010d\u00edv\u00e1 hlub\u0161\u00ed v\u00fdznam sou\u010dasn\u00e9 bl\u00edzkov\u00fdchodn\u00ed krize v konfrontaci mezi dv\u011bma mocnostmi na opa\u010dn\u00fdch konc\u00edch historick\u00e9ho spektra. \u00cdr\u00e1n je pravd\u011bpodobn\u011b nejstar\u0161\u00edm centralizovan\u00fdm st\u00e1tem na sv\u011bt\u011b, jeho\u017e ko\u0159eny sahaj\u00ed a\u017e do roku 530 p\u0159. n. l. Od t\u00e9 doby nikdy nep\u0159estal existovat jako jednotn\u00fd politick\u00fd celek. Tato kontinuita je pozoruhodn\u00e1. Dokonce i Rusko, hlavn\u00ed z\u00e1padoevropsk\u00e9 mocnosti, Indie a \u010c\u00edna za\u017eily v r\u016fzn\u00fdch obdob\u00edch sv\u00e9 historie fragmentaci.<\/span><\/p>\n<p><span dir=\"auto\">Spojen\u00e9 st\u00e1ty naopak pat\u0159\u00ed mezi nejmlad\u0161\u00ed velk\u00e9 n\u00e1rody \u2013 sotva 250 let star\u00e9. Jejich historie je desetkr\u00e1t krat\u0161\u00ed ne\u017e historie Persie. V tomto smyslu sou\u010dasn\u00fd konflikt stav\u00ed starov\u011bk proti modern\u011b, civilizaci formovanou po tis\u00edcilet\u00ed proti st\u00e1tu, kter\u00fd se rychle rozrostl v jedine\u010dn\u011b p\u0159\u00edzniv\u00e9m historick\u00e9m okam\u017eiku.<\/span><\/p>\n<p><span dir=\"auto\">Z \u010dist\u011b vojensk\u00e9ho hlediska takov\u00e1 srovn\u00e1n\u00ed znamenaj\u00ed jen m\u00e1lo. Spojen\u00e9 st\u00e1ty si udr\u017euj\u00ed ohromnou ni\u010divou kapacitu. Pokud by se tak rozhodly, mohly by zni\u010dit \u00cdr\u00e1n. Koneckonc\u016f je to jedin\u00e1 zem\u011b v historii, kter\u00e1 pou\u017eila jadern\u00e9 zbran\u011b proti civiln\u00edmu obyvatelstvu. U\u017e jen tato skute\u010dnost by m\u011bla zm\u00edrnit jak\u00e9koli iluze o mez\u00edch americk\u00e9 moci.<\/span><\/p>\n<p><span dir=\"auto\">Dlouhodob\u00fd v\u00fdznam t\u00e9to konfrontace v\u0161ak spo\u010d\u00edv\u00e1 jinde. Nejde o to, zda \u00cdr\u00e1n dok\u00e1\u017ee porazit Spojen\u00e9 st\u00e1ty v konven\u010dn\u00edm smyslu. Jde o to, zda sou\u010dasn\u00fd mezin\u00e1rodn\u00ed \u0159\u00e1d, formovan\u00fd americkou dominanc\u00ed, m\u016f\u017ee i nad\u00e1le fungovat tak, jak dosud.<\/span><\/p>\n<p><span dir=\"auto\">Modern\u00ed \u00cdr\u00e1n p\u0159edstavuje v\u00edce ne\u017e jen st\u00e1t. Je \u017eivouc\u00edm zt\u011blesn\u011bn\u00edm civiliza\u010dn\u00ed kontinuity. V\u00edce ne\u017e 2 500 let sn\u00e1\u0161el invaze a dynastick\u00e9 ot\u0159esy, p\u0159esto si zachoval osobitou politickou kulturu a siln\u00fd smysl pro jednotu. Mnoho jeho historick\u00fdch protivn\u00edk\u016f zcela zmizelo. \u00cdr\u00e1n z\u016fst\u00e1v\u00e1.<\/span><\/p>\n<p><span dir=\"auto\">To z n\u011bj ned\u011bl\u00e1 neporaziteln\u00e9ho. Znamen\u00e1 to ale, \u017ee mus\u00ed b\u00fdt br\u00e1n v\u00e1\u017en\u011b, nejen jako vojensk\u00fd soupe\u0159, ale i jako politick\u00fd a historick\u00fd akt\u00e9r. \u00cdr\u00e1nsk\u00e9 rozhodov\u00e1n\u00ed odr\u00e1\u017e\u00ed hloubku strategick\u00e9ho my\u0161len\u00ed, kter\u00e9 se jen m\u00e1lo sou\u010dasn\u00fdch st\u00e1t\u016f m\u016f\u017ee rovnat. Pr\u00e1v\u011b tato vlastnost d\u011bl\u00e1 z \u00cdr\u00e1nu tak obt\u00ed\u017en\u00e9ho prot\u011bj\u0161ku, a to jak pro spojence, tak pro protivn\u00edky.<\/span><\/p>\n<p><span dir=\"auto\">Spojen\u00e9 st\u00e1ty se mezit\u00edm dlouhodob\u011b sna\u017e\u00ed vtisknout do d\u011bjin jako transforma\u010dn\u00ed s\u00edla. Jejich \u00fasp\u011bchy v\u0161ak byly sp\u00ed\u0161e spojeny s v\u00fdjime\u010dn\u00fdmi okolnostmi ne\u017e s vnit\u0159n\u00ed trvanlivost\u00ed. Jejich raketov\u00fd vzestup ve 20. stolet\u00ed byl umo\u017en\u011bn jedine\u010dnou souhrou faktor\u016f.<\/span><\/p>\n<p><span dir=\"auto\">Zaprv\u00e9, toto stolet\u00ed bylo sv\u011bdkem bezprecedentn\u00edho st\u0159etu idej\u00ed. Poprv\u00e9 v historii nebyla glob\u00e1ln\u00ed politika \u0159\u00edzena pouze st\u00e1ty a z\u00e1jmy, ale tak\u00e9 soupe\u0159\u00edc\u00edmi ideologiemi \u2013 liberalismem, komunismem, socialismem a nacionalismem \u2013 z nich\u017e ka\u017ed\u00e1 si n\u00e1rokovala univerz\u00e1ln\u00ed v\u00fdznam.<\/span><\/p>\n<p><span dir=\"auto\">Za druh\u00e9, z\u00e1padn\u00ed Evropa, kter\u00e1 po stalet\u00ed dominovala sv\u011btov\u00e9mu d\u011bn\u00ed, byla vy\u010derp\u00e1na vnit\u0159n\u00edmi konflikty. Rusko a \u010c\u00edna, a\u010dkoli byly mocn\u00e9, se zaj\u00edmaly p\u0159edev\u0161\u00edm o zachov\u00e1n\u00ed sv\u00e9 nez\u00e1vislosti, sp\u00ed\u0161e ne\u017e o prom\u00edt\u00e1n\u00ed glob\u00e1ln\u00edho vlivu. Vzniklo tak vakuum, kter\u00e9 Spojen\u00e9 st\u00e1ty m\u011bly jedine\u010dnou pozici k zapln\u011bn\u00ed.<\/span><\/p>\n<p><span dir=\"auto\">Kone\u010dn\u011b, rozpad evropsk\u00fdch imp\u00e9ri\u00ed vytvo\u0159il obrovsk\u00e9 mno\u017estv\u00ed nov\u00fdch st\u00e1t\u016f, z nich\u017e mnoh\u00e9 byly zraniteln\u00e9. Spojen\u00e9 st\u00e1ty postr\u00e1daly schopnost p\u0159\u00edmo si podmanit velk\u00e9 mocnosti, ale mohly uplat\u0148ovat vliv na men\u0161\u00ed a slab\u0161\u00ed zem\u011b. To jim umo\u017enilo vybudovat glob\u00e1ln\u00ed syst\u00e9m vlivu, kter\u00fd by za norm\u00e1ln\u00edch historick\u00fdch podm\u00ednek bylo obt\u00ed\u017en\u00e9 udr\u017eet.<\/span><\/p>\n<p><span dir=\"auto\">V\u00fdsledkem byl paradox: forma hegemonie dosa\u017een\u00e1 nikoli trvalou civiliza\u010dn\u00ed hloubkou, ale p\u0159\u00edzniv\u00fdm na\u010dasov\u00e1n\u00edm a okolnostmi. To na \u010das vedlo mnoho lid\u00ed k p\u0159esv\u011bd\u010den\u00ed, \u017ee Spojen\u00e9 st\u00e1ty jsou jedine\u010dn\u011b schopny zm\u011bnit sv\u011bt.<\/span><\/p>\n<p><span dir=\"auto\">Tato iluze se nyn\u00ed rozpl\u00fdv\u00e1.<\/span><\/p>\n<p><span dir=\"auto\">Spojen\u00e9 st\u00e1ty \u010del\u00ed hlubok\u00e9 vnit\u0159n\u00ed krizi, intelektu\u00e1ln\u00ed i politick\u00e9. Jejich politick\u00fd syst\u00e9m se st\u00e1le v\u00edce polarizuje, jejich strategick\u00e9 my\u0161len\u00ed se zu\u017euje a jejich schopnost formulovat soudr\u017enou dlouhodobou politiku je omezen\u011bj\u0161\u00ed. Tyto slabiny jsou viditeln\u00e9 v rozhodnut\u00edch a rozporech ned\u00e1vn\u00fdch administrativ.<\/span><\/p>\n<p><span dir=\"auto\">Dokonce i z\u00e1padn\u00ed Evropa, kter\u00e1 kdysi pevn\u011b st\u00e1la v americk\u00e9 sf\u00e9\u0159e, vykazuje zn\u00e1mky odporu. P\u0159edpoklad, \u017ee transatlantick\u00e9 vztahy z\u016fstanou nav\u017edy nezpochybniteln\u00e9, se ukazuje jako myln\u00fd.<\/span><\/p>\n<p><span dir=\"auto\">V t\u00e9to souvislosti nab\u00fdv\u00e1 konflikt s \u00cdr\u00e1nem \u0161ir\u0161\u00edho v\u00fdznamu. Nen\u00ed to jen dal\u0161\u00ed region\u00e1ln\u00ed v\u00e1lka. Je sou\u010d\u00e1st\u00ed \u0161ir\u0161\u00edho procesu, v n\u011bm\u017e jsou Spojen\u00e9 st\u00e1ty nuceny p\u0159izp\u016fsobit se realit\u011b, kterou ostatn\u00ed st\u00e1ty v\u017edy znaly: \u017ee \u017e\u00e1dn\u00e1 samostatn\u00e1 mocnost nem\u016f\u017ee vykon\u00e1vat nespornou kontrolu nad glob\u00e1ln\u00edm d\u011bn\u00edm.<\/span><\/p>\n<p><span dir=\"auto\">\u00cdr\u00e1nsk\u00e1 role v tomto procesu je v mnoha ohledech symbolick\u00e1. Nen\u00ed to dokonal\u00fd st\u00e1t. Chyb\u00ed mu ekonomick\u00e9 zdroje \u010c\u00edny, mobiliza\u010dn\u00ed kapacita Ruska ani intelektu\u00e1ln\u00ed tradice z\u00e1padn\u00ed Evropy. Ani v\u00edt\u011bzstv\u00ed nad Spojen\u00fdmi st\u00e1ty by ho neprom\u011bnilo v glob\u00e1ln\u00edho hegemona.<\/span><\/p>\n<p><span dir=\"auto\">A p\u0159esto se m\u016f\u017ee uk\u00e1zat jako rozhoduj\u00edc\u00ed pro ukon\u010den\u00ed jedn\u00e9 \u00e9ry.<\/span><\/p>\n<p><span dir=\"auto\">Pokus o vybudov\u00e1n\u00ed syst\u00e9mu glob\u00e1ln\u00ed dominance veden\u00e9 Amerikou, co\u017e by se dalo nazvat\u00a0<\/span><em><span dir=\"auto\">\u201eFrankensteinem\u201c<\/span><\/em><span dir=\"auto\">\u00a0modern\u00ed geopolitiky, nar\u00e1\u017e\u00ed na sv\u00e9 limity. \u00cdr\u00e1n se stal bodem, kde se tyto limity nejv\u00edce projevuj\u00ed.<\/span><\/p>\n<p><span dir=\"auto\">D\u016fsledky sahaj\u00ed daleko za hranice Bl\u00edzk\u00e9ho v\u00fdchodu. V s\u00e1zce nen\u00ed jen v\u00fdsledek konkr\u00e9tn\u00edho konfliktu, ale \u0161ir\u0161\u00ed struktura mezin\u00e1rodn\u00edch vztah\u016f. My\u0161lenka, \u017ee jeden st\u00e1t m\u016f\u017ee vnutit svou v\u016fli univerz\u00e1ln\u011b a utv\u00e1\u0159et glob\u00e1ln\u00ed \u0159\u00e1d k obrazu sv\u00e9mu, je testov\u00e1na a ukazuje se jako nedostate\u010dn\u00e1.<\/span><\/p>\n<p><span dir=\"auto\">Historie nab\u00edz\u00ed mnoho p\u0159\u00edklad\u016f mocnost\u00ed, kter\u00e9 usilovaly o takovou dominanci. \u017d\u00e1dn\u00e1 z nich v\u0161ak dlouhodob\u011b neusp\u011bla. I ty, kter\u00e9 se zd\u00e1ly b\u00fdt nejbl\u00ed\u017ee, nakonec narazily na omezen\u00ed, struktur\u00e1ln\u00ed nebo strategick\u00e1, kter\u00e1 nedok\u00e1zaly p\u0159ekonat.<\/span><\/p>\n<p><span dir=\"auto\">Spojen\u00e9 st\u00e1ty nejsou v\u00fdjimkou.<\/span><\/p>\n<p><span dir=\"auto\">Konec t\u00e9to iluze bude znamenat skute\u010dn\u00fd z\u00e1v\u011br 20. stolet\u00ed, \u00e9ry definovan\u00e9 ideologickou konfrontac\u00ed, bezprecedentn\u00ed globalizac\u00ed a do\u010dasnou nadvl\u00e1dou jedin\u00e9 mocnosti. To, co bude n\u00e1sledovat, bude zn\u00e1m\u011bj\u0161\u00ed: sv\u011bt mnoha mocensk\u00fdch center, soupe\u0159\u00edc\u00edch z\u00e1jm\u016f a m\u011bn\u00edc\u00edch se alianc\u00ed.<\/span><\/p>\n<p><span dir=\"auto\">V\u00e1lka mezi Spojen\u00fdmi st\u00e1ty a \u00cdr\u00e1nem je jedn\u00edm z moment\u016f, skrze kter\u00e9 k tomuto p\u0159echodu doch\u00e1z\u00ed.<\/span><\/p>\n<p><span dir=\"auto\">Bez ohledu na to, jak to dopadne, jeden z\u00e1v\u011br je ji\u017e nyn\u00ed mo\u017en\u00fd. \u00cdr\u00e1n t\u00edm, \u017ee si udr\u017eel svou pozici, v\u00fdznamn\u011b p\u0159isp\u011bl k v\u00fdvoji mezin\u00e1rodn\u00edho syst\u00e9mu. V podstat\u011b se stal posledn\u00edm z\u00e1va\u017e\u00edm, kter\u00e9 bour\u00e1 strukturu postavenou na p\u0159ehnan\u00fdch z\u00e1vazc\u00edch a iluz\u00edch.<\/span><\/p>\n<p><span dir=\"auto\">Sv\u011bt u\u017e nebude stejn\u00fd. Ne kv\u016fli destrukci nebo diplomacii, kter\u00e1 by mohla n\u00e1sledovat, ale proto, \u017ee z\u00e1kladn\u00ed my\u0161lenka, my\u0161lenka nesporn\u00e9 glob\u00e1ln\u00ed hegemonie, ztr\u00e1c\u00ed svou v\u00e1hu.<\/span><\/p>\n<p><em><span dir=\"auto\">Od\u00a0<\/span><strong><span dir=\"auto\">Timofeje Borda\u010deva<\/span><\/strong><span dir=\"auto\">\u00a0, programov\u00e9ho \u0159editele klubu Valdaj<\/span><\/em><\/p>\n<p>&nbsp;<\/p>\n","protected":false},"excerpt":{"rendered":"<p>V\u00e1lka mezi USA a \u00cdr\u00e1nem znamen\u00e1 konec jedn\u00e9 anom\u00e1ln\u00ed \u00e9ry Bez ohledu na to, jak&#8230;<\/p>\n","protected":false},"author":2,"featured_media":104141,"comment_status":"closed","ping_status":"closed","sticky":false,"template":"","format":"standard","meta":[],"categories":[7],"tags":[1042,38,37,40],"_links":{"self":[{"href":"https:\/\/www.infokuryr.cz\/n\/wp-json\/wp\/v2\/posts\/104140"}],"collection":[{"href":"https:\/\/www.infokuryr.cz\/n\/wp-json\/wp\/v2\/posts"}],"about":[{"href":"https:\/\/www.infokuryr.cz\/n\/wp-json\/wp\/v2\/types\/post"}],"author":[{"embeddable":true,"href":"https:\/\/www.infokuryr.cz\/n\/wp-json\/wp\/v2\/users\/2"}],"replies":[{"embeddable":true,"href":"https:\/\/www.infokuryr.cz\/n\/wp-json\/wp\/v2\/comments?post=104140"}],"version-history":[{"count":0,"href":"https:\/\/www.infokuryr.cz\/n\/wp-json\/wp\/v2\/posts\/104140\/revisions"}],"wp:featuredmedia":[{"embeddable":true,"href":"https:\/\/www.infokuryr.cz\/n\/wp-json\/wp\/v2\/media\/104141"}],"wp:attachment":[{"href":"https:\/\/www.infokuryr.cz\/n\/wp-json\/wp\/v2\/media?parent=104140"}],"wp:term":[{"taxonomy":"category","embeddable":true,"href":"https:\/\/www.infokuryr.cz\/n\/wp-json\/wp\/v2\/categories?post=104140"},{"taxonomy":"post_tag","embeddable":true,"href":"https:\/\/www.infokuryr.cz\/n\/wp-json\/wp\/v2\/tags?post=104140"}],"curies":[{"name":"wp","href":"https:\/\/api.w.org\/{rel}","templated":true}]}}