{"id":104131,"date":"2026-04-09T00:42:15","date_gmt":"2026-04-08T22:42:15","guid":{"rendered":"https:\/\/www.infokuryr.cz\/n\/?p=104131"},"modified":"2026-04-08T19:29:33","modified_gmt":"2026-04-08T17:29:33","slug":"byrokraticke-silenstvi-regulace-eu-meni-prodejce-tricek-v-plastove-zlocince","status":"publish","type":"post","link":"https:\/\/www.infokuryr.cz\/n\/2026\/04\/09\/byrokraticke-silenstvi-regulace-eu-meni-prodejce-tricek-v-plastove-zlocince\/","title":{"rendered":"Byrokratick\u00e9 \u0161\u00edlenstv\u00ed: Regulace EU m\u011bn\u00ed prodejce tri\u010dek v plastov\u00e9 zlo\u010dince"},"content":{"rendered":"<div id=\"fb-root\"><\/div>\n<p><strong><span dir=\"auto\">Zat\u00edmco evropsk\u00e1 ekonomika v mezin\u00e1rodn\u00edm srovn\u00e1n\u00ed st\u00e1le v\u00edce propad\u00e1, brusel\u0161t\u00ed kancel\u00e1\u0159\u0161t\u00ed \u00fa\u0159edn\u00edci zjevn\u011b nemaj\u00ed nic lep\u0161\u00edho na pr\u00e1ci, ne\u017e vym\u00fd\u0161let nov\u00e9 formy obt\u011b\u017eov\u00e1n\u00ed na\u0161ich firem. Nejnov\u011bj\u0161\u00edmi ob\u011b\u0165mi jsou v\u00fdrobci od\u011bv\u016f a zbo\u017e\u00ed v\u0161eho druhu. Nyn\u00ed maj\u00ed b\u00fdt zodpov\u011bdn\u00ed za n\u011bco, co ani nevyr\u00e1b\u011bj\u00ed.<\/span><\/strong><\/p>\n<p><span dir=\"auto\">Brusel\u0161t\u00ed eurokrat\u00e9 se ve sv\u00e9m klimatick\u00e9m \u0161\u00edlenstv\u00ed zdaj\u00ed b\u00fdt odhodl\u00e1ni podnik\u016fm je\u0161t\u011b v\u00edce zt\u00ed\u017eit \u017eivot, ne\u017e jak\u00fd u\u017e je, jak informuje\u00a0<\/span><a href=\"https:\/\/apollo-news.net\/eu-regulierungswut-bei-verpackungen-neue-leitlinie-nimmt-hersteller-von-kleidung-in-die-pflicht\/\"><span dir=\"auto\">Apollo News<\/span><\/a><span dir=\"auto\">\u00a0. Ji\u017e tak naprosto p\u0159ehnan\u00e9 \u201eNa\u0159\u00edzen\u00ed o obalech\u201c (2025\/40) \u2013 124str\u00e1nkov\u00e9 byrokratick\u00e9 monstrum, kter\u00e9 plat\u00ed od roku 2025 \u2013 zp\u016fsobuje firm\u00e1m tolik zmatku, \u017ee EU nyn\u00ed mus\u00ed prov\u00e9st \u00fapravy. \u0158e\u0161en\u00ed z Bruselu? 57str\u00e1nkov\u00e1 \u201e\u00a0<\/span><a href=\"https:\/\/www.ihk.de\/elbeweser\/produktmarken\/themen-fuer-unternehmen\/umweltschutz\/verpackungsverordnung-vollstaendigkeitserklaerung\/die-neue-eu-verpackungsverordnung-6458734\"><span dir=\"auto\">sm\u011brnice<\/span><\/a><span dir=\"auto\"> \u201c, kter\u00e1 m\u00e1 firm\u00e1m vysv\u011btlit, jak maj\u00ed tato nerealistick\u00e1 pravidla implementovat. Tato sm\u011brnice je v\u0161ak skute\u010dn\u00fdm pr\u016f\u0161vihem a p\u0159edstavuje front\u00e1ln\u00ed \u00fatok na mal\u00e9 a st\u0159edn\u00ed podniky (MSP).<\/span><\/p>\n<p><span dir=\"auto\">EU pl\u00e1nuje v budoucnu firm\u00e1m diktovat, kolik recyklovan\u00e9ho plastu mus\u00ed pou\u017e\u00edvat. Jednor\u00e1zov\u00e9 lahve na pit\u00ed mus\u00ed do roku 2030 obsahovat 30 procent recyklovan\u00e9ho materi\u00e1lu a do roku 2040 65 procent. Od roku 2030 bude na plastov\u00e9 ta\u0161ky pou\u017e\u00edvan\u00e9 k p\u0159eprav\u011b oble\u010den\u00ed platit povinn\u00e1 kv\u00f3ta 35 procent. Kdo si ale mysl\u00ed, \u017ee se to t\u00fdk\u00e1 pouze plastik\u00e1\u0159sk\u00e9ho pr\u016fmyslu, nepo\u010d\u00edtal s vynal\u00e9zav\u00fdmi bruselsk\u00fdmi regul\u00e1tory. Nov\u00e9 sm\u011brnice to jednozna\u010dn\u011b \u0159\u00edkaj\u00ed: Zodpov\u011bdn\u00ed budou i v\u00fdrobci zbo\u017e\u00ed!<\/span><\/p>\n<p><span dir=\"auto\">Slovo \u201ev\u00fdrobce\u201c se s trochou trika kompletn\u011b p\u0159edefinov\u00e1v\u00e1: Pokud st\u0159edn\u011b velk\u00fd v\u00fdrobce od\u011bv\u016f dod\u00e1v\u00e1 sv\u00e1 tri\u010dka v plastov\u00e9m s\u00e1\u010dku, bude ho EU od nyn\u011bj\u0161ka pova\u017eovat za v\u00fdrobce dan\u00e9ho obalu \u2013 jednodu\u0161e proto, \u017ee na n\u011bj natiskne n\u00e1zev sv\u00e9 zna\u010dky! Absurdn\u00ed logika eurokrat\u016f: Kdokoli, kdo zna\u010dku vlastn\u00ed, si mohl zvolit jin\u00fd obal. To p\u0159esouv\u00e1 ve\u0161kerou odpov\u011bdnost a hroz\u00edc\u00ed no\u010dn\u00ed m\u016fru s dokumentac\u00ed na firmy, kter\u00e9 skute\u010dn\u011b vyr\u00e1b\u011bj\u00ed kalhoty a ko\u0161ile, nikoli plastov\u00e9 obaly.<\/span><\/p>\n<p><span dir=\"auto\">Kdy\u017e u\u017e mluv\u00edme o no\u010dn\u00edch m\u016fr\u00e1ch s dokumentac\u00ed: Pou\u017eit\u00fd recyklovan\u00fd plast mus\u00ed poch\u00e1zet z EU. Pokud je sb\u011br v zahrani\u010d\u00ed, Brusel po\u017eaduje, aby tamn\u00ed dokumenta\u010dn\u00ed standardy p\u0159esn\u011b odpov\u00eddaly standard\u016fm EU. Zcela nere\u00e1ln\u00fd z\u00e1vazek, kter\u00fd pro firmy znamen\u00e1 je\u0161t\u011b v\u00edce byrokracie, v\u00edce odborn\u00fdch posudk\u016f a je\u0161t\u011b v\u00edce n\u00e1klad\u016f. Nav\u00edc od roku 2030 budou povoleny pouze obaly, kter\u00e9 jsou recyklovateln\u00e9 alespo\u0148 ze 70 procent.<\/span><\/p>\n<p><span dir=\"auto\">M\u00edru, do jak\u00e9 bruselsk\u00e9 \u00fa\u0159ady zasahuj\u00ed do mikrokosmu ob\u010dan\u016f a maloobchodn\u00edk\u016f, ilustruje detail, kter\u00fd se zd\u00e1 b\u00fdt t\u00e9m\u011b\u0159 neuv\u011b\u0159iteln\u00fd: sm\u011brnice v\u00e1\u017en\u011b reguluj\u00ed, kdy plastov\u00fd kv\u011btin\u00e1\u010d p\u0159edstavuje obal a kdy ne. Absurdn\u00ed pravidlo EU zn\u00ed: pokud je rostlina z\u00e1kazn\u00edkovi prod\u00e1na v kv\u011btin\u00e1\u010di, je kv\u011btin\u00e1\u010d obalem. Pokud je v\u0161ak kv\u011btin\u00e1\u010d pou\u017eit pouze k p\u011bstov\u00e1n\u00ed rostliny ve \u0161kolce, nen\u00ed to obal a na\u0159\u00edzen\u00ed se na n\u011bj nevztahuje.<\/span><\/p>\n<p><span dir=\"auto\">Recyklace obalov\u00fdch materi\u00e1l\u016f se m\u00e1 v\u00fdrazn\u011b roz\u0161\u00ed\u0159it. Do roku 2030 by m\u011blo b\u00fdt recyklov\u00e1no nejm\u00e9n\u011b 70 procent ve\u0161ker\u00e9ho obalov\u00e9ho odpadu (v\u010detn\u011b 80 procent \u017eelezn\u00fdch kov\u016f a 50 procent hlin\u00edku).<\/span><\/p>\n<p><img decoding=\"async\" loading=\"lazy\" class=\"alignnone size-full wp-image-1185\" src=\"http:\/\/www.infokuryr.cz\/n\/wp-content\/uploads\/2021\/04\/kuryr-podpis.png\" alt=\"\" width=\"84\" height=\"24\" \/><\/p>\n<p>&nbsp;<\/p>\n","protected":false},"excerpt":{"rendered":"<p>Zat\u00edmco evropsk\u00e1 ekonomika v mezin\u00e1rodn\u00edm srovn\u00e1n\u00ed st\u00e1le v\u00edce propad\u00e1, brusel\u0161t\u00ed kancel\u00e1\u0159\u0161t\u00ed \u00fa\u0159edn\u00edci zjevn\u011b nemaj\u00ed nic&#8230;<\/p>\n","protected":false},"author":2,"featured_media":104132,"comment_status":"closed","ping_status":"closed","sticky":false,"template":"","format":"standard","meta":[],"categories":[7],"tags":[41,10855,1552],"_links":{"self":[{"href":"https:\/\/www.infokuryr.cz\/n\/wp-json\/wp\/v2\/posts\/104131"}],"collection":[{"href":"https:\/\/www.infokuryr.cz\/n\/wp-json\/wp\/v2\/posts"}],"about":[{"href":"https:\/\/www.infokuryr.cz\/n\/wp-json\/wp\/v2\/types\/post"}],"author":[{"embeddable":true,"href":"https:\/\/www.infokuryr.cz\/n\/wp-json\/wp\/v2\/users\/2"}],"replies":[{"embeddable":true,"href":"https:\/\/www.infokuryr.cz\/n\/wp-json\/wp\/v2\/comments?post=104131"}],"version-history":[{"count":0,"href":"https:\/\/www.infokuryr.cz\/n\/wp-json\/wp\/v2\/posts\/104131\/revisions"}],"wp:featuredmedia":[{"embeddable":true,"href":"https:\/\/www.infokuryr.cz\/n\/wp-json\/wp\/v2\/media\/104132"}],"wp:attachment":[{"href":"https:\/\/www.infokuryr.cz\/n\/wp-json\/wp\/v2\/media?parent=104131"}],"wp:term":[{"taxonomy":"category","embeddable":true,"href":"https:\/\/www.infokuryr.cz\/n\/wp-json\/wp\/v2\/categories?post=104131"},{"taxonomy":"post_tag","embeddable":true,"href":"https:\/\/www.infokuryr.cz\/n\/wp-json\/wp\/v2\/tags?post=104131"}],"curies":[{"name":"wp","href":"https:\/\/api.w.org\/{rel}","templated":true}]}}