{"id":104129,"date":"2026-04-09T00:40:38","date_gmt":"2026-04-08T22:40:38","guid":{"rendered":"https:\/\/www.infokuryr.cz\/n\/?p=104129"},"modified":"2026-04-08T19:13:21","modified_gmt":"2026-04-08T17:13:21","slug":"izrael-zautocil-v-libanonu-behem-10-minut-na-100-cilu-stovky-lidi-zabil-nebo-zranil","status":"publish","type":"post","link":"https:\/\/www.infokuryr.cz\/n\/2026\/04\/09\/izrael-zautocil-v-libanonu-behem-10-minut-na-100-cilu-stovky-lidi-zabil-nebo-zranil\/","title":{"rendered":"Izrael za\u00fato\u010dil v Libanonu b\u011bhem 10 minut na 100 c\u00edl\u016f, stovky lid\u00ed zabil nebo zranil"},"content":{"rendered":"<div id=\"fb-root\"><\/div>\n<p><strong><span dir=\"auto\">Izrael zah\u00e1jil 8. dubna jeden ze sv\u00fdch nejsiln\u011bj\u0161\u00edch \u00fatok\u016f proti Libanonu, p\u0159i kter\u00e9m zabil nebo zranil stovky lid\u00ed, jen n\u011bkolik hodin pot\u00e9, co vstoupilo v platnost dvout\u00fddenn\u00ed p\u0159\u00edm\u011b\u0159\u00ed s \u00cdr\u00e1nem.<\/span><\/strong><\/p>\n<p><span dir=\"auto\">Izraelsk\u00e9 letectvo zas\u00e1hlo b\u011bhem 10 minut 100 c\u00edl\u016f, uvedly Izraelsk\u00e9 obrann\u00e9 s\u00edly (IDF), kter\u00e9 ve sv\u00e9m prohl\u00e1\u0161en\u00ed uvedly, \u017ee mezi c\u00edli zasa\u017een\u00fdmi v hlavn\u00edm m\u011bst\u011b Bejr\u00fatu, \u00fadol\u00ed Bek\u00e1 a ji\u017en\u00edm Libanonu byla velitelsk\u00e1 centra Hizball\u00e1hu a dal\u0161\u00ed vojensk\u00e1 infrastruktura.<\/span><\/p>\n<p><span dir=\"auto\">Arm\u00e1da tvrdila, \u017ee mezi c\u00edli bylo velitelstv\u00ed a kancel\u00e1\u0159e zpravodajsk\u00fdch slu\u017eeb pou\u017e\u00edvan\u00e9 Hizball\u00e1hem k pl\u00e1nov\u00e1n\u00ed \u00fatok\u016f na izraelsk\u00e9 voj\u00e1ky a civilisty, infrastruktura raketov\u00fdch a n\u00e1mo\u0159n\u00edch jednotek skupiny a majetek elitn\u00edch sil Radwan a leteck\u00e9 jednotky skupiny.<\/span><\/p>\n<p><em><span dir=\"auto\">\u201eToto je nejv\u011bt\u0161\u00ed \u00fatok proti infrastruktu\u0159e Hizball\u00e1hu od zah\u00e1jen\u00ed operace \u0158vouc\u00ed lev,\u201c dodala arm\u00e1da.<\/span><\/em><\/p>\n<p><span dir=\"auto\">Izraelsk\u00e9 obrann\u00e9 s\u00edly (IDF) uznaly, \u017ee v\u011bt\u0161ina t\u011bchto m\u00edst se nach\u00e1zela \u201ev srdci civiln\u00edho obyvatelstva\u201c, ale obvinily Hizball\u00e1h z toho, \u017ee zneu\u017e\u00edv\u00e1 \u201elibanonsk\u00e9 civilisty jako lidsk\u00e9 \u0161t\u00edty k ochran\u011b sv\u00fdch operac\u00ed\u201c.<\/span><\/p>\n<p><iframe loading=\"lazy\" src=\"https:\/\/s1.cdnstatic.space\/wp-content\/uploads\/2026\/04\/israel1.mp4\" width=\"600\" height=\"338\" data-mce-fragment=\"1\"><\/iframe><\/p>\n<p><iframe loading=\"lazy\" src=\"https:\/\/s1.cdnstatic.space\/wp-content\/uploads\/2026\/04\/israel2.mp4\" width=\"600\" height=\"338\" data-mce-fragment=\"1\"><\/iframe><\/p>\n<p><iframe loading=\"lazy\" src=\"https:\/\/s1.cdnstatic.space\/wp-content\/uploads\/2026\/04\/israel3.mp4\" width=\"600\" height=\"338\" data-mce-fragment=\"1\"><\/iframe><\/p>\n<p><iframe loading=\"lazy\" src=\"https:\/\/s1.cdnstatic.space\/wp-content\/uploads\/2026\/04\/israel4.mp4\" width=\"600\" height=\"338\" data-mce-fragment=\"1\"><\/iframe><\/p>\n<p><span dir=\"auto\">Ter\u010dem \u00fatok\u016f byl n\u00e1bo\u017eensk\u00fd a spole\u010densk\u00fd komplex Sayyida Fatima Al-Zahra v ji\u017en\u00edm m\u011bst\u011b Saida, stejn\u011b jako h\u0159bitov a n\u011bkolik v\u00edcepodla\u017en\u00edch obytn\u00fdch budov v ji\u017en\u00edm p\u0159edm\u011bst\u00ed Bejr\u00fatu, ba\u0161t\u011b Hizball\u00e1hu, zn\u00e1m\u011bj\u0161\u00ed jako Dahiyah.<\/span><\/p>\n<p><iframe loading=\"lazy\" src=\"https:\/\/s1.cdnstatic.space\/wp-content\/uploads\/2026\/04\/israel5.mp4\" width=\"600\" height=\"338\" data-mce-fragment=\"1\"><\/iframe><\/p>\n<p><iframe loading=\"lazy\" src=\"https:\/\/s1.cdnstatic.space\/wp-content\/uploads\/2026\/04\/israel6.mp4\" width=\"600\" height=\"338\" data-mce-fragment=\"1\"><\/iframe><\/p>\n<p><iframe loading=\"lazy\" src=\"https:\/\/s1.cdnstatic.space\/wp-content\/uploads\/2026\/04\/israel7.mp4\" width=\"600\" height=\"338\" data-mce-fragment=\"1\"><\/iframe><\/p>\n<p><iframe loading=\"lazy\" src=\"https:\/\/s1.cdnstatic.space\/wp-content\/uploads\/2026\/04\/israel8.mp4\" width=\"600\" height=\"338\" data-mce-fragment=\"1\"><\/iframe><\/p>\n<p><span dir=\"auto\">V n\u00e1sledn\u00e9m prohl\u00e1\u0161en\u00ed IDF uvedla, \u017ee \u00fatok nebyl \u201ez\u00e1v\u011bre\u010dn\u00fdmi \u00fadery\u201c, a zd\u016fraznila, \u017ee p\u0159\u00edm\u011b\u0159\u00ed s \u00cdr\u00e1nem neovlivn\u00ed operace proti Hizball\u00e1hu.<\/span><\/p>\n<p><em><span dir=\"auto\">\u201eBudeme i nad\u00e1le \u00fato\u010dit na teroristickou organizaci Hizball\u00e1h a vyu\u017eijeme ka\u017ed\u00e9 p\u0159\u00edle\u017eitosti. Nebudeme d\u011blat kompromisy v oblasti bezpe\u010dnosti obyvatel severu. Budeme pokra\u010dovat v \u00fatoku bez p\u0159est\u00e1vky,\u201c citovala arm\u00e1da slova n\u00e1\u010deln\u00edka \u0161t\u00e1bu IDF gener\u00e1lporu\u010d\u00edka Eyala Zamira b\u011bhem \u00fader\u016f.<\/span><\/em><\/p>\n<p><span dir=\"auto\">Arm\u00e1da dodala, \u017ee masivn\u00ed vlna \u00fader\u016f byla pl\u00e1nov\u00e1na bez ohledu na p\u0159\u00edm\u011b\u0159\u00ed v \u00cdr\u00e1nu a na\u010dasov\u00e1n\u00ed je n\u00e1hodn\u00e9.<\/span><\/p>\n<p><span dir=\"auto\">Ministr obrany Israel Katz rovn\u011b\u017e uvedl, \u017ee rozs\u00e1hl\u00fd \u00fatok IDF byl zam\u011b\u0159en na \u201estovky agent\u016f Hizball\u00e1hu\u201c.<\/span><\/p>\n<p><em><span dir=\"auto\">\u201eStovky agent\u016f Hizball\u00e1hu se staly ter\u010dem p\u0159ekvapiv\u00fdch \u00fatok\u016f na velitelstv\u00ed po cel\u00e9m Libanonu, co\u017e byl nejv\u011bt\u0161\u00ed koncentrovan\u00fd \u00fader, jak\u00fd Hizball\u00e1h utrp\u011bl od operace s pagerem,\u201c \u0159ekl s odkazem na \u00fatok s exploduj\u00edc\u00edm pagerem, jeho\u017e c\u00edlem byli \u010dlenov\u00e9 Hizball\u00e1hu v roce 2024.<\/span><\/em><\/p>\n<p><span dir=\"auto\">Katz dodal, \u017ee v\u016fdce Hizball\u00e1hu Naim K\u00e1sem byl varov\u00e1n, \u017ee \u201eHizball\u00e1h zaplat\u00ed velmi vysokou cenu za \u00fatok na Izrael jm\u00e9nem \u00cdr\u00e1nu a \u017ee i on osobn\u011b p\u0159ijde na \u0159adu.\u201c<\/span><\/p>\n<p><span dir=\"auto\">Libanonsk\u00fd ministr zdravotnictv\u00ed Rakan Nassereddine uvedl, \u017ee izraelsk\u00fd \u00fatok zabil nebo zranil stovky lid\u00ed po cel\u00e9 zemi.<\/span><\/p>\n<p><span dir=\"auto\">Gener\u00e1ln\u00ed tajemn\u00edk Libanonsk\u00e9ho \u010derven\u00e9ho k\u0159\u00ed\u017ee Georges Kettaneh mezit\u00edm popsal situaci jako \u201ekatastrof\u00e1ln\u00ed\u201c, kdy mnoho lid\u00ed st\u00e1le z\u016fst\u00e1v\u00e1 uv\u011bzn\u011bno pod troskami a na mnoha m\u00edstech se z\u0159\u00edtily cel\u00e9 budovy.<\/span><\/p>\n<p><span dir=\"auto\">Dodal, \u017ee pacienti jsou evakuov\u00e1ni z nemocnic v Bejr\u00fatu do za\u0159\u00edzen\u00ed mimo hlavn\u00ed m\u011bsto, aby se uvolnilo m\u00edsto pro ob\u011bti prob\u00edhaj\u00edc\u00edch st\u00e1vek.<\/span><\/p>\n<p><iframe loading=\"lazy\" src=\"https:\/\/s1.cdnstatic.space\/wp-content\/uploads\/2026\/04\/israel9.mp4\" width=\"600\" height=\"338\" data-mce-fragment=\"1\"><\/iframe><\/p>\n<p><iframe loading=\"lazy\" src=\"https:\/\/s1.cdnstatic.space\/wp-content\/uploads\/2026\/04\/israel10.mp4\" width=\"600\" height=\"338\" data-mce-fragment=\"1\"><\/iframe><\/p>\n<p><iframe loading=\"lazy\" src=\"https:\/\/s1.cdnstatic.space\/wp-content\/uploads\/2026\/04\/israel11.mp4\" width=\"600\" height=\"338\" data-mce-fragment=\"1\"><\/iframe><\/p>\n<p><iframe loading=\"lazy\" src=\"https:\/\/s1.cdnstatic.space\/wp-content\/uploads\/2026\/04\/israel12.mp4\" width=\"600\" height=\"338\" data-mce-fragment=\"1\"><\/iframe><\/p>\n<p><span dir=\"auto\">P\u00e1kist\u00e1nsk\u00fd premi\u00e9r \u0160ehb\u00e1z \u0160ar\u00edf p\u0159ed smrt\u00edc\u00edm izraelsk\u00fdm \u00fatokem prohl\u00e1sil, \u017ee \u00cdr\u00e1n, USA a \u201ejejich spojenci\u201c se dohodli na \u201eokam\u017eit\u00e9m p\u0159\u00edm\u011b\u0159\u00ed v\u0161ude v\u010detn\u011b Libanonu a jinde\u201c.<\/span><\/p>\n<p><span dir=\"auto\">Kancel\u00e1\u0159 premi\u00e9ra Benjamina Netanjahua tehdy vydala prohl\u00e1\u0161en\u00ed, v n\u011bm\u017e p\u0159\u00edm\u011b\u0159\u00ed uv\u00edtala, ale zd\u016fraznila, \u017ee se nevztahuje na Libanon.<\/span><\/p>\n<p><span dir=\"auto\">Ve sv\u00e9m prvn\u00edm koment\u00e1\u0159i k p\u0159\u00edm\u011b\u0159\u00ed Hizball\u00e1h vyzval libanonsk\u00e9 civilisty, aby se nevraceli do oblast\u00ed Libanonu, kter\u00e9 IDF na\u0159\u00eddila evakuovat, \u201ep\u0159ed ofici\u00e1ln\u00edm kone\u010dn\u00fdm vyhl\u00e1\u0161en\u00edm p\u0159\u00edm\u011b\u0159\u00ed v Libanonu\u201c.<\/span><\/p>\n<p><em><span dir=\"auto\">\u201eDnes stoj\u00edme na prahu velk\u00e9ho historick\u00e9ho v\u00edt\u011bzstv\u00ed, kter\u00e9ho bude dosa\u017eeno d\u00edky ob\u011btem bojovn\u00edk\u016f, krvi mu\u010dedn\u00edk\u016f a va\u0161\u00ed bezkonkuren\u010dn\u00ed vytrvalosti a trp\u011blivosti,\u201c uvedla skupina ve sv\u00e9m prohl\u00e1\u0161en\u00ed.<\/span><\/em><\/p>\n<p><em><span dir=\"auto\">\u201eV t\u011bchto rozhoduj\u00edc\u00edch chv\u00edl\u00edch v\u00e1s vyz\u00fdv\u00e1me k v\u011bt\u0161\u00ed trp\u011blivosti, neochv\u011bjnosti a \u010dek\u00e1n\u00ed a k tomu, abyste necestovali do vesnic, m\u011bst a c\u00edlen\u00fdch oblast\u00ed na jihu, v \u00fadol\u00ed Beqaa a na ji\u017en\u00edch p\u0159edm\u011bst\u00edch Bejr\u00fatu p\u0159ed ofici\u00e1ln\u00edm kone\u010dn\u00fdm vyhl\u00e1\u0161en\u00edm p\u0159\u00edm\u011b\u0159\u00ed v Libanonu,\u201c dodalo se v n\u011bm.<\/span><\/em><\/p>\n<p><span dir=\"auto\">Pozd\u011bji z\u00e1konod\u00e1rce Hizball\u00e1hu Ibrahim Al-Moussawi varoval p\u0159ed reakc\u00ed \u00cdr\u00e1nu a jeho spojenc\u016f, pokud Izrael \u201enebude dodr\u017eovat p\u0159\u00edm\u011b\u0159\u00ed\u201c.<\/span><\/p>\n<p><em><span dir=\"auto\">\u201eDohoda zahrnuje Libanon, dle sv\u00fdch podm\u00ednek, a \u00cdr\u00e1n na tomto zahrnut\u00ed trval,\u201c \u0159ekl al-Mus\u00e1v\u00ed m\u00edstn\u00ed televizn\u00ed stanici Al-Jadeed.<\/span><\/em><\/p>\n<p><span dir=\"auto\">Libanonsk\u00fd prezident Joseph Aoun uv\u00edtal dvout\u00fddenn\u00ed p\u0159\u00edm\u011b\u0159\u00ed dohodnut\u00e9 mezi USA a \u00cdr\u00e1nem a uvedl, \u017ee douf\u00e1, \u017ee jeho zem\u011b bude do region\u00e1ln\u00edho p\u0159\u00edm\u011b\u0159\u00ed zahrnuta.<\/span><\/p>\n<p><span dir=\"auto\">Aoun uvedl, \u017ee jeho vl\u00e1da \u201epokra\u010duje v \u00fasil\u00ed o zaji\u0161t\u011bn\u00ed toho, aby region\u00e1ln\u00ed m\u00edr zahrnoval i Libanon stabiln\u00edm a trval\u00fdm zp\u016fsobem,\u201c uv\u00e1d\u00ed se v prohl\u00e1\u0161en\u00ed prezidentsk\u00e9ho \u00fa\u0159adu.<\/span><\/p>\n<p><span dir=\"auto\">Libanonsk\u00fd premi\u00e9r Nawaf Salam pozd\u011bji vyzval p\u0159\u00e1tele sv\u00e9 zem\u011b, aby pomohli ukon\u010dit izraelsk\u00fd \u00fatok.<\/span><\/p>\n<p><span dir=\"auto\">Salam ve sv\u00e9m prohl\u00e1\u0161en\u00ed uvedl, \u017ee a\u010dkoli Bejr\u00fat \u201euv\u00edtal dohodu mezi \u00cdr\u00e1nem a Spojen\u00fdmi st\u00e1ty a zintenzivnil \u00fasil\u00ed o dosa\u017een\u00ed dohody o p\u0159\u00edm\u011b\u0159\u00ed v Libanonu, Izrael nad\u00e1le stup\u0148uje sv\u00e9 \u00fatoky\u201c.<\/span><\/p>\n<p><em><span dir=\"auto\">\u201eV\u0161ichni p\u0159\u00e1tel\u00e9 Libanonu jsou vyz\u00fdv\u00e1ni, aby n\u00e1m pomohli zastavit tyto \u00fatoky v\u0161emi dostupn\u00fdmi prost\u0159edky,\u201c dodal.<\/span><\/em><\/p>\n<p><span dir=\"auto\">Celkov\u011b vzato Izrael evidentn\u011b vyu\u017e\u00edv\u00e1 p\u0159\u00edm\u011b\u0159\u00ed s \u00cdr\u00e1nem k eskalaci \u00fatok\u016f proti Hizball\u00e1hu v Libanonu. Posledn\u00ed \u00fatok byl pravd\u011bpodobn\u011b prvn\u00edm z mnoha, kter\u00e9 n\u00e1sledovaly. I kdy\u017e se \u00cdr\u00e1n zat\u00edm zdr\u017euje, vojenskou reakci proti Izraeli nelze vylou\u010dit.<\/span><\/p>\n<p><span dir=\"auto\">To je jist\u011b jeden ze zp\u016fsob\u016f, jak\u00fdm se Izrael pokou\u0161\u00ed sabotovat americko-\u00edr\u00e1nsk\u00e9 rozhovory, kter\u00e9 se maj\u00ed konat 9. dubna v p\u00e1kist\u00e1nsk\u00e9m hlavn\u00edm m\u011bst\u011b Isl\u00e1m\u00e1b\u00e1du.<\/span><\/p>\n<p><img decoding=\"async\" loading=\"lazy\" class=\"alignnone size-full wp-image-1185\" src=\"http:\/\/www.infokuryr.cz\/n\/wp-content\/uploads\/2021\/04\/kuryr-podpis.png\" alt=\"\" width=\"84\" height=\"24\" \/><\/p>\n<p>&nbsp;<\/p>\n","protected":false},"excerpt":{"rendered":"<p>Izrael zah\u00e1jil 8. dubna jeden ze sv\u00fdch nejsiln\u011bj\u0161\u00edch \u00fatok\u016f proti Libanonu, p\u0159i kter\u00e9m zabil nebo&#8230;<\/p>\n","protected":false},"author":2,"featured_media":80168,"comment_status":"closed","ping_status":"closed","sticky":false,"template":"","format":"standard","meta":[],"categories":[7],"tags":[107,405,1863,5135],"_links":{"self":[{"href":"https:\/\/www.infokuryr.cz\/n\/wp-json\/wp\/v2\/posts\/104129"}],"collection":[{"href":"https:\/\/www.infokuryr.cz\/n\/wp-json\/wp\/v2\/posts"}],"about":[{"href":"https:\/\/www.infokuryr.cz\/n\/wp-json\/wp\/v2\/types\/post"}],"author":[{"embeddable":true,"href":"https:\/\/www.infokuryr.cz\/n\/wp-json\/wp\/v2\/users\/2"}],"replies":[{"embeddable":true,"href":"https:\/\/www.infokuryr.cz\/n\/wp-json\/wp\/v2\/comments?post=104129"}],"version-history":[{"count":0,"href":"https:\/\/www.infokuryr.cz\/n\/wp-json\/wp\/v2\/posts\/104129\/revisions"}],"wp:featuredmedia":[{"embeddable":true,"href":"https:\/\/www.infokuryr.cz\/n\/wp-json\/wp\/v2\/media\/80168"}],"wp:attachment":[{"href":"https:\/\/www.infokuryr.cz\/n\/wp-json\/wp\/v2\/media?parent=104129"}],"wp:term":[{"taxonomy":"category","embeddable":true,"href":"https:\/\/www.infokuryr.cz\/n\/wp-json\/wp\/v2\/categories?post=104129"},{"taxonomy":"post_tag","embeddable":true,"href":"https:\/\/www.infokuryr.cz\/n\/wp-json\/wp\/v2\/tags?post=104129"}],"curies":[{"name":"wp","href":"https:\/\/api.w.org\/{rel}","templated":true}]}}