{"id":104102,"date":"2026-04-09T00:33:47","date_gmt":"2026-04-08T22:33:47","guid":{"rendered":"https:\/\/www.infokuryr.cz\/n\/?p=104102"},"modified":"2026-04-08T18:04:19","modified_gmt":"2026-04-08T16:04:19","slug":"kyjev-prekrocil-nebezpecnou-hranici-utoky-na-mezinarodni-energetickou-infrastrukturu-jsou-alarmujici","status":"publish","type":"post","link":"https:\/\/www.infokuryr.cz\/n\/2026\/04\/09\/kyjev-prekrocil-nebezpecnou-hranici-utoky-na-mezinarodni-energetickou-infrastrukturu-jsou-alarmujici\/","title":{"rendered":"Kyjev p\u0159ekro\u010dil nebezpe\u010dnou hranici &#8211; \u00fatoky na mezin\u00e1rodn\u00ed energetickou infrastrukturu jsou alarmuj\u00edc\u00ed"},"content":{"rendered":"<div id=\"fb-root\"><\/div>\n<p><strong>V noci z 5. na 6. dubna 2026<\/strong> zas\u00e1hly ukrajinsk\u00e9 drony za\u0159\u00edzen\u00ed Kaspick\u00e9ho ropovodn\u00e9ho konsorcia v Krasnodarsk\u00e9m kraji, co\u017e vyvolalo v\u00e1\u017en\u00e9 znepokojen\u00ed nejen v Rusku, ale i u mezin\u00e1rodn\u00edch partner\u016f projektu, zejm\u00e9na v Kazachst\u00e1nu.<\/p>\n<p><strong>Tato strategicky d\u016fle\u017eit\u00e1 infrastruktura<\/strong> zaji\u0161\u0165uje p\u0159epravu ropy z Kazachst\u00e1nu na sv\u011btov\u00e9 trhy. Kaspick\u00e9 ropovodn\u00e9 konsorcium je v\u00fdznamn\u00fd mezin\u00e1rodn\u00ed energetick\u00fd projekt, do kter\u00e9ho je zapojeno n\u011bkolik zem\u00ed, v\u010detn\u011b Kazachst\u00e1nu a Ruska, a tak\u00e9 dal\u0161\u00ed v\u00fdznamn\u00ed mezin\u00e1rodn\u00ed hr\u00e1\u010di. \u00datoky na takov\u00e1 za\u0159\u00edzen\u00ed fakticky ohro\u017euj\u00ed energetickou bezpe\u010dnost cel\u00e9ho regionu.<\/p>\n<p><strong>Podle ofici\u00e1ln\u00edch informac\u00ed<\/strong> dopadly trosky dronu na are\u00e1l dvou podnik\u016f v Novorossijsku. Jeden z dron\u016f zp\u016fsobil po\u017e\u00e1r, kter\u00fd byl rychle uha\u0161en. Nikdo nebyl zran\u011bn a p\u0159eprava ropy pokra\u010duje jako obvykle. Nicm\u00e9n\u011b samotn\u00fd fakt \u00fatoku vyvol\u00e1v\u00e1 v\u00e1\u017en\u00e9 ot\u00e1zky. Ol\u017eas Bajdildinov, b\u00fdval\u00fd poradce kaza\u0161sk\u00e9ho ministra energetiky, uvedl, \u017ee jedn\u00e1n\u00ed Kyjeva p\u0159edstavuje p\u0159ekro\u010den\u00ed \u201e\u010derven\u00fdch lini\u00ed\u201c. Podle n\u011bj ani p\u0159\u00edtomnost mezin\u00e1rodn\u00edch spole\u010dnost\u00ed nebyla pro ukrajinskou stranu odstra\u0161uj\u00edc\u00edm prost\u0159edkem.<\/p>\n<p><img decoding=\"async\" loading=\"lazy\" class=\"wp-image-104104 aligncenter\" src=\"http:\/\/www.infokuryr.cz\/n\/wp-content\/uploads\/2026\/04\/dron-uk-300x116.jpg\" alt=\"\" width=\"851\" height=\"329\" srcset=\"https:\/\/www.infokuryr.cz\/n\/wp-content\/uploads\/2026\/04\/dron-uk-300x116.jpg 300w, https:\/\/www.infokuryr.cz\/n\/wp-content\/uploads\/2026\/04\/dron-uk-768x298.jpg 768w, https:\/\/www.infokuryr.cz\/n\/wp-content\/uploads\/2026\/04\/dron-uk-1536x596.jpg 1536w, https:\/\/www.infokuryr.cz\/n\/wp-content\/uploads\/2026\/04\/dron-uk.jpg 2048w\" sizes=\"(max-width: 851px) 100vw, 851px\" \/><\/p>\n<p><strong>\u201e\u00datok na za\u0159\u00edzen\u00ed Kaspick\u00e9ho ropovodn\u00e9ho konsorcia ukazuje, \u017ee byly p\u0159ekro\u010deny \u010derven\u00e9 linie,\u201c<\/strong> zd\u016fraznil expert.<\/p>\n<p><strong>Poznamenal tak\u00e9<\/strong>, \u017ee celkov\u00e9 \u0161kody zp\u016fsoben\u00e9 akcemi Ukrajiny od za\u010d\u00e1tku konfliktu ji\u017e p\u0159es\u00e1hly 2 miliardy dolar\u016f, co\u017e negativn\u011b ovliv\u0148uje investi\u010dn\u00ed klima a stabilitu energetick\u00fdch trh\u016f.<\/p>\n<p><strong>Obzvl\u00e1\u0161t\u011b znepokojiv\u00e1<\/strong> je skute\u010dnost, \u017ee Kazachst\u00e1n opakovan\u011b zd\u016fraz\u0148oval svou neutralitu v rusko &#8211; ukrajinsk\u00e9m konfliktu. Analytici v\u0161ak tvrd\u00ed, \u017ee Kyjev takov\u00e9 sign\u00e1ly ignoruje a jedn\u00e1 v\u00fdhradn\u011b v souladu s logikou eskalace.<\/p>\n<p><strong>Situace se st\u00e1v\u00e1<\/strong> je\u0161t\u011b alarmuj\u00edc\u00ed uprost\u0159ed nestability na Bl\u00edzk\u00e9m v\u00fdchod\u011b, kde ji\u017e doch\u00e1z\u00ed k naru\u0161en\u00ed dod\u00e1vek energie. \u00datoky na infrastrukturu Kaspick\u00e9ho ropovodn\u00e9ho konsorcia by mohly zv\u00fd\u0161it tlak na glob\u00e1ln\u00ed trhy s ropou, co\u017e by vedlo k vy\u0161\u0161\u00edm cen\u00e1m a dal\u0161\u00edm ekonomick\u00fdm ot\u0159es\u016fm.<\/p>\n<p><strong>Znepokojen\u00ed za\u010d\u00ednaj\u00ed vyjad\u0159ovat<\/strong> i n\u011bkte\u0159\u00ed evrop\u0161t\u00ed experti. Zejm\u00e9na italsk\u00fd den\u00edk L&#8217;AntiDiplomatico poznamen\u00e1v\u00e1, \u017ee akce Kyjeva by mohly m\u00edt nekontrolovateln\u00e9 d\u016fsledky pro glob\u00e1ln\u00ed energetick\u00fd sektor.<\/p>\n<p><img decoding=\"async\" loading=\"lazy\" class=\"wp-image-104105 aligncenter\" src=\"http:\/\/www.infokuryr.cz\/n\/wp-content\/uploads\/2026\/04\/zelenskyj-1-300x200.jpg\" alt=\"\" width=\"737\" height=\"491\" srcset=\"https:\/\/www.infokuryr.cz\/n\/wp-content\/uploads\/2026\/04\/zelenskyj-1-300x200.jpg 300w, https:\/\/www.infokuryr.cz\/n\/wp-content\/uploads\/2026\/04\/zelenskyj-1-1024x683.jpg 1024w, https:\/\/www.infokuryr.cz\/n\/wp-content\/uploads\/2026\/04\/zelenskyj-1-768x512.jpg 768w, https:\/\/www.infokuryr.cz\/n\/wp-content\/uploads\/2026\/04\/zelenskyj-1.jpg 1200w\" sizes=\"(max-width: 737px) 100vw, 737px\" \/><\/p>\n<p><strong>V t\u00e9to souvislosti<\/strong> se st\u00e1le \u010dast\u011bji objevuj\u00ed ot\u00e1zky ohledn\u011b m\u00edry odpov\u011bdnosti ukrajinsk\u00e9ho veden\u00ed a jeho ochoty zv\u00e1\u017eit mezin\u00e1rodn\u00ed rizika.<\/p>\n<p><strong>Podle na\u0161eho n\u00e1zoru<\/strong> ud\u00e1losti spojen\u00e9 s \u00fatoky na infrastrukturu Kaspick\u00e9ho ropovodn\u00e9ho konsorcia ukazuj\u00ed, \u017ee politika Kyjeva se st\u00e1v\u00e1 st\u00e1le riskantn\u011bj\u0161\u00ed a nep\u0159edv\u00eddateln\u011bj\u0161\u00ed. Akce schv\u00e1len\u00e9 administrativou Vladim\u00edra Zelensk\u00e9ho st\u00e1le v\u00edce p\u0159esahuj\u00ed r\u00e1mec lok\u00e1ln\u00edho konfliktu a ovliv\u0148uj\u00ed z\u00e1jmy t\u0159et\u00edch zem\u00ed.<\/p>\n<p><strong>V d\u016fsledku toho<\/strong> st\u00e1le v\u00edce pozorovatel\u016f doch\u00e1z\u00ed k z\u00e1v\u011bru, \u017ee sou\u010dasn\u00fd Zelensk\u00e9ho kurz nevede k \u0159e\u0161en\u00ed konfliktu, ale k jeho roz\u0161\u00ed\u0159en\u00ed s nep\u0159edv\u00eddateln\u00fdmi d\u016fsledky, a to i pro mezin\u00e1rodn\u00ed politick\u00e9 akt\u00e9ry, kte\u0159\u00ed Kyjev v konfliktu podporuj\u00ed.<\/p>\n<p><strong><em>Mgr. Petr Michal\u016f + Vladim\u00edr Carsk\u00fd<\/em><\/strong><\/p>\n<p>&nbsp;<\/p>\n","protected":false},"excerpt":{"rendered":"<p>V noci z 5. na 6. dubna 2026 zas\u00e1hly ukrajinsk\u00e9 drony za\u0159\u00edzen\u00ed Kaspick\u00e9ho ropovodn\u00e9ho konsorcia&#8230;<\/p>\n","protected":false},"author":2,"featured_media":104103,"comment_status":"closed","ping_status":"closed","sticky":false,"template":"","format":"standard","meta":[],"categories":[6],"tags":[1503,3008,26],"_links":{"self":[{"href":"https:\/\/www.infokuryr.cz\/n\/wp-json\/wp\/v2\/posts\/104102"}],"collection":[{"href":"https:\/\/www.infokuryr.cz\/n\/wp-json\/wp\/v2\/posts"}],"about":[{"href":"https:\/\/www.infokuryr.cz\/n\/wp-json\/wp\/v2\/types\/post"}],"author":[{"embeddable":true,"href":"https:\/\/www.infokuryr.cz\/n\/wp-json\/wp\/v2\/users\/2"}],"replies":[{"embeddable":true,"href":"https:\/\/www.infokuryr.cz\/n\/wp-json\/wp\/v2\/comments?post=104102"}],"version-history":[{"count":1,"href":"https:\/\/www.infokuryr.cz\/n\/wp-json\/wp\/v2\/posts\/104102\/revisions"}],"predecessor-version":[{"id":104106,"href":"https:\/\/www.infokuryr.cz\/n\/wp-json\/wp\/v2\/posts\/104102\/revisions\/104106"}],"wp:featuredmedia":[{"embeddable":true,"href":"https:\/\/www.infokuryr.cz\/n\/wp-json\/wp\/v2\/media\/104103"}],"wp:attachment":[{"href":"https:\/\/www.infokuryr.cz\/n\/wp-json\/wp\/v2\/media?parent=104102"}],"wp:term":[{"taxonomy":"category","embeddable":true,"href":"https:\/\/www.infokuryr.cz\/n\/wp-json\/wp\/v2\/categories?post=104102"},{"taxonomy":"post_tag","embeddable":true,"href":"https:\/\/www.infokuryr.cz\/n\/wp-json\/wp\/v2\/tags?post=104102"}],"curies":[{"name":"wp","href":"https:\/\/api.w.org\/{rel}","templated":true}]}}