{"id":104099,"date":"2026-04-09T00:27:27","date_gmt":"2026-04-08T22:27:27","guid":{"rendered":"https:\/\/www.infokuryr.cz\/n\/?p=104099"},"modified":"2026-04-08T17:58:48","modified_gmt":"2026-04-08T15:58:48","slug":"ali-riza-tasdelen-spojene-staty-a-evropa-rozdelene-cast-i","status":"publish","type":"post","link":"https:\/\/www.infokuryr.cz\/n\/2026\/04\/09\/ali-riza-tasdelen-spojene-staty-a-evropa-rozdelene-cast-i\/","title":{"rendered":"Ali R\u0131za Ta\u015fdelen: Spojen\u00e9 st\u00e1ty a Evropa rozd\u011blen\u00e9 (\u010c\u00e1st I)"},"content":{"rendered":"<div id=\"fb-root\"><\/div>\n<p><strong><span dir=\"auto\">Hormuzsk\u00fd pr\u016fliv je bomba shozen\u00e1 i na Atlantik. I kdy\u017e nejsou p\u0159\u00edmo zapojeni do v\u00e1lky, glob\u00e1ln\u00ed rozsah krize Evropu p\u0159\u00edmo ovliv\u0148uje. Evropan\u00e9 se ob\u00e1vaj\u00ed, \u017ee energetick\u00e1 krize zni\u010d\u00ed jejich ekonomiky.\u00a0<\/span><\/strong><\/p>\n<p><em><span dir=\"auto\">Politico<\/span><\/em><span dir=\"auto\">\u00a0\u00a0se domn\u00edv\u00e1, \u017ee tv\u00e1\u0159\u00ed v tv\u00e1\u0159 sou\u010dasn\u00e9 krizi\u00a0<\/span><a href=\"https:\/\/www.politico.eu\/article\/how-bad-will-europes-energy-crisisget\/\" target=\"_blank\" rel=\"noopener\"><span dir=\"auto\">\u010del\u00ed<\/span><\/a><span dir=\"auto\">\u00a0Evropa \u201e\u0161oku v nab\u00eddce, kter\u00fd riskuje paralyzov\u00e1n\u00ed v\u00fdrobn\u00edho sektoru, uzemn\u011bn\u00ed leteck\u00fdch spole\u010dnost\u00ed, zv\u00fd\u0161en\u00ed cen potravin, prudk\u00fd n\u00e1r\u016fst n\u00e1klad\u016f na p\u016fj\u010dky a uvrhnut\u00ed inflace do za\u010darovan\u00e9ho kruhu\u201c. Evropsk\u00fd komisa\u0159 pro energetiku a bydlen\u00ed Dan J\u00f8rgensen po mimo\u0159\u00e1dn\u00e9 ministersk\u00e9 konferenci novin\u00e1\u0159\u016fm\u00a0<\/span><a href=\"https:\/\/www.eunews.it\/en\/2026\/03\/31\/eu-concerned-the-energy-crisis-is-not-going-to-end-any-time-soon\/\" target=\"_blank\" rel=\"noopener\"><span dir=\"auto\">tak\u00e9 \u0159ekl<\/span><\/a><span dir=\"auto\">\u00a0\u00a0: \u201eProto\u017ee i kdyby byl z\u00edtra nastolen m\u00edr, energetick\u00e1 infrastruktura by st\u00e1le byla po\u0161kozena.\u201c<\/span><\/p>\n<p><span dir=\"auto\">Propast mezi Spojen\u00fdmi st\u00e1ty a Evropou se zv\u011bt\u0161uje. S Trumpov\u00fdm zvolen\u00edm dos\u00e1hly vztahy mezi Spojen\u00fdmi st\u00e1ty a Evropou (EU a Spojen\u00fdm kr\u00e1lovstv\u00edm) bodu zlomu kv\u016fli energetick\u00e9 krizi zp\u016fsoben\u00e9 v\u00e1lkou vyvolanou \u00fatokem USA a Izraele proti \u00cdr\u00e1nu, bezmocnosti Spojen\u00fdch st\u00e1t\u016f tv\u00e1\u0159\u00ed v tv\u00e1\u0159 \u00edr\u00e1nsk\u00e9mu odporu a skute\u010dnosti, \u017ee Evropa nechala Spojen\u00e9 st\u00e1ty v t\u00e9to v\u00e1lce samotn\u00e9.<\/span><\/p>\n<p><span dir=\"auto\">Loni jsme byli sv\u011bdky st\u0159etu mezi USA a EU ohledn\u011b Ukrajiny. Trump cht\u011bl ukon\u010dit v\u00e1lku na Ukrajin\u011b dosa\u017een\u00edm dohody s Putinem. B\u011bhem m\u00edrov\u00fdch jedn\u00e1n\u00ed s Putinem vylou\u010dil prov\u00e1le\u010dn\u00e9 evropsk\u00e9 l\u00eddry. Tehdy se za\u010daly vztahy hroutit. Ve sv\u00fdch obchodn\u00edch jedn\u00e1n\u00edch s Evropou pak vyu\u017eil hrozby cel.<\/span><\/p>\n<p><span dir=\"auto\">Trumpovo zam\u011b\u0159en\u00ed na Gr\u00f3nsko, autonomn\u00ed ostrov pat\u0159\u00edc\u00ed D\u00e1nsku a sou\u010d\u00e1st Evropsk\u00e9 unie, bylo jednou z posledn\u00edch kapek.\u00a0<\/span><em><span dir=\"auto\">N\u00e1rodn\u00ed bezpe\u010dnostn\u00ed strategie<\/span><\/em><span dir=\"auto\">\u00a0zve\u0159ejn\u011bn\u00e1 Spojen\u00fdmi st\u00e1ty v listopadu lo\u0148sk\u00e9ho roku znovu\u00a0<\/span><a href=\"https:\/\/www.whitehouse.gov\/wp-content\/uploads\/2025\/12\/2025-National-Security-Strategy.pdf\" target=\"_blank\" rel=\"noopener\"><span dir=\"auto\">potvrdila<\/span><\/a><span dir=\"auto\">\u00a0, \u017ee se propast mezi Trumpovou Amerikou a Evropou prohloubila. Tento dokument, kter\u00fd znamenal historick\u00fd rozchod s \u00e9rou po roce 1945, zasadil dal\u0161\u00ed r\u00e1nu dlouholet\u00e9 strategick\u00e9 alianci t\u00edm, \u017ee se otev\u0159en\u011b zam\u011b\u0159il na EU. Tato nov\u00e1 Trumpova strategick\u00e1 doktr\u00edna p\u0159edstavovala politickou roztr\u017eku mezi Evropou a Spojen\u00fdmi st\u00e1ty.<\/span><\/p>\n<p><span dir=\"auto\">V tomto nov\u00e9m dokumentu se Evropa ji\u017e neobjevuje jako strategick\u00e1 priorita a je pova\u017eov\u00e1no za nezbytn\u00e9 prov\u00e9st politick\u00e9 intervence k o\u017eiven\u00ed star\u00e9ho kontinentu. D\u00e1le bylo nazna\u010deno, \u017ee Spojen\u00e9 st\u00e1ty jsou p\u0159ipraveny podporovat vlasteneck\u00e9 a suver\u00e9nn\u00ed strany v souladu s ideologi\u00ed MAGA (Make America Great Again), aby zastavily \u201emor\u00e1ln\u00ed \u00fapadek\u201c Evropy.<\/span><\/p>\n<p><span dir=\"auto\">Trump: \u201ePap\u00edrov\u00fd tygr.\u201c Negativn\u00ed reakce Evropsk\u00e9 unie a Spojen\u00e9ho kr\u00e1lovstv\u00ed na Trumpovu \u017e\u00e1dost o otev\u0159en\u00ed Hormuzsk\u00e9ho pr\u016flivu d\u00e1le prohloubila rozpor v r\u00e1mci Atlantick\u00e9 aliance. Evropsk\u00e9 zem\u011b, kter\u00e9 jsou z\u00e1rove\u0148 \u010dleny NATO, p\u0159i\u017eivily nap\u011bt\u00ed ohledn\u011b postoje Spojen\u00fdch st\u00e1t\u016f k NATO. Pro Trumpa je NATO nyn\u00ed jen \u201epap\u00edrov\u00fdm tygrem\u201c. Americk\u00fd ministr zahrani\u010d\u00ed Marco Rubio prohl\u00e1sil, \u017ee a\u017e v\u00e1lka s \u00cdr\u00e1nem skon\u010d\u00ed, Washington bude mo\u017en\u00e1 nucen p\u0159ehodnotit sv\u016fj vztah s NATO. V rozhovoru pro\u00a0\u00a0<\/span><em><span dir=\"auto\">Fox News<\/span><\/em><span dir=\"auto\">\u00a0\u0159ekl: \u201eBudeme muset\u00a0<\/span><a href=\"https:\/\/www.politico.eu\/article\/marco-rubio-warns-us-may-rethink-nato-after-iran-war\/\" target=\"_blank\" rel=\"noopener\"><span dir=\"auto\">p\u0159ehodnotit hodnotu NATO<\/span><\/a><span dir=\"auto\">\u00a0a t\u00e9to aliance pro na\u0161i zemi,\u201c a dodal: \u201ePokud se NATO zam\u011b\u0159uje pouze na obranu Evropy v p\u0159\u00edpad\u011b \u00fatoku, ale z\u00e1rove\u0148 n\u00e1m up\u00edr\u00e1 pr\u00e1vo se tam um\u00edstit, kdy\u017e to pot\u0159ebujeme, je to \u0161patn\u00e1 dohoda. V takov\u00e9 situaci je t\u011b\u017ek\u00e9 udr\u017eet si odhodl\u00e1n\u00ed.\u201c<\/span><\/p>\n<p><span dir=\"auto\">Evropa uzav\u00edr\u00e1 sv\u016fj vzdu\u0161n\u00fd prostor pro Spojen\u00e9 st\u00e1ty. Navzdory rostouc\u00edmu hn\u011bvu Trumpa v\u016f\u010di historick\u00fdm spojenc\u016fm Washingtonu evropsk\u00e9 zem\u011b st\u00e1le v\u00edce zost\u0159uj\u00ed sv\u016fj odpor v\u016f\u010di \u017e\u00e1dostem USA o pomoc proti \u00cdr\u00e1nu. \u0160pan\u011blsko zak\u00e1zalo pou\u017e\u00edv\u00e1n\u00ed americk\u00fdch z\u00e1kladen na sv\u00e9m \u00fazem\u00ed, kdy\u017e za\u010daly \u00fadery proti \u00cdr\u00e1nu.\u00a0<\/span><a href=\"http:\/\/www.observateur-continental.fr\/?module=news&amp;action=view&amp;id=7726\"><span dir=\"auto\">Nyn\u00ed uzav\u0159elo sv\u016fj vzdu\u0161n\u00fd prostor<\/span><\/a><span dir=\"auto\">\u00a0pro americk\u00e1 vojensk\u00e1 letadla.<\/span><\/p>\n<p><span dir=\"auto\">Francie d\u0159\u00edve ozn\u00e1mila, \u017ee uzav\u0159e sv\u016fj vzdu\u0161n\u00fd prostor pro letadla p\u0159epravuj\u00edc\u00ed vojenskou techniku \u200b\u200bur\u010denou do Izraele. Polsk\u00fd ministr obrany W\u0142adys\u0142aw Kosiniak-Kamysz\u00a0<\/span><a href=\"https:\/\/www.lejdd.fr\/International\/la-pologne-soppose-au-redeploiement-des-systemes-antimissiles-patriot-au-moyen-orient-170334\" target=\"_blank\" rel=\"noopener\"><span dir=\"auto\">varoval<\/span><\/a><span dir=\"auto\">\u00a0\u00a0, \u017ee Var\u0161ava \u201enem\u00e1 v pl\u00e1nu\u201c p\u0159esunout sv\u00e9 syst\u00e9my protivzdu\u0161n\u00e9 obrany Patriot na Bl\u00edzk\u00fd v\u00fdchod. A It\u00e1lie ozn\u00e1mila, \u017ee\u00a0americk\u00fdm bombard\u00e9r\u016fm m\u00ed\u0159\u00edc\u00edm do \u00cdr\u00e1nu\u00a0<\/span><a href=\"http:\/\/www.observateur-continental.fr\/?module=news&amp;action=view&amp;id=7731\"><span dir=\"auto\">odep\u00edr\u00e1 p\u0159\u00edstup na leteckou z\u00e1kladnu Sigonella.<\/span><\/a><\/p>\n<p><span dir=\"auto\">N\u011bmecko nad\u00e1le umo\u017e\u0148uje p\u0159\u00edstup ke sv\u00fdm z\u00e1kladn\u00e1m, kter\u00e9 jsou pro Spojen\u00e9 st\u00e1ty \u017eivotn\u011b d\u016fle\u017eit\u00e9, ale \u201en\u011bkte\u0159\u00ed se ob\u00e1vaj\u00ed, \u017ee by to mohlo v\u00e9st k pr\u00e1vn\u00edm krok\u016fm proti Berl\u00ednu,\u201c uv\u00e1d\u00ed\u00a0\u00a0<\/span><em><span dir=\"auto\">Politico<\/span><\/em><span dir=\"auto\">\u00a0, proto\u017ee je spoluvin\u00edkem t\u011bchto \u00fatok\u016f,\u00a0<\/span><a href=\"https:\/\/www.politico.eu\/article\/germany-president-frank-walter-steinmeier-slams-us-donald-trump-iran-war-as-illegal\/\" target=\"_blank\" rel=\"noopener\"><span dir=\"auto\">kter\u00e9 poru\u0161uj\u00ed mezin\u00e1rodn\u00ed pr\u00e1vo<\/span><\/a><span dir=\"auto\">\u00a0. N\u011bmeck\u00fd ministr obrany Boris Pistorius mezit\u00edm\u00a0<\/span><a href=\"https:\/\/www.spiegel.de\/politik\/deutschland\/iran-ploetzlich-klingen-friedrich-merz-und-boris-pistorius-wie-einst-gerhard-schroeder-a-65fbc0d3-4cfc-4971-ab54-d07f980d103a\" target=\"_blank\" rel=\"noopener\"><span dir=\"auto\">prohl\u00e1sil<\/span><\/a><span dir=\"auto\">\u00a0: \u201eMy jsme tuto v\u00e1lku neza\u010dali\u201c; \u201eByli to Ameri\u010dan\u00e9 spolu s Izraelci, kdo si zvolil tuto cestu.\u201c<\/span><\/p>\n<p><span dir=\"auto\">Spojen\u00e9 st\u00e1ty v\u00e1m u\u017e nebudou pom\u00e1hat. Nap\u011bt\u00ed mezi Evropou, kterou Spojen\u00e9 st\u00e1ty ovl\u00e1daj\u00ed 80 let, a jej\u00edmi b\u00fdval\u00fdmi p\u00e1ny nikdy nebylo tak vysok\u00e9. Trump Evropu ost\u0159e kritizoval za to, \u017ee se ne\u00fa\u010dastn\u00ed v\u00e1lky a operace na otev\u0159en\u00ed Hormuzsk\u00e9ho pr\u016flivu. Ve zpr\u00e1v\u011b zve\u0159ejn\u011bn\u00e9 na jeho \u00fa\u010dtu Truth Social Trump\u00a0<\/span><a href=\"https:\/\/truthsocial.com\/@realDonaldTrump\/posts\/116323481956698353\" target=\"_blank\" rel=\"noopener\"><span dir=\"auto\">prohl\u00e1sil<\/span><\/a><span dir=\"auto\">\u00a0: \u201eV\u0161em zem\u00edm, kter\u00e9 si kv\u016fli Hormuzsk\u00e9mu pr\u016flivu nemohou dovolit leteck\u00e9 palivo, jako je Spojen\u00e9 kr\u00e1lovstv\u00ed, kter\u00e9 se odm\u00edtlo pod\u00edlet na dekapitaci \u00cdr\u00e1nu, m\u00e1m n\u00e1vrh: zaprv\u00e9, nakupujte od Spojen\u00fdch st\u00e1t\u016f, m\u00e1me ho spoustu; zadruh\u00e9, ud\u011blejte krok, jd\u011bte k pr\u016flivu a dob\u00fdt ho! Budete se muset nau\u010dit postarat se o sebe sami, Spojen\u00e9 st\u00e1ty v\u00e1m nepomohou, stejn\u011b jako vy jste tu nebyli pro n\u00e1s. \u00cdr\u00e1n je, tak\u0159\u00edkaj\u00edc, zni\u010den\u00fd. Nejt\u011b\u017e\u0161\u00ed \u010d\u00e1st je za v\u00e1mi. Jd\u011bte si sehnat vlastn\u00ed ropu!\u201c<\/span><\/p>\n<p><span dir=\"auto\">N\u011bmeck\u00fd kancl\u00e9\u0159 Merz na Trumpovo prohl\u00e1\u0161en\u00ed reagoval ost\u0159e. 28. \u00fanora vehementn\u011b kritizoval my\u0161lenku zapojen\u00ed Berl\u00edna do konfliktu vyvolan\u00e9ho americko-izraelsk\u00fdmi n\u00e1lety na Teher\u00e1n, kter\u00e9 vedly ke smrti \u00edr\u00e1nsk\u00e9ho duchovn\u00edho v\u016fdce. \u201eNATO je neinterven\u010dn\u00ed obrann\u00e1 aliance. Proto v t\u00e9to z\u00e1le\u017eitosti nem\u00e1 m\u00edsto,\u201c trval na sv\u00e9m a dodal: \u201eDouf\u00e1m, \u017ee\u00a0v r\u00e1mci aliance\u00a0<\/span><a href=\"https:\/\/www.zdfheute.de\/politik\/ausland\/wadephul-pistorius-hormus-eu-nato-100.html\" target=\"_blank\" rel=\"noopener\"><span dir=\"auto\">prok\u00e1\u017eeme nezbytn\u00fd vz\u00e1jemn\u00fd respekt.\u201c<\/span><\/a><\/p>\n<p><em><span dir=\"auto\">Ali R\u0131za Ta\u015fdelen , sociolog, koment\u00e1tor zahrani\u010dn\u00ed politiky pro noviny Ayd\u0131nl\u0131k<\/span><\/em><\/p>\n<p><a href=\"https:\/\/www.aydinlik.com.tr\/koseyazisi\/abd-abd-arasina-hurmuz-bombasi-572559\" target=\"_blank\" rel=\"noopener\"><em><span dir=\"auto\">Zdroj<\/span><\/em>\u00a0<\/a><\/p>\n<p>&nbsp;<\/p>\n","protected":false},"excerpt":{"rendered":"<p>Hormuzsk\u00fd pr\u016fliv je bomba shozen\u00e1 i na Atlantik. I kdy\u017e nejsou p\u0159\u00edmo zapojeni do v\u00e1lky,&#8230;<\/p>\n","protected":false},"author":2,"featured_media":104100,"comment_status":"closed","ping_status":"closed","sticky":false,"template":"","format":"standard","meta":[],"categories":[7],"tags":[1042,41,37],"_links":{"self":[{"href":"https:\/\/www.infokuryr.cz\/n\/wp-json\/wp\/v2\/posts\/104099"}],"collection":[{"href":"https:\/\/www.infokuryr.cz\/n\/wp-json\/wp\/v2\/posts"}],"about":[{"href":"https:\/\/www.infokuryr.cz\/n\/wp-json\/wp\/v2\/types\/post"}],"author":[{"embeddable":true,"href":"https:\/\/www.infokuryr.cz\/n\/wp-json\/wp\/v2\/users\/2"}],"replies":[{"embeddable":true,"href":"https:\/\/www.infokuryr.cz\/n\/wp-json\/wp\/v2\/comments?post=104099"}],"version-history":[{"count":0,"href":"https:\/\/www.infokuryr.cz\/n\/wp-json\/wp\/v2\/posts\/104099\/revisions"}],"wp:featuredmedia":[{"embeddable":true,"href":"https:\/\/www.infokuryr.cz\/n\/wp-json\/wp\/v2\/media\/104100"}],"wp:attachment":[{"href":"https:\/\/www.infokuryr.cz\/n\/wp-json\/wp\/v2\/media?parent=104099"}],"wp:term":[{"taxonomy":"category","embeddable":true,"href":"https:\/\/www.infokuryr.cz\/n\/wp-json\/wp\/v2\/categories?post=104099"},{"taxonomy":"post_tag","embeddable":true,"href":"https:\/\/www.infokuryr.cz\/n\/wp-json\/wp\/v2\/tags?post=104099"}],"curies":[{"name":"wp","href":"https:\/\/api.w.org\/{rel}","templated":true}]}}