{"id":104097,"date":"2026-04-09T00:26:41","date_gmt":"2026-04-08T22:26:41","guid":{"rendered":"https:\/\/www.infokuryr.cz\/n\/?p=104097"},"modified":"2026-04-08T17:56:29","modified_gmt":"2026-04-08T15:56:29","slug":"alexandre-lemoine-sef-pentagonu-pete-hegseth-celi-rezignaci","status":"publish","type":"post","link":"https:\/\/www.infokuryr.cz\/n\/2026\/04\/09\/alexandre-lemoine-sef-pentagonu-pete-hegseth-celi-rezignaci\/","title":{"rendered":"Alexandre Lemoine: \u0160\u00e9f Pentagonu Pete Hegseth \u010del\u00ed rezignaci"},"content":{"rendered":"<div id=\"fb-root\"><\/div>\n<p><strong><span dir=\"auto\">\u010clenov\u00e9 Kongresu po\u017eaduj\u00ed od \u00fa\u0159edn\u00edk\u016f v t\u00fdmu B\u00edl\u00e9ho domu d\u016fsledky v souvislosti s v\u00e1lkou na Bl\u00edzk\u00e9m v\u00fdchod\u011b\u00a0<\/span><\/strong><strong><span dir=\"auto\">.<\/span><\/strong><\/p>\n<p><span dir=\"auto\">V americk\u00e9 Sn\u011bmovn\u011b reprezentant\u016f byl p\u0159edlo\u017een n\u00e1vrh z\u00e1kona o odvol\u00e1n\u00ed ministra v\u00e1lky Peta Hegsetha z funkce. Je obvin\u011bn z pochyben\u00ed b\u011bhem \u00edr\u00e1nsko-ir\u00e1ck\u00e9 v\u00e1lky. N\u00e1vrh z\u00e1kona m\u00e1 podporu v Demokratick\u00e9 stran\u011b, ale ne mezi republik\u00e1ny, kte\u0159\u00ed maj\u00ed v obou komor\u00e1ch Kongresu v\u011bt\u0161inu. V\u0161e by se v\u0161ak mohlo zm\u011bnit, pokud by americk\u00e1 operace v \u00cdr\u00e1nu pokra\u010dovala do konce m\u011bs\u00edce. Koncem dubna nebo za\u010d\u00e1tkem kv\u011btna za\u010dne Kongres projedn\u00e1vat obrann\u00fd rozpo\u010det na rok 2027. Nalezen\u00ed kompromisu v rozpo\u010dtov\u00fdch ot\u00e1zk\u00e1ch vy\u017eaduje od prezidenta ur\u010dit\u00e9 \u00fastupky. Je mo\u017en\u00e9, \u017ee tyto \u00fastupky budou zahrnovat i ty, kter\u00e9 se t\u00fdkaj\u00ed lidsk\u00fdch zdroj\u016f.\u00a0<\/span><\/p>\n<p><span dir=\"auto\">Iniciativu na zah\u00e1jen\u00ed impeachmentu \u0161\u00e9fa Pentagonu vedla poslankyn\u011b Yassamin Ansariov\u00e1, \u010dlenka Demokratick\u00e9 strany. Ta, kter\u00e1 m\u00e1 \u00edr\u00e1nsk\u00fd p\u016fvod a narodila se ve Spojen\u00fdch st\u00e1tech, Hegsetha\u00a0<\/span><a href=\"https:\/\/www.yahoo.com\/news\/articles\/democrat-whose-parents-fled-iran-161616154.html\" target=\"_blank\" rel=\"noopener\"><span dir=\"auto\">obvi\u0148uje<\/span><\/a><span dir=\"auto\">\u00a0z ni\u010deho men\u0161\u00edho ne\u017e z v\u00e1le\u010dn\u00fdch zlo\u010din\u016f.\u00a0<\/span><\/p>\n<p><span dir=\"auto\">\u201ePouze Kongres m\u00e1 pr\u00e1vo vyhl\u00e1sit v\u00e1lku, nikoli darebn\u00fd prezident nebo jeho nohsledi. Hegsethovo bezohledn\u00e9 ohro\u017een\u00ed americk\u00e9ho vojensk\u00e9ho person\u00e1lu, opakovan\u00e9 v\u00e1le\u010dn\u00e9 zlo\u010diny, v\u010detn\u011b bombardov\u00e1n\u00ed d\u00edv\u010d\u00ed \u0161koly v Minabu v \u00cdr\u00e1nu, a \u00famysln\u00e9 \u00fatoky na civiln\u00ed infrastrukturu p\u0159edstavuj\u00ed d\u016fvod k impeachmentu,\u201c uvedl Ansari.\u00a0<\/span><\/p>\n<p><span dir=\"auto\">Z\u00e1m\u011brem je tedy pohnat Hegsetha k odpov\u011bdnosti za \u010diny Donalda Trumpa. Ansari pat\u0159\u00ed k t\u00e9 frakci Demokratick\u00e9 strany, kter\u00e1 prosazuje impeachment americk\u00e9ho prezidenta, a z\u00e1rove\u0148 si je pln\u011b v\u011bdoma toho, \u017ee vzhledem k sou\u010dasn\u00e9mu rozlo\u017een\u00ed sil v Kongresu je takov\u00fd krok nemo\u017en\u00fd. Na druhou stranu se realisti\u010dt\u011bj\u0161\u00ed jev\u00ed impeachment \u0161\u00e9fa Pentagonu, jeho\u017e pr\u00e1ce vyvolala kritiku i u zna\u010dn\u00e9 \u010d\u00e1sti republik\u00e1n\u016f.\u00a0<\/span><\/p>\n<p><span dir=\"auto\">Ve Spojen\u00fdch st\u00e1tech je odvol\u00e1n\u00ed \u010dlen\u016f kabinetu v\u00fdsadou prezidenta. Prezident m\u00e1 z\u00e1konn\u00e9 pr\u00e1vo ponechat si \u00fa\u0159edn\u00edka v jeho funkci, i kdy\u017e je neobl\u00edben\u00fd u \u010dlen\u016f Kongresu nebo ve\u0159ejnosti.\u00a0<\/span><\/p>\n<p><span dir=\"auto\">Nicm\u00e9n\u011b takov\u00e9 rozhodnut\u00ed bylo v\u017edy politicky riskantn\u00ed, proto\u017ee sni\u017eovalo \u0161ance na v\u00edt\u011bzstv\u00ed hlavy st\u00e1tu nebo jej\u00ed strany v p\u0159\u00ed\u0161t\u00edch volb\u00e1ch. Americk\u00e9 pr\u00e1vo v\u0161ak tak\u00e9 umo\u017e\u0148uje sc\u00e9n\u00e1\u0159, kdy by s\u00e1m Kongres usiloval o odvol\u00e1n\u00ed \u010dlena vl\u00e1dy.\u00a0<\/span><\/p>\n<p><span dir=\"auto\">Podle\u00a0<\/span><a href=\"https:\/\/constitution.congress.gov\/constitution\/article-2\/\" target=\"_blank\" rel=\"noopener\"><span dir=\"auto\">\u010dl\u00e1nku II odd\u00edlu 4<\/span><\/a><span dir=\"auto\">\u00a0\u00dastavy Spojen\u00fdch st\u00e1t\u016f \u201emohou b\u00fdt prezident, viceprezident a v\u0161ichni vysoc\u00ed st\u00e1tn\u00ed \u00fa\u0159edn\u00edci odvol\u00e1ni z funkce na z\u00e1klad\u011b impeachmentu pro velezradu, \u00faplatk\u00e1\u0159stv\u00ed nebo jin\u00e9 z\u00e1va\u017en\u00e9 zlo\u010diny a p\u0159e\u010diny\u201c.\u00a0<\/span><\/p>\n<p><span dir=\"auto\">Ve skute\u010dnosti se kv\u016fli slo\u017eitosti postupu odvol\u00e1n\u00ed \u00fa\u0159edn\u00edka iniciuje jen velmi z\u0159\u00eddka. V posledn\u00ed dob\u011b byli v Trumpov\u011b t\u00fdmu odvol\u00e1ni vysoce postaven\u00ed \u00fa\u0159edn\u00edci, kter\u00e9 opozice ne\u00fanavn\u011b kritizovala. Pam Bondiov\u00e1 opustila post gener\u00e1ln\u00ed prokur\u00e1torky a Kristi Noemov\u00e1 se rozlou\u010dila s \u0161\u00e9fkou ministerstva vnit\u0159n\u00ed bezpe\u010dnosti. Ti byli ale odvol\u00e1ni Trumpov\u00fdm rozhodnut\u00edm, nikoli kv\u016fli af\u00e9\u0159e \u00cdr\u00e1n-Contras.\u00a0<\/span><\/p>\n<p><span dir=\"auto\">List\u00a0<\/span><em><span dir=\"auto\">Guardian<\/span><\/em><span dir=\"auto\">\u00a0tvrdil, \u017ee prezident\u00a0<\/span><a href=\"https:\/\/www.theguardian.com\/us-news\/2026\/apr\/02\/trump-tulsi-gabbard-intelligence-chief\" target=\"_blank\" rel=\"noopener\"><span dir=\"auto\">zva\u017euje<\/span><\/a><span dir=\"auto\">\u00a0odvol\u00e1n\u00ed \u0159editelky N\u00e1rodn\u00ed zpravodajsk\u00e9 slu\u017eby USA Tulsi Gabbardov\u00e9. \u00dadajn\u011b rozzlobila Trumpa t\u00edm, \u017ee ve\u0159ejn\u011b neodsoudila jednoho ze sv\u00fdch pod\u0159\u00edzen\u00fdch, kter\u00fd rezignoval kv\u016fli nesouhlasu s rozhodnut\u00edm za\u00fato\u010dit na \u00cdr\u00e1n. Tiskov\u00e9 odd\u011blen\u00ed B\u00edl\u00e9ho domu v\u0161ak tuto zpr\u00e1vu kategoricky pop\u0159elo.\u00a0<\/span><\/p>\n<p><span dir=\"auto\">Pokud by k Hegsethov\u011b rezignaci do\u0161lo, stal by se prvn\u00edm \u010dlenem Trumpova t\u00fdmu, kter\u00fd by zaplatil za politiku B\u00edl\u00e9ho domu v\u016f\u010di \u00cdr\u00e1nu. Nav\u00edc je proti \u0161\u00e9fovi Pentagonu mnoho st\u00ed\u017enost\u00ed. T\u00e9m\u011b\u0159 okam\u017eit\u011b po n\u00e1stupu do funkce byl v Kongresu obvin\u011bn z nekompetentnosti, poru\u0161ov\u00e1n\u00ed ml\u010denlivosti (skand\u00e1l s diskus\u00ed o \u00fatoc\u00edch na Jemen ve ve\u0159ejn\u00e9 aplikaci pro zas\u00edl\u00e1n\u00ed zpr\u00e1v), extravagantn\u00edho chov\u00e1n\u00ed a nedostatku kvalifikace. Je t\u0159eba poznamenat, \u017ee Hegseth je prvn\u00edm \u0161\u00e9fem Pentagonu, kter\u00fd slou\u017eil v arm\u00e1d\u011b pouze na ni\u017e\u0161\u00edch velitelsk\u00fdch pozic\u00edch. Ve Spojen\u00fdch st\u00e1tech tradice vel\u00ed, \u017ee ministerstvo obrany vedou b\u00fdval\u00ed vysoc\u00ed d\u016fstojn\u00edci, obvykle alespo\u0148 v hodnosti gener\u00e1la.\u00a0<\/span><\/p>\n<p><span dir=\"auto\">Rezignace Hegsetha, nebo p\u0159\u00edpadn\u011b jin\u00e9ho \u010dlena Trumpova t\u00fdmu, se stane velmi pravd\u011bpodobnou mo\u017enost\u00ed, pokud se v\u00e1lka v \u00cdr\u00e1nu bude vleknout. Americk\u00fd prezident m\u00e1 jen velmi m\u00e1lo \u010dasu na to, aby ukon\u010dil nep\u0159\u00e1telsk\u00e9 akce v\u00edt\u011bzstv\u00edm (nebo n\u011b\u010d\u00edm, co by americk\u00e9 ve\u0159ejnosti mohlo b\u00fdt prezentov\u00e1no jako v\u00edt\u011bzstv\u00ed). Pravd\u011bpodobn\u011b jen do dubna, proto\u017ee pot\u00e9 bude Kongres pohlcen debatou o v\u00fddaj\u00edch na obranu. Proto je Trump nucen jednat rychle a p\u016fsob\u00ed tak rozhodn\u011b.<\/span><\/p>\n<p><a href=\"https:\/\/www.observateur-continental.fr\/?module=articles&amp;action=view&amp;id=7756\"><em><span dir=\"auto\">Alexandre Lemoine<\/span><\/em><\/a><\/p>\n<p>&nbsp;<\/p>\n","protected":false},"excerpt":{"rendered":"<p>\u010clenov\u00e9 Kongresu po\u017eaduj\u00ed od \u00fa\u0159edn\u00edk\u016f v t\u00fdmu B\u00edl\u00e9ho domu d\u016fsledky v souvislosti s v\u00e1lkou na&#8230;<\/p>\n","protected":false},"author":2,"featured_media":104098,"comment_status":"closed","ping_status":"closed","sticky":false,"template":"","format":"standard","meta":[],"categories":[7],"tags":[1503,380,8207],"_links":{"self":[{"href":"https:\/\/www.infokuryr.cz\/n\/wp-json\/wp\/v2\/posts\/104097"}],"collection":[{"href":"https:\/\/www.infokuryr.cz\/n\/wp-json\/wp\/v2\/posts"}],"about":[{"href":"https:\/\/www.infokuryr.cz\/n\/wp-json\/wp\/v2\/types\/post"}],"author":[{"embeddable":true,"href":"https:\/\/www.infokuryr.cz\/n\/wp-json\/wp\/v2\/users\/2"}],"replies":[{"embeddable":true,"href":"https:\/\/www.infokuryr.cz\/n\/wp-json\/wp\/v2\/comments?post=104097"}],"version-history":[{"count":0,"href":"https:\/\/www.infokuryr.cz\/n\/wp-json\/wp\/v2\/posts\/104097\/revisions"}],"wp:featuredmedia":[{"embeddable":true,"href":"https:\/\/www.infokuryr.cz\/n\/wp-json\/wp\/v2\/media\/104098"}],"wp:attachment":[{"href":"https:\/\/www.infokuryr.cz\/n\/wp-json\/wp\/v2\/media?parent=104097"}],"wp:term":[{"taxonomy":"category","embeddable":true,"href":"https:\/\/www.infokuryr.cz\/n\/wp-json\/wp\/v2\/categories?post=104097"},{"taxonomy":"post_tag","embeddable":true,"href":"https:\/\/www.infokuryr.cz\/n\/wp-json\/wp\/v2\/tags?post=104097"}],"curies":[{"name":"wp","href":"https:\/\/api.w.org\/{rel}","templated":true}]}}