{"id":104094,"date":"2026-04-09T00:22:49","date_gmt":"2026-04-08T22:22:49","guid":{"rendered":"https:\/\/www.infokuryr.cz\/n\/?p=104094"},"modified":"2026-04-08T12:47:01","modified_gmt":"2026-04-08T10:47:01","slug":"karel-strakos-docasny-mir-na-blizkem-vychode-vsichni-pry-vyhrali-krome-izraele","status":"publish","type":"post","link":"https:\/\/www.infokuryr.cz\/n\/2026\/04\/09\/karel-strakos-docasny-mir-na-blizkem-vychode-vsichni-pry-vyhrali-krome-izraele\/","title":{"rendered":"Karel Strako\u0161: Do\u010dasn\u00fd m\u00edr na Bl\u00edzk\u00e9m v\u00fdchod\u011b. V\u0161ichni pr\u00fd vyhr\u00e1li. Krom\u011b Izraele"},"content":{"rendered":"<div id=\"fb-root\"><\/div>\n<p>Prezident Donald Trump v noci ozn\u00e1mil dvout\u00fddenn\u00ed p\u0159\u00edm\u011b\u0159\u00ed s Ir\u00e1nem. Ir\u00e1n ho okam\u017eit\u011b ozna\u010dil za sv\u00e9 v\u00edt\u011bzstv\u00ed. Spojen\u00e9 st\u00e1ty za sv\u00e9 v\u00edt\u011bzstv\u00ed. A Benjamin Netanjahu? Ten hned prohl\u00e1sil, \u017ee klid zbran\u00ed<\/p>\n<p>se nevztahuje na Libanon, a izraelsk\u00e1 arm\u00e1da d\u00e1l pokra\u010duje v \u00fatoc\u00edch na Hizball\u00e1h.<\/p>\n<p>Klasick\u00fd obraz z Bl\u00edzk\u00e9ho v\u00fdchodu. V\u0161ichni slav\u00ed triumf, jen jeden hr\u00e1\u010d z\u016fst\u00e1v\u00e1 s pr\u00e1zdn\u00fdma rukama a d\u011bl\u00e1 v\u0161echno proto, aby k\u0159ehk\u00fd klid co nejd\u0159\u00edve ukon\u010dil.<\/p>\n<p>Trump na Truth Social napsal, \u017ee Ir\u00e1n p\u0159edlo\u017eil funk\u010dn\u00ed desetibodov\u00fd pl\u00e1n, kter\u00fd USA berou jako z\u00e1klad pro dal\u0161\u00ed jedn\u00e1n\u00ed. Podm\u00ednkou p\u0159\u00edm\u011b\u0159\u00ed bylo okam\u017eit\u00e9 otev\u0159en\u00ed Hormuzsk\u00e9ho pr\u016flivu.<\/p>\n<p>Ir\u00e1n to prezentuje jako \u00fastup Ameriky a v\u00edt\u011bzstv\u00ed persk\u00e9 odolnosti. Oba t\u00e1bory si tak mohou doma m\u00e1vat vlajkami a tvrdit, \u017ee dos\u00e1hly sv\u00fdch c\u00edl\u016f.<\/p>\n<p>Jedin\u00fd, kdo se do tohoto \u201ev\u00edt\u011bzn\u00e9ho\u201c narativu nevejde, je Izrael.<\/p>\n<p>Netanjahu\u016fv \u00fa\u0159ad vydal b\u011bhem n\u011bkolika hodin prohl\u00e1\u0161en\u00ed, kter\u00e9 p\u0159\u00edmo odporuje zprost\u0159edkovateli do\u010dasn\u00e9ho klidu zbran\u00ed P\u00e1kist\u00e1nu.<\/p>\n<p>Izrael podporuje dvout\u00fddenn\u00ed p\u0159\u00edm\u011b\u0159\u00ed s Ir\u00e1nem, ale dohoda se nevztahuje na Libanon. IDF pokra\u010dovala v \u00fatoc\u00edch na jihu Libanonu i n\u011bkolik hodin pot\u00e9, co byl klid zbran\u00ed ozn\u00e1men.<\/p>\n<p>Hizball\u00e1h podle n\u011bkter\u00fdch zdroj\u016f \u00fatoky zat\u00edm pozastavil, ale izraelsk\u00e1 strana jasn\u011b d\u00e1v\u00e1 najevo, \u017ee boj proti \u00edr\u00e1nsk\u00e9mu proxy bude pokra\u010dovat.<\/p>\n<p>Pro\u010d Izrael nechce m\u00edr?<\/p>\n<p>Proto\u017ee by pro n\u011bj znamenal por\u00e1\u017eku. \u0160estit\u00fddenn\u00ed v\u00e1lka m\u011bla p\u0159in\u00e9st zni\u010den\u00ed Hizball\u00e1hu, dlouhodob\u00e9 oslaben\u00ed \u00edr\u00e1nsk\u00e9ho vlivu a zabr\u00e1nit jak\u00e9mukoli jadern\u00e9mu comebacku Teher\u00e1nu. M\u00edsto toho m\u00e1 Izrael oslaben\u00fd, ale st\u00e1le existuj\u00edc\u00ed Hizball\u00e1h.<\/p>\n<p>Ir\u00e1n, kter\u00fd p\u0159e\u017eil, diktuje podm\u00ednky pauzy, provozuje Hormuzsk\u00fd pr\u016fliv a byly zru\u0161eny sankce na jeho ropu.<\/p>\n<p>Netanjahu vsadil v\u0161e na nestabiln\u00edho spojence v B\u00edl\u00e9m dom\u011b. Te\u010f si Trump bere oddechov\u00fd \u010das, prezentuje to jako ,, v\u00edt\u011bzstv\u00ed\u201c a nech\u00e1v\u00e1 Izrael prakticky osamocen\u00fd. Pokud by te\u010f nastal skute\u010dn\u00fd m\u00edr, byl by izraelsk\u00fd premi\u00e9r ten, kdo z cel\u00e9 trojice USA\u2013\u00cdr\u00e1n\u2013Izrael prohr\u00e1l nejv\u00edc.<\/p>\n<p>A p\u0159esn\u011b proto Netanjahu d\u011bl\u00e1 v\u0161echno, aby tuto \u201em\u00edrovou pauzu\u201c co nejd\u0159\u00edve ukon\u010dil.<\/p>\n<p>Sta\u010d\u00ed jeden v\u011bt\u0161\u00ed incident, jedna odpov\u011b\u010f Hizball\u00e1hu a \u00cdr\u00e1n bude m\u00edt dokonalou z\u00e1minku prohl\u00e1sit, \u017ee dohoda byla poru\u0161ena. Trump pak m\u016f\u017ee \u0159\u00edct \u201eoni to za\u010dali\u201c a tla\u010dit Kongres k dal\u0161\u00ed autorizaci boj\u016f nebo naopak svalit vinu na slabochy v Kongresu, a\u017e mu 28. dubna vypr\u0161\u00ed 60denn\u00ed lh\u016fta Usnesen\u00ed o v\u00e1le\u010dn\u00fdch pravomocech.<\/p>\n<p>Dvout\u00fddenn\u00ed klid zbran\u00ed tak nen\u00ed m\u00edr. Je to jen p\u0159est\u00e1vka mezi koly, ve kter\u00e9 si v\u0161ichni krom\u011b jednoho mohou \u0159\u00edct, \u017ee vyhr\u00e1li.<\/p>\n<p>A ten jeden, kter\u00fd vyhr\u00e1t nem\u016f\u017ee, u\u017e te\u010f d\u011bl\u00e1 v\u0161echno proto, aby se hra rozjela znovu.<\/p>\n<p><a href=\"https:\/\/www.facebook.com\/karel.strakos.79\">Karel Strako\u0161<\/a><\/p>\n<p>&nbsp;<\/p>\n","protected":false},"excerpt":{"rendered":"<p>Prezident Donald Trump v noci ozn\u00e1mil dvout\u00fddenn\u00ed p\u0159\u00edm\u011b\u0159\u00ed s Ir\u00e1nem. Ir\u00e1n ho okam\u017eit\u011b ozna\u010dil za&#8230;<\/p>\n","protected":false},"author":2,"featured_media":104095,"comment_status":"closed","ping_status":"closed","sticky":false,"template":"","format":"standard","meta":[],"categories":[6],"tags":[38,107,1503,565],"_links":{"self":[{"href":"https:\/\/www.infokuryr.cz\/n\/wp-json\/wp\/v2\/posts\/104094"}],"collection":[{"href":"https:\/\/www.infokuryr.cz\/n\/wp-json\/wp\/v2\/posts"}],"about":[{"href":"https:\/\/www.infokuryr.cz\/n\/wp-json\/wp\/v2\/types\/post"}],"author":[{"embeddable":true,"href":"https:\/\/www.infokuryr.cz\/n\/wp-json\/wp\/v2\/users\/2"}],"replies":[{"embeddable":true,"href":"https:\/\/www.infokuryr.cz\/n\/wp-json\/wp\/v2\/comments?post=104094"}],"version-history":[{"count":0,"href":"https:\/\/www.infokuryr.cz\/n\/wp-json\/wp\/v2\/posts\/104094\/revisions"}],"wp:featuredmedia":[{"embeddable":true,"href":"https:\/\/www.infokuryr.cz\/n\/wp-json\/wp\/v2\/media\/104095"}],"wp:attachment":[{"href":"https:\/\/www.infokuryr.cz\/n\/wp-json\/wp\/v2\/media?parent=104094"}],"wp:term":[{"taxonomy":"category","embeddable":true,"href":"https:\/\/www.infokuryr.cz\/n\/wp-json\/wp\/v2\/categories?post=104094"},{"taxonomy":"post_tag","embeddable":true,"href":"https:\/\/www.infokuryr.cz\/n\/wp-json\/wp\/v2\/tags?post=104094"}],"curies":[{"name":"wp","href":"https:\/\/api.w.org\/{rel}","templated":true}]}}