{"id":104083,"date":"2026-04-09T00:23:30","date_gmt":"2026-04-08T22:23:30","guid":{"rendered":"https:\/\/www.infokuryr.cz\/n\/?p=104083"},"modified":"2026-04-08T12:23:07","modified_gmt":"2026-04-08T10:23:07","slug":"mimoradne-brutalni-ciny-alziran-obvinen-ze-znasilneni-a-muceni-74lete-francouzky-holi-v-jejim-dome-za-parizi","status":"publish","type":"post","link":"https:\/\/www.infokuryr.cz\/n\/2026\/04\/09\/mimoradne-brutalni-ciny-alziran-obvinen-ze-znasilneni-a-muceni-74lete-francouzky-holi-v-jejim-dome-za-parizi\/","title":{"rendered":"\u201eMimo\u0159\u00e1dn\u011b brut\u00e1ln\u00ed \u010diny\u201c \u2013 Al\u017e\u00ed\u0159an obvin\u011bn ze zn\u00e1siln\u011bn\u00ed a mu\u010den\u00ed 74let\u00e9 Francouzky hol\u00ed v jej\u00edm dom\u011b za Pa\u0159\u00ed\u017e\u00ed"},"content":{"rendered":"<div id=\"fb-root\"><\/div>\n<h3 class=\"s-tagline fw-tagline\"><span dir=\"auto\">Policie uvedla, \u017ee \u00fato\u010dn\u00edk k zn\u00e1siln\u011bn\u00ed pou\u017eil h\u016fl, po n\u00ed\u017e n\u00e1sledovalo dal\u0161\u00ed bit\u00ed, poni\u017eov\u00e1n\u00ed a dlouhodob\u00e9 zneu\u017e\u00edv\u00e1n\u00ed<\/span><\/h3>\n<p><span dir=\"auto\">\u010cty\u0159iasedmdes\u00e1tilet\u00e1 \u017eena byla vystavena extr\u00e9mn\u00edmu \u00fatoku, p\u0159i kter\u00e9m podez\u0159el\u00fd \u00fadajn\u011b mu\u010dil a zn\u00e1sil\u0148oval ob\u011b\u0165 v jej\u00edm vlastn\u00edm dom\u011b v Romainville v departementu Seine-Saint-Denis nedaleko Pa\u0159\u00ed\u017ee.<\/span><\/p>\n<p><span dir=\"auto\">Podle policie se do jej\u00edho bytu uprost\u0159ed noci vloupal mu\u017e s kapuc\u00ed, zn\u00e1silnil ji hol\u00ed a pot\u00e9 ji podrobil dlouhodob\u00e9mu mu\u010den\u00ed. Kr\u00e1tce po zn\u00e1siln\u011bn\u00ed byl zat\u010den 25let\u00fd podez\u0159el\u00fd, kter\u00fd se p\u0159edstavil jako Al\u017e\u00ed\u0159an.<\/span><\/p>\n<p><span dir=\"auto\">Ob\u011b\u0165 spala, kdy\u017e maskovan\u00fd podez\u0159el\u00fd vnikl do jej\u00edho domu, z\u0159ejm\u011b bez n\u00e1sil\u00ed \u2013 pravd\u011bpodobn\u011b p\u0159es nezam\u010den\u00e9 okno.<\/span><\/p>\n<p><a href=\"https:\/\/actu17.fr\/faits-divers\/romainville-une-femme-de-74-ans-violee-avec-un-baton-et-torturee-chez-elle-un-suspect-interpelle.html\"><span dir=\"auto\">Pot\u00e9 ji podle francouzsk\u00e9ho zpravodajsk\u00e9ho serveru Actu17<\/span><\/a><span dir=\"auto\">\u00a0vystavil \u201emimo\u0159\u00e1dn\u011b brut\u00e1ln\u00edm \u010din\u016fm\u201c\u00a0. Policie uv\u00e1d\u00ed, \u017ee \u00fato\u010dn\u00edk k zn\u00e1siln\u011bn\u00ed pou\u017eil h\u016fl, po n\u00ed\u017e n\u00e1sledovalo dal\u0161\u00ed bit\u00ed, poni\u017eov\u00e1n\u00ed a dlouhodob\u00e9 t\u00fdr\u00e1n\u00ed. Star\u0161\u00ed \u017eena utrp\u011bla v\u00e1\u017en\u00e1 fyzick\u00e1 a psychick\u00e1 zran\u011bn\u00ed, kter\u00e1 vy\u017eadovala rozs\u00e1hlou l\u00e9ka\u0159skou a psychologickou p\u00e9\u010di.<\/span><\/p>\n<p><span dir=\"auto\">Soused\u00e9 upozornili policii pot\u00e9, co sly\u0161eli neobvykl\u00e9 zvuky nebo tlumen\u00e9 v\u00fdk\u0159iky, ale v dob\u011b, kdy policie dorazila, podez\u0159el\u00fd ji\u017e \u00fatok dokon\u010dil.<\/span><\/p>\n<p><span dir=\"auto\">Vy\u0161et\u0159ovatel\u00e9 se pustili do shroma\u017e\u010fov\u00e1n\u00ed d\u016fkaz\u016f, v\u010detn\u011b DNA, otisk\u016f prst\u016f a dal\u0161\u00edch materi\u00e1l\u016f. Na z\u00e1klad\u011b t\u011bchto d\u016fkaz\u016f vy\u0161et\u0159ovatel\u00e9 rychle identifikovali podez\u0159el\u00e9ho v p\u0159\u00edpadu.<\/span><\/p>\n<p><span dir=\"auto\">Policie zatkla 25let\u00e9ho podez\u0159el\u00e9ho, kter\u00fd vy\u0161et\u0159ovatel\u016fm uvedl, \u017ee je Al\u017e\u00ed\u0159an. Zd\u00e1 se, \u017ee policii se zat\u00edm nepoda\u0159ilo nez\u00e1visle identifikovat mu\u017e\u016fv p\u016fvod, co\u017e by mohlo nazna\u010dovat, \u017ee se mu\u017e v zemi nach\u00e1z\u00ed neleg\u00e1ln\u011b.<\/span><\/p>\n<p><span dir=\"auto\">Mu\u017e byl vzat do vy\u0161et\u0159ovac\u00ed vazby a obvin\u011bn ze zn\u00e1siln\u011bn\u00ed, mu\u010den\u00ed a barbarsk\u00fdch \u010din\u016f.<\/span><\/p>\n<p><span dir=\"auto\">\u201eTyto \u00fatoky na zraniteln\u00e9 star\u0161\u00ed osoby odhaluj\u00ed znepokojiv\u00fd trend n\u00e1sil\u00ed v na\u0161\u00ed spole\u010dnosti,\u201c uvedl jeden zdroj bl\u00edzk\u00fd vy\u0161et\u0159ov\u00e1n\u00ed.<\/span><\/p>\n<h2 class=\"wp-block-heading\"><span dir=\"auto\">Mohl by b\u00fdt spojen s dal\u0161\u00edmi zlo\u010diny?<\/span><\/h2>\n<p><span dir=\"auto\">Policie zat\u00edm nezve\u0159ejnila \u017e\u00e1dn\u00e9 informace o trestn\u00ed minulosti mu\u017ee, ale vy\u0161et\u0159ovatel\u00e9 prov\u011b\u0159uj\u00ed mo\u017enost, \u017ee by s n\u00edm mohly b\u00fdt spojeny podobn\u00e9 trestn\u00e9 \u010diny. Server Remix News dokonce loni informoval o velmi podobn\u00e9m p\u0159\u00edpadu v nedalek\u00e9 \u010dtvrti. V tomto p\u0159\u00edpad\u011b se star\u0161\u00ed Francouzka jen sna\u017eila zav\u0159\u00edt okno sv\u00e9ho bytu, kdy\u017e do jej\u00edho domu v \u201ecitliv\u00e9\u201c \u010dtvrti Mureaux v Yvelines, nedaleko Pa\u0159\u00ed\u017ee, vpl\u00ed\u017eil nezn\u00e1m\u00fd mu\u017e, aby ji zn\u00e1silnil a okradl. Tato \u010dtvr\u0165 je zn\u00e1m\u00e1 extr\u00e9mn\u011b vysok\u00fdm po\u010dtem obyvatel severn\u00ed Afriky. V tomto p\u0159\u00edpad\u011b zat\u00edm nebyl zat\u010den \u017e\u00e1dn\u00fd podez\u0159el\u00fd, ale policie bude jist\u011b prov\u011b\u0159ovat, zda m\u00e1 Al\u017e\u00ed\u0159an v tomto p\u0159\u00edpad\u011b n\u011bjakou souvislost.<\/span><\/p>\n<p><span dir=\"auto\">Je pozoruhodn\u00e9, \u017ee Remix News\u00a0<\/span><a href=\"https:\/\/rmx.news\/article\/france-24-year-old-migrant-mohammed-d-snuck-through-a-window-and-raped-an-elderly-building-caretaker-at-knifepoint-in-paris-sentenced-to-9-years-in-prison\/\"><span dir=\"auto\">informoval tak\u00e9 o \u0159ad\u011b podobn\u00fdch p\u0159\u00edpad\u016f z lo\u0148sk\u00e9ho roku.<\/span><\/a><span dir=\"auto\"> V Pa\u0159\u00ed\u017ei se 24let\u00fd migrant Mohammed D. vpl\u00ed\u017eil oknem a s no\u017eem zn\u00e1silnil star\u0161\u00ed spr\u00e1vce budovy a byl odsouzen k dev\u00edti let\u016fm v\u011bzen\u00ed.<\/span><\/p>\n<p><span dir=\"auto\">Tak\u00e9 v lo\u0148sk\u00e9m roce byl zat\u010den neleg\u00e1ln\u00ed al\u017e\u00edrsk\u00fd migrant\u00a0<\/span><a href=\"https:\/\/rmx.news\/article\/illegal-algerian-migrant-accused-of-raping-elderly-woman-in-her-paris-apartment-after-offering-to-help-her-with-her-groceries\/\"><span dir=\"auto\">za zn\u00e1siln\u011bn\u00ed star\u0161\u00ed \u017eeny v jej\u00edm pa\u0159\u00ed\u017esk\u00e9m byt\u011b pot\u00e9, co j\u00ed nab\u00eddl pomoc s n\u00e1kupem<\/span><\/a><span dir=\"auto\">\u00a0. Afgh\u00e1nsk\u00fd mu\u017e byl nav\u00edc obvin\u011bn ze zn\u00e1siln\u011bn\u00ed\u00a0<\/span><a href=\"https:\/\/rmx.news\/article\/france-afghan-man-charged-with-raping-80-year-old-woman-to-death-in-the-city-of-niort\/\"><span dir=\"auto\">k smrti 80let\u00e9 \u017eeny ve m\u011bst\u011b Niort, co\u017e byl zlo\u010din, kter\u00fd \u0161okoval cel\u00fd region<\/span><\/a><span dir=\"auto\">\u00a0.<\/span><\/p>\n<p><span dir=\"auto\">Ani to, \u017ee se star\u0161\u00ed osoby st\u00e1vaj\u00ed ter\u010dem zn\u00e1siln\u011bn\u00ed cizinci ve Francii, nen\u00ed v p\u0159edchoz\u00edch letech ni\u010d\u00edm nov\u00fdm,\u00a0<\/span><a href=\"https:\/\/rmx.news\/crime\/france-ravaged-by-migrant-rapes-as-spate-of-sexual-assaults-sweeps-the-nation\/\"><span dir=\"auto\">\u00a0v posledn\u00edch letech do\u0161lo k vln\u011b podobn\u00fdch \u00fatok\u016f<\/span><\/a><span dir=\"auto\">\u00a0. V mnoha p\u0159\u00edpadech\u00a0\u00a0<\/span><a href=\"https:\/\/rmx.news\/crime\/2-algerian-illegal-migrants-arrested-for-rape-of-83-year-old-disabled-woman-in-france\/\"><span dir=\"auto\">byly ob\u011bti ve v\u011bku 80 let<\/span><\/a><span dir=\"auto\">\u00a0, ale n\u011bkter\u00e9 byly i v devades\u00e1ti letech a v jednom p\u0159\u00edpad\u011b\u00a0\u00a0<\/span><a href=\"https:\/\/rmx.news\/article\/convicted-rapist-from-guadeloupe-jailed-in-france-for-attempted-rape-of-102-year-old-nursing-home-resident\/\"><span dir=\"auto\">bylo ob\u011bti 102 let<\/span><\/a><span dir=\"auto\">\u00a0.<\/span><\/p>\n<p><span dir=\"auto\">Tento nejnov\u011bj\u0161\u00ed p\u0159\u00edpad zn\u00e1siln\u011bn\u00ed a dal\u0161\u00ed znovu rozpoutaj\u00ed debaty o imigraci a ve\u0159ejn\u00e9 bezpe\u010dnosti v Seine-Saint-Denis a tak\u00e9 v \u0161ir\u0161\u00ed Francii. Seine-Saint-Denis je jedn\u00edm z nejlidnat\u011bj\u0161\u00edch a nejmultikulturn\u011bj\u0161\u00edch department\u016f Francie. Ned\u00e1vno byl v tomto departmentu zvolen nov\u00fd kontroverzn\u00ed krajn\u011b levicov\u00fd starosta, Bally Bagayoko, kter\u00fd sl\u00edbil odzbrojen\u00ed m\u011bstsk\u00e9 policie navzdory p\u0159etrv\u00e1vaj\u00edc\u00edm hrozb\u00e1m pro ve\u0159ejnou bezpe\u010dnost.<\/span><\/p>\n<div class=\"twitter-tweet twitter-tweet-rendered\"><img decoding=\"async\" loading=\"lazy\" class=\"alignnone size-full wp-image-1185\" src=\"http:\/\/www.infokuryr.cz\/n\/wp-content\/uploads\/2021\/04\/kuryr-podpis.png\" alt=\"\" width=\"84\" height=\"24\" \/><\/div>\n<div><\/div>\n","protected":false},"excerpt":{"rendered":"<p>Policie uvedla, \u017ee \u00fato\u010dn\u00edk k zn\u00e1siln\u011bn\u00ed pou\u017eil h\u016fl, po n\u00ed\u017e n\u00e1sledovalo dal\u0161\u00ed bit\u00ed, poni\u017eov\u00e1n\u00ed a&#8230;<\/p>\n","protected":false},"author":2,"featured_media":104084,"comment_status":"closed","ping_status":"closed","sticky":false,"template":"","format":"standard","meta":[],"categories":[7],"tags":[130,551,369,239],"_links":{"self":[{"href":"https:\/\/www.infokuryr.cz\/n\/wp-json\/wp\/v2\/posts\/104083"}],"collection":[{"href":"https:\/\/www.infokuryr.cz\/n\/wp-json\/wp\/v2\/posts"}],"about":[{"href":"https:\/\/www.infokuryr.cz\/n\/wp-json\/wp\/v2\/types\/post"}],"author":[{"embeddable":true,"href":"https:\/\/www.infokuryr.cz\/n\/wp-json\/wp\/v2\/users\/2"}],"replies":[{"embeddable":true,"href":"https:\/\/www.infokuryr.cz\/n\/wp-json\/wp\/v2\/comments?post=104083"}],"version-history":[{"count":0,"href":"https:\/\/www.infokuryr.cz\/n\/wp-json\/wp\/v2\/posts\/104083\/revisions"}],"wp:featuredmedia":[{"embeddable":true,"href":"https:\/\/www.infokuryr.cz\/n\/wp-json\/wp\/v2\/media\/104084"}],"wp:attachment":[{"href":"https:\/\/www.infokuryr.cz\/n\/wp-json\/wp\/v2\/media?parent=104083"}],"wp:term":[{"taxonomy":"category","embeddable":true,"href":"https:\/\/www.infokuryr.cz\/n\/wp-json\/wp\/v2\/categories?post=104083"},{"taxonomy":"post_tag","embeddable":true,"href":"https:\/\/www.infokuryr.cz\/n\/wp-json\/wp\/v2\/tags?post=104083"}],"curies":[{"name":"wp","href":"https:\/\/api.w.org\/{rel}","templated":true}]}}