{"id":104053,"date":"2026-04-08T05:36:09","date_gmt":"2026-04-08T03:36:09","guid":{"rendered":"https:\/\/www.infokuryr.cz\/n\/?p=104053"},"modified":"2026-04-08T05:36:09","modified_gmt":"2026-04-08T03:36:09","slug":"michael-svatos-ropa-dnes-rano-spadla-o-16-dolu-mir-bude-klicova-role-viktor-orbana-ve-strategickych-planech-cia","status":"publish","type":"post","link":"https:\/\/www.infokuryr.cz\/n\/2026\/04\/08\/michael-svatos-ropa-dnes-rano-spadla-o-16-dolu-mir-bude-klicova-role-viktor-orbana-ve-strategickych-planech-cia\/","title":{"rendered":"Michael Svato\u0161:  Ropa dnes r\u00e1no spadla o 16% dol\u016f!! M\u00edr bude?! Kl\u00ed\u010dov\u00e1 role Viktor Orb\u00e1na ve strategick\u00fdch pl\u00e1nech CIA?"},"content":{"rendered":"<div id=\"fb-root\"><\/div>\n<p>V\u010dera prezident USA Donald Trump podpo\u0159il t\u00edm nejvy\u0161\u0161\u00edm mysliteln\u00fdm zp\u016fsobem Viktora Orb\u00e1na p\u0159ed kl\u00ed\u010dov\u00fdmi parlamentn\u00edmi volbami, kter\u00e9 se v zemi konaj\u00ed v ned\u011bli 12. dubna. I nejzavilej\u0161\u00edm nep\u0159\u00e1tel\u016fm Viktora Orb\u00e1na \u2013 Ukrajinc\u016fm \u2013 nezbylo v\u010dera,\u00a0<a href=\"https:\/\/www.pravda.com.ua\/eng\/news\/2026\/04\/07\/8029176\/\">ne\u017e k tomu napsat<\/a>:<\/p>\n<p><em><span dir=\"auto\">Americk\u00fd viceprezident J. D. Vance, kter\u00fd je v Ma\u010farsku, aby vedl Orb\u00e1novu p\u0159edvolebn\u00ed kampa\u0148, telefonoval Trumpovi ihned pot\u00e9, co ho Viktor Orb\u00e1n osobn\u011b p\u0159iv\u00edtal na p\u00f3diu na shrom\u00e1\u017ed\u011bn\u00ed p\u0159\u00edznivc\u016f jeho strany Fidesz.\u00a0<\/span><span dir=\"auto\">Trump\u016fv telefon nejprve p\u0159esm\u011broval hovor J.D. Vance do hlasov\u00e9 schr\u00e1nky,\u00a0<\/span><\/em><span dir=\"auto\"><em>a to na p\u00f3diu ma\u010farsk\u00e9ho shrom\u00e1\u017ed\u011bn\u00ed m\u00e1lem zp\u016fsobilo trapnou situaci.<\/em>\u00a0\u201c<\/span><span dir=\"auto\">Je mi l\u00edto, ale osoba, kter\u00e9 se sna\u017e\u00edte dovolat, m\u00e1 hlasovou schr\u00e1nku, kter\u00e1 je\u0161t\u011b nebyla nastavena,\u201c\u00a0<\/span><em><span dir=\"auto\">ozval se toti\u017e nahran\u00fd \u017eensk\u00fd hlas v reakci na prvn\u00ed pokus J.D. Vance, kontaktovat Trumpa. A to Vance p\u0159im\u011blo k \u00fasm\u011bvu, a k pokusu o dal\u0161\u00ed hovor.\u00a0<\/span><\/em><span dir=\"auto\"><em>Kdy\u017e Trump zvedl druh\u00fd telefon, jeho hlas nejprve nezn\u011bl, jako by byl p\u0159ipraven ke shrom\u00e1\u017ed\u011bn\u00ed promluvit, a po\u017e\u00e1dal Vance, aby<\/em>\u00a0<\/span><span dir=\"auto\">\u201emu dal vte\u0159inu\u201c<\/span><span dir=\"auto\">,\u00a0<em>ale hlasit\u00fd j\u00e1sot shrom\u00e1\u017ed\u011bn\u00e9ho davu Victorov\u00fdch stoupenc\u016f ho z\u0159ejm\u011b p\u0159im\u011bl zm\u011bnit n\u00e1zor, a tak pokra\u010doval<\/em>:\u00a0<\/span><span dir=\"auto\">\u201eJsem velk\u00fdm fanou\u0161kem Viktora, jsem s n\u00edm naplno. Spojen\u00e9 st\u00e1ty jsou s n\u00edm naplno,\u201c\u00a0<\/span><span dir=\"auto\"><em>\u0159ekl Trump,\u00a0 a zahrnul Orb\u00e1na dal\u0161\u00ed chv\u00e1lou<\/em>:\u00a0<\/span><span dir=\"auto\">\u00a0<\/span><span dir=\"auto\">\u201eMiluji Ma\u010farsko a miluji Viktora.\u201c.\u00a0<em>Viceprezident USA J.D.\u00a0<\/em><\/span><em><span dir=\"auto\">Vance tak\u00e9 uvedl, \u017ee do Budape\u0161ti p\u0159ilet\u011bl, proto\u017ee \u201evm\u011b\u0161ov\u00e1n\u00ed Bruselu\u201c do ma\u010farsk\u00fdch voleb bylo nehor\u00e1zn\u00e9. A tak\u00e9 aby o<\/span><\/em><span dir=\"auto\"><em>cenil postoj premi\u00e9ra Viktora Orb\u00e1na k rusko-ukrajinsk\u00e9 v\u00e1lce<\/em>.<\/span><\/p>\n<p>V\u010derej\u0161\u00ed vzkaz Trumpovy administrativy Bruselsk\u00e9mu komisari\u00e1tu, v\u0161em Eurokrat\u016fm, Ukrajin\u011b i Rusku, a vl\u00e1d\u00e1m v\u0161ech st\u00e1t\u016f EU, je tedy nad slunce jasn\u011bj\u0161\u00ed:<\/p>\n<p>(1) Nejv\u011bt\u0161\u00ed evropsk\u00fd odp\u016frce jak\u00e9koli podpory Ukrajin\u011b v jej\u00ed v\u00e1lce proti Rusku, a odp\u016frce zbyte\u010dn\u00e9ho prodlu\u017eov\u00e1n\u00ed t\u00e9to v\u00e1lky po\u0161etilou d\u011btinskou politikou Bruselsk\u00e9ho komisari\u00e1tu a jeho nohsled\u016f, Viktor Orb\u00e1n, m\u00e1 plnou podporu sou\u010dasn\u00e9 americk\u00e9 st\u00e1tn\u00ed administrativy, aby vyhr\u00e1l volby, setrval u moci, a pokra\u010doval ve sv\u00e9 politice.<\/p>\n<p>(2) Nejv\u011bt\u0161\u00ed evropsk\u00fd odp\u016frce letit\u00e9 bruselsk\u00e9 politiky zam\u011b\u0159en\u00e9 na \u0159\u00edzen\u00fd import nekontrolovateln\u00e9ho mno\u017estv\u00ed imigrant\u016f neevropsk\u00e9ho p\u016fvodu do zem\u00ed EU, uskute\u010d\u0148ovan\u00fd Eurokraty p\u0159esto, \u017ee tito imigranti velmi \u010dasto ani nehodlaj\u00ed akceptovat evropsk\u00e9 kulturn\u00ed, spole\u010densk\u00e9, n\u00e1bo\u017eensk\u00e9 a pracovn\u00ed zvyky a oby\u010deje, a mu\u017e, kter\u00fd pohyb t\u011bchto imigrant\u016f do EU u p\u0159ed lety zastavil v\u00fdstavbou plotu na Ma\u010farsk\u00fdch hranic\u00edch, a stal se kv\u016fli tomu ter\u010dem nen\u00e1visti v\u0161ech Eurokrat\u016f a jejich klon\u016f, Viktor Orb\u00e1n, m\u00e1 plnou podporu sou\u010dasn\u00e9 americk\u00e9 st\u00e1tn\u00ed administrativy, aby vyhr\u00e1l volby, setrval u moci, a pokra\u010doval ve sv\u00e9 politice.<\/p>\n<p>(3) Nejv\u011bt\u0161\u00ed evropsk\u00fd odp\u016frce bruselsk\u00e9 politiky sebevra\u017eedn\u00e9ho z\u00e1kazu importu levn\u00fdch rusk\u00fdch energi\u00ed do evropsk\u00fdch ekonomik, (nelze opomenout podobn\u00e9 \u00fasil\u00ed Roberta Fico), uskute\u010d\u0148ovan\u00e9 Eurokraty p\u0159es d\u011bsiv\u00fd rozvrat evropsk\u00fdch ekonomik, pr\u016fmyslu, i financ\u00ed, kter\u00e9 to vyvol\u00e1v\u00e1, Viktor Orb\u00e1n, m\u00e1 plnou podporu sou\u010dasn\u00e9 americk\u00e9 st\u00e1tn\u00ed administrativy, aby vyhr\u00e1l volby, setrval u moci, a pokra\u010doval ve sv\u00e9 politice.<\/p>\n<p>Volby 12. dubna v Ma\u010farsku jsou tak p\u0159elomov\u00fdmi volbami Evropy. Viktor Orb\u00e1n je na\u0161t\u011bst\u00ed proz\u00edrav\u00fd politik, a tak v minul\u00fdch desetilet\u00edch implementoval do ma\u010farsk\u00e9 \u00fastavy \u0159adu opat\u0159en\u00ed, a ty ka\u017ed\u00e9mu, kdo by ho ve volb\u00e1ch porazil, br\u00e1n\u00ed, aby jeho politiku diametr\u00e1ln\u011b m\u011bnil, pokud nedos\u00e1hne v\u011bt\u0161iny 2\/3 nutn\u00e9 pro zm\u011bnu \u00fastavy, a to nen\u00ed ani teoreticky o\u010dek\u00e1van\u00fd v\u00fdsledek nadch\u00e1zej\u00edc\u00edch ma\u010farsk\u00fdch voleb.<\/p>\n<p><a href=\"https:\/\/www.politico.eu\/article\/viktor-orban-laid-traps-stop-successor-running-hungary\/\">Kl\u00ed\u010dov\u00e1 Orb\u00e1nova past na jeho volebn\u00edho rivala P\u00e9tera Magyara je jednoduch\u00e1, ale smrt\u00edc\u00ed<\/a>. Jak\u00e1koli ma\u010farsk\u00e1 vl\u00e1da m\u016f\u017ee b\u00fdt odvol\u00e1na prezidentem Ma\u010farska, pokud nedok\u00e1\u017ee schv\u00e1lit rozpo\u010det Ma\u010farska, a to automaticky znamen\u00e1 p\u0159ed\u010dasn\u00e9 volby. Aby byl rozpo\u010det Ma\u010farska schv\u00e1len, nesm\u00ed b\u00fdt VETOV\u00c1N ma\u010farskou st\u00e1tn\u00ed rozpo\u010dtovou radou. Ta je nyn\u00ed slo\u017een\u00e1 ze t\u0159\u00ed \u010dlen\u016f Orb\u00e1novy strany Fidesz, zvolen\u00fdmi na 6 a\u017e 12 let, a stejn\u011b jako prezidenta ji m\u016f\u017ee odvolat jenom 2\/3 shoda v ma\u010farsk\u00e9m parlamentu. Obdobn\u011b absolutn\u00ed v\u011bt\u0161inu v\u0161ech ma\u010farsk\u00fdch m\u00e9di\u00ed \u0159\u00edd\u00ed st\u00e1tn\u00ed nadace KESMA, a do jej\u00edho veden\u00ed u\u017e Viktor Orb\u00e1n nasadil sv\u00e9 stoupence, a odvolat je m\u016f\u017ee op\u011bt jen 2\/3 shoda v parlamentu. Potenci\u00e1ln\u00ed vl\u00e1da Eurokrata P\u00e9tera Magy\u00e1ra tak bude m\u00edt velmi omezen\u00fd man\u00e9vrovac\u00ed prostor, aby bruselsk\u00fdm Eurokrat\u016fm v jejich na\u0159\u00edzen\u00edch vyhov\u011bla, ani\u017e by riskovala, nejprve n\u00e1sledn\u00e9 neschv\u00e1len\u00ed rozpo\u010dtu ma\u010farskou rozpo\u010dtovou radou, a n\u00e1sledovan\u00e9 sv\u00fdm odvol\u00e1n\u00edm prezidentem Ma\u010farska, a p\u0159ed\u010dasn\u00fdmi volbami pot taktovkou m\u00e9di\u00ed \u0159\u00edzen\u00fdch nadac\u00ed KESMA.<\/p>\n<p>P\u0159\u00edpadn\u00e9 vlivov\u00e9 operace ukrajinsk\u00fdch tajn\u00fdch slu\u017eeb, nebo z\u00e1jmov\u00fdch politick\u00fdch nadac\u00ed bruselsk\u00fdch Eurokrat\u016f, za sou\u010dasn\u00e9 zjevn\u00e9 washingtonsk\u00e9 podpory Viktoru Orb\u00e1novi, v t\u011bchto potenci\u00e1ln\u00edch p\u0159ed\u010dasn\u00fdch volb\u00e1ch, pak ur\u010dit\u011b naraz\u00ed na hradbu tajn\u00fdch sil zna\u010dn\u011b mocn\u011bj\u0161\u00edch, ne\u017e ony sami jsou. Proto\u017ee je z\u00e1jmem Ruska vyv\u00e1\u017eet energie do EU, zpacifikovat kyjevsk\u00e9 korup\u010dn\u00edky i banderovce, a udr\u017eovat dobr\u00e9 vztahy s USA. A je z\u00e1jmem USA udr\u017eovat dobr\u00e9 vztahy s Ruskem, proto\u017ee sou\u010dasn\u00e1 v\u00e1lka s Ajatoll\u00e1hy uk\u00e1zala, \u017ee USA pot\u0159ebuj\u00ed k m\u00edrov\u00e9mu vy\u0159e\u0161en\u00ed konfliktu s Ir\u00e1nem pozitivn\u00ed ruskou diplomacii t\u00edmto sm\u011brem, stejn\u011b jako Rusko pro vy\u0159e\u0161en\u00ed konflikt\u016f s Kyjevem i Bruselem pot\u0159ebuje pozitivn\u00ed americkou diplomacii t\u00edmto sm\u011brem.<\/p>\n<p>Vzhledem k tomu, \u017ee Donald Trump u\u017e v noci na dne\u0161ek vyhov\u011bl prosb\u00e1m nejvy\u0161\u0161\u00edch p\u00e1kist\u00e1nsk\u00fdch politik\u016f a gener\u00e1l\u016f, a prodlou\u017eil v noci na dne\u0161ek vyhlazovac\u00ed bombardovac\u00ed p\u0159\u00edm\u011b\u0159\u00ed s Ir\u00e1nem o dal\u0161\u00edch 14 dn\u016f, tedy do 22. dubna 2026, a ajatoll\u00e1hov\u00e9 okam\u017eit\u011b nazp\u011bt signalizovali, \u017ee jsou t\u00e9\u017e p\u0159ipraveni \u201cprozat\u00edm tro\u0161ku uvolnit\u00a0 Hormuzsk\u00fd pr\u016fliv\u201d, a o dal\u0161\u00edch podrobnostech za\u010d\u00edt s USA jednat, je nasnad\u011b, \u017ee spr\u00e1vn\u00fd v\u00fdsledek ma\u010farsk\u00fdch voleb konan\u00fdch 12. dubna 2026 m\u016f\u017ee zna\u010dn\u011b urychlit konec obou krvav\u00fdch v\u00e1lek.<\/p>\n<p><a href=\"https:\/\/aje.news\/9k7fl9?update=4471886\">Dnes r\u00e1no cena ropy u\u017e spadla o 16%!!!<\/a>\u00a0Bude padat je\u0161t\u011b d\u00e1l?<\/p>\n<p>A je op\u011bt pro evropskou politiku t\u00e9to dek\u00e1dy nav\u00fdsost typick\u00e9, \u017ee o nespr\u00e1vn\u00fd v\u00fdsledek t\u011bchto ma\u010farsk\u00fdch voleb nyn\u00ed v\u0161emi zp\u016fsoby usiluje Bruselsk\u00fd komisari\u00e1t, kde\u017eto administrativa B\u00edl\u00e9ho domu se ve\u0159ejn\u011b postavila na stranu spr\u00e1vn\u00e9 volby. A t\u00edm se zd\u00e1 b\u00fdt v \u010cech\u00e1ch definitivn\u011b vy\u0159e\u0161eno,\u00a0<a href=\"https:\/\/www.irozhlas.cz\/zpravy-domov\/ministr-mi-nemuze-zakazat-abych-zastupoval-zemi-rekl-pavel-macinka-zahranicni_2604071626_rec\">koho bude spr\u00e1vn\u00e9 poslat na zased\u00e1n\u00ed NATO<\/a>, \u017ee?<\/p>\n<p><a href=\"https:\/\/www.michalapetr.com\/map-2574-ropa-dnes-rano-spadla-o-16-dolu-mir-bude-klicova-role-viktor-orbana-ve-strategickych-planech-cia-analyza\/\">Michael Svato\u0161<\/a><\/p>\n<p><img decoding=\"async\" loading=\"lazy\" class=\"alignnone size-full wp-image-27204\" src=\"http:\/\/www.infokuryr.cz\/n\/wp-content\/uploads\/2023\/05\/Michael_Svatos.png\" alt=\"\" width=\"180\" height=\"180\" srcset=\"https:\/\/www.infokuryr.cz\/n\/wp-content\/uploads\/2023\/05\/Michael_Svatos.png 180w, https:\/\/www.infokuryr.cz\/n\/wp-content\/uploads\/2023\/05\/Michael_Svatos-150x150.png 150w\" sizes=\"(max-width: 180px) 100vw, 180px\" \/><\/p>\n<p>&nbsp;<\/p>\n","protected":false},"excerpt":{"rendered":"<p>V\u010dera prezident USA Donald Trump podpo\u0159il t\u00edm nejvy\u0161\u0161\u00edm mysliteln\u00fdm zp\u016fsobem Viktora Orb\u00e1na p\u0159ed kl\u00ed\u010dov\u00fdmi parlamentn\u00edmi&#8230;<\/p>\n","protected":false},"author":2,"featured_media":89633,"comment_status":"closed","ping_status":"closed","sticky":false,"template":"","format":"standard","meta":[],"categories":[6],"tags":[1042,439,310],"_links":{"self":[{"href":"https:\/\/www.infokuryr.cz\/n\/wp-json\/wp\/v2\/posts\/104053"}],"collection":[{"href":"https:\/\/www.infokuryr.cz\/n\/wp-json\/wp\/v2\/posts"}],"about":[{"href":"https:\/\/www.infokuryr.cz\/n\/wp-json\/wp\/v2\/types\/post"}],"author":[{"embeddable":true,"href":"https:\/\/www.infokuryr.cz\/n\/wp-json\/wp\/v2\/users\/2"}],"replies":[{"embeddable":true,"href":"https:\/\/www.infokuryr.cz\/n\/wp-json\/wp\/v2\/comments?post=104053"}],"version-history":[{"count":0,"href":"https:\/\/www.infokuryr.cz\/n\/wp-json\/wp\/v2\/posts\/104053\/revisions"}],"wp:featuredmedia":[{"embeddable":true,"href":"https:\/\/www.infokuryr.cz\/n\/wp-json\/wp\/v2\/media\/89633"}],"wp:attachment":[{"href":"https:\/\/www.infokuryr.cz\/n\/wp-json\/wp\/v2\/media?parent=104053"}],"wp:term":[{"taxonomy":"category","embeddable":true,"href":"https:\/\/www.infokuryr.cz\/n\/wp-json\/wp\/v2\/categories?post=104053"},{"taxonomy":"post_tag","embeddable":true,"href":"https:\/\/www.infokuryr.cz\/n\/wp-json\/wp\/v2\/tags?post=104053"}],"curies":[{"name":"wp","href":"https:\/\/api.w.org\/{rel}","templated":true}]}}