{"id":104051,"date":"2026-04-08T05:23:59","date_gmt":"2026-04-08T03:23:59","guid":{"rendered":"https:\/\/www.infokuryr.cz\/n\/?p=104051"},"modified":"2026-04-08T05:23:59","modified_gmt":"2026-04-08T03:23:59","slug":"severni-korea-odpalila-nekolik-balistickych-raket-do-japonskeho-more","status":"publish","type":"post","link":"https:\/\/www.infokuryr.cz\/n\/2026\/04\/08\/severni-korea-odpalila-nekolik-balistickych-raket-do-japonskeho-more\/","title":{"rendered":"Severn\u00ed Korea odp\u00e1lila n\u011bkolik balistick\u00fdch raket do Japonsk\u00e9ho mo\u0159e"},"content":{"rendered":"<div id=\"fb-root\"><\/div>\n<p class=\"lead\"><strong><span dir=\"auto\">Severn\u00ed Korea odp\u00e1lila n\u011bkolik balistick\u00fdch raket sm\u011brem k Japonsk\u00e9mu mo\u0159i, informovala jihokorejsk\u00e1 tiskov\u00e1 agentura Newsis s odvol\u00e1n\u00edm na jihokorejsk\u00fd sbor n\u00e1\u010deln\u00edk\u016f \u0161t\u00e1b\u016f (JCS).<\/span><\/strong><\/p>\n<p><em><span dir=\"auto\">Severn\u00ed Korea odp\u00e1lila n\u011bkolik balistick\u00fdch raket sm\u011brem k Japonsk\u00e9mu mo\u0159i.<\/span><span class=\"after-quote\"><span dir=\"auto\">\u00a0\u2014 uv\u00e1d\u00ed se ve zpr\u00e1v\u011b.<\/span><\/span><\/em><\/p>\n<p><span dir=\"auto\">Jihokorejsk\u00e1 arm\u00e1da d\u0159\u00edve uvedla, \u017ee Severn\u00ed Korea odp\u00e1lila neidentifikovan\u00e9 projektily ji\u017e druh\u00fd den po sob\u011b, ani\u017e by poskytla podrobnosti. Byly hl\u00e1\u0161eny dva projektily. Podle tiskov\u00e9 agentury Jonhap Severn\u00ed Korea odp\u00e1lila projektily v \u00fater\u00fd a ve st\u0159edu, \u010das v\u0161ak nebyl up\u0159esn\u011bn.<\/span><\/p>\n<p><img decoding=\"async\" loading=\"lazy\" class=\"alignnone size-full wp-image-1185\" src=\"http:\/\/www.infokuryr.cz\/n\/wp-content\/uploads\/2021\/04\/kuryr-podpis.png\" alt=\"\" width=\"84\" height=\"24\" \/><\/p>\n<p>&nbsp;<\/p>\n","protected":false},"excerpt":{"rendered":"<p>Severn\u00ed Korea odp\u00e1lila n\u011bkolik balistick\u00fdch raket sm\u011brem k Japonsk\u00e9mu mo\u0159i, informovala jihokorejsk\u00e1 tiskov\u00e1 agentura Newsis&#8230;<\/p>\n","protected":false},"author":2,"featured_media":104052,"comment_status":"closed","ping_status":"closed","sticky":false,"template":"","format":"standard","meta":[],"categories":[7],"tags":[2487,502,4578],"_links":{"self":[{"href":"https:\/\/www.infokuryr.cz\/n\/wp-json\/wp\/v2\/posts\/104051"}],"collection":[{"href":"https:\/\/www.infokuryr.cz\/n\/wp-json\/wp\/v2\/posts"}],"about":[{"href":"https:\/\/www.infokuryr.cz\/n\/wp-json\/wp\/v2\/types\/post"}],"author":[{"embeddable":true,"href":"https:\/\/www.infokuryr.cz\/n\/wp-json\/wp\/v2\/users\/2"}],"replies":[{"embeddable":true,"href":"https:\/\/www.infokuryr.cz\/n\/wp-json\/wp\/v2\/comments?post=104051"}],"version-history":[{"count":0,"href":"https:\/\/www.infokuryr.cz\/n\/wp-json\/wp\/v2\/posts\/104051\/revisions"}],"wp:featuredmedia":[{"embeddable":true,"href":"https:\/\/www.infokuryr.cz\/n\/wp-json\/wp\/v2\/media\/104052"}],"wp:attachment":[{"href":"https:\/\/www.infokuryr.cz\/n\/wp-json\/wp\/v2\/media?parent=104051"}],"wp:term":[{"taxonomy":"category","embeddable":true,"href":"https:\/\/www.infokuryr.cz\/n\/wp-json\/wp\/v2\/categories?post=104051"},{"taxonomy":"post_tag","embeddable":true,"href":"https:\/\/www.infokuryr.cz\/n\/wp-json\/wp\/v2\/tags?post=104051"}],"curies":[{"name":"wp","href":"https:\/\/api.w.org\/{rel}","templated":true}]}}