{"id":104046,"date":"2026-04-08T05:12:18","date_gmt":"2026-04-08T03:12:18","guid":{"rendered":"https:\/\/www.infokuryr.cz\/n\/?p=104046"},"modified":"2026-04-08T05:12:18","modified_gmt":"2026-04-08T03:12:18","slug":"karin-szczyrbova-devastace-krajiny-je-jenom-povrchni-vrstva-ktere-si-vsimne-kazdy-clovek","status":"publish","type":"post","link":"https:\/\/www.infokuryr.cz\/n\/2026\/04\/08\/karin-szczyrbova-devastace-krajiny-je-jenom-povrchni-vrstva-ktere-si-vsimne-kazdy-clovek\/","title":{"rendered":"Karin Szczyrbov\u00e1: Devastace krajiny je jenom povrchn\u00ed vrstva, kter\u00e9 si v\u0161imne ka\u017ed\u00fd \u010dlov\u011bk"},"content":{"rendered":"<div id=\"fb-root\"><\/div>\n<p>Ale j\u00e1, \u010dlov\u011bk z Karvin\u00e9, za ka\u017ed\u00fdm v\u011btrn\u00edkem vid\u00ed tuny betonu, kter\u00fd je nav\u00e1\u017een\u00fd non-stop (kdo n\u011bkdy d\u011blal s betonem, v\u00ed sv\u00e9). N\u00e1kladov\u011b to jsou stamiliony korun, kter\u00e9 plat\u00edme i z na\u0161ich dan\u00ed.<\/p>\n<p>\u010clov\u011bk jako j\u00e1, kter\u00fd se setkal v Africe s lidmi z dol\u016f, kde se za nelidsk\u00fdch podm\u00ednek t\u011b\u017e\u00ed suroviny pot\u0159ebn\u00e9 pro v\u00fdrobu v\u011btrn\u00edk\u016f, se nikdy nesm\u00ed\u0159\u00ed s osudem t\u011bch lid\u00ed.<\/p>\n<p>Nikdy se nesm\u00ed\u0159\u00ed s tzv. Zelenou politikou EU. Nen\u00ed na n\u00ed toti\u017e nic zelen\u00e9ho. Cel\u00e1 tato politika je postaven\u00e1 na vyko\u0159is\u0165ov\u00e1n\u00ed lid\u00ed.<br \/>\nJe to v\u0161echno jenom p\u0159etv\u00e1\u0159ka.<\/p>\n<p>Pov\u00edm to jednodu\u0161e a jasn\u011b.<\/p>\n<p>Mohli jsme m\u00edt \u010dernouheln\u00e9 doly, kter\u00e9 u\u017e jsou zatopen\u00e9 nebo zasypan\u00e9 a kter\u00e9 spl\u0148ovaly nejvy\u0161\u0161\u00ed bezpe\u010dnostn\u00ed standardy. Te\u010f nem\u00e1me a nebudeme m\u00edt ani pohonn\u00e9 hmoty, ani plyn, ani elekt\u0159inu.<\/p>\n<p>Gratulujme si, \u010cesk\u00e1 republiko, kam jsme to t\u00e9m\u011b\u0159 po 37 letech od tzv. sametovky \u010di kab\u00e1tovky dot\u00e1hli!<\/p>\n<p>\u010c\u00edm d\u0159\u00edve odt\u00e1hneme z EU a z NATO, t\u00edm l\u00e9pe pro n\u00e1s.<\/p>\n<p>A m\u00e1lem bych zapomn\u011bla \u2013 jak se ukazuje, t\u00e9m\u011b\u0159 ka\u017ed\u00fd v\u011btrn\u00edk mus\u00ed m\u00edt svou vyrovn\u00e1vac\u00ed kapacitu v s\u00edti. Jednodu\u0161e \u0159e\u010deno \u2013 ve van\u011b mus\u00edte udr\u017eovat ur\u010ditou vyrovnanou hladinu, aby nep\u0159etekla, nebo nevytekla. Takto to funguje i v s\u00edti.<\/p>\n<p>Atomov\u00e9 elektr\u00e1rny jsou na roky a podl\u00e9haj\u00ed schvalovac\u00edmu procesu v EU.<\/p>\n<p>Plynov\u00e9 elektr\u00e1rny jsou tak\u00e9 na roky a odkud ten plyn budeme m\u00edt, kdy\u017e Katar nebude v provozu minim\u00e1ln\u011b 5 let.<\/p>\n<p>Rusofobie se Evropou \u0161\u00ed\u0159\u00ed jako mor, tud\u00ed\u017e s NordStreamem nen\u00ed mo\u017en\u00e9 po\u010d\u00edtat.<\/p>\n<p>Tak\u017ee jedin\u00e9 doporu\u010den\u00ed \u2013 modlete se. Bude hodn\u011b zle.<\/p>\n<p><em><a href=\"https:\/\/narodnidemokracie.cz\/ing-karin-szczyrbova-devastace-krajiny-je-jenom-povrchni-vrstva-ktere-si-vsime-kazdy-clovek\/\">Ing. Karin Szczyrbov\u00e1<\/a>, n\u00e1rodohospod\u00e1\u0159ka a \u010dlenka ND Karvin\u00e1<\/em><\/p>\n<p><img decoding=\"async\" loading=\"lazy\" class=\"alignnone  wp-image-26852\" src=\"http:\/\/www.infokuryr.cz\/n\/wp-content\/uploads\/2023\/04\/Karin-300x300.jpg\" alt=\"\" width=\"145\" height=\"145\" srcset=\"https:\/\/www.infokuryr.cz\/n\/wp-content\/uploads\/2023\/04\/Karin-300x300.jpg 300w, https:\/\/www.infokuryr.cz\/n\/wp-content\/uploads\/2023\/04\/Karin-150x150.jpg 150w, https:\/\/www.infokuryr.cz\/n\/wp-content\/uploads\/2023\/04\/Karin.jpg 400w\" sizes=\"(max-width: 145px) 100vw, 145px\" \/><\/p>\n<p>&nbsp;<\/p>\n","protected":false},"excerpt":{"rendered":"<p>Ale j\u00e1, \u010dlov\u011bk z Karvin\u00e9, za ka\u017ed\u00fdm v\u011btrn\u00edkem vid\u00ed tuny betonu, kter\u00fd je nav\u00e1\u017een\u00fd non-stop&#8230;<\/p>\n","protected":false},"author":2,"featured_media":47782,"comment_status":"closed","ping_status":"closed","sticky":false,"template":"","format":"standard","meta":[],"categories":[6],"tags":[67,41,1503,69],"_links":{"self":[{"href":"https:\/\/www.infokuryr.cz\/n\/wp-json\/wp\/v2\/posts\/104046"}],"collection":[{"href":"https:\/\/www.infokuryr.cz\/n\/wp-json\/wp\/v2\/posts"}],"about":[{"href":"https:\/\/www.infokuryr.cz\/n\/wp-json\/wp\/v2\/types\/post"}],"author":[{"embeddable":true,"href":"https:\/\/www.infokuryr.cz\/n\/wp-json\/wp\/v2\/users\/2"}],"replies":[{"embeddable":true,"href":"https:\/\/www.infokuryr.cz\/n\/wp-json\/wp\/v2\/comments?post=104046"}],"version-history":[{"count":0,"href":"https:\/\/www.infokuryr.cz\/n\/wp-json\/wp\/v2\/posts\/104046\/revisions"}],"wp:featuredmedia":[{"embeddable":true,"href":"https:\/\/www.infokuryr.cz\/n\/wp-json\/wp\/v2\/media\/47782"}],"wp:attachment":[{"href":"https:\/\/www.infokuryr.cz\/n\/wp-json\/wp\/v2\/media?parent=104046"}],"wp:term":[{"taxonomy":"category","embeddable":true,"href":"https:\/\/www.infokuryr.cz\/n\/wp-json\/wp\/v2\/categories?post=104046"},{"taxonomy":"post_tag","embeddable":true,"href":"https:\/\/www.infokuryr.cz\/n\/wp-json\/wp\/v2\/tags?post=104046"}],"curies":[{"name":"wp","href":"https:\/\/api.w.org\/{rel}","templated":true}]}}