{"id":104025,"date":"2026-04-08T04:06:41","date_gmt":"2026-04-08T02:06:41","guid":{"rendered":"https:\/\/www.infokuryr.cz\/n\/?p=104025"},"modified":"2026-04-08T04:06:41","modified_gmt":"2026-04-08T02:06:41","slug":"miroslav-petr-cekejte-letos-blackout-jde-politikum-o-vase-zdravi","status":"publish","type":"post","link":"https:\/\/www.infokuryr.cz\/n\/2026\/04\/08\/miroslav-petr-cekejte-letos-blackout-jde-politikum-o-vase-zdravi\/","title":{"rendered":"Miroslav Petr: \u010cekejte letos blackout. Jde politik\u016fm o va\u0161e zdrav\u00ed?"},"content":{"rendered":"<div id=\"fb-root\"><\/div>\n<p>Lo\u0148sk\u00fd v\u00fdpadek byla nepatrn\u00e1 p\u0159\u00edprava na dlouhodob\u011bj\u0161\u00ed energetickou krizi v leto\u0161n\u00edm roce. Jde o v\u011btrn\u00edky, kter\u00e9 krom\u011b jin\u00e9ho nav\u017edy zni\u010d\u00ed p\u0159\u00edrodu a zdrav\u00ed mnoha lid\u00ed. M\u00e1lokdo v\u00ed, \u017ee EU zak\u00e1zala vyp\u00edn\u00e1n\u00ed v\u011btrn\u00edk\u016f p\u0159i slune\u010dn\u00edch dnech a naopak p\u0159ik\u00e1zala budovat jich co nejv\u00edc. Tak\u017ee p\u0159i vedrech po\u010d\u00edtejte s v\u00fdpadky proudu. Jak se to projev\u00ed na potravin\u00e1ch ve va\u0161\u00ed ledni\u010dce, bude-li v\u00fdpadek trvat v\u00edce dn\u00ed? Skute\u010dn\u011b nebudete m\u00edt \u017e\u00e1dn\u00fd probl\u00e9m ve v\u00fdtahu, v obchod\u011b p\u0159i placen\u00ed kartou, v MHD, atd.?<\/p>\n<p>P\u0159es energetickou krizi Brusel na\u0159izuje zem\u00edm EU nevratn\u00e9 a nenapraviteln\u00e9 zaplaven\u00ed v\u0161ech uheln\u00fdch dol\u016f. Zelen\u00ed nepochop\u00ed, \u017ee p\u0159eprava uhl\u00ed a\u017e z Austr\u00e1lie krom\u011b vy\u0161\u0161\u00ed ceny \u0161kod\u00ed p\u0159\u00edrod\u011b mnohon\u00e1sobn\u011b v\u00edc. Nejv\u011bt\u0161\u00ed bateriov\u00e9 \u00falo\u017ei\u0161t\u011b v N\u011bmecku ukl\u00e1d\u00e1 jen 5 MWh, co\u017e sta\u010d\u00ed z\u00e1sobovat p\u011bti\u010dlennou rodinu jeden rok&#8230;Z nejbohat\u0161\u00edho N\u011bmecka u\u017e se st\u00e1v\u00e1 \u017eebr\u00e1k. D\u00edky na\u0161\u00ed z\u00e1vislosti na N\u011bmecku n\u00e1s to \u010dek\u00e1 o rok pozd\u011bji- vy\u0161\u0161\u00ed nezam\u011bstnanost, ni\u017e\u0161\u00ed produktivita a platy, ni\u017e\u0161\u00ed v\u00fdb\u011br dan\u00ed, atd. \u010c\u00edm budou Zelen\u00ed a Eurohuje\u0159i v Bruseli v zim\u011b topit a sv\u00edtit?<\/p>\n<p>St\u00e1le v\u00edc lid\u00ed odm\u00edt\u00e1 krev od o\u010dkovan\u00fdch d\u00e1rc\u016f. Probl\u00e9m na kter\u00fd jsem upozor\u0148oval hned na za\u010d\u00e1tku o\u010dkov\u00e1n\u00ed. U\u017e tehdy bylo divn\u00e9, \u017ee na v\u0161echno jsou l\u00e9ky, ale v tomto p\u0159\u00edpad\u011b je o\u010dkov\u00e1n\u00ed a nav\u00edc povinn\u00e9. Je-li zak\u00e1z\u00e1no ps\u00e1t podrobnosti o p\u0159\u00edrodn\u00edch l\u00e9\u010divech a bylink\u00e1ch a byl-li pokus jednoduch\u00fdm a levn\u00fdm z\u00e1krokem vyl\u00e9\u010dit rakovinu z\u00e1m\u011brn\u011b s beznad\u011bjn\u00fdmi p\u0159\u00edpady a v posledn\u00edm stadiu, pak je logick\u00e9, \u017ee \u017e\u00e1dn\u00e9mu politikovi nejde o zdrav\u00ed, ale o byznys. Okam\u017eit\u011b byla vynalezena vakc\u00edna bez jak\u00e9koli zku\u0161ebn\u00ed lh\u016fty a p\u0159\u00edmo byla nucena cel\u00e9mu sv\u011btu povinn\u011b. Kolik statis\u00edc\u016f lid\u00ed ka\u017ed\u00fd den um\u00edr\u00e1 na rakovinu a dodnes neexistuje l\u00e9k. Pardon, pro anglick\u00e9ho kr\u00e1le to neplat\u00ed. Byznys je byznys. &#8222;Kalergiho pl\u00e1n&#8220; mus\u00ed b\u00fdt spln\u011bn za ka\u017edou cenu!<\/p>\n<p>Jak\u00e1si slovensk\u00e1 h\u00e9re\u010dka Zlatohl\u00e1vkov\u00e1 na \u010cT24 si zakr\u00fdvala xicht n\u011bjak\u00fdm \u010dasopisem. U\u017e v\u011b\u0159\u00edm, \u017ee b\u016fh je milosrdn\u00fd, jinak by bolest\u00ed neusnula. V Brn\u011b \u0159\u00edk\u00e1me, \u017ee je blb\u00e1 jak pu\u0161tok. Pro\u010d jsem si vzpomn\u011bl na Kopeck\u00e9ho &#8211; Vy kr\u00e1\u00e1\u00e1vo nebesk\u00e1?<\/p>\n<p>Jak\u00fdsi soudruh Valcha douf\u00e1, \u017ee ministr kultury u\u017e dlouho ve funkci nebude. Jak to chce za\u0159\u00eddit, to ne\u0159ekl&#8230;<\/p>\n<p>Dle Seznamu v\u011bt\u0161ina \u010desk\u00fdch \u017een pova\u017euje tradici velikono\u010dn\u00ed poml\u00e1zky za nep\u0159\u00edjemnou, podobn\u00e9 pocity m\u00e1 i\u00a0 \u010d\u00e1st mu\u017e\u016f. Pr\u00fd je zvyk problematick\u00fd kv\u016fli gender a naru\u0161ov\u00e1n\u00ed t\u011blesn\u00e9 integrity. Chocholou\u0161ku&#8230;<\/p>\n<p>\u0160\u00edlen\u00fd eurokomisa\u0159 chce omezit dopravu v cel\u00e9 Evrop\u011b kv\u016fli nedostatku pohonn\u00fdch hmot. \u0158e\u0161en\u00ed je d\u011btsky jednoduch\u00e9. Sta\u010d\u00ed vr\u00e1tit se do star\u00fdch kolej\u00ed a znovu obchodovat s t\u00edm\u00a0&#8222;zl\u00fdm a zaostal\u00fdm&#8220; Ruskem. Jak prost\u00e9 Whatsone.<\/p>\n<p>Jak\u00fdsi soudruh Hlavat\u00fd, typick\u00fd kovan\u00fd komunista, vy\u010d\u00edt\u00e1 Turkovi konec podpory Duhy. Je takov\u00fd hlup\u00e1k, \u017ee nech\u00e1pe \u0161kodlivost tohoto hnut\u00ed a jeho skute\u010dn\u00fd &#8222;vztah k p\u0159\u00edrod\u011b&#8220;. A\u017e bude Duha masov\u011b demonstrovat proti sol\u00e1rk\u00e1m a v\u011btrn\u00edk\u016fm&#8230;Inu, je to Mat\u011bj. Tohle nech\u00e1pe ani &#8222;kr\u00e1sn\u00e1&#8220; Blbu\u0161e.<\/p>\n<p>Voj\u00edni v politice jsou nebezpe\u010dn\u011bj\u0161\u00ed ne\u017e si mysl\u00edme. Co kdyby l\u00e9ka\u0159 hodnotil pacienty dle politick\u00e9ho n\u00e1zoru? Svin\u011b, pardon, voj\u00edn Fujt\u00fdn m\u011bl b\u00fdt d\u00e1vno odvol\u00e1n z funkce a souzen za dlouhodob\u00e9 podn\u011bcov\u00e1n\u00ed k nen\u00e1visti k jin\u00e9mu n\u00e1rodu. Svou vulgaritou dokazuje vlastn\u00ed primitivitu. Dokonce i zjevem p\u0159ipom\u00edn\u00e1 jakousi gorilu. M\u00e1 v\u0161ak jednu v\u00fdhodu- nikdy nem\u016f\u017ee dostat ot\u0159es mozku.<\/p>\n<p>Na internetu se objevil n\u00e1zor toto\u017en\u00fd s m\u00fdm: &#8222;U\u017e nesleduji komedie, daleko lep\u0161\u00ed je J\u00e1kob.&#8220; Snad mi b\u016fh promine, kdy\u017e se sm\u011bju hlup\u00e1k\u016fm.<\/p>\n<p>Drtiv\u00e1 v\u011bt\u0161ina dne\u0161n\u00ed generace se hl\u00e1s\u00ed na studia, na \u0159emeslo s kr\u00e1lovsk\u00fdm platem t\u00e9m\u011b\u0159 nikdo. V \u010cesku chyb\u00ed 100 000 \u0159emesln\u00edk\u016f, kte\u0159\u00ed si vyd\u011blaj\u00ed mnohon\u00e1sobn\u011b v\u00edc ne\u017e vysoko\u0161kol\u00e1ci. \u0158e\u0161en\u00ed je d\u011btsky jednoduch\u00e9 &#8211; ihned skon\u010dit s placen\u00edm v\u0161ech \u0161kol zab\u00fdvaj\u00edc\u00edch se filozofi\u00ed, gender, a dal\u0161\u00edmi nesmysly. Je t\u0159eba podpo\u0159it firmy, kter\u00e9 budou investovat do\u00a0 u\u010d\u0148ovsk\u00fdch obor\u016f. Jak prost\u00e9, Whatsone.<\/p>\n<p>Nedostatek nafty je z\u00e1m\u011brn\u00fd U\u017e n\u011bkolik t\u00fddn\u016f cestuje holandsk\u00fd majitel tankeru z jednoho p\u0159\u00edstavu do druh\u00e9ho, proto\u017ee jeho naftu nikdo nechce. Tento probl\u00e9m maj\u00ed i dal\u0161\u00ed jeho kolegov\u00e9. Krize je z\u00e1m\u011brn\u00e1 a \u0159\u00edzen\u00e1. V tis\u00edci tankerech stoj\u00edc\u00edch v p\u0159\u00edstavech po cel\u00e9 Evrop\u011b je k dispozici dostatek paliva. Cui bono? Kdopak na tom asi bohat\u011b vyd\u011bl\u00e1v\u00e1? Kdo asi bohatne na p\u0159edra\u017een\u00e9 naft\u011b, kterou pot\u0159ebuje cel\u00fd sv\u011bt?<\/p>\n<p>P\u011bt Ukrajinc\u016f je souzeno za brutalitu k \u010desk\u00e9 d\u00edvce, kterou unesli a velmi surov\u011b mu\u010dili. A to je\u0161t\u011b u n\u00e1s neza\u010dala platit dohoda o trval\u00e9m pobytu slim\u00e1k\u016f u n\u00e1s. Jsi spokojen\u00fd, V\u00edtku?<\/p>\n<p><a href=\"https:\/\/www.czechfreepress.cz\/dalsi-blogy\/cekejte-letos-blackout-jde-politikum-o-vase-zdravi.html\">Miroslav Petr<\/a><\/p>\n<p>&nbsp;<\/p>\n","protected":false},"excerpt":{"rendered":"<p>Lo\u0148sk\u00fd v\u00fdpadek byla nepatrn\u00e1 p\u0159\u00edprava na dlouhodob\u011bj\u0161\u00ed energetickou krizi v leto\u0161n\u00edm roce. Jde o v\u011btrn\u00edky,&#8230;<\/p>\n","protected":false},"author":2,"featured_media":77810,"comment_status":"closed","ping_status":"closed","sticky":false,"template":"","format":"standard","meta":[],"categories":[6],"tags":[9011,1299,1503],"_links":{"self":[{"href":"https:\/\/www.infokuryr.cz\/n\/wp-json\/wp\/v2\/posts\/104025"}],"collection":[{"href":"https:\/\/www.infokuryr.cz\/n\/wp-json\/wp\/v2\/posts"}],"about":[{"href":"https:\/\/www.infokuryr.cz\/n\/wp-json\/wp\/v2\/types\/post"}],"author":[{"embeddable":true,"href":"https:\/\/www.infokuryr.cz\/n\/wp-json\/wp\/v2\/users\/2"}],"replies":[{"embeddable":true,"href":"https:\/\/www.infokuryr.cz\/n\/wp-json\/wp\/v2\/comments?post=104025"}],"version-history":[{"count":0,"href":"https:\/\/www.infokuryr.cz\/n\/wp-json\/wp\/v2\/posts\/104025\/revisions"}],"wp:featuredmedia":[{"embeddable":true,"href":"https:\/\/www.infokuryr.cz\/n\/wp-json\/wp\/v2\/media\/77810"}],"wp:attachment":[{"href":"https:\/\/www.infokuryr.cz\/n\/wp-json\/wp\/v2\/media?parent=104025"}],"wp:term":[{"taxonomy":"category","embeddable":true,"href":"https:\/\/www.infokuryr.cz\/n\/wp-json\/wp\/v2\/categories?post=104025"},{"taxonomy":"post_tag","embeddable":true,"href":"https:\/\/www.infokuryr.cz\/n\/wp-json\/wp\/v2\/tags?post=104025"}],"curies":[{"name":"wp","href":"https:\/\/api.w.org\/{rel}","templated":true}]}}