{"id":104020,"date":"2026-04-08T00:34:52","date_gmt":"2026-04-07T22:34:52","guid":{"rendered":"https:\/\/www.infokuryr.cz\/n\/?p=104020"},"modified":"2026-04-07T18:35:25","modified_gmt":"2026-04-07T16:35:25","slug":"chtela-fotografovat-kvetiny-behem-sve-velikonocni-prochazky-zena-brutalne-ubodana-k-smrti","status":"publish","type":"post","link":"https:\/\/www.infokuryr.cz\/n\/2026\/04\/08\/chtela-fotografovat-kvetiny-behem-sve-velikonocni-prochazky-zena-brutalne-ubodana-k-smrti\/","title":{"rendered":"Cht\u011bla fotografovat kv\u011btiny b\u011bhem sv\u00e9 velikono\u010dn\u00ed proch\u00e1zky: \u017dena brut\u00e1ln\u011b ubod\u00e1na k smrti"},"content":{"rendered":"<div id=\"fb-root\"><\/div>\n<p><strong><span dir=\"auto\">Na Velikono\u010dn\u00ed ned\u011bli (5. dubna 2026) byla 48let\u00e1 \u017eena proch\u00e1zej\u00edc\u00ed se s p\u0159\u00e1teli v Breubergu (ji\u017en\u00ed Hesensko) n\u00e1hle napadena a v\u00e1\u017en\u011b zran\u011bna nezn\u00e1m\u00fdm \u00fato\u010dn\u00edkem s no\u017eem. Pachatel byl od t\u00e9 doby zat\u010den a op\u011bt se jako motiv \u010dinu uv\u00e1d\u00ed du\u0161evn\u00ed choroba mu\u017ee.<\/span><\/strong><\/p>\n<p><span dir=\"auto\">Podle\u00a0<\/span><a href=\"https:\/\/www.presseportal.de\/blaulicht\/pm\/4969\/6249993\"><span dir=\"auto\">policie<\/span><\/a><span dir=\"auto\"> k \u00fatoku do\u0161lo kolem 16:00, kdy\u017e se 48let\u00e1 \u017eena vydala na velikono\u010dn\u00ed proch\u00e1zku se t\u0159emi p\u0159\u00e1teli v okrese Hainstadt. \u017dena se zastavila, aby si vyfotila kv\u011btinu \u2013 a o n\u011bkolik vte\u0159in pozd\u011bji le\u017eela na zemi s v\u00e1\u017en\u00fdmi zran\u011bn\u00edmi. Nezn\u00e1m\u00fd mu\u017e, kter\u00fd jen chv\u00edli p\u0159edt\u00edm projel kolem skupiny na kole a pot\u00e9 se vr\u00e1til p\u011b\u0161ky, ji n\u00e1hle napadl no\u017eem. Teprve kdy\u017e j\u00ed na pomoc p\u0159isp\u011bchali jej\u00ed spole\u010dn\u00edci, \u00fato\u010dn\u00edk ji pustil a utekl na kole. \u017dena musela b\u00fdt do nemocnice transportov\u00e1na vrtuln\u00edkem.<\/span><\/p>\n<p><span dir=\"auto\">Po tipech a rozs\u00e1hl\u00e9m p\u00e1tr\u00e1n\u00ed policie v pond\u011bl\u00ed ve\u010der (6. dubna 2026) podez\u0159el\u00e9ho zatkla. Byl nalezen v dom\u011b p\u0159\u00edbuzn\u00fdch v Sandbachu. B\u011bhem soudn\u011b na\u0159\u00edzen\u00e9 prohl\u00eddky bytu bylo zabaveno j\u00edzdn\u00ed kolo, o kter\u00e9m se p\u0159edpokl\u00e1d\u00e1, \u017ee je to j\u00edzdn\u00ed kolo, kter\u00e9 mu\u017e pou\u017e\u00edval.<\/span><\/p>\n<p><span dir=\"auto\">Motivy \u00fatoku jsou st\u00e1le nejasn\u00e9. Nejednalo se o dom\u00e1c\u00ed spor ani o h\u00e1dku \u2013 jednodu\u0161e o n\u00e1hodn\u00fd \u00fatok na ve\u0159ejn\u00e9m prostranstv\u00ed. Nejnov\u011bj\u0161\u00ed\u00a0<\/span><a href=\"https:\/\/www.presseportal.de\/blaulicht\/pm\/4969\/6250125\"><span dir=\"auto\">policejn\u00ed zpr\u00e1va<\/span><\/a><span dir=\"auto\">\u00a0uv\u00e1d\u00ed, \u017ee motiv by mohl souviset s du\u0161evn\u00ed chorobou, kterou mu\u017e trp\u00ed. Vy\u0161et\u0159ovatel\u00e9 \u00fatok vy\u0161et\u0159uj\u00ed jako pokus o vra\u017edu. O \u00fadajn\u00e9m pachateli nejsou poskytnuty \u017e\u00e1dn\u00e9 dal\u0161\u00ed informace, ale ji\u017e existuje podez\u0159en\u00ed na du\u0161evn\u00ed chorobu \u2013 lze se jen dohadovat. Podle st\u00e1tn\u00edho zastupitelstv\u00ed v rozhovoru pro\u00a0\u00a0<\/span><a href=\"https:\/\/apollo-news.net\/tatverdchtiger-gefasst-ein-mann-stach-eine-frau-nieder-als-sie-blumen-fotografierte\/\"><span dir=\"auto\">Apollo News<\/span><\/a><span dir=\"auto\">\u00a0\u00a0je podez\u0159el\u00fdm 32let\u00fd N\u011bmec.<\/span><\/p>\n<p><span dir=\"auto\">Tento brut\u00e1ln\u00ed \u00fatok tak\u00e9 ukazuje, \u017ee \u017eivot u\u017e nen\u00ed tak bezpe\u010dn\u00fd a bezstarostn\u00fd jako p\u0159ed deseti lety. Je \u010das b\u00fdt up\u0159\u00edmn\u00fd. Pouh\u00e9 p\u0159ikr\u00e1\u0161lov\u00e1n\u00ed nepom\u016f\u017ee. Statistiky ukazuj\u00ed rostouc\u00ed n\u00e1sil\u00ed, pr\u016fzkumy ukazuj\u00ed klesaj\u00edc\u00ed d\u016fv\u011bru. A nebezpe\u010d\u00ed ne\u010d\u00edh\u00e1 jen v temn\u00fdch uli\u010dk\u00e1ch. I ne\u0161kodn\u00e1 proch\u00e1zka b\u011bhem slune\u010dn\u00e9 dovolen\u00e9 se m\u016f\u017ee st\u00e1t rizikem v nejrozmanit\u011bj\u0161\u00edm N\u011bmecku v\u016fbec.<\/span><\/p>\n<p><img decoding=\"async\" loading=\"lazy\" class=\"alignnone size-full wp-image-1185\" src=\"http:\/\/www.infokuryr.cz\/n\/wp-content\/uploads\/2021\/04\/kuryr-podpis.png\" alt=\"\" width=\"84\" height=\"24\" \/><\/p>\n<p>&nbsp;<\/p>\n","protected":false},"excerpt":{"rendered":"<p>Na Velikono\u010dn\u00ed ned\u011bli (5. dubna 2026) byla 48let\u00e1 \u017eena proch\u00e1zej\u00edc\u00ed se s p\u0159\u00e1teli v Breubergu&#8230;<\/p>\n","protected":false},"author":2,"featured_media":72447,"comment_status":"closed","ping_status":"closed","sticky":false,"template":"","format":"standard","meta":[],"categories":[7],"tags":[369,84,1322],"_links":{"self":[{"href":"https:\/\/www.infokuryr.cz\/n\/wp-json\/wp\/v2\/posts\/104020"}],"collection":[{"href":"https:\/\/www.infokuryr.cz\/n\/wp-json\/wp\/v2\/posts"}],"about":[{"href":"https:\/\/www.infokuryr.cz\/n\/wp-json\/wp\/v2\/types\/post"}],"author":[{"embeddable":true,"href":"https:\/\/www.infokuryr.cz\/n\/wp-json\/wp\/v2\/users\/2"}],"replies":[{"embeddable":true,"href":"https:\/\/www.infokuryr.cz\/n\/wp-json\/wp\/v2\/comments?post=104020"}],"version-history":[{"count":0,"href":"https:\/\/www.infokuryr.cz\/n\/wp-json\/wp\/v2\/posts\/104020\/revisions"}],"wp:featuredmedia":[{"embeddable":true,"href":"https:\/\/www.infokuryr.cz\/n\/wp-json\/wp\/v2\/media\/72447"}],"wp:attachment":[{"href":"https:\/\/www.infokuryr.cz\/n\/wp-json\/wp\/v2\/media?parent=104020"}],"wp:term":[{"taxonomy":"category","embeddable":true,"href":"https:\/\/www.infokuryr.cz\/n\/wp-json\/wp\/v2\/categories?post=104020"},{"taxonomy":"post_tag","embeddable":true,"href":"https:\/\/www.infokuryr.cz\/n\/wp-json\/wp\/v2\/tags?post=104020"}],"curies":[{"name":"wp","href":"https:\/\/api.w.org\/{rel}","templated":true}]}}