{"id":104013,"date":"2026-04-08T00:28:27","date_gmt":"2026-04-07T22:28:27","guid":{"rendered":"https:\/\/www.infokuryr.cz\/n\/?p=104013"},"modified":"2026-04-07T18:17:21","modified_gmt":"2026-04-07T16:17:21","slug":"ben-norton-iran-vyhrava-valku-proti-usa-takhle-to-funguje","status":"publish","type":"post","link":"https:\/\/www.infokuryr.cz\/n\/2026\/04\/08\/ben-norton-iran-vyhrava-valku-proti-usa-takhle-to-funguje\/","title":{"rendered":"Ben Norton: \u00cdr\u00e1n vyhr\u00e1v\u00e1 v\u00e1lku proti USA. Takhle to funguje"},"content":{"rendered":"<div id=\"fb-root\"><\/div>\n<div class=\"elementor-element elementor-element-1fb4c2c elementor-widget elementor-widget-theme-post-content\" data-id=\"1fb4c2c\" data-element_type=\"widget\" data-e-type=\"widget\" data-widget_type=\"theme-post-content.default\">\n<div class=\"elementor-widget-container\">\n<p><strong><span dir=\"auto\">\u00cdr\u00e1n vyhr\u00e1v\u00e1 v\u00e1lku, kterou zah\u00e1jil Trump. To nyn\u00ed uzn\u00e1vaj\u00ed i z\u00e1padn\u00ed m\u00e9dia. Teher\u00e1n zni\u010dil d\u016fle\u017eit\u00e9 americk\u00e9 vojensk\u00e9 z\u00e1kladny v z\u00e1padn\u00ed Asii a vyhnal americk\u00e9 jednotky do Evropy.<\/span><\/strong><\/p>\n<p><span dir=\"auto\">Uplynul v\u00edce ne\u017e m\u011bs\u00edc od doby, kdy Spojen\u00e9 st\u00e1ty a Izrael 28. \u00fanora zah\u00e1jily agresivn\u00ed v\u00e1lku proti \u00cdr\u00e1nu.<\/span><\/p>\n<p><span dir=\"auto\">Nyn\u00ed je jasn\u00e9, \u017ee \u00cdr\u00e1n tuto v\u00e1lku vyhraje.<\/span><\/p>\n<p><span dir=\"auto\">Trumpova administrativa nedok\u00e1zala dos\u00e1hnout zm\u011bny re\u017eimu ani kolapsu st\u00e1tu. \u00cdr\u00e1nsk\u00e1 vl\u00e1da se uk\u00e1zala jako odoln\u00e1.<\/span><\/p>\n<p><span dir=\"auto\">Teher\u00e1n\u00a0\u00a0<\/span><a href=\"https:\/\/geopoliticaleconomy.com\/2026\/03\/17\/economic-war-iran-petrodollar-oil-yuan\/\"><u><span dir=\"auto\">pou\u017e\u00edval v obran\u011b asymetrickou taktiku\u00a0<\/span><\/u><\/a><span dir=\"auto\">\u00a0, kter\u00e1 se zam\u011b\u0159ovala na slabiny americk\u00e9ho imp\u00e9ria a v\u00e1\u017en\u011b ovliv\u0148ovala jeho arm\u00e1du, ekonomiku a spojence.<\/span><\/p>\n<p><span dir=\"auto\">\u00cdr\u00e1n ve skute\u010dnosti \u00fasp\u011b\u0161n\u011b zni\u010dil americk\u00e9 vojensk\u00e9 z\u00e1kladny v z\u00e1padn\u00ed Asii a vyhnal mnoho americk\u00fdch voj\u00e1k\u016f z regionu. Pentagon vede tuto v\u00e1lku p\u0159ev\u00e1\u017en\u011b ze z\u00e1kladen v Evrop\u011b.<\/span><\/p>\n<h3><strong><span dir=\"auto\">Z\u00e1padn\u00ed m\u00e9dia uzn\u00e1vaj\u00ed, \u017ee \u00cdr\u00e1n v\u00e1lku vyhr\u00e1v\u00e1<\/span><\/strong><\/h3>\n<p><span dir=\"auto\">Dokonce i velk\u00e1 z\u00e1padn\u00ed m\u00e9dia nyn\u00ed uzn\u00e1vaj\u00ed, \u017ee v\u00e1lku vyhraje \u00cdr\u00e1n.<\/span><\/p>\n<p><span dir=\"auto\">Britsk\u00e9 noviny The Independent otiskly \u010dl\u00e1nek s n\u00e1zvem \u201e\u00a0\u00a0<\/span><a href=\"https:\/\/www.independent.co.uk\/news\/world\/middle-east\/trump-iran-us-peace-plan-war-israel-netanyahu-b2945236.html\"><u><span dir=\"auto\">\u00cdr\u00e1n je jasn\u00fdm v\u00edt\u011bzem\u00a0<\/span><\/u><\/a><span dir=\"auto\">\u00a0, Trump\u016fv zoufal\u00fd pokus o m\u00edr ukazuje, \u017ee se chce z v\u00e1lky dostat\u201c.<\/span><\/p>\n<figure class=\"wp-block-image aligncenter\"><img decoding=\"async\" loading=\"lazy\" class=\"aligncenter\" src=\"https:\/\/i0.wp.com\/substackcdn.com\/image\/fetch\/%24s_%21pJfT%21%2Cw_1456%2Cc_limit%2Cf_auto%2Cq_auto%3Agood%2Cfl_progressive%3Asteep\/https%3A%2F%2Fsubstack-post-media.s3.amazonaws.com%2Fpublic%2Fimages%2F1825005e-0cd5-4e24-99a4-17960a2c5e97_1519x837.png?resize=677%2C373&amp;ssl=1\" alt=\"\" width=\"646\" height=\"356\" \/><\/figure>\n<p><span dir=\"auto\">Politico publikoval \u010dl\u00e1nek, v n\u011bm\u017e tvrd\u00ed, \u017ee \u201ev\u00e1lka proti \u00cdr\u00e1nu je\u00a0\u00a0<\/span><a href=\"https:\/\/www.politico.eu\/article\/iraq-iran-donald-trump-blunder-far-worse\/\"><u><span dir=\"auto\">mnohem v\u011bt\u0161\u00ed strategickou chybou\u00a0<\/span><\/u><\/a><span dir=\"auto\">\u00a0\u201c ne\u017e americk\u00e1 invaze do Ir\u00e1ku v roce 2003.<\/span><\/p>\n<p><span dir=\"auto\">Je ironi\u00ed, \u017ee tento \u010dl\u00e1nek napsal b\u00fdval\u00fd velvyslanec USA p\u0159i NATO Ivo Daalder, kter\u00fd d\u0159\u00edve podporoval v\u00e1lku proti Ir\u00e1ku.<\/span><\/p>\n<p><span dir=\"auto\">V\u011bt\u0161ina americk\u00fdch m\u00e9di\u00ed p\u0159isp\u011bla k podpo\u0159e v\u00e1lky v Ir\u00e1ku veden\u00e9 administrativou George W. Bushe, kter\u00e1\u00a0\u00a0<\/span><a href=\"https:\/\/www.theguardian.com\/world\/2004\/sep\/16\/iraq.iraq\"><u><span dir=\"auto\">byla do o\u010d\u00ed bij\u00edc\u00edm poru\u0161en\u00edm mezin\u00e1rodn\u00edho pr\u00e1va\u00a0<\/span><\/u><\/a><span dir=\"auto\">\u00a0. Ve skute\u010dnosti mainstreamov\u00fd tisk podporoval ka\u017edou velkou americkou v\u00e1lku po cel\u00e1 desetilet\u00ed, v\u010detn\u011b v\u00e1lek v Koreji, Vietnamu, Jugosl\u00e1vii, Ir\u00e1ku (dokonce dvakr\u00e1t), Afgh\u00e1nist\u00e1nu, Libyi, S\u00fdrii a Jemenu \u2013 a seznam by mohl pokra\u010dovat.<\/span><\/p>\n<p><span dir=\"auto\">Toto je prvn\u00ed velk\u00e1 americk\u00e1 v\u00e1lka za n\u011bkolik desetilet\u00ed, kterou z\u00e1padn\u00ed m\u00e9dia od za\u010d\u00e1tku kritizuj\u00ed.<\/span><\/p>\n<p><span dir=\"auto\">V\u0161echno je jasn\u00e9. Tento konflikt je katastrofa a \u00cdr\u00e1n vyhraje.<\/span><\/p>\n<p><span dir=\"auto\">Foreign Affairs je ofici\u00e1ln\u00ed publikac\u00ed Rady pro zahrani\u010dn\u00ed vztahy (Council on Foreign Relations), jej\u00ed\u017e \u010dlenov\u00e9 reprezentuj\u00ed skute\u010dnou skupinu americk\u00fdch vl\u00e1dnouc\u00edch \u010dlen\u016f. P\u0159esto i Foreign Affairs publikoval \u010dl\u00e1nek, v n\u011bm\u017e uznal, \u017ee\u00a0\u00a0<\/span><a href=\"https:\/\/www.foreignaffairs.com\/iran\/irans-long-game\"><u><span dir=\"auto\">\u00cdr\u00e1n tuto v\u00e1lku vyhr\u00e1v\u00e1\u00a0<\/span><\/u><\/a><span dir=\"auto\">\u00a0.<\/span><\/p>\n<p><span dir=\"auto\">Autorka eseje, Narges Bajoghli, je profesorkou na presti\u017en\u00ed Univerzit\u011b Johnse Hopkinse, kter\u00e1 je d\u016fle\u017eit\u00fdm n\u00e1borov\u00fdm centrem pro americk\u00e9 ministerstvo zahrani\u010d\u00ed.<\/span><\/p>\n<p><span dir=\"auto\">Bajoghli v \u010dasopise Foreign Affairs napsal (v\u0161echna zv\u00fdrazn\u011bn\u00ed p\u0159id\u00e1na):<\/span><\/p>\n<p><em><span dir=\"auto\">Podle\u00a0\u00a0<\/span><strong><span dir=\"auto\">standard\u016f konven\u010dn\u00edch konflikt\u016f\u00a0<\/span><\/strong><span dir=\"auto\">\u00a0si \u00cdr\u00e1n v boji proti USA a Izraeli vede \u0161patn\u011b. Jeho protivn\u00edci ni\u010d\u00ed kl\u00ed\u010dov\u00e9 c\u00edle v \u00cdr\u00e1nu, zab\u00edjej\u00ed jeho velitele a oslabuj\u00ed jeho vojensk\u00e9 z\u00e1kladny. Tato\u00a0\u00a0<\/span><strong><span dir=\"auto\">krit\u00e9ria jsou v\u0161ak nedostate\u010dn\u00e1 pro posouzen\u00ed \u00edr\u00e1nsk\u00e9 pozice ve v\u00e1lce\u00a0<\/span><\/strong><span dir=\"auto\">\u00a0. Spr\u00e1vn\u00fdm krit\u00e9riem nen\u00ed ani to, zda \u00cdr\u00e1n \u00fatok\u016fm dob\u0159e odol\u00e1v\u00e1 \u2013 co\u017e je pravda. Kl\u00ed\u010dovou ot\u00e1zkou po v\u00e1lce bude,\u00a0\u00a0<\/span><strong><span dir=\"auto\">zda Teher\u00e1n dos\u00e1hne sv\u00fdch strategick\u00fdch c\u00edl\u016f\u00a0<\/span><\/strong><span dir=\"auto\">\u00a0. A v tomto ohledu\u00a0\u00a0<\/span><strong><span dir=\"auto\">\u00cdr\u00e1n d\u011bl\u00e1 pokroky.<\/span><\/strong><\/em><\/p>\n<p><em><span dir=\"auto\">Tento v\u00fdsledek nen\u00ed n\u00e1hodn\u00fd.\u00a0\u00a0<\/span><strong><span dir=\"auto\">Teher\u00e1n se na tuto v\u00e1lku p\u0159ipravoval t\u00e9m\u011b\u0159 \u010dty\u0159i desetilet\u00ed\u00a0<\/span><\/strong><span dir=\"auto\">\u00a0, od doby, kdy nov\u00e1 revolu\u010dn\u00ed vl\u00e1da \u010delila sv\u00e9mu prvn\u00edmu velk\u00e9mu vojensk\u00e9mu testu v \u00edr\u00e1nsko-ir\u00e1ck\u00e9 v\u00e1lce (1980\u20131988).\u00a0\u00a0<\/span><strong><span dir=\"auto\">Nyn\u00ed uplat\u0148uje strategii, kter\u00e1 dok\u00e1zala neutralizovat kl\u00ed\u010dov\u00e9 pozice americk\u00e9 a izraelsk\u00e9 protivzdu\u0161n\u00e9 obrany, v\u00e1\u017en\u011b po\u0161kodit americk\u00e9 vojensk\u00e9 z\u00e1kladny v Persk\u00e9m z\u00e1livu, zp\u016fsobit zna\u010dn\u00e9 ekonomick\u00e9 \u0161kody a zasadit kl\u00edn mezi Spojen\u00e9 st\u00e1ty a jejich spojence v Persk\u00e9m z\u00e1livu\u00a0<\/span><\/strong><span dir=\"auto\"> . \u00cdr\u00e1nsk\u00fd re\u017eim tak nejen p\u0159e\u017e\u00edv\u00e1 americk\u00e9 a izraelsk\u00e9 bombardov\u00e1n\u00ed, ale v\u00e1\u017en\u00e9 ekonomick\u00e9 a politick\u00e9 probl\u00e9my, kter\u00e9 vytv\u00e1\u0159\u00ed sv\u00fdm protivn\u00edk\u016fm, d\u00e1vaj\u00ed \u00cdr\u00e1nu strategickou p\u0159evahu\u00a0<\/span><strong><span dir=\"auto\">.<\/span><\/strong><\/em><\/p>\n<h3><strong><span dir=\"auto\">Strategick\u00e9 c\u00edle \u00cdr\u00e1nu ve v\u00e1lce<\/span><\/strong><\/h3>\n<p><span dir=\"auto\">Abychom mohli posoudit, zda \u00cdr\u00e1n v\u00e1lku vyhraje, je nutn\u00e9 analyzovat c\u00edle Teher\u00e1nu.<\/span><\/p>\n<figure class=\"wp-block-image aligncenter\"><img decoding=\"async\" class=\"aligncenter\" src=\"https:\/\/i0.wp.com\/substackcdn.com\/image\/fetch\/%24s_%21-PIh%21%2Cw_1456%2Cc_limit%2Cf_auto%2Cq_auto%3Agood%2Cfl_progressive%3Asteep\/https%3A%2F%2Fsubstack-post-media.s3.amazonaws.com%2Fpublic%2Fimages%2F6c3d3c36-2954-4038-b013-7f318f160203_1920x1080.png?resize=692%2C389&amp;ssl=1\" alt=\"\" \/><\/figure>\n<p><span dir=\"auto\">Prvn\u00edm a nejz\u0159ejm\u011bj\u0161\u00edm strategick\u00fdm c\u00edlem \u00cdr\u00e1nu bylo zabr\u00e1nit zm\u011bn\u011b re\u017eimu a kolapsu st\u00e1tu.<\/span><\/p>\n<p><span dir=\"auto\">Trumpova administrativa zpo\u010d\u00e1tku v\u011b\u0159ila, \u017ee by mohla svrhnout \u00edr\u00e1nskou vl\u00e1du prost\u0159ednictv\u00edm takzvan\u00fdch \u00fatok\u016f st\u011bt\u00edm hlav, p\u0159i nich\u017e byli zavra\u017ed\u011bni vysoce postaven\u00ed politi\u010dt\u00ed a vojen\u0161t\u00ed v\u016fdci.<\/span><\/p>\n<p><span dir=\"auto\">Washingtonu se v\u0161ak nepoda\u0159ilo dos\u00e1hnout zm\u011bny re\u017eimu. \u00cdr\u00e1nsk\u00e1 vl\u00e1da ve skute\u010dnosti nejen prok\u00e1zala svou odolnost, ale pravd\u011bpodobn\u011b se stala je\u0161t\u011b siln\u011bj\u0161\u00ed a t\u011b\u0161\u00ed se v\u011bt\u0161\u00ed legitimit\u011b mezi obyvatelstvem.<\/span><\/p>\n<p><span dir=\"auto\">Mnoho \u00cdr\u00e1nc\u016f, kte\u0159\u00ed kritizovali Isl\u00e1mskou republiku, se shrom\u00e1\u017edilo pod vlajkou a podporuje st\u00e1t, aby zabr\u00e1nili USA p\u0159evz\u00edt kontrolu nad jejich zem\u00ed (a vyu\u017e\u00edvat jej\u00ed ropu, nerostn\u00e9 zdroje a dal\u0161\u00ed lukrativn\u00ed p\u0159\u00edrodn\u00ed zdroje).<\/span><\/p>\n<p><a href=\"https:\/\/www.theguardian.com\/world\/2026\/mar\/28\/iran-pro-regime-demonstrations-detained-people\"><u><span dir=\"auto\">V prvn\u00edm m\u011bs\u00edci americko-izraelsk\u00e9 v\u00e1lky\u00a0<\/span><\/u><\/a><span dir=\"auto\">\u00a0se v \u00cdr\u00e1nu konalo v\u00edce ne\u017e 850 ve\u0159ejn\u00fdch demonstrac\u00ed na podporu vl\u00e1dy.<\/span><\/p>\n<h3><strong><span dir=\"auto\">\u00cdr\u00e1n zni\u010dil americk\u00e9 vojensk\u00e9 z\u00e1kladny<\/span><\/strong><\/h3>\n<p><span dir=\"auto\">Dlouhodob\u00fdm strategick\u00fdm c\u00edlem \u00cdr\u00e1nu je vyhnat americkou arm\u00e1du ze z\u00e1padn\u00ed Asie.<\/span><\/p>\n<p><span dir=\"auto\">USA obklopily \u00cdr\u00e1n zhruba dv\u011bma des\u00edtkami vojensk\u00fdch z\u00e1kladen, kter\u00e9 byly budov\u00e1ny po cel\u00e1 desetilet\u00ed.<\/span><\/p>\n<p><span dir=\"auto\">V reakci na agresivn\u00ed v\u00e1lku mezi USA a Izraelem \u00cdr\u00e1n bombardoval v\u011bt\u0161inu t\u011bchto z\u00e1kladen v Persk\u00e9m z\u00e1livu.<\/span><\/p>\n<figure class=\"wp-block-image aligncenter\"><img decoding=\"async\" loading=\"lazy\" class=\"aligncenter\" src=\"https:\/\/i0.wp.com\/substackcdn.com\/image\/fetch\/%24s_%211yYe%21%2Cw_1456%2Cc_limit%2Cf_auto%2Cq_auto%3Agood%2Cfl_progressive%3Asteep\/https%3A%2F%2Fsubstack-post-media.s3.amazonaws.com%2Fpublic%2Fimages%2F48595b7c-fa6a-4b84-903a-023be8f618de_1081x1351.jpeg?resize=629%2C786&amp;ssl=1\" alt=\"\" width=\"559\" height=\"699\" \/><\/figure>\n<p><span dir=\"auto\">Podle ofici\u00e1ln\u00edch \u00fadaj\u016f tureck\u00e9 st\u00e1tn\u00ed medi\u00e1ln\u00ed agentury Anadolu\u00a0\u00a0<\/span><a href=\"https:\/\/www.aa.com.tr\/en\/middle-east\/iran-launched-over-5-400-attacks-on-us-bases-critical-sites-in-arab-countries-in-a-month-data\/3884488#\"><u><span dir=\"auto\">provedl \u00cdr\u00e1n v prvn\u00edm m\u011bs\u00edci v\u00e1lky nejm\u00e9n\u011b 5 471 raketov\u00fdch a dronov\u00fdch \u00fatok\u016f proti USA a jejich spojenc\u016fm.<\/span><\/u><\/a><\/p>\n<p><span dir=\"auto\">Tyto \u00edr\u00e1nsk\u00e9 \u00fatoky byly pozoruhodn\u011b \u00fasp\u011b\u0161n\u00e9.<\/span><\/p>\n<p><span dir=\"auto\">New York Times dokonce uvedl, \u017ee americk\u00e1 arm\u00e1da byla v podstat\u011b vyhn\u00e1na ze z\u00e1padn\u00ed Asie (p\u0159esn\u011bj\u0161\u00ed term\u00edn pro Bl\u00edzk\u00fd v\u00fdchod).<\/span><\/p>\n<p><span dir=\"auto\">\u201eMnoho z 13 vojensk\u00fdch z\u00e1kladen v regionu, kter\u00e9 vyu\u017e\u00edvaj\u00ed americk\u00e9 jednotky, je prakticky neobyvateln\u00fdch,\u201c napsal den\u00edk Times v \u010dl\u00e1nku s n\u00e1zvem \u201e\u00a0\u00a0<\/span><a href=\"https:\/\/www.nytimes.com\/2026\/03\/25\/us\/politics\/iran-us-bases.html\"><u><span dir=\"auto\">\u00cdr\u00e1nsk\u00e9 \u00fatoky nut\u00ed americk\u00e9 jednotky pracovat na d\u00e1lku\u00a0<\/span><\/u><\/a><span dir=\"auto\">\u00a0\u201c.<\/span><\/p>\n<p><span dir=\"auto\">Mezi v\u00e1\u017en\u011b po\u0161kozen\u00fdmi americk\u00fdmi za\u0159\u00edzen\u00edmi je leteck\u00e1 z\u00e1kladna Al-Udeid v Kataru, nejv\u011bt\u0161\u00ed americk\u00e1 z\u00e1kladna v z\u00e1padn\u00ed Asii, a velitelstv\u00ed P\u00e1t\u00e9 flotily americk\u00e9ho n\u00e1mo\u0159nictva v Bahrajnu.<\/span><\/p>\n<p><strong><span dir=\"auto\">Nejv\u011bt\u0161\u00ed americk\u00fd den\u00edk uvedl toto:<\/span><\/strong><\/p>\n<p><em><span dir=\"auto\">V odvet\u011b za v\u00e1lku mezi USA a Izraelem\u00a0\u00a0<\/span><strong><span dir=\"auto\">\u00cdr\u00e1n bombardoval americk\u00e9 z\u00e1kladny po cel\u00e9m Bl\u00edzk\u00e9m v\u00fdchod\u011b, co\u017e\u00a0<\/span><\/strong><span dir=\"auto\">\u00a0podle vojensk\u00e9ho person\u00e1lu a americk\u00fdch p\u0159edstavitel\u016f donutilo mnoho americk\u00fdch voj\u00e1k\u016f p\u0159est\u011bhovat se do hotel\u016f a kancel\u00e1\u0159sk\u00fdch prostor po cel\u00e9m regionu.<\/span><\/em><\/p>\n<p><em><strong><span dir=\"auto\">V\u011bt\u0161ina pozemn\u00ed arm\u00e1dy\u00a0<\/span><\/strong><span dir=\"auto\">\u00a0tak\u00a0 nyn\u00ed vede v\u00e1lku v podstat\u011b na d\u00e1lku,\u00a0s v\u00fdjimkou st\u00edhac\u00edch pilot\u016f a pos\u00e1dek, kter\u00e9 obsluhuj\u00ed a udr\u017euj\u00ed st\u00edhac\u00ed letadla a prov\u00e1d\u011bj\u00ed \u00fatoky.<\/span><\/em><\/p>\n<p><span dir=\"auto\">Ne\u017e Trump 28. \u00fanora zah\u00e1jil tuto agresivn\u00ed v\u00e1lku, v regionu se nach\u00e1zelo p\u0159ibli\u017en\u011b 40 000 americk\u00fdch voj\u00e1k\u016f. B\u011bhem prvn\u00edho m\u011bs\u00edce v\u00e1lky byly tis\u00edce t\u011bchto americk\u00fdch voj\u00e1k\u016f p\u0159esunuty do Evropy.<\/span><\/p>\n<p><span dir=\"auto\">Podle zpr\u00e1vy v den\u00edku Times byly americk\u00e9 jednotky zb\u00fdvaj\u00edc\u00ed v z\u00e1padn\u00ed Asii p\u0159esunuty na \u201eprovizorn\u00ed\u201c a \u201ealternativn\u00ed\u201c m\u00edsta mimo z\u00e1kladny.<\/span><\/p>\n<p><a href=\"https:\/\/x.com\/adamjohnsonCHI\/status\/2036918362727473626\"><u><span dir=\"auto\">Kritici poukazuj\u00ed\u00a0<\/span><\/u><\/a><span dir=\"auto\">\u00a0na to, \u017ee skute\u010dnost, \u017ee ameri\u010dt\u00ed voj\u00e1ci vedou v\u00e1lku proti \u00cdr\u00e1nu z hotel\u016f a kancel\u00e1\u0159\u00ed, znamen\u00e1, \u017ee Pentagon v podstat\u011b vyu\u017e\u00edv\u00e1 civilisty v t\u011bchto oblastech jako lidsk\u00e9 \u0161t\u00edty.<\/span><\/p>\n<figure class=\"wp-block-image aligncenter\"><img decoding=\"async\" loading=\"lazy\" class=\"aligncenter\" src=\"https:\/\/i0.wp.com\/substackcdn.com\/image\/fetch\/%24s_%21EjLI%21%2Cw_1456%2Cc_limit%2Cf_auto%2Cq_auto%3Agood%2Cfl_progressive%3Asteep\/https%3A%2F%2Fsubstack-post-media.s3.amazonaws.com%2Fpublic%2Fimages%2Fd595e982-9db3-4ef4-ae1e-db2e9d46c209_1087x995.png?resize=698%2C639&amp;ssl=1\" alt=\"\" width=\"514\" height=\"471\" \/><\/figure>\n<h3><strong><span dir=\"auto\">Americk\u00e1 arm\u00e1da vede v\u00e1lku proti \u00cdr\u00e1nu ze z\u00e1kladen v Evrop\u011b<\/span><\/strong><\/h3>\n<p><span dir=\"auto\">Stru\u010dn\u011b \u0159e\u010deno, \u00cdr\u00e1nu se do zna\u010dn\u00e9 m\u00edry poda\u0159ilo vyhnat americk\u00e9 vojensk\u00e9 okupanty ze z\u00e1padn\u00ed Asie.<\/span><\/p>\n<p><span dir=\"auto\">Tuto skute\u010dnost d\u00e1le potvrdil\u00a0\u010dl\u00e1nek ve Wall Street Journal s n\u00e1zvem \u201e\u00a0\u00a0<\/span><a href=\"https:\/\/www.wsj.com\/world\/europe\/europe-is-quietly-playing-a-crucial-role-in-the-iran-war-aad34a00\"><u><span dir=\"auto\">Evropa ti\u0161e hraje kl\u00ed\u010dovou roli ve v\u00e1lce s \u00cdr\u00e1nem\u00a0 \u201c.<\/span><\/u><\/a><\/p>\n<p><span dir=\"auto\">Noviny uvedly:<\/span><\/p>\n<p><em><a href=\"https:\/\/archive.is\/o\/ya4Uy\/https:\/\/www.wsj.com\/world\/europe\/some-european-leaders-are-now-openly-challenging-trump-over-iran-0e59caf3\"><u><span dir=\"auto\">Zat\u00edmco mnoho evropsk\u00fdch hlav st\u00e1t\u016f a vl\u00e1d ve\u0159ejn\u011b odsoudilo\u00a0<\/span><\/u><\/a><span dir=\"auto\">\u00a0americk\u00e9 \u00fatoky na \u00cdr\u00e1n\u00a0 ,\u00a0<\/span><strong><span dir=\"auto\">jejich vojensk\u00e9 z\u00e1kladny v z\u00e1kulis\u00ed umo\u017e\u0148uj\u00ed\u00a0<\/span><\/strong><span dir=\"auto\">\u00a0jednu z logisticky nejslo\u017eit\u011bj\u0161\u00edch operac\u00ed, do kter\u00fdch se americk\u00e1 arm\u00e1da zapojuje za posledn\u00ed desetilet\u00ed.<\/span><\/em><\/p>\n<p><em><span dir=\"auto\">Podle ofici\u00e1ln\u00edch prohl\u00e1\u0161en\u00ed\u00a0\u00a0<\/span><strong><span dir=\"auto\">byly v posledn\u00edch t\u00fddnech americk\u00e9 bombard\u00e9ry, drony a lod\u011b dopl\u0148ov\u00e1ny palivom, vyzbrojov\u00e1ny a vypou\u0161t\u011bny ze z\u00e1kladen ve Velk\u00e9 Brit\u00e1nii, N\u011bmecku, Portugalsku, It\u00e1lii, Francii a \u0158ecku\u00a0<\/span><\/strong><span dir=\"auto\">\u00a0.<\/span><\/em><\/p>\n<p><em><span dir=\"auto\">Podle n\u011bmeck\u00fdch a americk\u00fdch p\u0159edstavitel\u016f jsou bojov\u00e9 drony\u00a0\u00a0<\/span><strong><span dir=\"auto\">\u0159\u00edzeny z rozlehl\u00e9 americk\u00e9 z\u00e1kladny v n\u011bmeck\u00e9m Ramsteinu, nervov\u00e9m centru americk\u00fdch operac\u00ed proti \u00cdr\u00e1nu\u00a0<\/span><\/strong><span dir=\"auto\">\u00a0. T\u011b\u017ek\u00e9 bombard\u00e9ry B-1 byly vyfotografov\u00e1ny p\u0159i nakl\u00e1d\u00e1n\u00ed munice a paliva na britsk\u00e9 leteck\u00e9 z\u00e1kladn\u011b RAF Fairford. Letadlov\u00e1 lo\u010f USS Gerald R. Ford, nejv\u011bt\u0161\u00ed na sv\u011bt\u011b, v sou\u010dasn\u00e9 dob\u011b kotv\u00ed v n\u00e1mo\u0159n\u00ed z\u00e1kladn\u011b na Kr\u00e9t\u011b kv\u016fli oprav\u00e1m po po\u017e\u00e1ru.<\/span><\/em><\/p>\n<p><em><span dir=\"auto\">Gener\u00e1l americk\u00e9ho letectva Alexus Grynkewich, nejvy\u0161\u0161\u00ed vojensk\u00fd velitel NATO, ned\u00e1vno na sly\u0161en\u00ed v Sen\u00e1tu uvedl, \u017ee\u00a0\u00a0<\/span><strong><span dir=\"auto\">v\u011bt\u0161ina evropsk\u00fdch spojenc\u016f byla \u201eextr\u00e9mn\u011b vst\u0159\u00edcn\u00e1\u201c.<\/span><\/strong><\/em><\/p>\n<p><em><strong><span dir=\"auto\">Kontinent, kde se nach\u00e1z\u00ed p\u0159ibli\u017en\u011b 40 americk\u00fdch vojensk\u00fdch z\u00e1kladen a 80 000 americk\u00fdch voj\u00e1k\u016f\u00a0<\/span><\/strong><span dir=\"auto\">\u00a0, slou\u017e\u00ed jako\u00a0\u00a0<\/span><strong><span dir=\"auto\">z\u00e1kladna pro americk\u00e9 operace na Bl\u00edzk\u00e9m v\u00fdchod\u011b a v Africe\u00a0<\/span><\/strong><span dir=\"auto\">\u00a0. \u201eVzd\u00e1lenosti jsou krat\u0161\u00ed, je to n\u00e1kladov\u011b efektivn\u011bj\u0161\u00ed a na\u0161e s\u00ed\u0165 z\u00e1kladen a spojenc\u016f v\u00fdrazn\u011b usnad\u0148uje projekci na\u0161\u00ed s\u00edly,\u201c \u0159ekl.<\/span><\/em><\/p>\n<p><span dir=\"auto\">Tato zpr\u00e1va obsahuje dv\u011b kl\u00ed\u010dov\u00e1 zji\u0161t\u011bn\u00ed.<\/span><\/p>\n<p><span dir=\"auto\">Zaprv\u00e9, n\u011bkter\u00e9 evropsk\u00e9 vl\u00e1dy ve\u0159ejn\u011b kritizovaly v\u00e1lku USA proti \u00cdr\u00e1nu a uznaly, \u017ee poru\u0161uje mezin\u00e1rodn\u00ed pr\u00e1vo a p\u0159edstavuje nez\u00e1konnou \u00fato\u010dnou v\u00e1lku. V z\u00e1kulis\u00ed v\u0161ak v\u011bt\u0161ina st\u00e1t\u016f EU a Spojen\u00e9 kr\u00e1lovstv\u00ed podporuj\u00ed Washington v t\u00e9to v\u00e1lce t\u00edm, \u017ee umo\u017e\u0148uj\u00ed Pentagonu vyu\u017e\u00edvat jejich \u00fazem\u00ed k \u00fatok\u016fm na Teher\u00e1n. Evropa se tak na konfliktu pod\u00edl\u00ed.<\/span><\/p>\n<p><span dir=\"auto\">Za druh\u00e9, \u00cdr\u00e1nu se poda\u0159ilo zni\u010dit hlavn\u00ed americk\u00e9 vojensk\u00e9 z\u00e1kladny v z\u00e1padn\u00ed Asii a vyhnat v\u011bt\u0161inu americk\u00fdch vojsk z regionu.<\/span><\/p>\n<p><span dir=\"auto\">To je jeden z n\u011bkolika\u00a0\u00a0<\/span><a href=\"https:\/\/www.youtube.com\/watch?v=zV26rb-9YsE\"><u><span dir=\"auto\">d\u016fvod\u016f, pro\u010d je z\u0159ejm\u00e9, \u017ee Teher\u00e1n tuto v\u00e1lku vyhraje\u00a0<\/span><\/u><\/a><span dir=\"auto\">\u00a0.<\/span><\/p>\n<\/div>\n<\/div>\n<div class=\"elementor-element elementor-element-8c57238 quelle dc-has-condition dc-condition-empty elementor-widget elementor-widget-heading\" data-id=\"8c57238\" data-element_type=\"widget\" data-e-type=\"widget\" data-widget_type=\"heading.default\">\n<div class=\"elementor-widget-container\">\n<h3 class=\"elementor-heading-title elementor-size-default\"><span style=\"font-size: 10pt;\"><a href=\"https:\/\/www.geopoliticaleconomy.report\/p\/iran-winning-war-us-trump?utm_source=post-email-title&amp;publication_id=457596&amp;post_id=192956183&amp;utm_campaign=email-post-title&amp;isFreemail=true&amp;r=flp3u&amp;triedRedirect=true&amp;utm_medium=email\" target=\"_blank\" rel=\"nofollow noopener\"><span dir=\"auto\">Zdroj<\/span><\/a><\/span><\/h3>\n<p>&nbsp;<\/p>\n<p>&nbsp;<\/p>\n<\/div>\n<\/div>\n","protected":false},"excerpt":{"rendered":"<p>\u00cdr\u00e1n vyhr\u00e1v\u00e1 v\u00e1lku, kterou zah\u00e1jil Trump. To nyn\u00ed uzn\u00e1vaj\u00ed i z\u00e1padn\u00ed m\u00e9dia. Teher\u00e1n zni\u010dil d\u016fle\u017eit\u00e9&#8230;<\/p>\n","protected":false},"author":2,"featured_media":104014,"comment_status":"closed","ping_status":"closed","sticky":false,"template":"","format":"standard","meta":[],"categories":[7],"tags":[1042,38,37,40],"_links":{"self":[{"href":"https:\/\/www.infokuryr.cz\/n\/wp-json\/wp\/v2\/posts\/104013"}],"collection":[{"href":"https:\/\/www.infokuryr.cz\/n\/wp-json\/wp\/v2\/posts"}],"about":[{"href":"https:\/\/www.infokuryr.cz\/n\/wp-json\/wp\/v2\/types\/post"}],"author":[{"embeddable":true,"href":"https:\/\/www.infokuryr.cz\/n\/wp-json\/wp\/v2\/users\/2"}],"replies":[{"embeddable":true,"href":"https:\/\/www.infokuryr.cz\/n\/wp-json\/wp\/v2\/comments?post=104013"}],"version-history":[{"count":0,"href":"https:\/\/www.infokuryr.cz\/n\/wp-json\/wp\/v2\/posts\/104013\/revisions"}],"wp:featuredmedia":[{"embeddable":true,"href":"https:\/\/www.infokuryr.cz\/n\/wp-json\/wp\/v2\/media\/104014"}],"wp:attachment":[{"href":"https:\/\/www.infokuryr.cz\/n\/wp-json\/wp\/v2\/media?parent=104013"}],"wp:term":[{"taxonomy":"category","embeddable":true,"href":"https:\/\/www.infokuryr.cz\/n\/wp-json\/wp\/v2\/categories?post=104013"},{"taxonomy":"post_tag","embeddable":true,"href":"https:\/\/www.infokuryr.cz\/n\/wp-json\/wp\/v2\/tags?post=104013"}],"curies":[{"name":"wp","href":"https:\/\/api.w.org\/{rel}","templated":true}]}}