{"id":104003,"date":"2026-04-08T00:25:51","date_gmt":"2026-04-07T22:25:51","guid":{"rendered":"https:\/\/www.infokuryr.cz\/n\/?p=104003"},"modified":"2026-04-07T14:33:51","modified_gmt":"2026-04-07T12:33:51","slug":"ivo-strejcek-americky-otisk-v-nadchazejicich-madarskych-volbach","status":"publish","type":"post","link":"https:\/\/www.infokuryr.cz\/n\/2026\/04\/08\/ivo-strejcek-americky-otisk-v-nadchazejicich-madarskych-volbach\/","title":{"rendered":"Ivo Strej\u010dek: Americk\u00fd otisk v nadch\u00e1zej\u00edc\u00edch ma\u010farsk\u00fdch volb\u00e1ch"},"content":{"rendered":"<div id=\"fb-root\"><\/div>\n<div>P\u0159esto\u017ee po celou p\u0159edvolebn\u00ed kampa\u0148 v\u00a0americk\u00fdch prezidentsk\u00fdch volb\u00e1ch Donald Trump vzbuzoval nad\u011bje sv\u00fdmi ostr\u00fdmi protiv\u00e1le\u010dn\u00fdmi v\u00fdroky, kritikou bl\u00edzkov\u00fdchodn\u00ed vojensk\u00e9 politiky Bushe mlad\u0161\u00edho, obvi\u0148ov\u00e1n\u00edm neokon\u016f z\u00a0touhy v\u00e1l\u010dit po cel\u00e9m sv\u011bt\u011b, zat\u00edmco on sliboval m\u00edt na pam\u011bti pouze \u201evelkou Ameriku\u201c, jeho sliby se u\u017e posledn\u00ed m\u011bs\u00edc m\u011bn\u00ed v\u00a0p\u00edse\u010dn\u00fd prach \u00edr\u00e1nsk\u00e9 v\u00e1lky.<\/div>\n<div><\/div>\n<div>Tiskov\u00e1 konference, kterou B\u00edl\u00fd d\u016fm uspo\u0159\u00e1dal na Velikono\u010dn\u00ed pond\u011bl\u00ed, byla v\u011bnov\u00e1na p\u0159edev\u0161\u00edm popisu masivn\u00ed z\u00e1chrann\u00e9 akce americk\u00e9ho pilota, kter\u00fd se ze zasa\u017een\u00e9ho letounu katapultoval hluboko v\u00a0\u00edr\u00e1nsk\u00e9m vnitrozem\u00ed. P\u0159ed novin\u00e1\u0159i Trump znovu p\u0159edvedl, \u017ee je v\u00edc excentrick\u00fd bavi\u010d a politick\u00fd performer ne\u017e chladnokrevn\u011b uva\u017euj\u00edc\u00ed politik sna\u017e\u00edc\u00ed se vid\u011bt d\u00e1l ne\u017e ostatn\u00ed za horizont aktu\u00e1ln\u00ed politiky. Novin\u00e1\u0159i se sice zpo\u010d\u00e1tku zaj\u00edmali o detaily vypro\u0161\u0165ovac\u00ed operace, v\u011bt\u0161inu z\u00a0nich jim v\u0161ak B\u00edl\u00fd d\u016fm (kv\u016fli utajen\u00ed) nenab\u00eddnul. Zcela p\u0159irozen\u011b se tak stala hlavn\u00edm t\u00e9matem Trumpova slova o tom, \u017ee nep\u0159istoup\u00ed-li \u00cdr\u00e1n na americk\u00e9 podm\u00ednky, nevyd\u00e1 sv\u016fj obohacen\u00fd uran a neotev\u0159e Hormuzsk\u00fd pr\u016fliv, bude zni\u010den a vr\u00e1t\u00ed se do \u201edoby kamenn\u00e9\u201c. Hrozba ve sv\u00fdch d\u016fsledc\u00edch tak hrozn\u00e1, \u017ee se jejich dom\u00fd\u0161len\u00ed zat\u00edm vyhn\u011bme.<\/p>\n<\/div>\n<div>Pozoruhodn\u00e9 v\u00a0t\u00e9to souvislosti je, \u017ee a\u010d je v\u00a0USA podpora Trumpovy v\u00e1lky v\u00a0\u00cdr\u00e1nu vla\u017en\u00e1 \u010di dokonce odm\u00edtav\u00e1, 92 % voli\u010d\u016f Trumpova projektu MAGA ji schvaluje. Cht\u011blo by se \u0159\u00edct, \u017ee je to u voli\u010d\u016f, kter\u00fdm Trumpovy sliby o ukon\u010dov\u00e1n\u00ed v\u00e1lek a neza\u010d\u00edn\u00e1n\u00ed \u017e\u00e1dn\u00fdch nov\u00fdch zjevn\u011b imponovaly a byly jedn\u00edm z\u00a0mohutn\u00fdch impuls\u016f volit Trumpa, p\u0159ekvapuj\u00edc\u00ed. Zd\u00e1 se, \u017ee ne tak docela. Trump\u016fv voli\u010d zjevn\u011b nevolil Trumpa pro jeho politick\u00fd program, ale proto, \u017ee je to pr\u00e1v\u011b Trump. \u0158\u00edk\u00e1-li tedy Trump, \u017ee v\u00e1lka s\u00a0\u00cdr\u00e1nem je spr\u00e1vn\u00e1 dokonce i tehdy, kdyby byly pou\u017eity zni\u010duj\u00edc\u00ed s\u00edly nep\u0159edstaviteln\u00fdch rozm\u011br\u016f, voli\u010d MAGA se s\u00a0t\u00edm ztoto\u017en\u00ed, proto\u017ee to \u0159\u00edk\u00e1 \u201ejejich\u201c Trump.<\/p>\n<\/div>\n<div>Projekt MAGA proch\u00e1z\u00ed testem stability a pevnosti nejen na Bl\u00edzk\u00e9m v\u00fdchod\u011b, sv\u00fdm zp\u016fsobem bude p\u0159\u00edtomen i v\u00a0ned\u011bln\u00edch ma\u010farsk\u00fdch parlamentn\u00edch volb\u00e1ch.<\/p>\n<\/div>\n<div>V\u00a0t\u011bchto volb\u00e1ch, v\u00a0p\u0159\u00edpad\u011b v\u00edt\u011bzstv\u00ed Viktora Orb\u00e1na, nejde pouze o veled\u016fle\u017eit\u00e9 potvrzen\u00ed suverenity ma\u010farsk\u00e9 politiky na bruselsk\u00e9m centru, nejde pouze o zpevn\u011bn\u00ed st\u0159edoevropsk\u00fdch vazeb mezi zem\u011bmi, kter\u00e9 maj\u00ed sv\u00fdmi politikami k\u00a0sob\u011b bl\u00ed\u017e ne\u017e k\u00a0Bruselu, Berl\u00ednu \u010di Pa\u0159\u00ed\u017ei, p\u016fjde tak\u00e9 \u2013 do jist\u00e9 m\u00edry \u2013 o upevn\u011bn\u00ed americk\u00e9ho politick\u00e9ho vlivu ve st\u0159edn\u00ed Evrop\u011b.<\/p>\n<\/div>\n<div>P\u0159i r\u016fzn\u00fdch p\u0159\u00edle\u017eitostech d\u00e1vali prezident Donald Trump, jeho viceprezident J. D. Vance i ministr zahrani\u010dn\u00edch v\u011bc\u00ed Marco Rubio velmi z\u0159eteln\u011b a srozumiteln\u011b najevo svoji podporu Orb\u00e1nov\u011b politice co nejv\u011bt\u0161\u00ed nez\u00e1vislosti na Bruselu. Trump, co\u017e bylo od za\u010d\u00e1tku jeho prezidentstv\u00ed velmi sympatick\u00e9 a rezonovalo to i s\u00a0na\u0161\u00edm odporem k\u00a0soudob\u00e9mu modelu evropsk\u00e9 unifikace, obhajoval politiku n\u00e1rodn\u00edch z\u00e1jm\u016f a z\u00a0jejich potla\u010dov\u00e1n\u00ed vinil instituce EU. Snadno proto na\u0161el spole\u010dnou \u0159e\u010d s\u00a0Viktorem Orb\u00e1nem a ten se velmi brzy stal jeho kl\u00ed\u010dov\u00fdm evropsk\u00fdm spojencem.<\/p>\n<\/div>\n<div>I proto, n\u011bkolik dn\u016f p\u0159ed ma\u010farsk\u00fdmi parlamentn\u00edmi volbami, p\u0159ist\u00e1v\u00e1 v\u00a0Budape\u0161ti J. D. Vance, aby ve fin\u00e1le Orb\u00e1na podpo\u0159il. Ameri\u010dan\u00e9 (a snad i n\u011bkte\u0159\u00ed z\u00a0n\u00e1s) spr\u00e1vn\u011b c\u00edt\u00edme, \u017ee p\u0159\u00edpadn\u00e1 por\u00e1\u017eka Viktora Orb\u00e1na by byla nejen por\u00e1\u017ekou odporu proti bruselsk\u00e9mu centralismu a progresivismu, byla by to por\u00e1\u017eka nov\u00e9 americk\u00e9 politiky s\u00e1zej\u00edc\u00ed na zem\u011b st\u0159edn\u00ed a v\u00fdchodn\u00ed Evropy mnohem v\u00edce ne\u017e na zem\u011b z\u00e1padn\u00ed Evropy vid\u00edc\u00ed svoji budoucnost v\u00a0Bruselu.<\/p>\n<\/div>\n<div>Ve h\u0159e je mnohem v\u00edc, ne\u017e si mo\u017en\u00e1 p\u0159ipou\u0161t\u00edme. A p\u0159edev\u0161\u00edm proto je t\u0159eba se zlobit na lehkost a furiantstv\u00ed, s\u00a0jak\u00fdmi se Trumpova Amerika nechala dotla\u010dit Izraelem k\u00a0v\u00e1lce s\u00a0\u00cdr\u00e1nem, jej\u00ed\u017e d\u016fsledky budou ka\u017edop\u00e1dn\u011b katastrof\u00e1ln\u00ed. Hospod\u00e1\u0159sk\u00e9, politick\u00e9 i geopolitick\u00e9. Trump t\u00edm v\u00a0d\u016fsledku stav\u00ed v\u00a0Evropsk\u00e9 unii zp\u00e1tky na nohy v\u0161echny ty, kter\u00e9 se jeho zvolen\u00edm poda\u0159ilo oslabit. Americk\u00e9 a izraelsk\u00e9 rozkym\u00e1cen\u00ed Bl\u00edzk\u00e9ho v\u00fdchodu bude zcela nepochybn\u011b vyu\u017eito nejen k\u00a0uta\u017een\u00ed evropsk\u00fdch unifika\u010dn\u00edch \u0161roub\u016f, ale bude argumenta\u010dn\u011b nam\u00ed\u0159eno proti v\u0161em evropsk\u00fdm \u201etrumpist\u016fm\u201c.<\/p>\n<\/div>\n<div>I z\u00a0t\u011bchto d\u016fvod\u016f je t\u0159eba, aby v\u00a0ma\u010farsk\u00fdch parlamentn\u00edch volb\u00e1ch, jen zd\u00e1nliv\u011b vzd\u00e1len\u00fdm aktu\u00e1ln\u00edm probl\u00e9m\u016fm Ameri\u010dan\u016f v Persk\u00e9m z\u00e1livu, zv\u00edt\u011bzil Viktor Orb\u00e1n.<\/div>\n<div><em>\u00a0<\/em><\/div>\n<div><em><a href=\"https:\/\/www.institutvk.cz\/clanky\/3374.html\">Ivo Strej\u010dek<\/a>, 7. 4. 2026<\/em><\/div>\n<div><\/div>\n<div><\/div>\n","protected":false},"excerpt":{"rendered":"<p>P\u0159esto\u017ee po celou p\u0159edvolebn\u00ed kampa\u0148 v\u00a0americk\u00fdch prezidentsk\u00fdch volb\u00e1ch Donald Trump vzbuzoval nad\u011bje sv\u00fdmi ostr\u00fdmi protiv\u00e1le\u010dn\u00fdmi&#8230;<\/p>\n","protected":false},"author":2,"featured_media":88707,"comment_status":"closed","ping_status":"closed","sticky":false,"template":"","format":"standard","meta":[],"categories":[6],"tags":[6173,78,439,452,37,27],"_links":{"self":[{"href":"https:\/\/www.infokuryr.cz\/n\/wp-json\/wp\/v2\/posts\/104003"}],"collection":[{"href":"https:\/\/www.infokuryr.cz\/n\/wp-json\/wp\/v2\/posts"}],"about":[{"href":"https:\/\/www.infokuryr.cz\/n\/wp-json\/wp\/v2\/types\/post"}],"author":[{"embeddable":true,"href":"https:\/\/www.infokuryr.cz\/n\/wp-json\/wp\/v2\/users\/2"}],"replies":[{"embeddable":true,"href":"https:\/\/www.infokuryr.cz\/n\/wp-json\/wp\/v2\/comments?post=104003"}],"version-history":[{"count":0,"href":"https:\/\/www.infokuryr.cz\/n\/wp-json\/wp\/v2\/posts\/104003\/revisions"}],"wp:featuredmedia":[{"embeddable":true,"href":"https:\/\/www.infokuryr.cz\/n\/wp-json\/wp\/v2\/media\/88707"}],"wp:attachment":[{"href":"https:\/\/www.infokuryr.cz\/n\/wp-json\/wp\/v2\/media?parent=104003"}],"wp:term":[{"taxonomy":"category","embeddable":true,"href":"https:\/\/www.infokuryr.cz\/n\/wp-json\/wp\/v2\/categories?post=104003"},{"taxonomy":"post_tag","embeddable":true,"href":"https:\/\/www.infokuryr.cz\/n\/wp-json\/wp\/v2\/tags?post=104003"}],"curies":[{"name":"wp","href":"https:\/\/api.w.org\/{rel}","templated":true}]}}