{"id":104000,"date":"2026-04-08T00:22:25","date_gmt":"2026-04-07T22:22:25","guid":{"rendered":"https:\/\/www.infokuryr.cz\/n\/?p=104000"},"modified":"2026-04-07T14:27:16","modified_gmt":"2026-04-07T12:27:16","slug":"petr-stepanek-stit-demokracie-spis-patologicka-sedlina-ceske-spolecnosti","status":"publish","type":"post","link":"https:\/\/www.infokuryr.cz\/n\/2026\/04\/08\/petr-stepanek-stit-demokracie-spis-patologicka-sedlina-ceske-spolecnosti\/","title":{"rendered":"Petr \u0160t\u011bp\u00e1nek: \u0160t\u00edt demokracie? Sp\u00ed\u0161 patologick\u00e1 sedlina \u010desk\u00e9 spole\u010dnosti!"},"content":{"rendered":"<div id=\"fb-root\"><\/div>\n<p><strong>Z\u00e1vody o nejv\u011bt\u0161\u00ed biz\u00e1r \u010desk\u00e9ho politick\u00e9ho aktivismu pokra\u010duj\u00ed. Tony P\u00e1\u0161ma ze spolku\u00a0<em>\u0160t\u00edt demokracie<\/em>\u00a0o\u00a0poslankyni a\u00a0p\u0159edsedkyni Trikolory Zuzan\u011b Majerov\u00e9 napsal, \u017ee je fa\u0161istka. Asi by se nad t\u00edm, co na soci\u00e1ln\u00ed s\u00edti trous\u00ed tento \u010dlov\u011bk, jen\u017e nem\u00e1 ani to nejmen\u0161\u00ed tu\u0161en\u00ed, co fa\u0161ismus ve skute\u010dnosti je, dalo m\u00e1vnout rukou, ale byla by to chyba. Ono tu toti\u017e u\u017e d\u00e1vno nejde o\u00a0jednoho exota, kter\u00fd si nevid\u00ed do \u00fast.<\/strong><\/p>\n<p>Znaky fa\u0161ismu jsou autorit\u00e1\u0159stv\u00ed, v\u016fdcovsk\u00fd princip, vypjat\u00fd nacionalismus, antiliberalismus a\u00a0antidemokracie, antikomunismus, militarismus a\u00a0n\u00e1sil\u00ed, korporativismus, kult modernity a\u00a0s\u00edly. Nic z\u00a0toho Majerov\u00e1 nevyzn\u00e1v\u00e1, nikdy ne\u0159ekla ani nenapsala cokoliv, co by jen vzd\u00e1len\u011b mohlo upom\u00ednat na n\u011bco z\u00a0v\u00fd\u0161e uveden\u00e9ho. Naopak, po celou dobu sv\u00e9ho p\u016fsoben\u00ed v\u00a0politice h\u00e1j\u00ed demokracii, pluralitu, svobodu slova, diplomacii, m\u00edr.<\/p>\n<p>Kde se v\u00a0primitivn\u00edch fanatic\u00edch, jako je P\u00e1\u0161ma, bere ta drzost okop\u00e1vat druh\u00e9 podobn\u00fdm n\u00e1lepkov\u00e1n\u00edm? \u017dij\u00ed v\u00a0p\u0159edstav\u011b, \u017ee mohou. Ba dokonce, \u017ee je to v\u00edtan\u00e9. V\u011bd\u00ed toti\u017e, \u017ee maj\u00ed podporu \u010d\u00e1sti zdej\u0161\u00ed politick\u00e9 sc\u00e9ny. Jsou jej\u00ed prodlou\u017eenou rukou. Mnoz\u00ed z\u00a0politik\u016f n\u011bkdej\u0161\u00ed p\u011btikoalice samoz\u0159ejm\u011b v\u011bd\u00ed, \u017ee podobn\u00e9 n\u00e1lepkov\u00e1n\u00ed je naprost\u00fd nesmysl, ale jejich politick\u00e9mu boji a\u00a0mocensk\u00fdm z\u00e1jm\u016fm to vyhovuje.<\/p>\n<p><iframe loading=\"lazy\" src=\"https:\/\/www.facebook.com\/plugins\/post.php?href=https%3A%2F%2Fwww.facebook.com%2Fstitdemokracie%2Fposts%2Fpfbid0n9qgfXvLkKL1gCDzmc2E92w3ox6hCXKXxnJFncjKMGHbSx9fvwUpuNyiYaFbS26Xl&amp;show_text=true&amp;width=500\" width=\"500\" height=\"599\" frameborder=\"0\" scrolling=\"no\" allowfullscreen=\"allowfullscreen\" data-mce-fragment=\"1\"><\/iframe><\/p>\n<p>Ve skute\u010dnosti je to je\u0161t\u011b hor\u0161\u00ed, nebo\u0165 podobn\u00e9 z\u00e1ludn\u00e9 a k jak\u00e9koliv nechutnosti ochotn\u00e9 jedince si tito politici a na n\u011b nav\u00e1zan\u00e9 z\u00e1jmov\u00e9 kruhy vydr\u017euj\u00ed. D\u011blaj\u00ed za n\u011b toti\u017e \u0161pinavou pr\u00e1ci. Hlup\u00e1k\u016f, kte\u0159\u00ed na to naskakuj\u00ed, se v\u017edy najde dost. Sta\u010d\u00ed se pod\u00edvat, kolik nemysl\u00edc\u00edch ovc\u00ed tuhle evidentn\u00ed pitomost, \u017ee Majerov\u00e1 je fa\u0161istka, P\u00e1\u0161movi lajkuje\u2026<\/p>\n<p>Pokra\u010duje to pak na Letn\u00e9, a\u00a0bohu\u017eel i\u00a0u\u00a0volebn\u00edch uren. Tak\u017ee \u017e\u00e1dn\u00e9 m\u00e1vnut\u00ed rukou. Tohle patologick\u00e9 zlo je pot\u0159eba demaskovat, rozkr\u00fdt a\u00a0posv\u00edtit si na jeho protektory. \u0160t\u00edt demokracie? Kdepak, jen \u0161pinav\u00e1 sedlina \u010desk\u00e9 spole\u010dnosti.<\/p>\n<p><a href=\"https:\/\/denik.to\/stit-demokracie-spis-patologicka-sedlina-ceske-spolecnosti\/\"><em>Petr \u0160t\u011bp\u00e1nek<\/em><\/a><br \/>\n<em>Autor je 1. m\u00edstop\u0159edsedou Trikolory<\/em><\/p>\n<p><img decoding=\"async\" loading=\"lazy\" class=\"alignnone size-medium wp-image-3601\" src=\"http:\/\/www.infokuryr.cz\/n\/wp-content\/uploads\/2021\/07\/Petr_Stepanek-300x201.jpg\" alt=\"\" width=\"300\" height=\"201\" srcset=\"https:\/\/www.infokuryr.cz\/n\/wp-content\/uploads\/2021\/07\/Petr_Stepanek-300x201.jpg 300w, https:\/\/www.infokuryr.cz\/n\/wp-content\/uploads\/2021\/07\/Petr_Stepanek.jpg 350w\" sizes=\"(max-width: 300px) 100vw, 300px\" \/><\/p>\n<p>&nbsp;<\/p>\n","protected":false},"excerpt":{"rendered":"<p>Z\u00e1vody o nejv\u011bt\u0161\u00ed biz\u00e1r \u010desk\u00e9ho politick\u00e9ho aktivismu pokra\u010duj\u00ed. Tony P\u00e1\u0161ma ze spolku\u00a0\u0160t\u00edt demokracie\u00a0o\u00a0poslankyni a\u00a0p\u0159edsedkyni Trikolory&#8230;<\/p>\n","protected":false},"author":2,"featured_media":104001,"comment_status":"closed","ping_status":"closed","sticky":false,"template":"","format":"standard","meta":[],"categories":[6],"tags":[169,1503,122],"_links":{"self":[{"href":"https:\/\/www.infokuryr.cz\/n\/wp-json\/wp\/v2\/posts\/104000"}],"collection":[{"href":"https:\/\/www.infokuryr.cz\/n\/wp-json\/wp\/v2\/posts"}],"about":[{"href":"https:\/\/www.infokuryr.cz\/n\/wp-json\/wp\/v2\/types\/post"}],"author":[{"embeddable":true,"href":"https:\/\/www.infokuryr.cz\/n\/wp-json\/wp\/v2\/users\/2"}],"replies":[{"embeddable":true,"href":"https:\/\/www.infokuryr.cz\/n\/wp-json\/wp\/v2\/comments?post=104000"}],"version-history":[{"count":1,"href":"https:\/\/www.infokuryr.cz\/n\/wp-json\/wp\/v2\/posts\/104000\/revisions"}],"predecessor-version":[{"id":104002,"href":"https:\/\/www.infokuryr.cz\/n\/wp-json\/wp\/v2\/posts\/104000\/revisions\/104002"}],"wp:featuredmedia":[{"embeddable":true,"href":"https:\/\/www.infokuryr.cz\/n\/wp-json\/wp\/v2\/media\/104001"}],"wp:attachment":[{"href":"https:\/\/www.infokuryr.cz\/n\/wp-json\/wp\/v2\/media?parent=104000"}],"wp:term":[{"taxonomy":"category","embeddable":true,"href":"https:\/\/www.infokuryr.cz\/n\/wp-json\/wp\/v2\/categories?post=104000"},{"taxonomy":"post_tag","embeddable":true,"href":"https:\/\/www.infokuryr.cz\/n\/wp-json\/wp\/v2\/tags?post=104000"}],"curies":[{"name":"wp","href":"https:\/\/api.w.org\/{rel}","templated":true}]}}