{"id":103997,"date":"2026-04-08T00:19:54","date_gmt":"2026-04-07T22:19:54","guid":{"rendered":"https:\/\/www.infokuryr.cz\/n\/?p=103997"},"modified":"2026-04-07T14:14:03","modified_gmt":"2026-04-07T12:14:03","slug":"petr-pokorny-cesi-sezerou-i-vlastni-lejno-pokud-bude-ve-sleve-odkud-je-superlevne-maslo-vajicko","status":"publish","type":"post","link":"https:\/\/www.infokuryr.cz\/n\/2026\/04\/08\/petr-pokorny-cesi-sezerou-i-vlastni-lejno-pokud-bude-ve-sleve-odkud-je-superlevne-maslo-vajicko\/","title":{"rendered":"Petr Pokorn\u00fd: \u010ce\u0161i se\u017eerou i vlastn\u00ed lejno, pokud bude ve slev\u011b! Odkud je superlevn\u00e9 m\u00e1slo, vaj\u00ed\u010dko&#8230;"},"content":{"rendered":"<div id=\"fb-root\"><\/div>\n<div class=\"introtext\">\n<h4>Protesty Pol\u00e1k\u016f na hranic\u00edch s Ukrajinou nepom\u00e1haj\u00ed. Potravin\u00e1\u0159sk\u00e9 suroviny se do Polska dov\u00e1\u017e\u00ed d\u00e1l. Ale na polsk\u00fdch pultech jsou k m\u00e1n\u00ed jen kvalitn\u00ed polsk\u00e9 potraviny. Tak kde tedy ten ukrajinsk\u00fd hn\u016fj kon\u010d\u00ed?<\/h4>\n<\/div>\n<div class=\"fulltext\">\n<p><span class=\"atm-text-decorator\">V obchodn\u00edch \u0159et\u011bzc\u00edch nebylo v\u00a0posledn\u00ed dob\u011b t\u011b\u017ek\u00e9 naj\u00edt m\u00e1slo pod touto cenou. Nap\u0159\u00edklad \u0159et\u011bzec Tesco prod\u00e1val m\u00e1slo pod priv\u00e1tn\u00ed zna\u010dkou TS v\u00a0akci za 24,90\u00a0K\u010d s\u00a0DPH, Albert hypermarket se v\u00a0lednu dostal na 21,90\u00a0K\u010d, konkuren\u010dn\u00ed s\u00ed\u0165 Penny a\u00a0Lidl nab\u00eddku trumfly s\u00a0cenou 19,90\u00a0koruny.<\/span>.<\/p>\n<p>Prouza v \u010cesk\u00e9 televizi kvi\u010d\u00ed, jak \u010cech\u00e1\u010dkov\u00e9 \u017eerou, a\u017e mlaskaj\u00ed a po levn\u00fdch potravin\u00e1ch se jen zapr\u00e1\u0161\u00ed. J\u00e1 tu slevu nechci zadarmo: a rakovina stoup\u00e1 exponenci\u00e1ln\u00ed k\u0159ivkjou. Raketovou!<\/p>\n<h3><strong>M\u00e1slo ve slev\u011b. Nekupte to, \u010cech\u00e1\u010dkov\u00e9! Pouze p\u011bt balen\u00ed, v\u0159\u00edsk\u00e1 rud\u00e1 reklama!\u00a0<\/strong><\/h3>\n<p>A \u010cech\u00e1\u010dkov\u00e9 j\u00e1saj\u00ed, hamty hamty, a\u0165 m\u00e1m v\u00edc ne\u017e tamty&#8230;<\/p>\n<p>Polsko-ukrajinsk\u00e9 lejno? No a co, v\u017edy je to ve slev\u011b a Prouza se za n\u00e1s ob\u011btuje&#8230;<\/p>\n<h4>Prouzovo superlevn\u00e9 m\u00e1slo: nekupte to, jsou na p\u0159\u00edd\u011bl ve slev\u011b!<\/h4>\n<p><img decoding=\"async\" loading=\"lazy\" class=\"aligncenter\" src=\"https:\/\/www.skrytapravda.cz\/images\/blogy\/805\/2026\/potraviny\/Prouzovo_m%C3%A1slo_f8ecc.webp\" alt=\"Prouzovo m\u00e1slo f8ecc\" width=\"463\" height=\"430\" \/><\/p>\n<h4>Prouzova superlevn\u00e1 vaj\u00ed\u010dka. Nekupte to, jsou ve slev\u011b!<\/h4>\n<p><img decoding=\"async\" loading=\"lazy\" class=\"aligncenter\" src=\"https:\/\/www.skrytapravda.cz\/images\/blogy\/805\/2026\/potraviny\/Prouzovo_vaj%C3%AD%C4%8Dko_22ee9.webp\" alt=\"Prouzovo vaj\u00ed\u010dko 22ee9\" width=\"462\" height=\"405\" \/><\/p>\n<p>J\u00e1 tu slevu nechci zadarmo. Maminky pe\u010dou d\u011btem dobr\u016ftky a z \u010deho jsou je u\u017e nezaj\u00edm\u00e1. M\u00e1sl\u00ed\u010dko za babku. M\u00e1sli\u010dko ve slev\u011b, d\u011bti\u010dky, d\u016fchodci \u017eerte. Strejda Prouza v\u00e1m to sem nacpe na palet\u00e1ch. A d\u016fchodci se p\u0159eraz\u00ed: je\u0161t\u011b se vr\u00e1t\u00edm pro dal\u0161\u00edch p\u011bt kus\u016f a m\u00e1m v\u00edc, ne\u017e ti druz\u00ed.<\/p>\n<p>\u010cech\u00e1\u010dek v\u00ed, jak levn\u011b nakoupit.<\/p>\n<p>A toho \u010cech\u00e1\u010dka nenapadne, jak je mo\u017en\u00e9 nakupovat v tak obrovsk\u00e9 superslev\u011b, kdy\u017e \u010cesk\u00e1 televize p\u0159ece ne\u0159\u00edk\u00e1, \u017ee to nen\u00ed mo\u017en\u00e9 vyprodukovat v t\u00e9to cen\u011b.<\/p>\n<p><img decoding=\"async\" loading=\"lazy\" class=\"aligncenter\" src=\"https:\/\/www.skrytapravda.cz\/images\/blogy\/805\/2025\/potraviny\/cdaf81e699deb247c8a8405f9c5f35da_L_c3af0.webp\" alt=\"cdaf81e699deb247c8a8405f9c5f35da L c3af0\" width=\"531\" height=\"299\" \/><\/p>\n<p>Prouzovy superslevy a je\u0161t\u011b na tom Tesco, Globus a dal\u0161\u00ed vyd\u011blaj\u00ed. Z\u00e1zrak?\u00a0Ne, Pol\u00e1ci by to hodili do kan\u00e1lu, sami jed\u00ed kvalitn\u00ed, ale pochopili, \u017ee tup\u00fd \u010cech\u00e1\u010dek se\u017eere i vlastn\u00ed lejno hezky zabalen\u00e9:<\/p>\n<p><strong>p\u0159ece zahrani\u010dn\u00ed \u0159et\u011bzce se pro n\u00e1s ob\u011btuj\u00ed a vytvo\u0159\u00ed superslevy. Prouzovy superslevy, a je\u0161t\u011b na to trhnou bak\u0161i\u0161. A \u010cech\u00e1\u010dek \u017eere, a\u017e mlask\u00e1.\u00a0<\/strong><\/p>\n<p><strong>P.S.<\/strong> Ten z\u00e1kladn\u00ed probl\u00e9m je, \u017ee Ukrajinci na v\u00fdvoz nemus\u00ed platit kontroly kvality, nemus\u00ed pou\u017e\u00edvat prov\u011b\u0159en\u00e9 sm\u011bsi na krmen\u00ed, skladov\u00e1n\u00ed je na v\u00fdvoz i bez chlazen\u00ed a pod., (neboli pro n\u011b neexistuje norma nez\u00e1vadnosti)\u00a0 a \u010desk\u00e9 pro \u010cechy je pod obrovskou kontrolou.\u00a0Jasn\u011b, \u017ee je to spr\u00e1vn\u00e9, ale pro\u010d to z Ukrajiny dovezen\u00e9 p\u0159es Polsko k n\u00e1m tyto parametry m\u00edt nemus\u00ed\u00a0a je\u0161t\u011b \u00fa\u010delov\u011b Prouza nad\u00e1v\u00e1 zem\u011bd\u011blc\u016fm, \u017ee je na\u0161e dra\u017e\u0161\u00ed, ani\u017e ozn\u00e1m\u00ed, pro\u010d?<\/p>\n<p><strong>Polsk\u00e9 protesty<\/strong><\/p>\n<p><a title=\"Polish farmers protest in Warsaw against Ukrainian imports, EU policies\" href=\"https:\/\/kyivindependent.com\/polish-farmers-protest-in-warsaw-against-ukrainian-imports-eu-policies\/\" target=\"_blank\" rel=\"noopener\">Polish farmers protest in Warsaw against Ukrainian imports, EU policies<\/a><\/p>\n<p><a title=\"Pol\u0161t\u00ed zem\u011bd\u011blci ztratili trp\u011blivost s Ukrajinou. Vzali v\u011bci do vlastn\u00edch rukou\" href=\"https:\/\/moneymag.cz\/aktuality\/polsti-zemedelci-ztratili-trpelivost-s-ukrajinou-vzali-veci-do-vlastnich-rukou.o8v625cr\" target=\"_blank\" rel=\"noopener\">Pol\u0161t\u00ed zem\u011bd\u011blci ztratili trp\u011blivost s Ukrajinou. Vzali v\u011bci do vlastn\u00edch rukou<\/a><\/p>\n<p><a title=\"Cht\u011bj\u00ed jen br\u00e1t, st\u011b\u017euj\u00ed si Pol\u00e1ci na Ukrajince. Roste jejich nevra\u017eivost\" href=\"https:\/\/www.idnes.cz\/zpravy\/zahranicni\/polsko-ukrajina-spory-negativni-postoje-farmari-pruzkumy.A250219_185037_zahranicni_jhr\" target=\"_blank\" rel=\"noopener\">Cht\u011bj\u00ed jen br\u00e1t, st\u011b\u017euj\u00ed si Pol\u00e1ci na Ukrajince. Roste jejich nevra\u017eivost<\/a><\/p>\n<p><a href=\"https:\/\/www.skrytapravda.cz\/kvalita-potravin\/3084-cesi-sezerou-i-vlastni-lejno-pokud-bude-ve-sleve-odkud-je-superlevne-maslo-vajicka\">Petr Pokorn\u00fd<\/a><\/p>\n<p>&nbsp;<\/p>\n<\/div>\n","protected":false},"excerpt":{"rendered":"<p>Protesty Pol\u00e1k\u016f na hranic\u00edch s Ukrajinou nepom\u00e1haj\u00ed. Potravin\u00e1\u0159sk\u00e9 suroviny se do Polska dov\u00e1\u017e\u00ed d\u00e1l. Ale&#8230;<\/p>\n","protected":false},"author":2,"featured_media":103998,"comment_status":"closed","ping_status":"closed","sticky":false,"template":"","format":"standard","meta":[],"categories":[6],"tags":[670,1503,8166,750,8285],"_links":{"self":[{"href":"https:\/\/www.infokuryr.cz\/n\/wp-json\/wp\/v2\/posts\/103997"}],"collection":[{"href":"https:\/\/www.infokuryr.cz\/n\/wp-json\/wp\/v2\/posts"}],"about":[{"href":"https:\/\/www.infokuryr.cz\/n\/wp-json\/wp\/v2\/types\/post"}],"author":[{"embeddable":true,"href":"https:\/\/www.infokuryr.cz\/n\/wp-json\/wp\/v2\/users\/2"}],"replies":[{"embeddable":true,"href":"https:\/\/www.infokuryr.cz\/n\/wp-json\/wp\/v2\/comments?post=103997"}],"version-history":[{"count":1,"href":"https:\/\/www.infokuryr.cz\/n\/wp-json\/wp\/v2\/posts\/103997\/revisions"}],"predecessor-version":[{"id":103999,"href":"https:\/\/www.infokuryr.cz\/n\/wp-json\/wp\/v2\/posts\/103997\/revisions\/103999"}],"wp:featuredmedia":[{"embeddable":true,"href":"https:\/\/www.infokuryr.cz\/n\/wp-json\/wp\/v2\/media\/103998"}],"wp:attachment":[{"href":"https:\/\/www.infokuryr.cz\/n\/wp-json\/wp\/v2\/media?parent=103997"}],"wp:term":[{"taxonomy":"category","embeddable":true,"href":"https:\/\/www.infokuryr.cz\/n\/wp-json\/wp\/v2\/categories?post=103997"},{"taxonomy":"post_tag","embeddable":true,"href":"https:\/\/www.infokuryr.cz\/n\/wp-json\/wp\/v2\/tags?post=103997"}],"curies":[{"name":"wp","href":"https:\/\/api.w.org\/{rel}","templated":true}]}}