{"id":103996,"date":"2026-04-08T00:16:04","date_gmt":"2026-04-07T22:16:04","guid":{"rendered":"https:\/\/www.infokuryr.cz\/n\/?p=103996"},"modified":"2026-04-07T14:09:33","modified_gmt":"2026-04-07T12:09:33","slug":"karin-szczyrbova-meli-jste-pocit-ze-kovid-skoncil","status":"publish","type":"post","link":"https:\/\/www.infokuryr.cz\/n\/2026\/04\/08\/karin-szczyrbova-meli-jste-pocit-ze-kovid-skoncil\/","title":{"rendered":"Karin Szczyrbov\u00e1: M\u011bli jste pocit, \u017ee kovid skon\u010dil?"},"content":{"rendered":"<div id=\"fb-root\"><\/div>\n<p><span class=\"x193iq5w xeuugli x13faqbe x1vvkbs x1xmvt09 x1lliihq x1s928wv xhkezso x1gmr53x x1cpjm7i x1fgarty x1943h6x xudqn12 x3x7a5m x6prxxf xvq8zen xo1l8bm xzsf02u x1yc453h\" dir=\"auto\">Neskon\u010dil. Polsko bylo nyn\u00ed odsouzeno za to, \u017ee neodebralo od Pfizeru cca 64 milion\u016f d\u00e1vek vakc\u00edny, k jej\u00edmu\u017e odb\u011bru jej zav\u00e1zala Evropsk\u00e1 unie.<\/span><\/p>\n<p>Polsko bude muset platit tu\u010dn\u00e9 od\u0161kodn\u00e9 soukrom\u00e9 firm\u011b a vakc\u00edny stejn\u011b bude tzv. vyl\u00e9vat do kan\u00e1lu.<\/p>\n<p>V podobn\u00e9 situaci je i Rumunsko, proto by m\u011b zaj\u00edmalo, jak je na tom \u010cesk\u00e1 republika. Kolik i my m\u00e1me nasmlouvan\u00fdch vakc\u00edn, kter\u00e9 se nikdy nepou\u017eij\u00ed, kter\u00e9 zaplat\u00edme z na\u0161ich dan\u00ed a kter\u00e9 se pot\u00e9 tak\u00e9 vylij\u00ed do kan\u00e1lu. Na\u0161e dan\u011b ale nep\u0159ijdou vnive\u010d, skon\u010d\u00ed toti\u017e bezpe\u010dn\u011b v kapse n\u011bkolika m\u00e1lo jedinc\u016f.<\/p>\n<p>Ot\u00e1zka vakcinace je st\u00e1le aktu\u00e1ln\u00ed, a to v souvislosti s tzv. N\u00e1rodn\u00ed o\u010dkovac\u00ed strategi\u00ed a ministrem (zp\u011bv\u00e1\u010dkem) Vojt\u011bchem, kter\u00fd n\u00e1s kdysi zav\u00edral jako krysy v na\u0161ich domech, kv\u016fli kter\u00e9mu jsme nosili n\u00e1hubky na tv\u00e1\u0159\u00edch, kv\u016fli kter\u00e9mu jsme nemohli ve\u010der ani ven s pejskem a kv\u016fli kter\u00e9mu trp\u011bli neuv\u011b\u0159iteln\u00fdm stresem na\u0161i senio\u0159i, kte\u0159\u00ed b\u00fdvali \u010dasto i citov\u011b vyd\u00edr\u00e1ni, aby se nechali o\u010dkavat, jinak ji\u017e nikdy neuvid\u00ed sv\u00e1 vnou\u010dka, p\u0159i\u010dem\u017e o\u010dkov\u00e1n\u00ed pro n\u011b \u010dasto znamenalo j\u00edzdenku p\u0159\u00edmo do hrobu.<\/p>\n<p>Co v\u0161echno si je\u0161t\u011b nech\u00e1me l\u00edbit, ne\u017e se probud\u00edme?<\/p>\n<p><em><a href=\"https:\/\/narodnidemokracie.cz\/ing-karin-szczyrbova-meli-jste-pocit-ze-kovid-skoncil\/\">Ing. Karin Szczyrbov\u00e1<\/a>, \u010dlenka ND Karvin\u00e1<\/em><\/p>\n<p><img decoding=\"async\" loading=\"lazy\" class=\"alignnone  wp-image-26852\" src=\"http:\/\/www.infokuryr.cz\/n\/wp-content\/uploads\/2023\/04\/Karin-300x300.jpg\" alt=\"\" width=\"181\" height=\"181\" srcset=\"https:\/\/www.infokuryr.cz\/n\/wp-content\/uploads\/2023\/04\/Karin-300x300.jpg 300w, https:\/\/www.infokuryr.cz\/n\/wp-content\/uploads\/2023\/04\/Karin-150x150.jpg 150w, https:\/\/www.infokuryr.cz\/n\/wp-content\/uploads\/2023\/04\/Karin.jpg 400w\" sizes=\"(max-width: 181px) 100vw, 181px\" \/><\/p>\n<p>&nbsp;<\/p>\n","protected":false},"excerpt":{"rendered":"<p>Neskon\u010dil. Polsko bylo nyn\u00ed odsouzeno za to, \u017ee neodebralo od Pfizeru cca 64 milion\u016f d\u00e1vek&#8230;<\/p>\n","protected":false},"author":2,"featured_media":84205,"comment_status":"closed","ping_status":"closed","sticky":false,"template":"","format":"standard","meta":[],"categories":[6],"tags":[23,1503,315,31,651],"_links":{"self":[{"href":"https:\/\/www.infokuryr.cz\/n\/wp-json\/wp\/v2\/posts\/103996"}],"collection":[{"href":"https:\/\/www.infokuryr.cz\/n\/wp-json\/wp\/v2\/posts"}],"about":[{"href":"https:\/\/www.infokuryr.cz\/n\/wp-json\/wp\/v2\/types\/post"}],"author":[{"embeddable":true,"href":"https:\/\/www.infokuryr.cz\/n\/wp-json\/wp\/v2\/users\/2"}],"replies":[{"embeddable":true,"href":"https:\/\/www.infokuryr.cz\/n\/wp-json\/wp\/v2\/comments?post=103996"}],"version-history":[{"count":0,"href":"https:\/\/www.infokuryr.cz\/n\/wp-json\/wp\/v2\/posts\/103996\/revisions"}],"wp:featuredmedia":[{"embeddable":true,"href":"https:\/\/www.infokuryr.cz\/n\/wp-json\/wp\/v2\/media\/84205"}],"wp:attachment":[{"href":"https:\/\/www.infokuryr.cz\/n\/wp-json\/wp\/v2\/media?parent=103996"}],"wp:term":[{"taxonomy":"category","embeddable":true,"href":"https:\/\/www.infokuryr.cz\/n\/wp-json\/wp\/v2\/categories?post=103996"},{"taxonomy":"post_tag","embeddable":true,"href":"https:\/\/www.infokuryr.cz\/n\/wp-json\/wp\/v2\/tags?post=103996"}],"curies":[{"name":"wp","href":"https:\/\/api.w.org\/{rel}","templated":true}]}}