{"id":103989,"date":"2026-04-08T00:23:48","date_gmt":"2026-04-07T22:23:48","guid":{"rendered":"https:\/\/www.infokuryr.cz\/n\/?p=103989"},"modified":"2026-04-07T12:55:09","modified_gmt":"2026-04-07T10:55:09","slug":"dalsi-mrtvy-etnicky-madar-na-ukrajine-tentokrat-na-fronte","status":"publish","type":"post","link":"https:\/\/www.infokuryr.cz\/n\/2026\/04\/08\/dalsi-mrtvy-etnicky-madar-na-ukrajine-tentokrat-na-fronte\/","title":{"rendered":"Dal\u0161\u00ed mrtv\u00fd etnick\u00fd Ma\u010far na Ukrajin\u011b, tentokr\u00e1t na front\u011b"},"content":{"rendered":"<div id=\"fb-root\"><\/div>\n<h3 class=\"s-tagline fw-tagline\"><span dir=\"auto\">Ma\u010farsko si dlouhodob\u011b st\u011b\u017euje na brutalitu ze strany ukrajinsk\u00e9ho st\u00e1tu a sna\u017e\u00ed se chr\u00e1nit etnick\u00e9 Ma\u010fary p\u0159ed nucen\u00fdmi odvody<\/span><\/h3>\n<p><span dir=\"auto\">Dal\u0161\u00ed etnick\u00fd Ma\u010far se stal ob\u011bt\u00ed na front\u011b na Ukrajin\u011b. Istv\u00e1n Huszti, obyvatel osady Korolevo v okrese Beregsz\u00e1s, p\u0159i\u0161el o \u017eivot v boj\u00edch proti rusk\u00fdm sil\u00e1m, napsal\u00a0<\/span><a href=\"http:\/\/xn--istvn%20huszti,%20a%20resident%20of%20the%20korolevo%20settlement%20in%20the%20beregszs%20district%20,%20lost%20his%20life%20in%20battles%20against%20russian%20forces,%20the%20transcarpathian%20news%20portal%20mukachevo-3orwe.net%20reported%20.%20the%20soldier%20was%20mortally%20wounded%20while%20performing%20a%20combat%20mission.\/\"><span dir=\"auto\">K\u00e1rp\u00e1t H\u00edr<\/span><\/a><span dir=\"auto\">\u00a0s odkazem na zakarpatsk\u00fd zpravodajsk\u00fd port\u00e1l Muka\u010devo.<\/span><\/p>\n<p><span dir=\"auto\">Voj\u00e1k byl smrteln\u011b zran\u011bn p\u0159i pln\u011bn\u00ed bojov\u00e9ho \u00fakolu. Ofici\u00e1ln\u00ed informace o datu n\u00e1vratu voj\u00e1ka dom\u016f, stejn\u011b jako podrobnosti o rozlou\u010den\u00ed a poh\u0159bu, budou p\u0159\u00edbuzn\u00fdm a komunit\u011b poskytnuty pozd\u011bji.<\/span><\/p>\n<p><span dir=\"auto\">Ma\u010farsko ji\u017e dlouho osv\u011btluje velmi kontroverzn\u00ed praktiky nucen\u00e9 brann\u00e9 povinnosti na Ukrajin\u011b, zejm\u00e9na pokud jde o etnick\u00e9 Ma\u010fary \u017eij\u00edc\u00ed na z\u00e1padn\u00ed Ukrajin\u011b, zn\u00e1m\u00e9 jako Zakarpat\u00ed, co\u017e byl region, kter\u00fd byl kdysi sou\u010d\u00e1st\u00ed Uhersk\u00e9ho kr\u00e1lovstv\u00ed p\u0159ed Trianonskou smlouvou po prvn\u00ed sv\u011btov\u00e9 v\u00e1lce.<\/span><\/p>\n<p><span dir=\"auto\">Teprve minul\u00fd m\u011bs\u00edc Remix News psaly o 42let\u00e9m otci p\u011bti d\u011bt\u00ed, z nich\u017e dv\u011b nezletil\u00e9 byly o\u0161unt\u011bl\u00e9 ukrajin\u0161t\u00ed n\u00e1bor\u00e1\u0159i, p\u0159esto\u017ee m\u011bl kv\u016fli srde\u010dn\u00ed a plicn\u00ed chorob\u011b v\u00fdjimku z vojensk\u00e9 slu\u017eby.<\/span><\/p>\n<p><span dir=\"auto\">V \u00fanoru ma\u010farsk\u00fd premi\u00e9r Viktor Orb\u00e1n ozn\u00e1mil, \u017ee ma\u010farsk\u00e1 vl\u00e1da pom\u016f\u017ee etnick\u00fdm Ma\u010far\u016fm, kte\u0159\u00ed jsou nuceni p\u0159esouvat se na frontu na Ukrajin\u011b, pokud to bude zahrnovat vstup n\u00e1bor\u00e1\u0159\u016f na ma\u010farsk\u00e9 \u00fazem\u00ed.<\/span><\/p>\n<p><span dir=\"auto\">Tento postoj zazn\u011bl pot\u00e9, co se objevilo v\u00edce zpr\u00e1v o tom, \u017ee etni\u010dt\u00ed Ma\u010fa\u0159i se mohli st\u00e1t ter\u010dem \u00fatok\u016f na ukrajinsk\u00e9 frontov\u00e9 linii. Dal\u0161\u00ed\u00a0<\/span><a href=\"https:\/\/rmx.news\/article\/they-shoved-me-in-a-car-and-took-me-to-the-army-ethnic-hungarian-with-mental-health-issues-dragged-to-ukraine-front-line-and-is-now-missing-family-says\/\"><span dir=\"auto\">zpr\u00e1va se t\u00fdkala ma\u010farsk\u00e9ho mu\u017ee, kter\u00e9ho<\/span><\/a><span dir=\"auto\">\u00a0p\u0159\u00edbuzn\u00ed popsali jako du\u0161evn\u011b nemocn\u00e9ho a kter\u00fd byl \u00fadajn\u011b unesen p\u0159ed sv\u00fdm domem v Zakarpat\u00ed. Nyn\u00ed je veden jako poh\u0159e\u0161ovan\u00fd.<\/span><\/p>\n<p><span dir=\"auto\">Jedn\u00edm z nejv\u00fdrazn\u011bj\u0161\u00edch p\u0159\u00edpad\u016f byl p\u0159\u00edpad 45let\u00e9ho J\u00f3zsefa Sebesty\u00e9na, kter\u00fd byl na znepokojiv\u00e9m videu zachycen, jak se plaz\u00ed ve vojensk\u00e9m t\u00e1bo\u0159e s viditeln\u00fdmi zran\u011bn\u00edmi, zat\u00edmco se mu ostatn\u00ed posm\u00edvali. Pozd\u011bji byl hospitalizov\u00e1n a zem\u0159el pot\u00e9, co byl \u00fadajn\u011b p\u0159evezen do psychiatrick\u00e9 l\u00e9\u010debny ur\u010den\u00e9 pro zran\u011bn\u00e9 voj\u00e1ky.<\/span><\/p>\n<p><span dir=\"auto\">Ma\u010farsk\u00fd ministr zahrani\u010d\u00ed P\u00e9ter Szijj\u00e1rt\u00f3 tehdy zve\u0159ejnil na Facebooku zpr\u00e1vu, v n\u00ed\u017e kritizoval Kyjev za jeho\u00a0<\/span><a href=\"https:\/\/rmx.news\/article\/hungary-accuses-ukraine-of-state-run-brutality-after-refusal-to-investigate-death-of-ethnic-hungarian-conscript\/\"><span dir=\"auto\">st\u00e1tem \u0159\u00edzenou brutalitu<\/span><\/a><span dir=\"auto\">\u00a0. Odm\u00edtnut\u00edm vy\u0161et\u0159it smrt J\u00f3zsefa Sebesty\u00e9na ukrajinsk\u00e9 \u00fa\u0159ady \u201efakticky uznaly\u201c, \u017ee nucen\u00fd odvod, v\u010detn\u011b bit\u00ed a dokonce i vra\u017ed, byl \u201est\u00e1tem institucionalizovan\u00fd, akceptovan\u00fd, na\u0159\u00edzen\u00fd a st\u00e1tem \u0159\u00edzen\u00fd proces\u201c.<\/span><\/p>\n<p><span dir=\"auto\">\u201eV civilizovan\u00e9, norm\u00e1ln\u00ed zemi je okam\u017eit\u011b zah\u00e1jeno trestn\u00ed st\u00edh\u00e1n\u00ed, pachatel\u00e9 jsou okam\u017eit\u011b dopadeni a jejich \u0161\u00e9fov\u00e9, kte\u0159\u00ed to schv\u00e1lili, jsou okam\u017eit\u011b uv\u011bzn\u011bni a tato praxe je zastavena,\u201c \u0159ekl Szijj\u00e1rt\u00f3.<\/span><\/p>\n<p><span dir=\"auto\">Ministr zahrani\u010d\u00ed tak\u00e9 vyjednal n\u00e1vrat dvou v\u00e1le\u010dn\u00fdch zajatc\u016f z Moskvy.<\/span><\/p>\n<p><span dir=\"auto\">A\u010dkoli nejsou k dispozici \u017e\u00e1dn\u00e9 ofici\u00e1ln\u00ed \u00fadaje, zpr\u00e1vy uv\u00e1d\u011bj\u00ed, \u017ee v boj\u00edch za Ukrajinu proti Rusku zem\u0159elo nejm\u00e9n\u011b 100 etnick\u00fdch Ma\u010far\u016f, p\u0159ev\u00e1\u017en\u011b ze Zakarpatsk\u00e9 oblasti.<\/span><\/p>\n<p><img decoding=\"async\" loading=\"lazy\" class=\"alignnone size-full wp-image-1185\" src=\"http:\/\/www.infokuryr.cz\/n\/wp-content\/uploads\/2021\/04\/kuryr-podpis.png\" alt=\"\" width=\"84\" height=\"24\" \/><\/p>\n<p>&nbsp;<\/p>\n","protected":false},"excerpt":{"rendered":"<p>Ma\u010farsko si dlouhodob\u011b st\u011b\u017euje na brutalitu ze strany ukrajinsk\u00e9ho st\u00e1tu a sna\u017e\u00ed se chr\u00e1nit etnick\u00e9&#8230;<\/p>\n","protected":false},"author":2,"featured_media":103990,"comment_status":"closed","ping_status":"closed","sticky":false,"template":"","format":"standard","meta":[],"categories":[7],"tags":[4529,1929,26,523],"_links":{"self":[{"href":"https:\/\/www.infokuryr.cz\/n\/wp-json\/wp\/v2\/posts\/103989"}],"collection":[{"href":"https:\/\/www.infokuryr.cz\/n\/wp-json\/wp\/v2\/posts"}],"about":[{"href":"https:\/\/www.infokuryr.cz\/n\/wp-json\/wp\/v2\/types\/post"}],"author":[{"embeddable":true,"href":"https:\/\/www.infokuryr.cz\/n\/wp-json\/wp\/v2\/users\/2"}],"replies":[{"embeddable":true,"href":"https:\/\/www.infokuryr.cz\/n\/wp-json\/wp\/v2\/comments?post=103989"}],"version-history":[{"count":0,"href":"https:\/\/www.infokuryr.cz\/n\/wp-json\/wp\/v2\/posts\/103989\/revisions"}],"wp:featuredmedia":[{"embeddable":true,"href":"https:\/\/www.infokuryr.cz\/n\/wp-json\/wp\/v2\/media\/103990"}],"wp:attachment":[{"href":"https:\/\/www.infokuryr.cz\/n\/wp-json\/wp\/v2\/media?parent=103989"}],"wp:term":[{"taxonomy":"category","embeddable":true,"href":"https:\/\/www.infokuryr.cz\/n\/wp-json\/wp\/v2\/categories?post=103989"},{"taxonomy":"post_tag","embeddable":true,"href":"https:\/\/www.infokuryr.cz\/n\/wp-json\/wp\/v2\/tags?post=103989"}],"curies":[{"name":"wp","href":"https:\/\/api.w.org\/{rel}","templated":true}]}}