{"id":103987,"date":"2026-04-08T00:22:17","date_gmt":"2026-04-07T22:22:17","guid":{"rendered":"https:\/\/www.infokuryr.cz\/n\/?p=103987"},"modified":"2026-04-07T12:51:07","modified_gmt":"2026-04-07T10:51:07","slug":"ceny-pohonnych-hmot-v-nemecku-jsou-jiz-pres-3-eura-kde-je-odpor","status":"publish","type":"post","link":"https:\/\/www.infokuryr.cz\/n\/2026\/04\/08\/ceny-pohonnych-hmot-v-nemecku-jsou-jiz-pres-3-eura-kde-je-odpor\/","title":{"rendered":"Ceny pohonn\u00fdch hmot v N\u011bmecku jsou ji\u017e p\u0159es 3 eura: Kde je odpor?"},"content":{"rendered":"<div id=\"fb-root\"><\/div>\n<p><strong><span dir=\"auto\">N\u011bmci jsou zn\u00e1m\u00ed svou dobrosrde\u010dnost\u00ed (n\u011bkte\u0159\u00ed tomu \u0159\u00edkaj\u00ed \u00facta k autorit\u00e1m) \u2013 ale vzhledem k \u0161\u00edlenstv\u00ed na n\u011bmeck\u00fdch \u010derpac\u00edch stanic\u00edch si nyn\u00ed mnoz\u00ed kladou ot\u00e1zku, kolik dal\u0161\u00edho utrpen\u00ed jsou ob\u010dan\u00e9 ochotni sn\u00e1\u0161et. B\u011bhem velikono\u010dn\u00edho v\u00edkendu ceny pohonn\u00fdch hmot poprv\u00e9 p\u0159ekro\u010dily 3 eura za litr. Ti, kte\u0159\u00ed se v pr\u00e1ci spol\u00e9haj\u00ed na sv\u00e1 auta, \u010del\u00ed st\u00e1le v\u011bt\u0161\u00ed finan\u010dn\u00ed t\u00edsni. Kde to v\u0161echno skon\u010d\u00ed? Deutschlandkurier\u00a0<\/span><a href=\"https:\/\/deutschlandkurier.de\/2026\/04\/diesel-demnaechst-vier-euro-deutschland-kurier-fordert-autofahrer-hupt-der-tu-nix-regierung-was\/\"><span dir=\"auto\">nyn\u00ed<\/span><\/a><span dir=\"auto\">\u00a0navrhuje: \u201eTrubte sv\u00e9 vl\u00e1d\u011b!\u201c<\/span><\/strong><\/p>\n<figure class=\"wp-block-embed is-type-rich is-provider-twitter wp-block-embed-twitter\">\n<div class=\"wp-block-embed__wrapper\">\n<div class=\"twitter-tweet twitter-tweet-rendered\"><iframe id=\"twitter-widget-0\" class=\"\" title=\"X Post\" src=\"https:\/\/platform.twitter.com\/embed\/Tweet.html?dnt=true&amp;embedId=twitter-widget-0&amp;features=eyJ0ZndfdGltZWxpbmVfbGlzdCI6eyJidWNrZXQiOltdLCJ2ZXJzaW9uIjpudWxsfSwidGZ3X2ZvbGxvd2VyX2NvdW50X3N1bnNldCI6eyJidWNrZXQiOnRydWUsInZlcnNpb24iOm51bGx9LCJ0ZndfdHdlZXRfZWRpdF9iYWNrZW5kIjp7ImJ1Y2tldCI6Im9uIiwidmVyc2lvbiI6bnVsbH0sInRmd19yZWZzcmNfc2Vzc2lvbiI6eyJidWNrZXQiOiJvbiIsInZlcnNpb24iOm51bGx9LCJ0ZndfZm9zbnJfc29mdF9pbnRlcnZlbnRpb25zX2VuYWJsZWQiOnsiYnVja2V0Ijoib24iLCJ2ZXJzaW9uIjpudWxsfSwidGZ3X21peGVkX21lZGlhXzE1ODk3Ijp7ImJ1Y2tldCI6InRyZWF0bWVudCIsInZlcnNpb24iOm51bGx9LCJ0ZndfZXhwZXJpbWVudHNfY29va2llX2V4cGlyYXRpb24iOnsiYnVja2V0IjoxMjA5NjAwLCJ2ZXJzaW9uIjpudWxsfSwidGZ3X3Nob3dfYmlyZHdhdGNoX3Bpdm90c19lbmFibGVkIjp7ImJ1Y2tldCI6Im9uIiwidmVyc2lvbiI6bnVsbH0sInRmd19kdXBsaWNhdGVfc2NyaWJlc190b19zZXR0aW5ncyI6eyJidWNrZXQiOiJvbiIsInZlcnNpb24iOm51bGx9LCJ0ZndfdXNlX3Byb2ZpbGVfaW1hZ2Vfc2hhcGVfZW5hYmxlZCI6eyJidWNrZXQiOiJvbiIsInZlcnNpb24iOm51bGx9LCJ0ZndfdmlkZW9faGxzX2R5bmFtaWNfbWFuaWZlc3RzXzE1MDgyIjp7ImJ1Y2tldCI6InRydWVfYml0cmF0ZSIsInZlcnNpb24iOm51bGx9LCJ0ZndfbGVnYWN5X3RpbWVsaW5lX3N1bnNldCI6eyJidWNrZXQiOnRydWUsInZlcnNpb24iOm51bGx9LCJ0ZndfdHdlZXRfZWRpdF9mcm9udGVuZCI6eyJidWNrZXQiOiJvbiIsInZlcnNpb24iOm51bGx9fQ%3D%3D&amp;frame=false&amp;hideCard=false&amp;hideThread=false&amp;id=2040802069473370454&amp;lang=cs&amp;origin=https%3A%2F%2Freport24.news%2Fspritpreis-in-deutschland-schon-ueber-3-euro-wo-bleibt-der-widerstand%2F&amp;sessionId=0ed4927f240120fba50c38577b24319608e40adb&amp;theme=light&amp;widgetsVersion=2615f7e52b7e0%3A1702314776716&amp;width=550px\" frameborder=\"0\" scrolling=\"no\" allowfullscreen=\"allowfullscreen\" data-tweet-id=\"2040802069473370454\" data-mce-fragment=\"1\"><\/iframe><\/div>\n<\/div>\n<\/figure>\n<p><span dir=\"auto\">Nyn\u00ed, po t\u00fddnu,\u00a0<\/span><a href=\"https:\/\/www.stuttgarter-zeitung.de\/inhalt.adac-berichtet-dieselpreis-erreicht-seit-start-von-neuer-tankstellen-regel-taeglich-rekorde.ad3385d2-5700-4f41-ae53-9376237b0182.html\"><span dir=\"auto\">si dokonce i ADAC (N\u011bmeck\u00fd automobilov\u00fd klub) v\u0161iml<\/span><\/a><span dir=\"auto\">\u00a0: \u010cerno-\u010derven\u00e1 koali\u010dn\u00ed vl\u00e1da v palivov\u00e9 krizi \u017ealostn\u011b selh\u00e1v\u00e1! Cena nafty za litr ji\u017e na prvn\u00edch \u010derpac\u00edch stanic\u00edch prolomila hranici t\u0159\u00ed eur. Budou cen\u00edky p\u0159\u00ed\u0161t\u00ed t\u00fdden ukazovat \u010dty\u0159i eura? Deutschland-Kurier po\u017eaduje: Motorist\u00e9, troub\u00ed na neschopnou vl\u00e1du a jej\u00ed palivov\u00fd chaos!<\/span><\/p>\n<p><span dir=\"auto\">P\u0159ibli\u017en\u011b 51 milion\u016f N\u011bmc\u016f m\u00e1 \u0159idi\u010dsk\u00fd pr\u016fkaz, v\u011bt\u0161ina z nich tak\u00e9 vlastn\u00ed auto. Jedinou skute\u010dn\u011b silnou lobby pro motoristy v Berl\u00edn\u011b je AfD. Jejich vlastn\u00ed z\u00e1jmov\u00e1 skupina, ADAC (22 milion\u016f \u010dlen\u016f), ned\u00e1vno dokonce zradila svou vlastn\u00ed klientelu:<\/span><\/p>\n<p><span dir=\"auto\">Po masivn\u00ed negativn\u00ed reakci byl Gerhard Hillebrand za\u010d\u00e1tkem \u00fanora 2026 nucen rezignovat na svou pozici viceprezidenta ADAC (N\u011bmeck\u00fd automobilov\u00fd klub) pro dopravu. D\u016fvodem byly jeho v\u00fdroky t\u00fdkaj\u00edc\u00ed se cen CO\u2082. Tvrdil, \u017ee vy\u0161\u0161\u00ed ceny paliv jsou nezbytn\u00e9 pro dosa\u017een\u00ed klimatick\u00fdch c\u00edl\u016f a podporu p\u0159echodu od spalovac\u00edch motor\u016f. To vedlo k vln\u011b rezignac\u00ed; ADAC opustilo nejm\u00e9n\u011b 60 000 motorist\u016f.<\/span><\/p>\n<p><span dir=\"auto\">A co d\u011bl\u00e1 ADAC pro to, aby vyvinul tlak na nicne\u010dinnou vl\u00e1du v eskaluj\u00edc\u00ed palivov\u00e9 krizi? NIC!<\/span><\/p>\n<h3 id=\"h-sternfahrt-nach-berlin\" class=\"wp-block-heading\"><span dir=\"auto\">Hv\u011bzdn\u00e1 rallye do Berl\u00edna?<\/span><\/h3>\n<p><span dir=\"auto\">Zat\u00edmco levicov\u00e1, zelen\u011b orientovan\u00e1 \u201eob\u010dansk\u00e1 spole\u010dnost\u201c dok\u00e1\u017ee okam\u017eit\u011b mobilizovat ulice p\u0159i sebemen\u0161\u00ed, nejhysteri\u010dt\u011bj\u0161\u00ed provokaci, \u00fadajn\u011b mocn\u00fd ADAC z\u016fst\u00e1v\u00e1 ne\u010dinn\u00fd. Kde jsou v\u00fdzvy k \u201ekonvoji\u201c do Berl\u00edna s troub\u00edc\u00edm koncertem p\u0159ed kancl\u00e9\u0159sk\u00fdm \u00fa\u0159adem? Kde jsou v\u00fdzvy k bombardov\u00e1n\u00ed z\u00e1stupc\u016f vlastn\u00edch volebn\u00edch obvod\u016f e-maily? Kde jsou v\u00fdzvy k \u201etrouben\u00ed na n\u011b v Berl\u00edn\u011b\u201c p\u0159esn\u011b v poledne na protest proti fiasku vl\u00e1dy s cenami pohonn\u00fdch hmot? Pokud ne ADAC, pak Deutschland-Kurier po\u017eaduje: Motorist\u00e9, kone\u010dn\u011b dejte t\u00e9 nicned\u011bl\u00e1vaj\u00edc\u00ed vl\u00e1d\u011b slovo!<\/span><\/p>\n<h3 id=\"h-guten-morgen-lieber-adac\" class=\"wp-block-heading\"><span dir=\"auto\">Dobr\u00e9 r\u00e1no, mil\u00fd ADACe!<\/span><\/h3>\n<p><span dir=\"auto\">P\u0159inejmen\u0161\u00edm ADAC (N\u011bmeck\u00fd automobilov\u00fd klub) nyn\u00ed tak\u00e9 dosp\u011bl k negativn\u00edmu z\u00e1v\u011bru ohledn\u011b idiotsk\u00e9ho pravidla o 12:00, kter\u00e9 vstoupilo v platnost 1. dubna. Klub uvedl, \u017ee navzdory na\u0159\u00edzen\u00ed ceny pohonn\u00fdch hmot nad\u00e1le rostou. Obava, \u017ee by ropn\u00e9 spole\u010dnosti mohly vyu\u017e\u00edt mo\u017enosti jednor\u00e1zov\u00e9ho zv\u00fd\u0161en\u00ed cen za rizikovou pr\u00e9mii, se \u201est\u00e1le v\u00edce potvrzuje\u201c, uvedl klub ve sv\u00e9m prohl\u00e1\u0161en\u00ed. AfD (Alternativa pro N\u011bmecko) to v\u0161ak p\u0159edpov\u00eddala ji\u017e p\u0159edt\u00edm, ne\u017e jednor\u00e1zov\u00e9 pravidlo vstoupilo v platnost.<\/span><\/p>\n<h3 id=\"h-rekordpreise-an-ostern\" class=\"wp-block-heading\"><span dir=\"auto\">Rekordn\u00ed ceny o Velikonoc\u00edch<\/span><\/h3>\n<p><span dir=\"auto\">Ceny pohonn\u00fdch hmot, nafty a Super E10, v N\u011bmecku o velikono\u010dn\u00edm v\u00edkendu op\u011bt vzrostly. Podle ADAC (N\u011bmeck\u00fd automobilov\u00fd klub) museli \u0159idi\u010di v sobotu zaplatit v pr\u016fm\u011bru 2,425 eura za litr nafty. To p\u0159ekonalo p\u0159edchoz\u00ed rekordn\u00ed cenu o v\u00edce ne\u017e 10 cent\u016f. Na n\u011bkolika \u010derpac\u00edch stanic\u00edch, v\u010detn\u011b t\u011bch v regionu Por\u00fdn\u00ed-Mohan, cena nafty ji\u017e p\u0159ekonala hranici 3 eur.<\/span><\/p>\n<p><span dir=\"auto\">Dokonce i na Velikono\u010dn\u00ed ned\u011bli ropn\u00e9 spole\u010dnosti vyu\u017eily jedin\u00e9 p\u0159\u00edle\u017eitosti ke zv\u00fd\u0161en\u00ed cen a provedly v\u00fdrazn\u00e9 zv\u00fd\u0161en\u00ed. Pr\u016fm\u011brn\u00e1 cena litru benzinu Super E10 vzrostla v poledne o 7,1 centu a dos\u00e1hla pr\u016fm\u011brn\u00fdch 2,239 eura. Nafta zdra\u017eila v pr\u016fm\u011bru o 7,3 centu na 2,488 eura za litr.<\/span><\/p>\n<h3 id=\"h-brummi-fahrerin-die-spritpreise-machen-uns-kaputt\" class=\"wp-block-heading\"><span dir=\"auto\">\u0158idi\u010d kamionu: \u201eCeny pohonn\u00fdch hmot n\u00e1s ni\u010d\u00ed!\u201c<\/span><\/h3>\n<p><span dir=\"auto\">Nedostatek pohonn\u00fdch hmot postihuje obzvl\u00e1\u0161t\u011b ty, kte\u0159\u00ed \u017eij\u00ed ze sv\u00fdch aut nebo jsou na nich z\u00e1visl\u00ed v pr\u00e1ci: taxik\u00e1\u0159e, autobusov\u00e9 spole\u010dnosti, \u0159emesln\u00edky, spedit\u00e9ry, doj\u00ed\u017ed\u011bj\u00edc\u00ed.<\/span><\/p>\n<p><span dir=\"auto\">Christina Scheibov\u00e1, \u0159idi\u010dka kamionu na voln\u00e9 noze z Miesbachu (Horn\u00ed Bavorsko),\u00a0<\/span><a href=\"https:\/\/www.msn.com\/de-de\/finanzen\/top-stories\/die-spritpreise-machen-uns-kaputt\/ar-AA20deVA\"><span dir=\"auto\">vysv\u011btluje<\/span><\/a><span dir=\"auto\">\u00a0: Jej\u00ed pronajat\u00fd kamion MAN stoj\u00ed 3 800 eur m\u011bs\u00ed\u010dn\u011b. Ob\u017eiva \u0159idi\u010dky kamionu p\u0159\u00edmo z\u00e1vis\u00ed na cen\u011b nafty. \u201eNem\u016f\u017eu si dovolit utratit t\u00e9m\u011b\u0159 50 cent\u016f za litr v\u00edce. V sou\u010dasn\u00e9 dob\u011b plat\u00edm nejm\u00e9n\u011b o 200 eur v\u00edce za n\u00e1dr\u017e \u2013 480 litr\u016f,\u201c \u0159ekla den\u00edku Bild. \u201eM\u00e1m fixn\u00ed smlouvy. Nem\u016f\u017eu jednodu\u0161e p\u0159en\u00e9st dodate\u010dn\u00e9 n\u00e1klady na z\u00e1kazn\u00edky.\u201c V\u00fdsledek: \u201eMoment\u00e1ln\u011b jezd\u00edm zadarmo.\u201c Nakonec dokonce p\u0159ich\u00e1z\u00ed o pen\u00edze. \u201eU\u017e tohle dlouho nevydr\u017e\u00edm. Ceny pohonn\u00fdch hmot n\u00e1s ni\u010d\u00ed! Nal\u00e9hav\u011b pot\u0159ebujeme \u00falevu \u2013 jako v It\u00e1lii.\u201c<\/span><\/p>\n<p><span dir=\"auto\">V It\u00e1lii byla da\u0148ov\u00e1 \u00faleva pr\u00e1v\u011b prodlou\u017eena do 1. kv\u011btna. N\u011bmeck\u00e1 vl\u00e1da, kter\u00e1 je zn\u00e1m\u00e1 svou ne\u010dinnost\u00ed, se v\u0161ak \u0159\u00edd\u00ed heslem \u201epomalu a jist\u011b vyhr\u00e1v\u00e1 z\u00e1vod\u201c. Po Velikonoc\u00edch hodlaj\u00ed podle zdroj\u016f z Berl\u00edna \u201ediskutovat\u201c o dal\u0161\u00edch opat\u0159en\u00edch.<\/span><\/p>\n<p><span dir=\"auto\">&#8222;D\u00cdKY&#8220; TI TAK\u00c9 ZA TEN PALIVOV\u00dd NERED, TY LOUZERE!<\/span><\/p>\n<p><em><span dir=\"auto\">Koment\u00e1\u0159 se poprv\u00e9 objevil v den\u00edku Deutschlandkurier<\/span><\/em><\/p>\n<p>&nbsp;<\/p>\n","protected":false},"excerpt":{"rendered":"<p>N\u011bmci jsou zn\u00e1m\u00ed svou dobrosrde\u010dnost\u00ed (n\u011bkte\u0159\u00ed tomu \u0159\u00edkaj\u00ed \u00facta k autorit\u00e1m) \u2013 ale vzhledem k&#8230;<\/p>\n","protected":false},"author":2,"featured_media":103988,"comment_status":"closed","ping_status":"closed","sticky":false,"template":"","format":"standard","meta":[],"categories":[7],"tags":[1257,1907,84,815],"_links":{"self":[{"href":"https:\/\/www.infokuryr.cz\/n\/wp-json\/wp\/v2\/posts\/103987"}],"collection":[{"href":"https:\/\/www.infokuryr.cz\/n\/wp-json\/wp\/v2\/posts"}],"about":[{"href":"https:\/\/www.infokuryr.cz\/n\/wp-json\/wp\/v2\/types\/post"}],"author":[{"embeddable":true,"href":"https:\/\/www.infokuryr.cz\/n\/wp-json\/wp\/v2\/users\/2"}],"replies":[{"embeddable":true,"href":"https:\/\/www.infokuryr.cz\/n\/wp-json\/wp\/v2\/comments?post=103987"}],"version-history":[{"count":0,"href":"https:\/\/www.infokuryr.cz\/n\/wp-json\/wp\/v2\/posts\/103987\/revisions"}],"wp:featuredmedia":[{"embeddable":true,"href":"https:\/\/www.infokuryr.cz\/n\/wp-json\/wp\/v2\/media\/103988"}],"wp:attachment":[{"href":"https:\/\/www.infokuryr.cz\/n\/wp-json\/wp\/v2\/media?parent=103987"}],"wp:term":[{"taxonomy":"category","embeddable":true,"href":"https:\/\/www.infokuryr.cz\/n\/wp-json\/wp\/v2\/categories?post=103987"},{"taxonomy":"post_tag","embeddable":true,"href":"https:\/\/www.infokuryr.cz\/n\/wp-json\/wp\/v2\/tags?post=103987"}],"curies":[{"name":"wp","href":"https:\/\/api.w.org\/{rel}","templated":true}]}}