{"id":103977,"date":"2026-04-08T00:18:43","date_gmt":"2026-04-07T22:18:43","guid":{"rendered":"https:\/\/www.infokuryr.cz\/n\/?p=103977"},"modified":"2026-04-07T12:36:03","modified_gmt":"2026-04-07T10:36:03","slug":"co-nam-pruzkumy-o-vakcinach-skutecne-odhaluji","status":"publish","type":"post","link":"https:\/\/www.infokuryr.cz\/n\/2026\/04\/08\/co-nam-pruzkumy-o-vakcinach-skutecne-odhaluji\/","title":{"rendered":"Co n\u00e1m pr\u016fzkumy o vakc\u00edn\u00e1ch skute\u010dn\u011b odhaluj\u00ed"},"content":{"rendered":"<div id=\"fb-root\"><\/div>\n<div class=\"elementor-element elementor-element-1fb4c2c elementor-widget elementor-widget-theme-post-content\" data-id=\"1fb4c2c\" data-element_type=\"widget\" data-e-type=\"widget\" data-widget_type=\"theme-post-content.default\">\n<div class=\"elementor-widget-container\">\n<p class=\"has-medium-font-size\"><strong><span dir=\"auto\">Jeden z nejv\u011bt\u0161\u00edch americk\u00fdch p\u0159\u00edb\u011bh\u016f se n\u00e1m mo\u017en\u00e1 skr\u00fdv\u00e1 p\u0159\u00edmo p\u0159ed o\u010dima.<\/span><\/strong><\/p>\n<p><em><span dir=\"auto\">N\u00e1sleduj\u00edc\u00ed informace vych\u00e1zej\u00ed ze zpr\u00e1vy p\u016fvodn\u011b publikovan\u00e9 \u010dasopisem A Midwestern Doctor. Kl\u00ed\u010dov\u00e9 podrobnosti byly zkr\u00e1ceny a upraveny pro lep\u0161\u00ed srozumitelnost a lep\u0161\u00ed p\u016fsobivost.\u00a0<\/span><\/em><a href=\"https:\/\/www.midwesterndoctor.com\/p\/polling-reveals-a-profound-shift\" target=\"_blank\" rel=\"noreferrer noopener\"><em><span dir=\"auto\">P\u016fvodn\u00ed zpr\u00e1vu si m\u016f\u017eete p\u0159e\u010d\u00edst zde<\/span><\/em><\/a><em><span dir=\"auto\">\u00a0.<\/span><\/em><\/p>\n<p><span dir=\"auto\">CDC nikdy necht\u011blo, abyste vid\u011bli tato data o \u201evakc\u00edn\u011b\u201c proti COVIDu.<\/span><\/p>\n<p><span dir=\"auto\">Jejich vlastn\u00ed syst\u00e9m monitorov\u00e1n\u00ed bezpe\u010dnosti vakc\u00edn v\u0161ak odhaluje, \u017ee tvrzen\u00ed \u201ebezpe\u010dn\u00e9 a \u00fa\u010dinn\u00e9\u201c byla le\u017e.<\/span><\/p>\n<p><span dir=\"auto\">Pokud by lid\u00e9 poci\u0165ovali v\u00edce ne\u017e jen \u201ebolest v pa\u017ei\u201c, mohli by v textov\u00e9m poli popsat, co se stalo.<\/span><\/p>\n<p><span dir=\"auto\">Jejich odpov\u011bdi byly \u0161okuj\u00edc\u00ed.<\/span><\/p>\n<p><strong><span dir=\"auto\">Z 390 000 polo\u017eek voln\u00e9ho textu p\u0159inesla data V-Safe od CDC n\u00e1sleduj\u00edc\u00ed:<\/span><\/strong><\/p>\n<p><span dir=\"auto\">\u2022 1 z 1 300 lid\u00ed uvedlo, \u017ee v prvn\u00edch n\u011bkolika dnech po o\u010dkov\u00e1n\u00ed trp\u00ed Bellovou obrnou (ochrnut\u00edm obli\u010deje).<\/span><\/p>\n<p><span dir=\"auto\">\u2022 1 z 906 osob hl\u00e1sila po o\u010dkov\u00e1n\u00ed poruchy norm\u00e1ln\u00edho menstrua\u010dn\u00edho cyklu.<\/span><\/p>\n<p><span dir=\"auto\">\u2022 1 ze 450 lid\u00ed \u00fadajn\u011b trp\u011bl p\u00e1sov\u00fdm oparem po o\u010dkov\u00e1n\u00ed.<\/span><\/p>\n<p><span dir=\"auto\">\u2022 1 ze 160 lid\u00ed hl\u00e1silo tinnitus nebo zvon\u011bn\u00ed v u\u0161\u00edch.<\/span><\/p>\n<p><span dir=\"auto\">\u2022 B\u011bhem prvn\u00edho sledovan\u00e9ho obdob\u00ed trp\u011bla po o\u010dkov\u00e1n\u00ed 1 ze 143 osob bu\u0161en\u00edm srdce.<\/span><\/p>\n<p><span dir=\"auto\">\u201eBezpe\u010dn\u00e9 a \u00fa\u010dinn\u00e9\u201c?<\/span><\/p>\n<p><span dir=\"auto\">Pr\u00e1vn\u00edk Aaron Siri poznamenal: \u201eMysl\u00edm, \u017ee to odr\u00e1\u017e\u00ed d\u016fvod, pro\u010d CDC tak usilovn\u011b bojovalo, proto\u017ee tohle je pravd\u011bpodobn\u011b nejlep\u0161\u00ed vyj\u00e1d\u0159en\u00ed toho, jak vypad\u00e1 skute\u010dn\u00fd bezpe\u010dnostn\u00ed profil.\u201c<\/span><\/p>\n<p><span dir=\"auto\">Kdy\u017e instituce ned\u016fv\u011b\u0159uj\u00ed ani sv\u00fdm vlastn\u00edm dat\u016fm, v podstat\u011b t\u00edm \u0159\u00edkaj\u00ed, \u017ee nev\u011b\u0159\u00ed V\u00c1M, \u017ee budete \u010dinit rozhodnut\u00ed, kter\u00e1 od v\u00e1s o\u010dek\u00e1vaj\u00ed.<\/span><\/p>\n<p><span dir=\"auto\">Cht\u011bj\u00ed, abyste v\u011b\u0159ili, \u017ee jste \u201ebl\u00e1zni\u201c a v men\u0161in\u011b, pokud zpochyb\u0148ujete bezpe\u010dnost vakc\u00edn.<\/span><\/p>\n<p><span dir=\"auto\">Ale nejsi \u201ebl\u00e1zen\u201c.<\/span><\/p>\n<p><span dir=\"auto\">A skute\u010dn\u00e1 data z pr\u016fzkumu ukazuj\u00ed, \u017ee takov\u00fdch lid\u00ed, jako jste vy, je mnohem v\u00edc, ne\u017e si mysl\u00edte.<\/span><\/p>\n<div class=\"twitter-tweet twitter-tweet-rendered\"><iframe id=\"twitter-widget-0\" class=\"\" title=\"X Post\" src=\"https:\/\/platform.twitter.com\/embed\/Tweet.html?dnt=false&amp;embedId=twitter-widget-0&amp;features=eyJ0ZndfdGltZWxpbmVfbGlzdCI6eyJidWNrZXQiOltdLCJ2ZXJzaW9uIjpudWxsfSwidGZ3X2ZvbGxvd2VyX2NvdW50X3N1bnNldCI6eyJidWNrZXQiOnRydWUsInZlcnNpb24iOm51bGx9LCJ0ZndfdHdlZXRfZWRpdF9iYWNrZW5kIjp7ImJ1Y2tldCI6Im9uIiwidmVyc2lvbiI6bnVsbH0sInRmd19yZWZzcmNfc2Vzc2lvbiI6eyJidWNrZXQiOiJvbiIsInZlcnNpb24iOm51bGx9LCJ0ZndfZm9zbnJfc29mdF9pbnRlcnZlbnRpb25zX2VuYWJsZWQiOnsiYnVja2V0Ijoib24iLCJ2ZXJzaW9uIjpudWxsfSwidGZ3X21peGVkX21lZGlhXzE1ODk3Ijp7ImJ1Y2tldCI6InRyZWF0bWVudCIsInZlcnNpb24iOm51bGx9LCJ0ZndfZXhwZXJpbWVudHNfY29va2llX2V4cGlyYXRpb24iOnsiYnVja2V0IjoxMjA5NjAwLCJ2ZXJzaW9uIjpudWxsfSwidGZ3X3Nob3dfYmlyZHdhdGNoX3Bpdm90c19lbmFibGVkIjp7ImJ1Y2tldCI6Im9uIiwidmVyc2lvbiI6bnVsbH0sInRmd19kdXBsaWNhdGVfc2NyaWJlc190b19zZXR0aW5ncyI6eyJidWNrZXQiOiJvbiIsInZlcnNpb24iOm51bGx9LCJ0ZndfdXNlX3Byb2ZpbGVfaW1hZ2Vfc2hhcGVfZW5hYmxlZCI6eyJidWNrZXQiOiJvbiIsInZlcnNpb24iOm51bGx9LCJ0ZndfdmlkZW9faGxzX2R5bmFtaWNfbWFuaWZlc3RzXzE1MDgyIjp7ImJ1Y2tldCI6InRydWVfYml0cmF0ZSIsInZlcnNpb24iOm51bGx9LCJ0ZndfbGVnYWN5X3RpbWVsaW5lX3N1bnNldCI6eyJidWNrZXQiOnRydWUsInZlcnNpb24iOm51bGx9LCJ0ZndfdHdlZXRfZWRpdF9mcm9udGVuZCI6eyJidWNrZXQiOiJvbiIsInZlcnNpb24iOm51bGx9fQ%3D%3D&amp;frame=false&amp;hideCard=false&amp;hideThread=false&amp;id=2037616733318525329&amp;lang=cs&amp;maxWidth=560px&amp;origin=https%3A%2F%2Funcutnews.ch%2Fwas-uns-umfragen-zum-thema-impfstoffe-wirklich-verraten%2F&amp;sessionId=f1424a0b89e4d11263deaaccf55a2db960856dc9&amp;theme=light&amp;widgetsVersion=2615f7e52b7e0%3A1702314776716&amp;width=550px\" frameborder=\"0\" scrolling=\"no\" allowfullscreen=\"allowfullscreen\" data-tweet-id=\"2037616733318525329\" data-mce-fragment=\"1\"><\/iframe><\/div>\n<p><span dir=\"auto\">RFK Jr. byl ned\u00e1vno hostem v po\u0159adu Joea Rogana\u2026 A t\u00e9ma vakc\u00edn nezm\u00ednil.<\/span><\/p>\n<p><span dir=\"auto\">Pro hnut\u00ed zalo\u017een\u00e9 na l\u00e9ka\u0159sk\u00e9 svobod\u011b, transparentnosti a \u0159e\u0161en\u00ed jednoho z nejkontroverzn\u011bj\u0161\u00edch probl\u00e9m\u016f modern\u00ed medic\u00edny\u00a0<\/span><strong><span dir=\"auto\">bylo toto ml\u010den\u00ed t\u011b\u017ekou ranou.<\/span><\/strong><\/p>\n<p><span dir=\"auto\">Proto\u017ee pro mnoho lid\u00ed to nen\u00ed jen jedno t\u00e9ma z mnoha.<\/span><\/p>\n<p><span dir=\"auto\">To je skute\u010dn\u00fd d\u016fvod, pro\u010d jsou tady.<\/span><\/p>\n<p><span dir=\"auto\">A nikdy jsme nebyli bl\u00ed\u017ee zm\u011bn\u011b ne\u017e te\u010f.\u00a0<\/span><strong><span dir=\"auto\">Tak pro\u010d to ticho?<\/span><\/strong><\/p>\n<figure class=\"wp-block-embed aligncenter is-type-video is-provider-youtube wp-block-embed-youtube wp-embed-aspect-16-9 wp-has-aspect-ratio\">\n<div class=\"wp-block-embed__wrapper\"><iframe loading=\"lazy\" title=\"Z\u00e1\u017eitek Joea Rogana \u010d. 2461 - Robert F. Kennedy ml.\" src=\"https:\/\/www.youtube.com\/embed\/wk7DQom821s?feature=oembed\" width=\"800\" height=\"450\" frameborder=\"0\" allowfullscreen=\"allowfullscreen\" data-mce-fragment=\"1\"><\/iframe><\/div>\n<\/figure>\n<p><span dir=\"auto\">Lid\u00e9 se za t\u00edmto rostouc\u00edm hnut\u00edm nestav\u00ed, proto\u017ee je ne\u0161kodn\u00e9.<\/span><\/p>\n<p><span dir=\"auto\">Postavili se za ni, proto\u017ee v\u011b\u0159\u00ed, \u017ee se n\u011bco skute\u010dn\u00e9ho d\u011bje lidem ze v\u0161ech spole\u010densk\u00fdch vrstev. A \u017ee k vy\u0159e\u0161en\u00ed probl\u00e9mu pot\u0159ebujeme skute\u010dnou zm\u011bnu. A rychlou.<\/span><\/p>\n<p><span dir=\"auto\">A\u017e doned\u00e1vna to nikdo u moci nebyl ochoten \u0159\u00edct nahlas. Ve skute\u010dnosti v\u017edycky \u0159\u00edkaj\u00ed prav\u00fd opak.<\/span><\/p>\n<p><span dir=\"auto\">Tak\u017ee pokud se na jedn\u00e9 z nejv\u011bt\u0161\u00edch sv\u011btov\u00fdch platforem naskytne p\u0159\u00edle\u017eitost, ale chv\u00edle promluvit pomine&#8230; pak si toho lid\u00e9 v\u0161imnou.<\/span><\/p>\n<p><span dir=\"auto\">Zde je nep\u0159\u00edjemn\u00e1 pravda, kter\u00e1 se skr\u00fdv\u00e1 za n\u011bkter\u00fdmi nap\u011bt\u00edmi:<\/span><\/p>\n<p><span dir=\"auto\">Data, na kter\u00e1 se lid\u00e9 spol\u00e9haj\u00ed, aby pochopili vakc\u00edny, nejsou tak jednozna\u010dn\u00e1, jak se prezentuj\u00ed.<\/span><\/p>\n<p><strong><span dir=\"auto\">Nikdy nebyli.<\/span><\/strong><\/p>\n<p><span dir=\"auto\">A jakmile uvid\u00edte, jak jsou tvarov\u00e1ny, filtrov\u00e1ny a um\u00edst\u011bny do konkr\u00e9tn\u00edho r\u00e1me\u010dku\u2026<\/span><\/p>\n<p><span dir=\"auto\">Pak si uv\u011bdom\u00edte, jak snadno se m\u016f\u017eete nechat zm\u00e1st, ani\u017e byste si toho v\u0161imli.<\/span><\/p>\n<p><span dir=\"auto\">A jakmile uvid\u00edte, jak tato manipulace p\u0159\u00edmo ubl\u00ed\u017eila nespo\u010dtu lid\u00ed, opravdu s t\u00edm chcete n\u011bco ud\u011blat.<\/span><\/p>\n<p><span dir=\"auto\">V\u011bt\u0161ina lid\u00ed p\u0159edpokl\u00e1d\u00e1, \u017ee data jsou neutr\u00e1ln\u00ed.<\/span><\/p>\n<p><strong><span dir=\"auto\">Nejsou.<\/span><\/strong><span dir=\"auto\">\u00a0Ani v nejmen\u0161\u00edm.<\/span><\/p>\n<p><span dir=\"auto\">Data lze vyb\u00edrat. Definice lze m\u011bnit. \u010casov\u00e1 obdob\u00ed lze zkracovat. Kategorie lze vylou\u010dit.<\/span><\/p>\n<p><span dir=\"auto\">A ot\u00e1zky lze formulovat tak, aby nen\u00e1padn\u011b ovliv\u0148ovaly v\u00fdsledek.<\/span><\/p>\n<p><span dir=\"auto\">Pro ovl\u00e1d\u00e1n\u00ed displeje nemus\u00edte ani fal\u0161ovat \u010d\u00edsla.<\/span><\/p>\n<p><span dir=\"auto\">Sta\u010d\u00ed se jen rozhodnout, co se bude po\u010d\u00edt\u00e1vat a co ignorovat.<\/span><\/p>\n<p><span dir=\"auto\">A jak je prezentov\u00e1n kone\u010dn\u00fd v\u00fdsledek.<\/span><\/p>\n<p><strong><span dir=\"auto\">U\u017e jen to m\u016f\u017ee zcela zm\u011bnit vn\u00edm\u00e1n\u00ed pravdy lidmi.<\/span><\/strong><\/p>\n<p><span dir=\"auto\">A kdy\u017e to spoj\u00edte s autoritou\u2026<\/span><\/p>\n<p><span dir=\"auto\">Kdy\u017e instituce tvrd\u00ed: \u201eTo je jistota\u201c\u2026<\/span><\/p>\n<p><span dir=\"auto\">Kdy\u017e to doslova v\u0161echna m\u00e9dia potvrzuj\u00ed\u2026<\/span><\/p>\n<p><span dir=\"auto\">Pak se objev\u00ed n\u011bco, co\u00a0<\/span><strong><span dir=\"auto\">je je\u0161t\u011b siln\u011bj\u0161\u00ed ne\u017e dezinformace.<\/span><\/strong><\/p>\n<p><span dir=\"auto\">Pak se vytvo\u0159\u00ed um\u011bl\u00fd konsenzus.<\/span><\/p>\n<p><span dir=\"auto\">Tehdy za\u010d\u00edn\u00e1 ten zvl\u00e1\u0161tn\u00ed pocit.<\/span><\/p>\n<p><span dir=\"auto\">Ten zvl\u00e1\u0161tn\u00ed rozpor, o kter\u00e9m lid\u00e9 mluv\u00ed.<\/span><\/p>\n<p><span dir=\"auto\">Vid\u00edte, \u017ee se kolem v\u00e1s d\u011bj\u00ed v\u011bci, a sly\u0161\u00edte p\u0159\u00edb\u011bhy od lid\u00ed, kter\u00fdm d\u016fv\u011b\u0159ujete, ale v\u0161echny \u201eofici\u00e1ln\u00ed\u201c zdroje tvrd\u00ed, \u017ee se to d\u011bje vz\u00e1cn\u011b, bezv\u00fdznamn\u011b nebo se to v\u016fbec ned\u011bje.<\/span><\/p>\n<p><span dir=\"auto\">To by \u010dlov\u011bka skoro dohnalo k \u0161\u00edlenstv\u00ed.<\/span><\/p>\n<p><span dir=\"auto\">V\u011bt\u0161ina lid\u00ed v\u011b\u0159\u00ed, \u017ee fakta jsou prok\u00e1z\u00e1na.\u00a0<\/span><strong><span dir=\"auto\">Nejsou.<\/span><\/strong><\/p>\n<p><span dir=\"auto\">\u010c\u00edsla, kter\u00e1 pr\u00e1v\u011b uvid\u00edte, vypov\u00eddaj\u00ed \u00fapln\u011b jin\u00fd p\u0159\u00edb\u011bh\u2026 p\u0159\u00edb\u011bh, kter\u00fd vysv\u011btluje, pro\u010d m\u00e1 tolik lid\u00ed pocit, \u017ee jim l\u017eou.<\/span><\/p>\n<p><span dir=\"auto\">To je gaslighting.<\/span><\/p>\n<p><span dir=\"auto\">\u0158\u00edkaj\u00ed v\u00e1m, \u017ee to, co vid\u00edte p\u0159\u00edmo p\u0159ed o\u010dima, ve skute\u010dnosti nen\u00ed skute\u010dn\u00e9.<\/span><\/p>\n<p><span dir=\"auto\">\u0158\u00edkaj\u00ed v\u00e1m, \u017ee va\u0161e obavy jsou iracion\u00e1ln\u00ed.<\/span><\/p>\n<p><span dir=\"auto\">\u0158\u00edkaj\u00ed ti, \u017ee jsi bl\u00e1zen \u2013 \u017ee v\u011b\u0159\u00ed\u0161 konspira\u010dn\u00edm teori\u00edm a propagand\u011b.<\/span><\/p>\n<p><span dir=\"auto\">A je v\u00e1m \u0159e\u010deno, abyste syst\u00e9mu d\u016fv\u011b\u0159ovali, i kdy\u017e va\u0161e vlastn\u00ed zku\u0161enosti ukazuj\u00ed opak.<\/span><\/p>\n<p><span dir=\"auto\">A \u010d\u00edm \u010dast\u011bji se to d\u011bje, t\u00edm v\u00edce lid\u00ed si klade velmi d\u016fle\u017eitou ot\u00e1zku:<\/span><\/p>\n<p><span dir=\"auto\">&#8222;Jak \u010dasto se to u\u017e stalo?&#8220;<\/span><\/p>\n<p><span dir=\"auto\">Proto\u017ee jakmile v\u00edte, \u017ee se to d\u011bje, a uvid\u00edte to na vlastn\u00ed o\u010di&#8230;\u00a0<\/span><strong><span dir=\"auto\">nem\u016f\u017eete to dostat z hlavy.<\/span><\/strong><\/p>\n<p><span dir=\"auto\">D\u00e1 se syst\u00e9mu je\u0161t\u011b n\u011bkdy znovu v\u011b\u0159it?<\/span><\/p>\n<p><span dir=\"auto\">P\u0159esn\u011b proto jsou momenty jako ten v tomto videu tak d\u016fle\u017eit\u00e9.<\/span><\/p>\n<p><span dir=\"auto\">Kdy\u017e n\u011bkdo v re\u00e1ln\u00e9m \u010dase rozporuje sc\u00e9n\u00e1\u0159 a zpochyb\u0148uje ho, m\u00edsto aby ho jednodu\u0161e opakoval, lid\u00e9 tuto zm\u011bnu okam\u017eit\u011b vyc\u00edt\u00ed.<\/span><\/p>\n<p><span dir=\"auto\">Proto\u017ee tohle bo\u0159\u00ed iluzi. A u\u017e v tom nejsi s\u00e1m.<\/span><\/p>\n<div class=\"twitter-tweet twitter-tweet-rendered\"><iframe id=\"twitter-widget-1\" class=\"\" title=\"X Post\" src=\"https:\/\/platform.twitter.com\/embed\/Tweet.html?dnt=false&amp;embedId=twitter-widget-1&amp;features=eyJ0ZndfdGltZWxpbmVfbGlzdCI6eyJidWNrZXQiOltdLCJ2ZXJzaW9uIjpudWxsfSwidGZ3X2ZvbGxvd2VyX2NvdW50X3N1bnNldCI6eyJidWNrZXQiOnRydWUsInZlcnNpb24iOm51bGx9LCJ0ZndfdHdlZXRfZWRpdF9iYWNrZW5kIjp7ImJ1Y2tldCI6Im9uIiwidmVyc2lvbiI6bnVsbH0sInRmd19yZWZzcmNfc2Vzc2lvbiI6eyJidWNrZXQiOiJvbiIsInZlcnNpb24iOm51bGx9LCJ0ZndfZm9zbnJfc29mdF9pbnRlcnZlbnRpb25zX2VuYWJsZWQiOnsiYnVja2V0Ijoib24iLCJ2ZXJzaW9uIjpudWxsfSwidGZ3X21peGVkX21lZGlhXzE1ODk3Ijp7ImJ1Y2tldCI6InRyZWF0bWVudCIsInZlcnNpb24iOm51bGx9LCJ0ZndfZXhwZXJpbWVudHNfY29va2llX2V4cGlyYXRpb24iOnsiYnVja2V0IjoxMjA5NjAwLCJ2ZXJzaW9uIjpudWxsfSwidGZ3X3Nob3dfYmlyZHdhdGNoX3Bpdm90c19lbmFibGVkIjp7ImJ1Y2tldCI6Im9uIiwidmVyc2lvbiI6bnVsbH0sInRmd19kdXBsaWNhdGVfc2NyaWJlc190b19zZXR0aW5ncyI6eyJidWNrZXQiOiJvbiIsInZlcnNpb24iOm51bGx9LCJ0ZndfdXNlX3Byb2ZpbGVfaW1hZ2Vfc2hhcGVfZW5hYmxlZCI6eyJidWNrZXQiOiJvbiIsInZlcnNpb24iOm51bGx9LCJ0ZndfdmlkZW9faGxzX2R5bmFtaWNfbWFuaWZlc3RzXzE1MDgyIjp7ImJ1Y2tldCI6InRydWVfYml0cmF0ZSIsInZlcnNpb24iOm51bGx9LCJ0ZndfbGVnYWN5X3RpbWVsaW5lX3N1bnNldCI6eyJidWNrZXQiOnRydWUsInZlcnNpb24iOm51bGx9LCJ0ZndfdHdlZXRfZWRpdF9mcm9udGVuZCI6eyJidWNrZXQiOiJvbiIsInZlcnNpb24iOm51bGx9fQ%3D%3D&amp;frame=false&amp;hideCard=false&amp;hideThread=false&amp;id=2037618940424208489&amp;lang=cs&amp;maxWidth=560px&amp;origin=https%3A%2F%2Funcutnews.ch%2Fwas-uns-umfragen-zum-thema-impfstoffe-wirklich-verraten%2F&amp;sessionId=f1424a0b89e4d11263deaaccf55a2db960856dc9&amp;theme=light&amp;widgetsVersion=2615f7e52b7e0%3A1702314776716&amp;width=550px\" frameborder=\"0\" scrolling=\"no\" allowfullscreen=\"allowfullscreen\" data-tweet-id=\"2037618940424208489\" data-mce-fragment=\"1\"><\/iframe><\/div>\n<p><span dir=\"auto\">Nyn\u00ed p\u0159idejte data, kter\u00e1 byla shrom\u00e1\u017ed\u011bna mimo tradi\u010dn\u00ed kan\u00e1ly.<\/span><\/p>\n<p><span dir=\"auto\">Pr\u016fzkumy Steva Kirsche z let 2022 a 2024.<\/span><\/p>\n<p><span dir=\"auto\">V\u00fdzkum Marka Skidmora.<\/span><\/p>\n<p><span dir=\"auto\">Nez\u00e1visl\u00e9 pr\u016fzkumy, kter\u00e9 kladou ot\u00e1zky, se kter\u00fdm se mnoho instituc\u00ed vyh\u00fdb\u00e1.<\/span><\/p>\n<p><span dir=\"auto\">Objevuje se zcela jin\u00fd obraz.<\/span><\/p>\n<figure class=\"wp-block-image aligncenter size-large\"><img decoding=\"async\" loading=\"lazy\" class=\"aligncenter\" src=\"https:\/\/substackcdn.com\/image\/fetch\/$s_!0sAs!,w_1456,c_limit,f_webp,q_auto:good,fl_progressive:steep\/https%3A%2F%2Fbucketeer-e05bbc84-baa3-437e-9518-adb32be77984.s3.amazonaws.com%2Fpublic%2Fimages%2Ff1960673-3950-4952-96ee-2b292cc6215a_1124x158.png\" alt=\"\" width=\"1024\" height=\"144\" \/><\/figure>\n<p><span dir=\"auto\">Data jsou velmi v\u00fdmluvn\u00e1. Nap\u0159\u00ed\u010d n\u011bkolika datov\u00fdmi sadami:<\/span><\/p>\n<p><span dir=\"auto\">Mezi 9 % a 34 % o\u010dkovan\u00fdch proti COVIDu hl\u00e1silo ne\u017e\u00e1douc\u00ed \u00fa\u010dinky.<\/span><\/p>\n<p><span dir=\"auto\">Z\u00e1va\u017en\u00e9 ne\u017e\u00e1douc\u00ed \u00fa\u010dinky hl\u00e1silo 7 % a\u017e 13 % pacient\u016f.<\/span><\/p>\n<p><span dir=\"auto\">7,5 % a\u017e 22 % uvedlo, \u017ee znaj\u00ed n\u011bkoho, kdo utrp\u011bl v\u00e1\u017en\u00e9 zran\u011bn\u00ed v d\u016fsledku o\u010dkov\u00e1n\u00ed.<\/span><\/p>\n<p><strong><span dir=\"auto\">A 24 % a\u017e 28 % uvedlo, \u017ee znaj\u00ed n\u011bkoho, o kom si mysl\u00ed, \u017ee v d\u016fsledku o\u010dkov\u00e1n\u00ed zem\u0159el.<\/span><\/strong><\/p>\n<p><span dir=\"auto\">Je\u0161t\u011b v\u00edce vynik\u00e1 dal\u0161\u00ed \u010d\u00edslo:<\/span><\/p>\n<p><span dir=\"auto\">46 % a\u017e 55 % respondent\u016f uvedlo, \u017ee se domn\u00edvaj\u00ed, \u017ee vakc\u00edny proti COVID-19 zp\u016fsobily v\u00fdznamn\u00fd po\u010det \u00famrt\u00ed.<\/span><\/p>\n<p><span dir=\"auto\">Nejedn\u00e1 se o margin\u00e1ln\u00ed pod\u00edl.<\/span><\/p>\n<p><span dir=\"auto\">Nejedn\u00e1 se o malou men\u0161inu.<\/span><\/p>\n<p><strong><span dir=\"auto\">To je obrovsk\u00e1 \u010d\u00e1st populace.<\/span><\/strong><\/p>\n<p><span dir=\"auto\">Tato \u010d\u00edsla by ani nem\u011bla existovat.<\/span><\/p>\n<p><span dir=\"auto\">A p\u0159esto se st\u00e1le objevuj\u00ed v \u00fapln\u011b jin\u00fdch datov\u00fdch sad\u00e1ch.<\/span><\/p>\n<p><span dir=\"auto\">\u010c\u00edm hloub\u011bji se \u010dlov\u011bk do t\u00e9matu pono\u0159\u00ed, t\u00edm obt\u00ed\u017en\u011bj\u0161\u00ed je jednodu\u0161e odm\u00edtnout zpr\u00e1vy posti\u017een\u00fdch.<\/span><\/p>\n<p><span dir=\"auto\">Studie Marka Skidmora odhaduje, \u017ee miliony Ameri\u010dan\u016f mohly za\u017e\u00edt z\u00e1va\u017en\u00e9 vedlej\u0161\u00ed \u00fa\u010dinky.<\/span><\/p>\n<p><span dir=\"auto\">A bez ohledu na to, zda s ka\u017ed\u00fdm p\u0159edpokladem souhlas\u00edte, nebo ne\u2026<\/span><\/p>\n<p><span dir=\"auto\">U\u017e jen samotn\u00fd rozsah t\u00e9to debaty vyvol\u00e1v\u00e1 ot\u00e1zku:\u00a0<\/span><strong><span dir=\"auto\">Pro\u010d se s touto debatou zach\u00e1z\u00ed, jako by sotva existovala?<\/span><\/strong><\/p>\n<figure class=\"wp-block-image aligncenter size-large\"><img decoding=\"async\" loading=\"lazy\" class=\"aligncenter\" src=\"https:\/\/substackcdn.com\/image\/fetch\/$s_!K0l-!,w_1456,c_limit,f_webp,q_auto:good,fl_progressive:steep\/https%3A%2F%2Fsubstack-post-media.s3.amazonaws.com%2Fpublic%2Fimages%2F77164c30-7cc8-45cb-9a59-c78990cd9871_1588x1860.png\" alt=\"\" width=\"692\" height=\"810\" \/><\/figure>\n<p><span dir=\"auto\">Toto je d\u016fle\u017eit\u00e9 pozn\u00e1n\u00ed, kter\u00e9 si mnoho lid\u00ed pot\u0159ebuje uv\u011bdomit:<\/span><\/p>\n<p><strong><span dir=\"auto\">Data ukazuj\u00ed, \u017ee jste se nezbl\u00e1znil.<\/span><\/strong><\/p>\n<p><span dir=\"auto\">A i kdy\u017e o tom m\u00e9dia neinformuj\u00ed, v\u011bt\u0161ina lid\u00ed vid\u011bla p\u0159esn\u011b tot\u00e9\u017e co vy.<\/span><\/p>\n<p><span dir=\"auto\">Proto tento probl\u00e9m jen tak nezmiz\u00ed.<\/span><\/p>\n<p><span dir=\"auto\">Propaganda m\u00e1 sv\u00e9 meze.<\/span><\/p>\n<p><span dir=\"auto\">Je mo\u017en\u00e9 ovlivnit vn\u00edm\u00e1n\u00ed na chv\u00edli.<\/span><\/p>\n<p><span dir=\"auto\">Diskuse mohou b\u00fdt utlumen\u00e9.<\/span><\/p>\n<p><span dir=\"auto\">M\u016f\u017eete p\u0159i\u0159azovat \u0161t\u00edtky a zav\u00edrat polo\u017eky.<\/span><\/p>\n<p><span dir=\"auto\">Ale jakmile dostatek lid\u00ed za\u017eije n\u011bco na vlastn\u00ed k\u016f\u017ei\u2026 p\u0159\u00edb\u011bh se za\u010dne hroutit.<\/span><\/p>\n<p><span dir=\"auto\">A p\u0159esn\u011b to pr\u016fzkumy ukazuj\u00ed.<\/span><\/p>\n<p><span dir=\"auto\">\u010cetn\u00e9 velk\u00e9 pr\u016fzkumy ukazuj\u00ed kolaps d\u016fv\u011bry a pokles sebev\u011bdom\u00ed.<\/span><\/p>\n<p><span dir=\"auto\">Propast mezi ofici\u00e1ln\u00edmi prohl\u00e1\u0161en\u00edmi a ve\u0159ejn\u00fdm m\u00edn\u011bn\u00edm se st\u00e1le zv\u011bt\u0161uje \u2013 a to rychle.<\/span><\/p>\n<p><span dir=\"auto\">Pr\u016fzkum organizace JAMA mezi 443 455 dosp\u011bl\u00fdmi Ameri\u010dany zjistil, \u017ee d\u016fv\u011bra v l\u00e9ka\u0159e a nemocnice\u00a0klesla ze\u00a0<\/span><strong><span dir=\"auto\">71,5 %<\/span><\/strong><span dir=\"auto\">\u00a0v dubnu 2020 na\u00a0<\/span><strong><span dir=\"auto\">40,1 % v lednu 2024.<\/span><\/strong><\/p>\n<p><span dir=\"auto\">To nen\u00ed mal\u00e1 zm\u011bna. To je kolaps institucion\u00e1ln\u00ed d\u016fv\u011bryhodnosti.<\/span><\/p>\n<p><span dir=\"auto\">V\u00fdzkumn\u00fd t\u00fdm Pew zjistil n\u00e1sleduj\u00edc\u00ed:<\/span><\/p>\n<ul>\n<li><span dir=\"auto\">Pouze\u00a0<\/span><strong><span dir=\"auto\">57 %<\/span><\/strong><span dir=\"auto\">\u00a0m\u00e1 velkou d\u016fv\u011bru v \u00fa\u010dinnost o\u010dkov\u00e1n\u00ed u d\u011bt\u00ed.<\/span><\/li>\n<li><span dir=\"auto\">Pouze\u00a0<\/span><strong><span dir=\"auto\">44 %<\/span><\/strong><span dir=\"auto\">\u00a0pova\u017euje bezpe\u010dnostn\u00ed kontroly za vhodn\u00e9.<\/span><\/li>\n<li><span dir=\"auto\">Pouze\u00a0<\/span><strong><span dir=\"auto\">41 %<\/span><\/strong><span dir=\"auto\">\u00a0pln\u011b d\u016fv\u011b\u0159uje o\u010dkovac\u00edmu pl\u00e1nu CDC.<\/span><\/li>\n<\/ul>\n<p><span dir=\"auto\">Mezi republik\u00e1ny jsou tato \u010d\u00edsla je\u0161t\u011b ni\u017e\u0161\u00ed.<\/span><\/p>\n<p><span dir=\"auto\">Pr\u016fzkumy spole\u010dnost\u00ed Gallup a KFF ukazuj\u00ed podobn\u00e9 trendy.<\/span><\/p>\n<ul>\n<li><span dir=\"auto\">Podpora povinn\u00e9ho o\u010dkov\u00e1n\u00ed klesla.<\/span><\/li>\n<li><span dir=\"auto\">D\u016fv\u011bra ve farmaceutick\u00e9 spole\u010dnosti prudce klesla.<\/span><\/li>\n<li><span dir=\"auto\">Negativn\u00ed n\u00e1zory nyn\u00ed jednozna\u010dn\u011b p\u0159eva\u017euj\u00ed nad pozitivn\u00edmi.<\/span><\/li>\n<\/ul>\n<figure class=\"wp-block-image aligncenter size-large\"><img decoding=\"async\" loading=\"lazy\" class=\"aligncenter\" src=\"https:\/\/substackcdn.com\/image\/fetch\/$s_!I0xN!,w_1456,c_limit,f_webp,q_auto:good,fl_progressive:steep\/https%3A%2F%2Fsubstack-post-media.s3.amazonaws.com%2Fpublic%2Fimages%2F389bf5c9-e182-4b24-880e-7cc9cab1ff7a_752x422.avif\" alt=\"\" width=\"501\" height=\"281\" \/><\/figure>\n<p><span dir=\"auto\">K tomu doch\u00e1z\u00ed, kdy\u017e se realita a sd\u011blen\u00ed p\u0159\u00edli\u0161 rozch\u00e1zej\u00ed \u2013 a d\u011blaj\u00ed to u\u017e p\u0159\u00edli\u0161 dlouho.<\/span><\/p>\n<p><span dir=\"auto\">Lid\u00e9 nakonec ztrat\u00ed d\u016fv\u011bru v posla.<\/span><\/p>\n<p><span dir=\"auto\">A p\u0159esn\u011b tam, kde se pr\u00e1v\u011b te\u010f nach\u00e1z\u00edme, jsme.<\/span><\/p>\n<figure class=\"wp-block-image aligncenter size-large\"><img decoding=\"async\" loading=\"lazy\" class=\"aligncenter\" src=\"https:\/\/substackcdn.com\/image\/fetch\/$s_!R2Y2!,w_1456,c_limit,f_webp,q_auto:good,fl_progressive:steep\/https%3A%2F%2Fsubstack-post-media.s3.amazonaws.com%2Fpublic%2Fimages%2F96cc984d-37ba-413b-acbf-6feebf423806_723x800.avif\" alt=\"\" width=\"611\" height=\"676\" \/><\/figure>\n<p><span dir=\"auto\">Z\u00e1rove\u0148 pr\u016fzkumy priorit voli\u010d\u016f odhaluj\u00ed n\u011bco jin\u00e9ho: svoboda zdrav\u00ed a l\u00e9ka\u0159sk\u00e9 sebeur\u010den\u00ed jsou nesm\u00edrn\u011b d\u016fle\u017eit\u00e9 ot\u00e1zky.<\/span><\/p>\n<ul>\n<li><span dir=\"auto\">MAHA dos\u00e1hla\u00a0<\/span><strong><span dir=\"auto\">59,1 %<\/span><\/strong><span dir=\"auto\">\u00a0.<\/span><\/li>\n<li><span dir=\"auto\">To je v\u00edce ne\u017e MAGA s\u00a0<\/span><strong><span dir=\"auto\">45,8 %<\/span><\/strong><span dir=\"auto\">\u00a0.<\/span><\/li>\n<li><span dir=\"auto\">V\u00edce ne\u017e \u201eAmerica First\u201c s\u00a0<\/span><strong><span dir=\"auto\">54,4 %<\/span><\/strong><span dir=\"auto\">\u00a0.<\/span><\/li>\n<\/ul>\n<p><span dir=\"auto\">A stejn\u00fd obr\u00e1zek se objevuje i v p\u0159\u00edpad\u011b ot\u00e1zek t\u00fdkaj\u00edc\u00edch se politiky:<\/span><\/p>\n<ul>\n<li><strong><span dir=\"auto\">V\u00edce ne\u017e 50 %<\/span><\/strong><span dir=\"auto\">\u00a0podporuje zkr\u00e1cen\u00ed o\u010dkovac\u00edho kalend\u00e1\u0159e u d\u011bt\u00ed.<\/span><\/li>\n<li><span dir=\"auto\">V\u011bt\u0161ina podporuje zru\u0161en\u00ed pr\u00e1vn\u00ed imunity pro v\u00fdrobce.<\/span><\/li>\n<li><span dir=\"auto\">A velk\u00e1 \u010d\u00e1st z nich je pro omezen\u00ed povinn\u00e9ho o\u010dkov\u00e1n\u00ed.<\/span><\/li>\n<\/ul>\n<figure class=\"wp-block-image aligncenter size-large\"><img decoding=\"async\" loading=\"lazy\" class=\"aligncenter\" src=\"https:\/\/substackcdn.com\/image\/fetch\/$s_!9ar0!,w_1456,c_limit,f_webp,q_auto:good,fl_progressive:steep\/https%3A%2F%2Fsubstack-post-media.s3.amazonaws.com%2Fpublic%2Fimages%2F6b767194-2864-4631-84e4-e0a80e114eef_1240x1074.png\" alt=\"\" width=\"819\" height=\"710\" \/><\/figure>\n<p><span dir=\"auto\">Lid\u00e9 c\u00edt\u00ed, \u017ee n\u011bco z\u00e1sadn\u00edho nen\u00ed v po\u0159\u00e1dku.<\/span><\/p>\n<p><span dir=\"auto\">C\u00edt\u00ed to ve sv\u00e9m vlastn\u00edm \u017eivot\u011b.<\/span><\/p>\n<p><span dir=\"auto\">Vid\u00ed to ve sv\u00fdch rodin\u00e1ch.<\/span><\/p>\n<p><span dir=\"auto\">Je to vid\u011bt v samotn\u00e9m syst\u00e9mu.<\/span><\/p>\n<p><span dir=\"auto\">A lid\u00e9 v\u011bd\u00ed, \u017ee jsou nezdrav\u00ed, a\u00a0<\/span><strong><span dir=\"auto\">syst\u00e9m z jejich nemoci profituje.<\/span><\/strong><\/p>\n<p><span dir=\"auto\">Proto tolik lid\u00ed tou\u017e\u00ed po zm\u011bn\u011b!<\/span><\/p>\n<p><span dir=\"auto\">A proto prakticky \u017e\u00e1dn\u00fd politik nebyl ochoten se dotknout z\u00e1jm\u016f, kter\u00e9 profituj\u00ed z toho, aby v\u0161echno z\u016fstalo p\u0159esn\u011b tak, jak je.<\/span><\/p>\n<p><span dir=\"auto\">Te\u010f se to trochu komplikuje.<\/span><\/p>\n<p><span dir=\"auto\">Ne v\u0161echny pr\u016fzkumy jsou spolehliv\u00e9. N\u011bkter\u00e9 jsou \u0161patn\u011b navr\u017een\u00e9. N\u011bkter\u00e9 pou\u017e\u00edvaj\u00ed sugestivn\u00ed ot\u00e1zky.<\/span><\/p>\n<p><strong><span dir=\"auto\">A n\u011bkter\u00e9 jsou navr\u017eeny tak, aby dos\u00e1hly konkr\u00e9tn\u00edho v\u00fdsledku.<\/span><\/strong><\/p>\n<p><span dir=\"auto\">To nen\u00ed spekulace. Dokonce i zn\u00e1m\u00ed politici pouk\u00e1zali na to, \u017ee\u00a0<\/span><strong><span dir=\"auto\">pr\u016fzkumy ve\u0159ejn\u00e9ho m\u00edn\u011bn\u00ed lze vyu\u017e\u00edt k ovlivn\u011bn\u00ed vn\u00edm\u00e1n\u00ed<\/span><\/strong><span dir=\"auto\">\u00a0, a nejen k jeho m\u011b\u0159en\u00ed.<\/span><\/p>\n<p><span dir=\"auto\">Nap\u0159\u00edklad pr\u016fzkum FLA z konce prosince uk\u00e1zal, \u017ee MAHA byla popul\u00e1rn\u00ed\u2026<\/span><\/p>\n<p><strong><span dir=\"auto\">Krom\u011b p\u0159\u00edpad\u016f, kdy \u0161lo o vakc\u00edny.<\/span><\/strong><\/p>\n<p><span dir=\"auto\">Varovalo, \u017ee nastolen\u00ed t\u00e9to ot\u00e1zky ve sporn\u00fdch volebn\u00edch obvodech by mohlo st\u00e1t mand\u00e1ty.<\/span><\/p>\n<p><span dir=\"auto\">P\u0159i bli\u017e\u0161\u00edm zkoum\u00e1n\u00ed pr\u016fzkumu v\u0161ak formulace vyvolala v\u00e1\u017en\u00e9 obavy.<\/span><\/p>\n<p><span dir=\"auto\">Jeffrey Tucker pouk\u00e1zal na to, jak samotn\u00e1 ot\u00e1zka m\u016f\u017ee dramaticky zkreslit v\u00fdsledky: \u201e\u00a0<\/span><strong><span dir=\"auto\">Zru\u0161te zaveden\u00e1 doporu\u010den\u00ed pro o\u010dkov\u00e1n\u00ed d\u011bt\u00ed proti nemocem, jako je \u010dern\u00fd ka\u0161el, spalni\u010dky, hepatitida a dal\u0161\u00ed<\/span><\/strong><span dir=\"auto\">\u00a0.\u201c<\/span><\/p>\n<p><span dir=\"auto\">N\u011bkdo by se mohl zeptat: \u201eM\u011bl by se americk\u00fd o\u010dkovac\u00ed pl\u00e1n v\u00edce podobat evropsk\u00e9mu, s men\u0161\u00edm po\u010dtem vakc\u00edn?\u201c<\/span><\/p>\n<p><span dir=\"auto\">Ale to by vedlo k v\u00fdsledk\u016fm, kter\u00e9 necht\u011bj\u00ed.<\/span><\/p>\n<p><span dir=\"auto\">A pokud veden\u00ed \u010din\u00ed rozhodnut\u00ed na z\u00e1klad\u011b zkreslen\u00fdch pr\u016fzkum\u016f, pak by samotn\u00e1 strategie mohla b\u00fdt zalo\u017eena na myln\u00e9m p\u0159edpokladu.<\/span><\/p>\n<figure class=\"wp-block-image aligncenter size-large\"><img decoding=\"async\" loading=\"lazy\" class=\"aligncenter\" src=\"https:\/\/substackcdn.com\/image\/fetch\/$s_!xlNR!,w_1456,c_limit,f_webp,q_auto:good,fl_progressive:steep\/https%3A%2F%2Fsubstack-post-media.s3.amazonaws.com%2Fpublic%2Fimages%2Fff6bb5f1-797a-421a-9f3d-db447a99485c_1614x690.png\" alt=\"\" width=\"828\" height=\"354\" \/><\/figure>\n<p><span dir=\"auto\">Tohle u\u017e jsme za\u017eili.<\/span><\/p>\n<p><span dir=\"auto\">B\u011bhem pandemie koronaviru se rozhodovac\u00ed prostor pod tlakem feder\u00e1ln\u00edch zdravotnick\u00fdch org\u00e1n\u016f, m\u00e9di\u00ed a institucion\u00e1ln\u00edho konsensu rapidn\u011b z\u00fa\u017eil.<\/span><\/p>\n<p><span dir=\"auto\">Za t\u00edm skute\u010dn\u011b stoj\u00ed vojensk\u00fd koncept. \u0158\u00edk\u00e1 se mu \u201echanneling\u201c.<\/span><\/p>\n<p><span dir=\"auto\">S\u00edly jsou sm\u011brov\u00e1ny do \u00fazk\u00e9 cesty, kter\u00e1 nakonec omezuje jejich mo\u017enosti do t\u00e9 m\u00edry, \u017ee se zd\u00e1 b\u00fdt mo\u017en\u00fd pouze jeden sm\u011br.<\/span><\/p>\n<p><span dir=\"auto\">Takto mnoho kritik\u016f popisuje, co se stalo b\u011bhem pandemie COVID-19.<\/span><\/p>\n<p><span dir=\"auto\">Nejen chyby, ale omezen\u00ed mo\u017enost\u00ed, kter\u00e9\u00a0<\/span><strong><span dir=\"auto\">politicky a institucion\u00e1ln\u011b znemo\u017enilo alternativn\u00ed p\u0159\u00edstupy.<\/span><\/strong><\/p>\n<figure class=\"wp-block-image aligncenter size-large\"><img decoding=\"async\" loading=\"lazy\" class=\"aligncenter\" src=\"https:\/\/substackcdn.com\/image\/fetch\/$s_!w5Vw!,w_1456,c_limit,f_webp,q_auto:good,fl_progressive:steep\/https%3A%2F%2Fsubstack-post-media.s3.amazonaws.com%2Fpublic%2Fimages%2Fa4ae2816-a4cf-43d5-9db5-7e554feea4a6_1632x882.png\" alt=\"\" width=\"721\" height=\"390\" \/><\/figure>\n<p><span dir=\"auto\">A nyn\u00ed existuj\u00ed obavy, \u017ee stejn\u00fd tlak bude vyv\u00edjen i opa\u010dn\u00fdm sm\u011brem.<\/span><\/p>\n<p><span dir=\"auto\">C\u00edlem u\u017e nen\u00ed prosazovat o\u010dkov\u00e1n\u00ed jako d\u0159\u00edve, ale\u00a0<\/span><strong><span dir=\"auto\">potla\u010dit ot\u00e1zky t\u00fdkaj\u00edc\u00ed se n\u011bj.<\/span><\/strong><\/p>\n<p><span dir=\"auto\">To n\u00e1s p\u0159iv\u00e1d\u00ed k t\u00e9matu, kter\u00e9 se na prvn\u00ed pohled zd\u00e1 nesouvisej\u00edc\u00ed, ale ve skute\u010dnosti je velmi relevantn\u00ed.<\/span><\/p>\n<p><span dir=\"auto\">Pr\u016fzkumy ve\u0159ejn\u00e9ho m\u00edn\u011bn\u00ed o v\u00e1lce v \u00cdr\u00e1nu.<\/span><\/p>\n<p><strong><span dir=\"auto\">Ve\u0159ejn\u00e9 pr\u016fzkumy neukazuj\u00ed drtivou podporu v\u00e1lce.<\/span><\/strong><\/p>\n<p><span dir=\"auto\">Zasv\u011bcenci v\u0161ak tvrd\u00ed, \u017ee veden\u00ed jsou p\u0159edkl\u00e1d\u00e1na \u010d\u00edsla nazna\u010duj\u00edc\u00ed t\u00e9m\u011b\u0159 \u00fapln\u00fd konsenzus.<\/span><\/p>\n<p><span dir=\"auto\">To m\u00e1 velk\u00fd v\u00fdznam<\/span><\/p>\n<p><span dir=\"auto\">Proto\u017ee pokud intern\u00ed pr\u016fzkumy mohou zkreslovat ve\u0159ejn\u00e9 m\u00edn\u011bn\u00ed o v\u00e1lce, mohou tot\u00e9\u017e ud\u011blat i s vakc\u00ednami.<\/span><\/p>\n<p><span dir=\"auto\">Stejn\u00fd mechanismus. Jin\u00e9 t\u00e9ma.<\/span><\/p>\n<p><span dir=\"auto\">Jak\u00e9 je tedy \u0159e\u0161en\u00ed?<\/span><\/p>\n<p><span dir=\"auto\">Nen\u00ed to\u00a0<\/span><strong><span dir=\"auto\">ml\u010den\u00ed<\/span><\/strong><span dir=\"auto\">\u00a0. A nen\u00ed to\u00a0<\/span><strong><span dir=\"auto\">vyh\u00fdb\u00e1n\u00ed<\/span><\/strong><span dir=\"auto\">\u00a0se.<\/span><\/p>\n<p><strong><span dir=\"auto\">Je to otev\u0159en\u00e1 diskuse.<\/span><\/strong><\/p>\n<p><span dir=\"auto\">Kl\u00e1st up\u0159\u00edmn\u00e9 ot\u00e1zky. Umo\u017enit lidem vym\u011b\u0148ovat si n\u00e1pady. Diskutovat o datech m\u00edsto jejich zaml\u010dov\u00e1n\u00ed.<\/span><\/p>\n<p><span dir=\"auto\">A pokud to establishment prost\u0159ednictv\u00edm sv\u00fdch platforem neumo\u017en\u00ed, budeme to muset ud\u011blat sami.<\/span><\/p>\n<p><span dir=\"auto\">Proto\u017ee \u010d\u00edm v\u00edce se o tom mluv\u00ed, t\u00edm t\u011b\u017e\u0161\u00ed je udr\u017eet si obraz, kter\u00fd u\u017e neodpov\u00edd\u00e1 realit\u011b.<\/span><\/p>\n<p><span dir=\"auto\">Kdyby to bylo opravdu tak jasn\u00e9, jak n\u00e1m cht\u011bj\u00ed namluvit\u2026 nebyl by tolik odpor\u016f k tomu, abychom o tom mluvili!<\/span><\/p>\n<p><span dir=\"auto\">A to n\u00e1s p\u0159iv\u00e1d\u00ed k t\u00e9 nejnep\u0159\u00edjemn\u011bj\u0161\u00ed ot\u00e1zce ze v\u0161ech: Pro\u010d je tato z\u00e1le\u017eitost tak vehementn\u011b obhajov\u00e1na?<\/span><\/p>\n<p><span dir=\"auto\">Pro\u010d zpochyb\u0148ov\u00e1n\u00ed o\u010dkov\u00e1n\u00ed vyvol\u00e1v\u00e1 tak silnou reakci instituc\u00ed \u2013 v m\u00e9di\u00edch, vl\u00e1d\u00e1ch a ve velk\u00e9 \u010d\u00e1sti syst\u00e9mu zdravotn\u00ed p\u00e9\u010de?<\/span><\/p>\n<p><span dir=\"auto\">\u0158\u00edk\u00e1 se n\u00e1m, \u017ee jde v\u00fdhradn\u011b o bezpe\u010dnost a ochranu ve\u0159ejn\u00e9ho zdrav\u00ed.<\/span><\/p>\n<p><span dir=\"auto\">Ale kdyby to bylo v\u0161echno, otev\u0159en\u00e1 debata by nebyla vn\u00edm\u00e1na jako hrozba.<\/span><\/p>\n<p><span dir=\"auto\">N\u011bco na tom nesed\u00ed.<\/span><\/p>\n<p><span dir=\"auto\">A st\u00e1le v\u00edce lid\u00ed to c\u00edt\u00ed \u2013 i kdy\u017e to zat\u00edm nedok\u00e1\u017eou \u00fapln\u011b vysv\u011btlit.<\/span><\/p>\n<p><span dir=\"auto\">Pr\u00e1v\u011b tento pocit je hnac\u00ed silou t\u00e9to zm\u011bny.<\/span><\/p>\n<p><span dir=\"auto\">Ani jedna studie. Ani jedin\u00fd hlas. Ani jedna politick\u00e1 osobnost. Ani jedin\u00fd okam\u017eik.<\/span><\/p>\n<p><strong><span dir=\"auto\">Miliony lid\u00ed<\/span><\/strong><span dir=\"auto\">\u00a0si v\u0161imnou t\u00e9\u017ee v\u011bci ve stejnou dobu a uv\u011bdom\u00ed si, \u017ee v tom nejsou sami.<\/span><\/p>\n<p><span dir=\"auto\">Ot\u00e1zkou nyn\u00ed nen\u00ed, zda k t\u00e9to diskusi dojde.<\/span><\/p>\n<p><span dir=\"auto\">U\u017e se to d\u011bje. Online, doma, v parku, u k\u00e1vy\u2026<\/span><\/p>\n<p><span dir=\"auto\">Ot\u00e1zkou je, kdo je vlastn\u011b ochoten se s nimi otev\u0159en\u011b vyj\u00e1d\u0159it?<\/span><\/p>\n<p><strong><span dir=\"auto\">Jsem p\u0159ipraven\u00fd. Ty ano?<\/span><\/strong><\/p>\n<figure class=\"wp-block-embed aligncenter is-type-video is-provider-youtube wp-block-embed-youtube wp-embed-aspect-16-9 wp-has-aspect-ratio\">\n<div class=\"wp-block-embed__wrapper\"><iframe loading=\"lazy\" title=\"Z\u00e1\u017eitek Joea Rogana \u010d. 2462 - Aaron Siri\" src=\"https:\/\/www.youtube.com\/embed\/vNkXIKijzcg?feature=oembed\" width=\"800\" height=\"450\" frameborder=\"0\" allowfullscreen=\"allowfullscreen\" data-mce-fragment=\"1\"><\/iframe><\/div>\n<\/figure>\n<\/div>\n<\/div>\n<div class=\"elementor-element elementor-element-8c57238 quelle dc-has-condition dc-condition-empty elementor-widget elementor-widget-heading\" data-id=\"8c57238\" data-element_type=\"widget\" data-e-type=\"widget\" data-widget_type=\"heading.default\">\n<div class=\"elementor-widget-container\">\n<h3 class=\"elementor-heading-title elementor-size-default\"><span style=\"font-size: 10pt;\"><a href=\"https:\/\/www.vigilantfox.com\/p\/what-vaccine-polls-are-really-telling\" target=\"_blank\" rel=\"nofollow noopener\"><span dir=\"auto\">Zdroj<\/span><\/a><\/span><\/h3>\n<\/div>\n<\/div>\n","protected":false},"excerpt":{"rendered":"<p>Jeden z nejv\u011bt\u0161\u00edch americk\u00fdch p\u0159\u00edb\u011bh\u016f se n\u00e1m mo\u017en\u00e1 skr\u00fdv\u00e1 p\u0159\u00edmo p\u0159ed o\u010dima. N\u00e1sleduj\u00edc\u00ed informace vych\u00e1zej\u00ed&#8230;<\/p>\n","protected":false},"author":2,"featured_media":103978,"comment_status":"closed","ping_status":"closed","sticky":false,"template":"","format":"standard","meta":[],"categories":[7],"tags":[1042,23,620],"_links":{"self":[{"href":"https:\/\/www.infokuryr.cz\/n\/wp-json\/wp\/v2\/posts\/103977"}],"collection":[{"href":"https:\/\/www.infokuryr.cz\/n\/wp-json\/wp\/v2\/posts"}],"about":[{"href":"https:\/\/www.infokuryr.cz\/n\/wp-json\/wp\/v2\/types\/post"}],"author":[{"embeddable":true,"href":"https:\/\/www.infokuryr.cz\/n\/wp-json\/wp\/v2\/users\/2"}],"replies":[{"embeddable":true,"href":"https:\/\/www.infokuryr.cz\/n\/wp-json\/wp\/v2\/comments?post=103977"}],"version-history":[{"count":0,"href":"https:\/\/www.infokuryr.cz\/n\/wp-json\/wp\/v2\/posts\/103977\/revisions"}],"wp:featuredmedia":[{"embeddable":true,"href":"https:\/\/www.infokuryr.cz\/n\/wp-json\/wp\/v2\/media\/103978"}],"wp:attachment":[{"href":"https:\/\/www.infokuryr.cz\/n\/wp-json\/wp\/v2\/media?parent=103977"}],"wp:term":[{"taxonomy":"category","embeddable":true,"href":"https:\/\/www.infokuryr.cz\/n\/wp-json\/wp\/v2\/categories?post=103977"},{"taxonomy":"post_tag","embeddable":true,"href":"https:\/\/www.infokuryr.cz\/n\/wp-json\/wp\/v2\/tags?post=103977"}],"curies":[{"name":"wp","href":"https:\/\/api.w.org\/{rel}","templated":true}]}}