{"id":103921,"date":"2026-04-07T00:13:57","date_gmt":"2026-04-06T22:13:57","guid":{"rendered":"https:\/\/www.infokuryr.cz\/n\/?p=103921"},"modified":"2026-04-06T12:28:06","modified_gmt":"2026-04-06T10:28:06","slug":"co-maji-spolecneho-ztraceny-gauc-a-cerny-kasel","status":"publish","type":"post","link":"https:\/\/www.infokuryr.cz\/n\/2026\/04\/07\/co-maji-spolecneho-ztraceny-gauc-a-cerny-kasel\/","title":{"rendered":"Co maj\u00ed spole\u010dn\u00e9ho ztracen\u00fd gau\u010d a \u010dern\u00fd ka\u0161el"},"content":{"rendered":"<div id=\"fb-root\"><\/div>\n<p><span lang=\"cs-CZ\">V tomto \u010dl\u00e1nku probereme dv\u011b kauzy, kter\u00e9 se v minul\u00e9m t\u00fddnu objevily v m\u00e9di\u00edch a kter\u00e9 skon\u010dily potrest\u00e1n\u00edm \u0159idi\u010de, a skon\u010dily tak proto, \u017ee \u0159idi\u010d nepochopil sv\u00e9 pr\u00e1vn\u00ed postaven\u00ed a ke sv\u00e9mu potrest\u00e1n\u00ed p\u0159isp\u011bl. Berte to jako teaser na p\u0159ipravovanou knihu s\u00a0<\/span><span lang=\"cs-CZ\">pracovn\u00edm<\/span><span lang=\"cs-CZ\">\u00a0n\u00e1zvem Nenechte se nachytat, jej\u00ed\u017e p\u0159\u00edprava pomalu ale jist\u011b sp\u011bje do fin\u00e1le.<\/span><\/p>\n<p><span lang=\"cs-CZ\">Kauzy maj\u00ed n\u011bco spole\u010dn\u00e9ho. To\u010d\u00ed se to kolem pojmu \u201ezavin\u011bn\u00ed\u201c.<\/span><\/p>\n<h3><span lang=\"cs-CZ\">P\u0159\u00edpad ztracen\u00e9ho gau\u010de<\/span><\/h3>\n<p><span lang=\"cs-CZ\">\u010cl\u00e1nek s n\u00e1zvem\u00a0<\/span><a href=\"https:\/\/www.novinky.cz\/clanek\/krimi-primo-pred-policisty-vypadl-ridici-u-pardubic-z-voziku-gauc-40570743\"><span lang=\"cs-CZ\">P\u0159\u00edmo p\u0159ed policisty vypadl \u0159idi\u010di u\u00a0Pardubic z\u00a0voz\u00edku gau\u010d<\/span><\/a><span lang=\"cs-CZ\">, zachytila to kamera pojedn\u00e1v\u00e1 o tom, jak bd\u011bli policist\u00e9 dopadli a potrestali gau\u010dov\u00e9ho pir\u00e1ta.\u00a0<\/span><span lang=\"cs-CZ\">\u010cl\u00e1nek na serveru Novinky.c<\/span><span lang=\"cs-CZ\">z<\/span><span lang=\"cs-CZ\">\u00a0je jednozna\u010dn\u011b policejn\u00ed p\u00ed\u00e1rko,\u00a0<\/span><span lang=\"cs-CZ\">abychom se dozv\u011bd\u011bli, jak n\u00e1s policie chr\u00e1n\u00ed p\u0159ed l\u00e9taj\u00edc\u00edmi gau\u010di.<\/span><span lang=\"cs-CZ\">\u00a0J\u00e1 ho v\u0161ak s dovolen\u00edm vyu\u017eiji na n\u011bco jin\u00e9ho.<\/span><\/p>\n<p><span lang=\"cs-CZ\">Co v \u010dl\u00e1nku stoj\u00ed? Zkr\u00e1cen\u011b toto: \u0158idi\u010d vezl na p\u0159\u00edv\u011bsn\u00e9m voz\u00edku gau\u010d. V\u00e1zac\u00ed za\u0159\u00edzen\u00ed, kter\u00fdm byl n\u00e1klad upevn\u011bn, se v\u0161ak za j\u00edzdy p\u0159etrhlo a \u010d\u00e1sti gau\u010de z voz\u00edku vypadaly na silnici. Bd\u011bl\u00ed policist\u00e9 honili a honili, a\u017e \u0159idi\u010de dohonili a dali mu pokutu 1500 K\u010d. \u0158idi\u010d se doznal, \u017ee o upadl\u00e9m kusu n\u00e1bytku v\u011bd\u011bl.<\/span><\/p>\n<p><span lang=\"cs-CZ\">Idiot. Nejen \u017ee m\u00e1 zni\u010den\u00fd gau\u010d, ale je\u0161t\u011b zaplatil pokutu, kter\u00e1 byla nez\u00e1konn\u00e1,\u00a0<\/span><span lang=\"cs-CZ\">a s\u00e1m se doznal.<\/span><\/p>\n<p><span lang=\"cs-CZ\">Je t\u0159eba, aby ka\u017ed\u00fd v\u011bd\u011bl tohle. Kdy\u017e nastane n\u011bjak\u00fd \u0161kodliv\u00fd n\u00e1sledek, neznamen\u00e1 to automaticky, \u017ee se\u00a0<\/span><span lang=\"cs-CZ\">taky\u00a0<\/span><span lang=\"cs-CZ\">stal p\u0159estupek. Mohlo toti\u017e doj\u00edt k tomu, \u010demu se \u0159\u00edk\u00e1 ne\u0161\u0165astn\u00e1 n\u00e1hoda nebo vis major. Jasn\u011b, ztratit gau\u010d na d\u00e1lnici vypad\u00e1\u00a0<\/span><span lang=\"cs-CZ\">na prvn\u00ed pohled<\/span><span lang=\"cs-CZ\">\u00a0jako p\u0159estupek, odborn\u011b \u0159e\u010deno m\u00e1 to jeho form\u00e1ln\u00ed znaky. Ale aby to p\u0159estupek byl, je t\u0159eba je\u0161t\u011b prok\u00e1zat\u00a0<\/span><span lang=\"cs-CZ\">n\u011bjak\u00e9 dal\u0161\u00ed v\u011bci. P\u0159edev\u0161\u00edm t\u0159i v\u011bci. Mus\u00edme m\u00edt pachatele, pak poru\u0161en\u00ed z\u00e1kona a do t\u0159etice zavin\u011bn\u00ed, tedy jak\u00fd m\u011bl pachatel k poru\u0161en\u00ed z\u00e1kona vztah.<\/span><\/p>\n<p><span lang=\"cs-CZ\">Z\u016fstaneme u toho\u00a0<\/span><span lang=\"cs-CZ\">zavin\u011bn\u00ed. Tedy bylo nezbytn\u00e9 prok\u00e1zat, \u017ee \u0159idi\u010d v\u011bd\u011bl o tom, \u017ee upevn\u011bn\u00ed n\u00e1kladu selhalo, ale pokra\u010doval v j\u00edzd\u011b,\u00a0<\/span><span lang=\"cs-CZ\">proto\u017ee si bezd\u016fvodn\u011b myslel, \u017ee gau\u010d na p\u0159\u00edv\u011bsu bude stabiln\u00ed i bez n\u011bj<\/span><span lang=\"cs-CZ\">.<\/span><\/p>\n<p><span lang=\"cs-CZ\">V tomto p\u0159\u00edpad\u011b tak\u00e9 \u00fa\u0159adovala vis major. N\u00e1klad zprvu \u0159\u00e1dn\u011b upevn\u011bn zjevn\u011b byl, proto\u017ee se \u0159idi\u010di povedlo gau\u010d odv\u00e9zt. Z d\u016fvodu n\u011bjak\u00e9ho n\u00e1hl\u00e9ho technick\u00e9ho selh\u00e1n\u00ed, konkr\u00e9tn\u011b p\u0159etr\u017een\u00ed upev\u0148ovac\u00edho za\u0159\u00edzen\u00ed, se n\u00e1klad uvolnil. Nevy\u0161lo najevo,\u00a0<\/span><span lang=\"cs-CZ\">\u017ee by \u0159idi\u010d pou\u017eil up\u00ednac\u00ed za\u0159\u00edzen\u00ed v nevyhovuj\u00edc\u00edm technick\u00e9m stavu nebo upout\u00e1n\u00ed gau\u010de bylo nedostate\u010dn\u00e9 a \u0159idi\u010d bez \u0159\u00e1dn\u00e9ho d\u016fvodu spol\u00e9hal, \u017ee gau\u010d bude bezpe\u010dn\u011b p\u0159ipoutan\u00fd. M\u00e1me zde tedy gau\u010d spadl\u00fd na d\u00e1lnici, ale nem\u00e1me zavin\u011bn\u00ed. Zavin\u011bn\u00ed je imanentn\u00edm znakem p\u0159estupku, bez zavin\u011bn\u00ed se p\u0159estupek nem\u016f\u017ee st\u00e1t,\u00a0<\/span><span lang=\"cs-CZ\">a zavin\u011bn\u00ed je nutn\u00e9 prok\u00e1zat, co\u017e se\u00a0<\/span><span lang=\"cs-CZ\">\u010dasto<\/span><span lang=\"cs-CZ\">\u00a0neobejde bez n\u011bjak\u00e9 formy spolupr\u00e1ce podez\u0159el\u00e9ho.<\/span><\/p>\n<p><span lang=\"cs-CZ\">Co m\u011bl \u0159idi\u010d ud\u011blat? M\u011bl sd\u011blit policist\u016fm, s ve\u0161kerou myslitelnou slu\u0161nost\u00ed, \u017ee jim d\u011bkuje za upozorn\u011bn\u00ed\u00a0<\/span><span lang=\"cs-CZ\">ohledn\u011b gau\u010de<\/span><span lang=\"cs-CZ\">.\u00a0<\/span><span lang=\"cs-CZ\">Nen\u00ed v\u0161ak dobr\u00fd n\u00e1pad \u0159\u00edkat cokoli dal\u0161\u00edho, a ur\u010dit\u011b nen\u00ed dobr\u00fd n\u00e1pad jim \u0159\u00edkat takov\u00e9 v\u011bci, jako \u017ee o z\u00e1vad\u011b na upevn\u011bn\u00ed n\u00e1kladu v\u011bd\u011bl, ale p\u0159esto pokra\u010doval v j\u00edzd\u011b. To je vlastn\u011b sv\u011bdeck\u00e1 v\u00fdpov\u011b\u010f proti sob\u011b a v tom nevid\u00edm smysl. Pro\u010d jim pom\u00e1hat? Je jich tady \u010dty\u0159icet tis\u00edc,\u00a0<\/span><span lang=\"cs-CZ\">je jich jak ps\u016f. M<\/span><span lang=\"cs-CZ\">aj\u00ed spoustu \u010dasu, maj\u00ed skv\u011bl\u00e9 vybaven\u00ed, maj\u00ed vysoce nadpr\u016fm\u011brn\u011b platy, maj\u00ed tedy dostate\u010dnou kapacitu d\u016fkazy opat\u0159it. Tak a\u0165 je tedy opat\u0159uj\u00ed.<\/span><\/p>\n<p><span lang=\"cs-CZ\">\u017d<\/span><span lang=\"cs-CZ\">\u00e1dnou pokutu jim platit nem\u011bl.\u00a0<\/span><span lang=\"cs-CZ\">Nasrat do krku. Kouzeln\u00e1 v\u011bta zn\u00ed: \u201ePokud m\u00e1te podez\u0159en\u00ed, \u017ee byl sp\u00e1ch\u00e1n p\u0159estupek, oznamte ho spr\u00e1vn\u00edmu org\u00e1nu\u201c.<\/span><\/p>\n<h3><span lang=\"cs-CZ\">Pan Coubal a jeho \u010dern\u00fd ka\u0161el<\/span><\/h3>\n<p><span lang=\"cs-CZ\">V souvislosti s vynesen\u00edm rozsudku \u0159idi\u010de pana Coubala, kter\u00fd srazil matku s ko\u010d\u00e1rkem<\/span>\u00a0<span lang=\"cs-CZ\">pot\u00e9, co ztratil kontrolu nad vozidlem, se minul\u00fd t\u00fdden kauza dostala op\u011bt do medi\u00e1ln\u00edho fokusu.<\/span><\/p>\n<p><span lang=\"cs-CZ\">J\u00e1 ji bral hlavn\u011b jako p\u0159\u00edklad ne\u00fa\u010dinn\u00e9 a\u017e kontraproduktivn\u00ed defenz\u00edvy.<\/span><\/p>\n<p><span lang=\"cs-CZ\">Konkr\u00e9tn\u011b se stalo to, \u017ee pan Coubal vyjel ve Vyso\u010danech na chodn\u00edk pot\u00e9, co ztratil kontrolu nad vozidlem pot\u00e9, co m\u011bl \u00fadajn\u011b z\u00e1chvat \u010dern\u00e9ho ka\u0161le s kr\u00e1tkodobou poruchou v\u011bdom\u00ed. Na chodn\u00edku zrovna \u0161la matka s ko\u010d\u00e1rkem. Matka pozd\u011bji na n\u00e1sledky zran\u011bn\u00ed zem\u0159ela, d\u00edt\u011bti se ni v\u00e1\u017en\u00e9ho nestalo.<\/span><\/p>\n<p><span lang=\"cs-CZ\">M\u00e9dia jejich zpr\u00e1vy opat\u0159ila kontextem, \u017ee pan Coubal m\u011bl drah\u00e9 Porsche a \u017ee pat\u0159\u00ed k podporovatel\u016fm soudruha Pavla aka agenta P\u00e1vka, co\u017e jsou podle m\u011b podru\u017en\u00e9 v\u011bci, kter\u00e9 ve fin\u00e1le panu Coubalovi nijak nepomohly, ale sp\u00ed\u0161e u\u0161kodily. .P\u0159edstava, \u017ee samo o sob\u011b spojenectv\u00ed s n\u011bk\u00fdm vlivn\u00fdm posta\u010duje k vyzut\u00ed se z n\u011bjak\u00e9ho pr\u016fseru, je pom\u011brn\u011b naivn\u00ed. Je to n\u011bco jako p\u00e1ka, na jej\u00ed\u017e del\u0161\u00ed stran\u011b je publicita a na krat\u0161\u00ed vliv. Publicita tak v\u017edy p\u0159ev\u00e1lcuje vliv a vliv se d\u00e1 uplatnit, jen kdy\u017e nen\u00ed publicita.\u00a0<\/span><\/p>\n<p><span lang=\"cs-CZ\">Pan Coubal byl zat\u00edm nepravomocn\u011b v prvn\u00ed instanci odsouzen k t\u0159\u00edlet\u00e9 podm\u00ednce a p\u011btilet\u00e9mu z\u00e1kazu \u0159\u00edzen\u00ed. J\u00e1 si mysl\u00edm, \u017ee je to hlavn\u011b sm\u016fla sm\u016fl. \u0158idi\u010d ztrat\u00ed kontrolu nad vozidlem a zrovna tref\u00ed matku s ko\u010d\u00e1rkem. Jak velk\u00e1 je asi pravd\u011bpodobnost, \u017ee se n\u011bco takov\u00e9ho stane,\u00a0<\/span><span lang=\"cs-CZ\">bez ohledu na p\u0159\u00ed\u010dinu<\/span><span lang=\"cs-CZ\">.<\/span><\/p>\n<p><span lang=\"cs-CZ\">Pan Coubal p\u0159i\u0161el s\u00a0<\/span><span lang=\"cs-CZ\">tvrzen\u00edm<\/span><span lang=\"cs-CZ\">, \u017ee m\u011bl z\u00e1chvat \u010dern\u00e9ho ka\u0161le, v jeho\u017e d\u016fsledku ztratil na n\u011bjakou dobu v\u011bdom\u00ed. Bylo prokazateln\u00e9, \u017ee \u010dern\u00fd ka\u0161el m\u011bl\u00a0<\/span><span lang=\"cs-CZ\">a ani zp\u016fsob j\u00edzdy vozidla nebyl v rozporu s t\u00edm, co Coubal uvedl<\/span><span lang=\"cs-CZ\">.<\/span><\/p>\n<p><span lang=\"cs-CZ\">Ponech\u00e1m pro za\u010d\u00e1tek stranou, jak\u00fd byl \u00fa\u010del tohoto tvrzen\u00ed, zda cht\u011bl pan Coubal pouze p\u0159\u00ed\u010dinu sv\u00e9ho \u0159idi\u010dsk\u00e9ho selh\u00e1n\u00ed vysv\u011btlit, nebo zda se jednalo o n\u011bjakou\u00a0<\/span><span lang=\"cs-CZ\">procesn\u00ed taktiku<\/span><span lang=\"cs-CZ\">, a ponech\u00e1m stranou, zda to m\u011bl ze sv\u00e9 hlavy, nebo mu to n\u011bkdo poradil. ale ka\u017edop\u00e1dn\u011b to byl blb\u00fd n\u00e1pad. Ka\u017ed\u00e9mu, kdo zam\u00fd\u0161l\u00ed vystav\u011bt defenz\u00edvu takto, bych doporu\u010dil to probrat s pr\u00e1vn\u00edkem,\u00a0<\/span><span lang=\"cs-CZ\">proto\u017ee se to m\u016f\u017ee vymst\u00edt, a to se tak\u00e9 v tomto p\u0159\u00edpad\u011b stalo.<\/span><\/p>\n<p><span lang=\"cs-CZ\">Slovy soudkyn\u011b:<\/span><\/p>\n<p>\u201e<span lang=\"cs-CZ\">Pokud pan ob\u017ealovan\u00fd usedal do vozu s v\u011bdom\u00edm, \u017ee m\u016f\u017ee lidov\u011b \u0159e\u010deno \u00fapln\u011b vypnout, vystavil \u00fa\u010dastn\u00edky provozu i chodce nejhor\u0161\u00edm mo\u017en\u00fdm sc\u00e9n\u00e1\u0159\u016fm a jeden z nich bohu\u017eel skute\u010dn\u011b nastal,\u201c uvedla soudkyn\u011b Obvodn\u00edho soudu pro Prahu 9 Hana \u0160im\u00e1nov\u00e1. \u201eM\u011bl jednozna\u010dn\u011b s\u00e1m vyhodnotit, \u017ee vzhledem ke sv\u00e9mu zdravotn\u00edmu stavu nem\u00e1 \u0159\u00eddit. Bez p\u0159im\u011b\u0159en\u00fdch d\u016fvod\u016f spol\u00e9hal na to, \u017ee \u0161kodliv\u00fd n\u00e1sledek nenastane,\u201c pokra\u010dovala s t\u00edm, \u017ee Coubal je inteligentn\u00ed, vysoko\u0161kolsky vzd\u011blan\u00fd \u010dlov\u011bk.<\/span><\/p>\n<p><a href=\"https:\/\/cnn.iprima.cz\/srazil-matku-s-kocarkem-svym-porsche-zena-zemrela-podnikatel-si-vyslechl-verdikt-508457\"><span lang=\"cs-CZ\">Zdroj<\/span><\/a><span lang=\"cs-CZ\">.<\/span><\/p>\n<p><span lang=\"cs-CZ\">Kdy\u017e to \u0159eknu blb\u011b, beze snahy panu Coubalovi cokoli podsouvat, tohle nemohlo fungovat a taky to nefungovalo, proto\u017ee jak sama soudkyn\u011b \u0159ekla, 91% obdobn\u00fdch p\u0159\u00edpad\u016f kon\u010d\u00ed stejn\u00fdm rozsudkem.<\/span><\/p>\n<p><span lang=\"cs-CZ\">Pro\u010d? Sem tam, ne moc \u010dasto se stane, \u017ee se n\u011bkdo \u00fasp\u011b\u0161n\u011b vyvin\u00ed z dopravn\u00ed nehody na zdravotn\u00ed komplikace, nap\u0159\u00edklad na srde\u010dn\u00ed selh\u00e1n\u00ed nebo ne\u010dekan\u00fd vedlej\u0161\u00ed \u00fa\u010dinek l\u00e9k\u016f. Co maj\u00ed tyto p\u0159\u00edpady spole\u010dn\u00e9ho? Zcela zdrav\u00fd \u010dlov\u011bk, bez jak\u00fdchkoli p\u0159edchoz\u00edch n\u00e1znak\u016f utrp\u00ed zdravotn\u00ed selh\u00e1n\u00ed, o kter\u00e9m nemohl p\u0159edem v\u011bd\u011bt. To v\u0161ak nen\u00ed\u00a0<\/span><span lang=\"cs-CZ\">ten\u00a0<\/span><span lang=\"cs-CZ\">p\u0159\u00edpad, kdy \u0159idi\u010d v\u011bd\u011bl po v\u00edce t\u00fddn\u016f, \u017ee m\u00e1\u00a0<a href=\"https:\/\/dfens-cz.com\/jak-vohnout-k-pertusi-prisel-odpoved-rootovi-2\/\">\u010dern\u00fd ka\u0161el<\/a>, v\u011bd\u011bl, \u017ee u n\u011bj m\u016f\u017ee nastat porucha v\u011bdom\u00ed, a p\u0159esto \u0159\u00eddil. Pak to funguje opa\u010dn\u011b, pom\u00e1h\u00e1 to \u017ealob\u011b, kter\u00e1 tak dostane zadarmo\u00a0<\/span><span lang=\"cs-CZ\">prok\u00e1z\u00e1n\u00ed zavin\u011bn\u00ed. Cel\u00e9mu dokazov\u00e1n\u00ed, kter\u00e9 by a\u017e dote\u010f v bod\u011b zavin\u011bn\u00ed t\u00e1palo, to dodalo sm\u011br. Na\u0161li se dokonce sv\u011bdci, kte\u0159\u00ed z d\u016fvodu ochrany jejich profesn\u00ed integrity vypov\u00eddali proti obvin\u011bn\u00e9mu, co\u017e by jinak ned\u011blali. Coubal\u016fv \u010desk\u00fd l\u00e9ka\u0159 z pozice sv\u011bdka vypov\u011bd\u011bl, \u017ee pacienta\u00a0<\/span><span lang=\"cs-CZ\">p\u00e1r dn\u016f p\u0159ed ud\u00e1lost\u00ed\u00a0<\/span><span lang=\"cs-CZ\">v\u00fdslovn\u011b pou\u010dil, \u017ee nem\u00e1 \u0159\u00eddit. Shit boiled high.<\/span><\/p>\n<p><span lang=\"cs-CZ\">Jestli mu tohle poradil n\u011bjak\u00fd pr\u00e1vn\u00edk, to to byl po\u0159\u00e1dn\u00fd nedouk. Asi n\u011bkdo\u00a0<\/span><span lang=\"cs-CZ\">z neziskovek<\/span><span lang=\"cs-CZ\">\u00a0od P\u00e1vka z Hradu. Jestli mu to \u017e\u00e1dn\u00fd pr\u00e1vn\u00edk neporadil, tak to byl jen blb\u00fd n\u00e1pad.<\/span><\/p>\n<p><span lang=\"cs-CZ\">Co m\u011bl ud\u011blat pan Coubal? Pravd\u011bpodobn\u011b za dan\u00e9 situace neexistov<\/span><span lang=\"cs-CZ\">al<\/span><span lang=\"cs-CZ\">o nic, \u010d\u00edm by se mohl vyvinit. Nemusel si to v\u0161ak d\u011blat je\u0161t\u011b hor\u0161\u00ed. Nyn\u00ed s sebou t\u00e1hne takov\u00fd podivn\u00fd ocas nevy\u0159\u010den\u00e9ho, \u017ee se na \u010dern\u00fd ka\u0161el pouze vymlouval, co\u017e m\u016f\u017ee ale tak\u00e9 nemus\u00ed b\u00fdt pravda.\u00a0<\/span><span lang=\"cs-CZ\">Tak\u00e9 to p\u0159it\u00e1hlo medi\u00e1ln\u00ed pozornost a o to nikdo nestoj\u00ed.\u00a0<\/span><span lang=\"cs-CZ\">M\u00e9dia te\u010f o cel\u00e9 kauze informuj\u00ed a jakoby pod \u010darou n\u00e1m prod\u00e1vaj\u00ed vlastn\u00ed verzi, zmi\u0148uj\u00ed drah\u00e9 porsche a r\u016fzn\u011b om\u00edlaj\u00ed ten \u010dern\u00fd ka\u0161el, jako by to nebylo jedno. Ka\u017ed\u00e1 nehoda m\u00e1 n\u011bjak\u00e9 okolnosti a \u0159idi\u010di \u0161kodovek tak\u00e9 n\u011bkdy zavin\u00ed smrteln\u00e9 nehody.<\/span><\/p>\n<p><span lang=\"cs-CZ\">Co je c\u00edlem policajt\u016f po nehod\u011b? Krom\u011b vykon\u00e1n\u00ed n\u011bjak\u00fdch technick\u00fdch \u00fakon\u016f jim jde o to, vym\u00e1mit z pachatele n\u011bjakou story a zadokumentovat ji,\u00a0<\/span><span lang=\"cs-CZ\">aby mu zabr\u00e1nili p\u0159ij\u00ed<\/span><span lang=\"cs-CZ\">t s n\u011bjakou lep\u0161\u00ed story pozd\u011bji.\u00a0<\/span><span lang=\"cs-CZ\">A je p\u0159itom jedno, kter\u00e1 z t\u011bch dvou story je pravdiv\u011bj\u0161\u00ed.<\/span><\/p>\n<p><span lang=\"cs-CZ\">O to v\u00edce plat\u00ed, \u017ee bezprost\u0159edn\u011b po nehod\u011b, t\u00edm v\u00edce takto z\u00e1va\u017en\u00e9\u00a0<\/span><span lang=\"cs-CZ\">nehod\u011b<\/span><span lang=\"cs-CZ\">, pat\u0159\u00ed pusa na z\u00e1mek. Jsem ot\u0159esen\u00fd, nev\u00edm, jak se to stalo, budu vypov\u00eddat, a\u017e budu v po\u0159\u00e1dku, to je v\u0161e, co m\u016f\u017eu \u0159\u00edct.\u00a0<\/span><span lang=\"cs-CZ\">Je \u010dasu dost, te\u010f u\u017e se to stejn\u011b ned\u00e1 napravit a pokud existuje n\u011bco na \u0159idi\u010dovu obranu, bude je\u0161t\u011b dost p\u0159\u00edle\u017eitost\u00ed to vyn\u00e9st na sv\u011btlo bo\u017e\u00ed.<\/span><span lang=\"cs-CZ\">\u00a0\u017d\u00e1dn\u00e9 koment\u00e1\u0159e p\u0159ed sv\u011bdky a hlavn\u011b \u017e\u00e1dn\u00e9 SMS, proto\u017ee va\u0161e digit\u00e1ln\u00ed stopa od tohoto momentu je p\u0159e<\/span><span lang=\"cs-CZ\">d<\/span><span lang=\"cs-CZ\">m\u011btem z\u00e1jmu st\u00e1tu, pokud tedy nebyla u\u017e p\u0159edt\u00edm. Ide\u00e1ln\u011b jen kr\u00e1tk\u00fd neutr\u00e1ln\u00ed hovor pr\u00e1vn\u00edkovi s \u017e\u00e1dost\u00ed o osobn\u00ed sch\u016fzku.<\/span><\/p>\n<p><span style=\"font-size: 10pt;\"><a href=\"https:\/\/dfens-cz.com\/co-maji-spolecneho-ztraceny-gauc-a-cerny-kasel\/\">D-FENS<\/a><\/span><\/p>\n<p>&nbsp;<\/p>\n","protected":false},"excerpt":{"rendered":"<p>V tomto \u010dl\u00e1nku probereme dv\u011b kauzy, kter\u00e9 se v minul\u00e9m t\u00fddnu objevily v m\u00e9di\u00edch a&#8230;<\/p>\n","protected":false},"author":2,"featured_media":77909,"comment_status":"closed","ping_status":"closed","sticky":false,"template":"","format":"standard","meta":[],"categories":[6],"tags":[1503,324,858],"_links":{"self":[{"href":"https:\/\/www.infokuryr.cz\/n\/wp-json\/wp\/v2\/posts\/103921"}],"collection":[{"href":"https:\/\/www.infokuryr.cz\/n\/wp-json\/wp\/v2\/posts"}],"about":[{"href":"https:\/\/www.infokuryr.cz\/n\/wp-json\/wp\/v2\/types\/post"}],"author":[{"embeddable":true,"href":"https:\/\/www.infokuryr.cz\/n\/wp-json\/wp\/v2\/users\/2"}],"replies":[{"embeddable":true,"href":"https:\/\/www.infokuryr.cz\/n\/wp-json\/wp\/v2\/comments?post=103921"}],"version-history":[{"count":0,"href":"https:\/\/www.infokuryr.cz\/n\/wp-json\/wp\/v2\/posts\/103921\/revisions"}],"wp:featuredmedia":[{"embeddable":true,"href":"https:\/\/www.infokuryr.cz\/n\/wp-json\/wp\/v2\/media\/77909"}],"wp:attachment":[{"href":"https:\/\/www.infokuryr.cz\/n\/wp-json\/wp\/v2\/media?parent=103921"}],"wp:term":[{"taxonomy":"category","embeddable":true,"href":"https:\/\/www.infokuryr.cz\/n\/wp-json\/wp\/v2\/categories?post=103921"},{"taxonomy":"post_tag","embeddable":true,"href":"https:\/\/www.infokuryr.cz\/n\/wp-json\/wp\/v2\/tags?post=103921"}],"curies":[{"name":"wp","href":"https:\/\/api.w.org\/{rel}","templated":true}]}}