{"id":103917,"date":"2026-04-07T00:24:34","date_gmt":"2026-04-06T22:24:34","guid":{"rendered":"https:\/\/www.infokuryr.cz\/n\/?p=103917"},"modified":"2026-04-06T12:18:27","modified_gmt":"2026-04-06T10:18:27","slug":"andrew-korybko-srbsko-zmarilo-velky-ukrajinsky-teroristicky-utok-proti-madarsku","status":"publish","type":"post","link":"https:\/\/www.infokuryr.cz\/n\/2026\/04\/07\/andrew-korybko-srbsko-zmarilo-velky-ukrajinsky-teroristicky-utok-proti-madarsku\/","title":{"rendered":"Andrew Korybko: Srbsko zma\u0159ilo velk\u00fd ukrajinsk\u00fd teroristick\u00fd \u00fatok proti Ma\u010farsku"},"content":{"rendered":"<div id=\"fb-root\"><\/div>\n<p><strong><span dir=\"auto\">Jeho c\u00edlem bylo vm\u011b\u0161ovat se do parlamentn\u00edch voleb, kter\u00e9 se budou konat p\u0159\u00ed\u0161t\u00ed ned\u011bli, s c\u00edlem pomoci sesadit Orb\u00e1na.<\/span><\/strong><\/p>\n<p><span dir=\"auto\">Srbsk\u00fd prezident Aleksandar Vu\u010di\u0107\u00a0<\/span><a href=\"https:\/\/www.rt.com\/news\/637355-serbia-thwarts-plot-bomb-hungary-pipeline\/\" rel=\"\"><span dir=\"auto\">ozn\u00e1mil\u00a0<\/span><\/a><span dir=\"auto\">, \u017ee \u00fa\u0159ady objevily dv\u011b bomby um\u00edst\u011bn\u00e9 pod\u00e9l\u00a0<\/span><a href=\"https:\/\/korybko.substack.com\/p\/why-might-ukraine-and-its-western\" rel=\"\"><span dir=\"auto\">plynovodu TurkStream,\u00a0<\/span><\/a><span dir=\"auto\">kter\u00fd proch\u00e1z\u00ed jeho zem\u00ed. Jejich um\u00edst\u011bn\u00ed v t\u011bsn\u00e9 bl\u00edzkosti ma\u010farsk\u00fdch hranic nazna\u010duje, \u017ee se jednalo o c\u00edl pokusu o teroristick\u00fd \u00fatok. Ma\u010farsko\u00a0<\/span><a href=\"https:\/\/x.com\/pm_viktororban\/status\/2040830838527393868?s=46\" rel=\"\"><span dir=\"auto\">dod\u00e1v\u00e1 60 % sv\u00e9ho plynu\u00a0<\/span><\/a><span dir=\"auto\">prost\u0159ednictv\u00edm tohoto plynovodu rusk\u00e9ho p\u016fvodu, tak\u017ee n\u00e1hl\u00e9 naru\u0161en\u00ed dod\u00e1vek by m\u011blo pro jeho ekonomiku katastrof\u00e1ln\u00ed n\u00e1sledky. Mohlo by to tak\u00e9 vyvolat paniku mezi obyvatelstvem p\u0159ed\u00a0<\/span><a href=\"https:\/\/thealtworld.com\/andrew_korybko\/whats-polands-role-in-the-battle-for-hungary\" rel=\"\"><span dir=\"auto\">ned\u011bln\u00edmi parlamentn\u00edmi volbami\u00a0<\/span><\/a><span dir=\"auto\">.<\/span><\/p>\n<p><span dir=\"auto\">V tomto ohledu se EU a Ukrajina vm\u011b\u0161uj\u00ed do demokratick\u00e9ho procesu, aby pomohly opozici, kter\u00e1 je pod jejich vlivem, sesadit \u00fa\u0159aduj\u00edc\u00edho premi\u00e9ra Viktora Orb\u00e1na, kter\u00e9ho ob\u011b strany opovrhuj\u00ed, proto\u017ee je konzervativn\u00ed nacionalista up\u0159ednost\u0148uj\u00edc\u00ed ma\u010farsk\u00e9 z\u00e1jmy. Ani jednomu z nich se nel\u00edb\u00ed, \u017ee odm\u00edtl vyzbrojit Ukrajinu a nad\u00e1le otev\u0159en\u011b nakupuje energie od Ruska. Pokud v\u0161ak navzdory jejich snah\u00e1m o vm\u011b\u0161ov\u00e1n\u00ed vyhraje, pl\u00e1nuj\u00ed jeho v\u00edt\u011bzstv\u00ed delegitimizovat prost\u0159ednictv\u00edm\u00a0<\/span><a href=\"https:\/\/korybko.substack.com\/p\/szijjartos-leaked-calls-with-lavrov\" rel=\"\"><span dir=\"auto\">nejnov\u011bj\u0161\u00edho spiknut\u00ed Russiagate\u00a0<\/span><\/a><span dir=\"auto\">.<\/span><\/p>\n<p><span dir=\"auto\">To je pl\u00e1n B, zat\u00edmco pl\u00e1n A samoz\u0159ejm\u011b znamen\u00e1, \u017ee prohraje, a proto by pokus o teroristick\u00fd \u00fatok na TurkStream mohl tomuto c\u00edli napomoci, kdyby jej Srbsko nezma\u0159ilo. Jak bylo zm\u00edn\u011bno v \u00favodu, populace mohla b\u00fdt uvr\u017eena do paniky, co\u017e by mohlo v\u00e9st k tomu, aby v\u00edce lid\u00ed volilo proevropskou opozici, proto\u017ee by si mysleli, \u017ee Ma\u010farsko by pak EU pot\u0159ebovalo v\u00edce ne\u017e kdy jindy. I kdyby Orb\u00e1n vyhr\u00e1l, ekonomika by se stejn\u011b zhroutila, \u010d\u00edm\u017e by se fale\u0161n\u011b legitimizovaly p\u0159edem napl\u00e1novan\u00e9 protesty.<\/span><\/p>\n<p><span dir=\"auto\">Ostatn\u011b, i kdy\u017e\u00a0<\/span><a href=\"https:\/\/www.rt.com\/news\/636875-hungary-ukraine-maidan-orban\/\" rel=\"\"><span dir=\"auto\">RT\u00a0<\/span><\/a><span dir=\"auto\">bagatelizovala sc\u00e9n\u00e1\u0159 \u201eMajdanu na steroidech\u201c v p\u0159\u00edpad\u011b prohry opozice, kombinace nejnov\u011bj\u0161\u00edho spiknut\u00ed Russiagate a krachuj\u00edc\u00ed ekonomiky by st\u00e1le mohla slou\u017eit jako \u201eve\u0159ejn\u011b v\u011brohodn\u00e9\u201c spou\u0161t\u011b\u010de pro zoufal\u00fd pokus o svr\u017een\u00ed Orb\u00e1na, i kdy\u017e nakonec sel\u017ee. P\u0159inejmen\u0161\u00edm by rozpt\u00fdlen\u00ed v\u00fdtr\u017en\u00edk\u016f bezpe\u010dnostn\u00edmi slu\u017ebami mohlo b\u00fdt zneu\u017eito jako z\u00e1minka pro sankce EU, v\u010detn\u011b\u00a0<\/span><a href=\"https:\/\/archive.is\/0138G\" rel=\"\"><span dir=\"auto\">radik\u00e1ln\u00edch opat\u0159en\u00ed\u00a0<\/span><\/a><span dir=\"auto\">k de facto zmrazen\u00ed \u010dlenstv\u00ed Ma\u010farska v bloku.<\/span><\/p>\n<p><span dir=\"auto\">Ma\u010farsk\u00fd ministr zahrani\u010d\u00ed Peter Szijj\u00e1rt\u00f3 se v souvislosti s pokusem o teroristick\u00fd \u00fatok, kter\u00fd byl pr\u00e1v\u011b zma\u0159en,\u00a0<\/span><a href=\"https:\/\/www.pravda.com.ua\/eng\/news\/2026\/04\/05\/8028860\/\" rel=\"\"><span dir=\"auto\">vyj\u00e1d\u0159il\u00a0<\/span><\/a><span dir=\"auto\">, \u017ee to \u201ezapad\u00e1 do s\u00e9rie incident\u016f, v nich\u017e se Ukrajina neust\u00e1le sna\u017e\u00ed br\u00e1nit p\u0159eprav\u011b rusk\u00e9ho plynu a ropy do Evropy\u201c. P\u0159ipomn\u011bl tak\u00e9, jak \u201edes\u00edtky dron\u016f neust\u00e1le \u00fato\u010d\u00ed na plynovod TurkStream, kter\u00fd dod\u00e1v\u00e1 plyn do Ma\u010farska, na rusk\u00e9m \u00fazem\u00ed, a nyn\u00ed se zd\u00e1, \u017ee sou\u010d\u00e1st\u00ed t\u011bchto \u00fatok\u016f je i teroristick\u00fd \u00fatok, kter\u00fd Srbsko zma\u0159ilo\u201c.<\/span><\/p>\n<p><span dir=\"auto\">Ukrajina p\u0159edv\u00eddateln\u011b pop\u0159ela jak\u00e9koli zapojen\u00ed a mluv\u010d\u00ed ministerstva zahrani\u010d\u00ed\u00a0<\/span><a href=\"https:\/\/x.com\/SpoxUkraineMFA\/status\/2040809190050955502\" rel=\"\"><span dir=\"auto\">reagoval\u00a0<\/span><\/a><span dir=\"auto\">spekulacemi, \u017ee se jednalo o ruskou provokaci pod fale\u0161nou vlajkou, co\u017e opozi\u010dn\u00ed v\u016fdce Peter Magyar\u00a0<\/span><a href=\"https:\/\/x.com\/magyarpeterMP\/status\/2040787908043444588\" rel=\"\"><span dir=\"auto\">nazna\u010dil\u00a0<\/span><\/a><span dir=\"auto\">. Nicm\u00e9n\u011b tato anal\u00fdza\u00a0<\/span><a href=\"https:\/\/korybko.substack.com\/p\/poland-and-hungary-are-threatened\" rel=\"\"><span dir=\"auto\">z\u00a0<\/span><\/a><span dir=\"auto\">lo\u0148sk\u00e9ho prosince varovala, \u017ee agenti ukrajinsk\u00fdch tajn\u00fdch slu\u017eeb pravd\u011bpodobn\u011b ji\u017e infiltrovali Evropu pod rou\u0161kou uprchl\u00edk\u016f a \u017ee n\u011bkte\u0159\u00ed uprchl\u00edci by s takov\u00fdmi agenty mohli kv\u016fli sv\u00e9 obt\u00ed\u017en\u00e9 situaci spolupracovat, co\u017e zvy\u0161uje riziko politicky motivovan\u00fdch teroristick\u00fdch \u00fatok\u016f.<\/span><\/p>\n<p><span dir=\"auto\">Zd\u00e1 se, \u017ee p\u0159esn\u011b to se stalo v p\u0159\u00edpad\u011b zma\u0159en\u00e9ho bombardov\u00e1n\u00ed TurkStreamu: ukrajin\u0161t\u00ed agenti se spol\u00e9hali bu\u010f na sv\u00e9 vlastn\u00ed st\u00e1tn\u00ed p\u0159\u00edslu\u0161n\u00edky, nebo na ciz\u00ed osoby, kter\u00e9 tyto bomby um\u00edstily v r\u00e1mci politicky motivovan\u00e9ho teroristick\u00e9ho \u00fatoku proti Ma\u010farsku, aby se vm\u011b\u0161ovali do jeho voleb a preventivn\u011b ho potrestali, pokud Orb\u00e1n vyhraje. S t\u00edmto vysv\u011btlen\u00edm ud\u00e1lost\u00ed na pam\u011bti by se dal\u0161\u00edm c\u00edlem Ukrajiny mohla st\u00e1t jak\u00e1koli jin\u00e1 zem\u011b,\u00a0<\/span><a href=\"https:\/\/korybko.substack.com\/p\/the-slovak-prime-minister-has-a-pragmatic\" rel=\"\"><span dir=\"auto\">jako je Slovensko\u00a0<\/span><\/a><span dir=\"auto\">, kter\u00e1 napodob\u00ed jeho politiku od\u0159\u00edznut\u00ed zbran\u00ed Ukrajin\u011b a bude i nad\u00e1le otev\u0159en\u011b nakupovat energie od Ruska.<\/span><\/p>\n<p><a href=\"https:\/\/korybko.substack.com\/p\/serbia-thwarted-a-major-ukrainian\">Andrew Korybko, PhD<\/a><\/p>\n<p><img decoding=\"async\" loading=\"lazy\" class=\"alignnone  wp-image-22017\" src=\"http:\/\/www.infokuryr.cz\/n\/wp-content\/uploads\/2023\/01\/andrew-korybko-300x300.jpg\" alt=\"\" width=\"179\" height=\"179\" srcset=\"https:\/\/www.infokuryr.cz\/n\/wp-content\/uploads\/2023\/01\/andrew-korybko-300x300.jpg 300w, https:\/\/www.infokuryr.cz\/n\/wp-content\/uploads\/2023\/01\/andrew-korybko-150x150.jpg 150w, https:\/\/www.infokuryr.cz\/n\/wp-content\/uploads\/2023\/01\/andrew-korybko.jpg 400w\" sizes=\"(max-width: 179px) 100vw, 179px\" \/><\/p>\n<p>&nbsp;<\/p>\n","protected":false},"excerpt":{"rendered":"<p>Jeho c\u00edlem bylo vm\u011b\u0161ovat se do parlamentn\u00edch voleb, kter\u00e9 se budou konat p\u0159\u00ed\u0161t\u00ed ned\u011bli, s&#8230;<\/p>\n","protected":false},"author":2,"featured_media":103918,"comment_status":"closed","ping_status":"closed","sticky":false,"template":"","format":"standard","meta":[],"categories":[7],"tags":[1042,78,139,2703],"_links":{"self":[{"href":"https:\/\/www.infokuryr.cz\/n\/wp-json\/wp\/v2\/posts\/103917"}],"collection":[{"href":"https:\/\/www.infokuryr.cz\/n\/wp-json\/wp\/v2\/posts"}],"about":[{"href":"https:\/\/www.infokuryr.cz\/n\/wp-json\/wp\/v2\/types\/post"}],"author":[{"embeddable":true,"href":"https:\/\/www.infokuryr.cz\/n\/wp-json\/wp\/v2\/users\/2"}],"replies":[{"embeddable":true,"href":"https:\/\/www.infokuryr.cz\/n\/wp-json\/wp\/v2\/comments?post=103917"}],"version-history":[{"count":0,"href":"https:\/\/www.infokuryr.cz\/n\/wp-json\/wp\/v2\/posts\/103917\/revisions"}],"wp:featuredmedia":[{"embeddable":true,"href":"https:\/\/www.infokuryr.cz\/n\/wp-json\/wp\/v2\/media\/103918"}],"wp:attachment":[{"href":"https:\/\/www.infokuryr.cz\/n\/wp-json\/wp\/v2\/media?parent=103917"}],"wp:term":[{"taxonomy":"category","embeddable":true,"href":"https:\/\/www.infokuryr.cz\/n\/wp-json\/wp\/v2\/categories?post=103917"},{"taxonomy":"post_tag","embeddable":true,"href":"https:\/\/www.infokuryr.cz\/n\/wp-json\/wp\/v2\/tags?post=103917"}],"curies":[{"name":"wp","href":"https:\/\/api.w.org\/{rel}","templated":true}]}}