{"id":103892,"date":"2026-04-07T00:11:00","date_gmt":"2026-04-06T22:11:00","guid":{"rendered":"https:\/\/www.infokuryr.cz\/n\/?p=103892"},"modified":"2026-04-06T10:58:12","modified_gmt":"2026-04-06T08:58:12","slug":"thomas-roper-jake-triky-pouziva-eu-aby-se-pokusila-zabranit-orbanovu-znovuzvoleni","status":"publish","type":"post","link":"https:\/\/www.infokuryr.cz\/n\/2026\/04\/07\/thomas-roper-jake-triky-pouziva-eu-aby-se-pokusila-zabranit-orbanovu-znovuzvoleni\/","title":{"rendered":"Thomas R\u00f6per: Jak\u00e9 triky pou\u017e\u00edv\u00e1 EU, aby se pokusila zabr\u00e1nit Orb\u00e1novu znovuzvolen\u00ed?"},"content":{"rendered":"<div id=\"fb-root\"><\/div>\n<p><strong><span dir=\"auto\">Opakovan\u011b jsem se zab\u00fdval t\u00edm, \u017ee volby v Ma\u010farsku 12. dubna budou osudn\u00e9 nejen pro Ma\u010farsko, ale pro celou EU. Zde ukazuji triky, kter\u00e9 EU pou\u017e\u00edv\u00e1 k zasahov\u00e1n\u00ed do volebn\u00ed kampan\u011b, aby zabr\u00e1nila Orb\u00e1novu v\u00edt\u011bzstv\u00ed.<\/span><\/strong><\/p>\n<p><span dir=\"auto\">Volby v Ma\u010farsku 12. dubna nejsou d\u016fle\u017eit\u00e9 jen pro Ma\u010farsko, ale jsou zlomov\u00e9 i pro EU a dokonce i za jej\u00edmi hranicemi. P\u0159ed t\u00fddnem jsem vysv\u011btloval, pro\u010d tomu tak je, jak jsou v Ma\u010farsku manipulov\u00e1ny volebn\u00ed pr\u016fzkumy a jak\u00fd sc\u00e9n\u00e1\u0159 hroz\u00ed v p\u0159\u00edpad\u011b Orb\u00e1nova v\u00edt\u011bzstv\u00ed, proto\u017ee EU pravd\u011bpodobn\u011b Orb\u00e1novo v\u00edt\u011bzstv\u00ed neuzn\u00e1 a pravd\u011bpodobn\u011b by tvrdila, \u017ee \u0161lo o volebn\u00ed podvod, s odkazem na pr\u016fzkumy financovan\u00e9 samotnou EU. Nebudu to tu v\u0161echno opakovat, proto v\u00e1s odkazuji na sv\u016fj\u00a0<\/span><a href=\"https:\/\/anti-spiegel.ru\/2026\/welches-szenario-nach-den-ungarn-wahlen-am-12-april-kommen-duerfte\/\"><u><span dir=\"auto\">\u010dl\u00e1nek<\/span><\/u><\/a><span dir=\"auto\">\u00a0z minul\u00e9ho t\u00fddne.<\/span><\/p>\n<p><span dir=\"auto\">Shrom\u00e1\u017edil jsem zpr\u00e1vy z minul\u00e9ho t\u00fddne o volb\u00e1ch v Ma\u010farsku a zde shrnuji triky, kter\u00e9 EU pou\u017e\u00edv\u00e1, aby se pokusila dos\u00e1hnout volebn\u00edho v\u00edt\u011bzstv\u00ed opozi\u010dn\u00edho kandid\u00e1ta, kter\u00e9ho si sama vybudovala a financovala.<\/span><\/p>\n<h3 class=\"wp-block-heading\"><span dir=\"auto\">Vm\u011b\u0161ov\u00e1n\u00ed do voleb prost\u0159ednictv\u00edm cenzury<\/span><\/h3>\n<p><span dir=\"auto\">P\u0159ed ma\u010farsk\u00fdmi volbami zavedla EU mechanismy digit\u00e1ln\u00ed cenzury. Platformy soci\u00e1ln\u00edch m\u00e9di\u00ed dostaly pokyn, aby p\u0159iv\u00edraly o\u010di nad poru\u0161ov\u00e1n\u00edm pravidel platforem ma\u010farskou opozic\u00ed, zat\u00edmco konzervativn\u00ed obsah m\u011bl b\u00fdt co nejp\u0159\u00edsn\u011bji moderov\u00e1n.<\/span><\/p>\n<p><span dir=\"auto\">Nejde ani tak o \u201eskute\u010dnou\u201c cenzuru prost\u0159ednictv\u00edm blokov\u00e1n\u00ed a maz\u00e1n\u00ed, co\u017e by bylo znateln\u00e9, ale sp\u00ed\u0161e o algoritmy, kter\u00e9 ur\u010duj\u00ed, kolik u\u017eivatel\u016f vid\u00ed p\u0159\u00edsp\u011bvek na soci\u00e1ln\u00edch s\u00edt\u00edch. P\u0159\u00edsp\u011bvky opozice a jejich narativy se zobrazuj\u00ed \u010dasto, zat\u00edmco p\u0159\u00edsp\u011bvky vl\u00e1dy a jej\u00ed narativy jsou skryty.<\/span><\/p>\n<p><span dir=\"auto\">Nevl\u00e1dn\u00ed organizace zapojen\u00e9 do moderov\u00e1n\u00ed obsahu na soci\u00e1ln\u00edch s\u00edt\u00edch, tzv. \u201ed\u016fv\u011bryhodn\u00ed ohla\u0161ovatel\u00e9\u201c, p\u0159irozen\u011b dost\u00e1vaj\u00ed finan\u010dn\u00ed prost\u0159edky od EU a \u010dlensk\u00fdch st\u00e1t\u016f EU.<\/span><\/p>\n<p><span dir=\"auto\">To nen\u00ed nic nov\u00e9ho; d\u011bje se to i v N\u011bmecku. \u201eD\u016fv\u011bryhodn\u00ed ohla\u0161ovatel\u00e9\u201c jsou nevl\u00e1dn\u00ed organizace certifikovan\u00e9 podle z\u00e1kona EU o cenzu\u0159e v r\u00e1mci z\u00e1kona o digit\u00e1ln\u00edch slu\u017eb\u00e1ch (DSA). Hl\u00e1s\u00ed \u00fadajn\u011b neleg\u00e1ln\u00ed online obsah, jako jsou \u201enen\u00e1vistn\u00e9 projevy\u201c, platform\u00e1m. Jejich hl\u00e1\u0161en\u00ed mus\u00ed b\u00fdt up\u0159ednost\u0148ov\u00e1na a rychle zpracov\u00e1v\u00e1na. V N\u011bmecku jmenuje \u201ed\u016fv\u011bryhodn\u00e9 ohla\u0161ovatele\u201c Feder\u00e1ln\u00ed \u00fa\u0159ad pro soci\u00e1ln\u00ed s\u00edt\u011b a a\u010dkoli jsou tyto organizace ofici\u00e1ln\u011b ozna\u010deny jako \u201e\u00a0<\/span><strong><span dir=\"auto\">nevl\u00e1dn\u00ed<\/span><\/strong><span dir=\"auto\">\u00a0organizace\u201c, jsou prim\u00e1rn\u011b financov\u00e1ny st\u00e1tem, tj. vl\u00e1dou.<\/span><\/p>\n<p><span dir=\"auto\">Tento typ zasahov\u00e1n\u00ed do evropsk\u00fdch voleb prost\u0159ednictv\u00edm \u201eneviditeln\u00e9\u201c online cenzury praktikuje EU ji\u017e n\u011bjakou dobu a jeho umo\u017en\u011bn\u00ed bylo jedn\u00edm z d\u016fvod\u016f pro zaveden\u00ed z\u00e1kona o digit\u00e1ln\u00edch slu\u017eb\u00e1ch (Digital Services Act). Za\u010d\u00e1tkem \u00fanora zve\u0159ejnilo americk\u00e9 ministerstvo spravedlnosti zpr\u00e1vu s n\u00e1zvem \u201e\u00a0<\/span><a href=\"https:\/\/judiciary.house.gov\/sites\/evo-subsites\/republicans-judiciary.house.gov\/files\/2026-02\/THE-FOREIGN-CENSORSHIP-THREAT-PART-II-2-3-26.pdf\"><u><span dir=\"auto\">Hrozba zahrani\u010dn\u00ed cenzury<\/span><\/u><\/a><span dir=\"auto\">\u00a0\u201c, v n\u00ed\u017e obvinilo EU z toho, \u017ee deset let pracovala na centralizaci glob\u00e1ln\u00edho internetu, \u010d\u00edm\u017e poru\u0161ovala svobodu projevu Ameri\u010dan\u016f, co\u017e vyvrcholilo z\u00e1konem EU o digit\u00e1ln\u00edch slu\u017eb\u00e1ch. Podle americk\u00e9 zpr\u00e1vy Evropsk\u00e1 komise vyu\u017e\u00edv\u00e1 z\u00e1kon o digit\u00e1ln\u00edch slu\u017eb\u00e1ch k cenzu\u0159e politick\u00fdch prohl\u00e1\u0161en\u00ed po cel\u00e9m sv\u011bt\u011b online, a to i k ovlivn\u011bn\u00ed humoru a satiry. O tom jsem informoval;\u00a0<\/span><a href=\"https:\/\/anti-spiegel.ru\/2026\/das-us-justizministerium-wirft-der-eu-kommission-einmischung-in-europaeische-wahlen-vor\/\"><u><span dir=\"auto\">\u010dl\u00e1nek najdete zde<\/span><\/u><\/a><span dir=\"auto\">\u00a0.<\/span><\/p>\n<h3 class=\"wp-block-heading\"><span dir=\"auto\">Financov\u00e1n\u00ed opozice<\/span><\/h3>\n<p><span dir=\"auto\">Ma\u010farsk\u00e1 da\u0148ov\u00e1 a celn\u00ed spr\u00e1va 6. b\u0159ezna ozn\u00e1mila, \u017ee sedm zam\u011bstnanc\u016f ukrajinsk\u00e9 Oschadbanky, v\u010detn\u011b b\u00fdval\u00e9ho gener\u00e1la ukrajinsk\u00e9 bezpe\u010dnostn\u00ed slu\u017eby (SBU), bylo v Ma\u010farsku zat\u010deno za pokus o p\u0159epravu 40 milion\u016f dolar\u016f a 35 milion\u016f eur v hotovosti a tak\u00e9 zlat\u00fdch slitk\u016f o celkov\u00e9 hmotnosti 9 kilogram\u016f z Rakouska na Ukrajinu p\u0159es Ma\u010farsko ve dvou obrn\u011bn\u00fdch n\u00e1kladn\u00edch vozech. Ma\u010farsko obvinilo Ukrajinu z pran\u00ed \u0161pinav\u00fdch pen\u011bz a tvrdilo, \u017ee \u010d\u00e1st pen\u011bz m\u011bla b\u00fdt pou\u017eita k neleg\u00e1ln\u00edmu financov\u00e1n\u00ed ma\u010farsk\u00e9 opozice.<\/span><\/p>\n<p><span dir=\"auto\">Ma\u010farsk\u00e9 zpravodajsk\u00e9 slu\u017eby 11. b\u0159ezna informovaly o financov\u00e1n\u00ed ma\u010farsk\u00e9 opozi\u010dn\u00ed strany Tisza Ukrajinou, uvedl Zolt\u00e1n Kov\u00e1cs, st\u00e1tn\u00ed tajemn\u00edk pro mezin\u00e1rodn\u00ed komunikaci a vztahy v kancel\u00e1\u0159i ma\u010farsk\u00e9ho premi\u00e9ra. Kov\u00e1cs poznamenal, \u017ee des\u00edtky milion\u016f eur v hotovosti zabaven\u00e9 v Ma\u010farsku zam\u011bstnanc\u016fm ukrajinsk\u00e9 Oschadbanky zhruba odpov\u00eddaj\u00ed \u010d\u00e1stce, kterou l\u00eddr strany Tisza P\u00e9ter Magyar uvedl na volebn\u00ed kampa\u0148 sv\u00e9 strany.<\/span><\/p>\n<p><span dir=\"auto\">Orb\u00e1n 27. b\u0159ezna prohl\u00e1sil, \u017ee miliardy dolar\u016f neplynou jen ze Z\u00e1padu na Ukrajinu, ale na popud ukrajinsk\u00e9ho veden\u00ed i opa\u010dn\u00fdm sm\u011brem, a dodal, \u017ee \u201ekostlivci ve Zelensk\u00e9ho sk\u0159\u00edni vych\u00e1zej\u00ed najevo\u201c.<\/span><\/p>\n<p><span dir=\"auto\">Komentoval tak zpr\u00e1vu den\u00edku \u201eJust the News\u201c, podle n\u00ed\u017e ukrajinsk\u00e1 vl\u00e1da pl\u00e1novala p\u0159esm\u011brovat \u201estovky milion\u016f dolar\u016f z pen\u011bz americk\u00fdch da\u0148ov\u00fdch poplatn\u00edk\u016f\u201c zp\u011bt do Washingtonu na rozvoj \u010dist\u00e9 energie na Ukrajin\u011b p\u0159ed prezidentsk\u00fdmi volbami v USA v roce 2024. Pen\u00edze byly ur\u010deny na podporu kampan\u011b demokratick\u00fdch voleb v USA.<\/span><\/p>\n<p><span dir=\"auto\">Orb\u00e1n v televizn\u00edm projevu\u00a0<\/span><a href=\"https:\/\/tass.ru\/mezhdunarodnaya-panorama\/26912157\"><u><span dir=\"auto\">\u0159ekl<\/span><\/u><\/a><span dir=\"auto\">\u00a0toto :<\/span><\/p>\n<p><em><span dir=\"auto\">\u201eTo znamen\u00e1, \u017ee volebn\u00ed kampa\u0148 demokrat\u016f byla financov\u00e1na z ukrajinsk\u00fdch pen\u011bz. Tot\u00e9\u017e se d\u011bje nyn\u00ed v Ma\u010farsku. Cht\u011bj\u00ed proukrajinskou vl\u00e1du, vys\u00edlaj\u00ed ukrajinsk\u00e9 agenty a podporuj\u00ed proukrajinskou opozici.\u201c<\/span><\/em><\/p>\n<p><span dir=\"auto\">Potvrzuje to zabaven\u00ed milion\u016f dolar\u016f a eur, stejn\u011b jako zlat\u00fdch slitk\u016f, k n\u011bmu\u017e do\u0161lo v Ma\u010farsku za\u010d\u00e1tkem b\u0159ezna. Orb\u00e1n dodal:<\/span><\/p>\n<p><em><span dir=\"auto\">\u201eVy\u0161et\u0159ov\u00e1n\u00ed \u201aukrajinsk\u00e9ho zlat\u00e9ho konvoje\u2018 tak\u00e9 odhalilo, \u017ee pen\u00edze proudily nejen ze Z\u00e1padu na Ukrajinu, ale i opa\u010dn\u00fdm sm\u011brem. To znamen\u00e1, \u017ee z chud\u00e9 Ukrajiny byly p\u0159es Ma\u010farsko neust\u00e1le vyv\u00e1\u017eeny miliardy dolar\u016f na Z\u00e1pad. V\u00edme tak\u00e9, \u017ee v\u011bt\u0161ina t\u011bchto pen\u011bz byla p\u0159evedena do USA.\u201c<\/span><\/em><\/p>\n<p><span dir=\"auto\">Podle Orb\u00e1na \u201eZelenskij plat\u00ed ukrajinsk\u00fdm zlatem a dolary t\u011bm, kte\u0159\u00ed jsou ochotni podpo\u0159it v\u00e1lku na Ukrajin\u011b,\u201c a \u201eMa\u010farsko tomu u\u010din\u00ed p\u0159\u00edtr\u017e.\u201c<\/span><\/p>\n<p><span dir=\"auto\">V USA zah\u00e1jily \u00fa\u0159ady vy\u0161et\u0159ov\u00e1n\u00ed pot\u00e9, co se objevily zpr\u00e1vy o \u00famyslu Ukrajiny neleg\u00e1ln\u011b p\u0159ev\u00e9st finan\u010dn\u00ed prost\u0159edky na demokratickou prezidentskou kampa\u0148. 18. b\u0159ezna bylo odhaleno, \u017ee celkem\u00a0<\/span><a href=\"https:\/\/anti-spiegel.ru\/2026\/bei-usaid-wurden-verstoesse-in-hoehe-von-26-milliarden-dollar-bei-hilfsgeldern-fuer-kiew-aufgedeckt\/\"><u><span dir=\"auto\">26 miliard dolar\u016f, kter\u00e9 USAID p\u0159evedla na Ukrajinu mezi rokem 2022 a uzav\u0159en\u00edm agentury, chyb\u00ed<\/span><\/u><\/a><span dir=\"auto\">\u00a0. O t\u011bchto finan\u010dn\u00edch prost\u0159edc\u00edch neexistuj\u00ed \u017e\u00e1dn\u00e9 \u00fa\u010detn\u00ed z\u00e1znamy, tak\u017ee je nemo\u017en\u00e9 zjistit, kam se pod\u011bly, kdo obdr\u017eel pod\u00edl, kter\u00e9 tajn\u00e9 fondy byly napln\u011bny a kdo byl podplacen.<\/span><\/p>\n<h3 class=\"wp-block-heading\"><span dir=\"auto\">Zpravodajsk\u00e9 operace<\/span><\/h3>\n<p><span dir=\"auto\">Dne 21. b\u0159ezna zve\u0159ejnil den\u00edk Washington Post \u010dl\u00e1nek\u00a0<\/span><a href=\"https:\/\/www.washingtonpost.com\/world\/2026\/03\/21\/hungary-election-interference-russia-orban\/\"><u><span dir=\"auto\">,<\/span><\/u><\/a><span dir=\"auto\">\u00a0v n\u011bm\u017e s odvol\u00e1n\u00edm na evropsk\u00e9 zpravodajsk\u00e9 zdroje tvrdil, \u017ee ma\u010farsk\u00fd ministr zahrani\u010d\u00ed Szijj\u00e1rt\u00f3 po l\u00e9ta p\u0159ed\u00e1val informace z intern\u00edch sch\u016fzek EU p\u0159\u00edmo rusk\u00e9mu ministrovi zahrani\u010d\u00ed Lavrovovi. \u010cl\u00e1nek tvrdil, \u017ee b\u011bhem p\u0159est\u00e1vek v t\u011bchto sch\u016fzk\u00e1ch \u00fadajn\u011b poskytoval Moskv\u011b \u017eiv\u00e9 telefonick\u00e9 informace, co\u017e Lavrov pop\u0159el.<\/span><\/p>\n<p><span dir=\"auto\">Z\u00e1padn\u00ed m\u00e9dia o t\u00e9to kauze rozs\u00e1hle informovala, p\u0159esto\u017ee krom\u011b novinov\u00e9ho \u010dl\u00e1nku neexistovaly \u017e\u00e1dn\u00e9 d\u016fkazy ani potvrzen\u00ed. A samoz\u0159ejm\u011b se t\u00e9to kauzy chopila i ma\u010farsk\u00e1 opozice. Nap\u0159\u00edklad\u00a0<\/span><a href=\"https:\/\/www.spiegel.de\/politik\/deutschland\/viktor-orbans-regierung-und-die-eu-so-soll-ungarn-fuer-moskau-spioniert-haben-a-977e5c58-a9d7-44a4-aea0-eba3fb0caf00\"><u><span dir=\"auto\">v Der Spiegelu<\/span><\/u><\/a><span dir=\"auto\">\u00a0byl Orb\u00e1n ozna\u010den za \u201ekremelsk\u00e9ho krtka\u201c, \u201ep\u0159eb\u011bhl\u00edka\u201c a \u201ezr\u00e1dce Evropy\u201c, kter\u00e9ho by Ma\u010fa\u0159i m\u011bli kone\u010dn\u011b odhlasovat, a objevily se i v\u00fdzvy k odebr\u00e1n\u00ed ma\u010farsk\u00e9ho pr\u00e1va veta v EU.<\/span><\/p>\n<p><span dir=\"auto\">Podle den\u00edku Washington Post d\u00e1le rusk\u00e1 tajn\u00e1 slu\u017eba zva\u017eovala zinscenov\u00e1n\u00ed pokusu o atent\u00e1t na Orb\u00e1na, aby si k n\u011bmu z\u00edskala sympatie. M\u00e9dia mimochodem nezm\u00ednila, \u017ee ukrajinsk\u00fd v\u016fdce Zelenskyj Orb\u00e1novi jen o n\u011bkolik t\u00fddn\u016f d\u0159\u00edve\u00a0<\/span><a href=\"https:\/\/anti-spiegel.ru\/2026\/warum-der-streit-zwischen-selensky-und-orban-eskaliert-und-wie-der-spiegel-darueber-desinformiert\/\"><u><span dir=\"auto\">otev\u0159en\u011b pohrozil smrt\u00ed<\/span><\/u><\/a><span dir=\"auto\">\u00a0. V tomto kontextu by se \u201eodhalen\u00ed\u201c Washington Post dalo interpretovat i jako preventivn\u00ed pokus uk\u00e1zat prstem na Rusko v p\u0159\u00edpad\u011b mo\u017en\u00e9ho pokusu o atent\u00e1t na Orb\u00e1na, a t\u00edm odv\u00e9st pozornost od Zelensk\u00e9ho explicitn\u00ed hrozby smrt\u00ed.<\/span><\/p>\n<p><span dir=\"auto\">23. b\u0159ezna vy\u0161lo najevo, \u017ee ukrajinsk\u00e1 tajn\u00e1 slu\u017eba odposlouch\u00e1vala Szijj\u00e1rt\u00f3\u016fv mobiln\u00ed telefon pot\u00e9, co jeho \u010d\u00edslo z\u00edskala od ma\u010farsk\u00e9ho novin\u00e1\u0159e. Uk\u00e1zalo se, \u017ee novin\u00e1\u0159 m\u011bl p\u0159\u00edm\u00e9 vazby na veden\u00ed opozi\u010dn\u00ed strany Tisza. Vy\u0161et\u0159ov\u00e1n\u00edm p\u0159\u00edpadu bylo pov\u011b\u0159eno ma\u010farsk\u00e9 ministerstvo spravedlnosti.<\/span><\/p>\n<p><span dir=\"auto\">Ma\u010farsk\u00fd premi\u00e9r Orb\u00e1n 26. b\u0159ezna vyzval ukrajinsk\u00e9ho v\u016fdce Zelensk\u00e9ho k okam\u017eit\u00e9mu sta\u017een\u00ed sv\u00fdch zpravodajsk\u00fdch d\u016fstojn\u00edk\u016f a agent\u016f ze zem\u011b a obvinil je z podpory ma\u010farsk\u00e9 opozice ve volb\u00e1ch. Orb\u00e1n d\u00e1le uvedl, \u017ee pro opozi\u010dn\u00ed stranu Tisza pracuj\u00ed \u201eukrajin\u0161t\u00ed \u0161pioni a IT specialist\u00e9 placen\u00ed Ukrajinci\u201c. Ma\u010farsk\u00e1 vl\u00e1da zah\u00e1jila vy\u0161et\u0159ov\u00e1n\u00ed a trestn\u00ed st\u00edh\u00e1n\u00ed proti dv\u011bma IT specialist\u016fm a obvinila je ze \u0161pion\u00e1\u017ee pro Ukrajinu a nez\u00e1konn\u00fdch aktivit jm\u00e9nem opozice.<\/span><\/p>\n<p><span dir=\"auto\">Podle Gergelyho Huyasse, vedouc\u00edho Orb\u00e1novy kancel\u00e1\u0159e, m\u00e1 vl\u00e1da informace, \u017ee tito lid\u00e9 udr\u017euj\u00ed vazby na ukrajinsk\u00e9 zpravodajsk\u00e9 slu\u017eby. Ma\u010farsk\u00fd ministr zahrani\u010d\u00ed P\u00e9ter Szijj\u00e1rt\u00f3 ji\u017e d\u0159\u00edve prohl\u00e1sil, \u017ee Ukrajina se vm\u011b\u0161uje do vnit\u0159n\u00edch z\u00e1le\u017eitost\u00ed Ma\u010farska, v\u010detn\u011b nadch\u00e1zej\u00edc\u00edch parlamentn\u00edch voleb, a to prost\u0159ednictv\u00edm sv\u00fdch zpravodajsk\u00fdch slu\u017eeb, blok\u00e1dy ropovodu Dru\u017eba, politick\u00e9ho vyd\u00edr\u00e1n\u00ed a p\u0159\u00edm\u00fdch v\u00fdhr\u016f\u017eek nam\u00ed\u0159en\u00fdch proti Orb\u00e1novi.<\/span><\/p>\n<p><span dir=\"auto\">N\u011bmeck\u00e1 m\u00e9dia\u00a0<\/span><a href=\"https:\/\/www.spiegel.de\/ausland\/ungarn-oppositionsfuehrer-peter-magyar-fordert-ermittlungen-nach-moeglichem-geheimdienstskandal-a-f35d8ad2-2d30-48a3-8ddd-e4d47c22387d\"><u><span dir=\"auto\">jako Der Spiegel<\/span><\/u><\/a><span dir=\"auto\">\u00a0se o t\u011bchto obvin\u011bn\u00edch ve sv\u00fdch \u010dl\u00e1nc\u00edch sotva zm\u00ednila, m\u00edsto toho obs\u00e1hle citovala opozi\u010dn\u00edho v\u016fdce, kter\u00fd tvrdil, \u017ee vl\u00e1da \u201ezneu\u017eila policii k politick\u00fdm \u00fa\u010del\u016fm\u201c.<\/span><\/p>\n<p><span dir=\"auto\">Dne 31. b\u0159ezna\u00a0<\/span><a href=\"https:\/\/frontstory.pl\/hotline-z-kremlem\/\"><u><span dir=\"auto\">zve\u0159ejnil mal\u00fd polsk\u00fd zpravodajsk\u00fd port\u00e1l<\/span><\/u><\/a><span dir=\"auto\">\u00a0odposlouch\u00e1van\u00fd telefonn\u00ed rozhovor mezi ma\u010farsk\u00fdm a rusk\u00fdm ministrem zahrani\u010d\u00ed, kter\u00fd n\u00e1sledn\u011b roz\u0161\u00ed\u0159ila ma\u010farsk\u00e1 opozice a m\u00e9dia, kter\u00e1 jej podporuj\u00ed. Vzhledem k tomu, \u017ee tak mal\u00fd port\u00e1l nem\u00e1 mo\u017enost odposlouch\u00e1vat telefonn\u00ed hovory, je z\u0159ejm\u00e9, \u017ee nahr\u00e1vky port\u00e1lu poskytla zpravodajsk\u00e1 slu\u017eba.<\/span><\/p>\n<p><span dir=\"auto\">V rozhovoru Lavrov po\u017e\u00e1dal Szijj\u00e1rt\u00f3a, aby loboval u EU za zru\u0161en\u00ed sankc\u00ed proti man\u017eelce rusk\u00e9ho podnikatele. Evropsk\u00e1 m\u00e9dia n\u00e1sledn\u011b ozna\u010dila ma\u010farskou vl\u00e1du za agenty a komplice Moskvy, co\u017e nep\u0159\u00edmo podpo\u0159ilo narativ \u010dl\u00e1nku Washington Post, kter\u00fd citoval i evropsk\u00e9 zpravodajsk\u00e9 slu\u017eby. Dalo by se tedy p\u0159edpokl\u00e1dat, \u017ee za ob\u011bma publikacemi stoj\u00ed stejn\u00e1 zpravodajsk\u00e1 slu\u017eba.<\/span><\/p>\n<p><a href=\"https:\/\/x.com\/FM_Szijjarto\/status\/2038894389976514892\"><u><span dir=\"auto\">S\u00e1m Szijj\u00e1rt\u00f3 na zve\u0159ejn\u011bn\u00fd rozhovor na X reagoval klidn\u011b<\/span><\/u><\/a><span dir=\"auto\">\u00a0a napsal, \u017ee zve\u0159ejn\u011bn\u00fd rozhovor pouze uk\u00e1zal, \u017ee za zav\u0159en\u00fdmi dve\u0159mi \u0159\u00edk\u00e1 tot\u00e9\u017e co na ve\u0159ejnosti, a to, \u017ee u\u017e \u010dty\u0159i roky po\u017eaduje zru\u0161en\u00ed protirusk\u00fdch sankc\u00ed, proto\u017ee nep\u0159in\u00e1\u0161ej\u00ed m\u00edr a \u0161kod\u00ed v\u00edce EU ne\u017e Rusku.<\/span><\/p>\n<p><span dir=\"auto\">V ma\u010farsk\u00e9 televizi Szijj\u00e1rt\u00f3\u00a0<\/span><a href=\"https:\/\/tass.ru\/mezhdunarodnaya-panorama\/26951671\"><u><span dir=\"auto\">prohl\u00e1sil<\/span><\/u><\/a><span dir=\"auto\">\u00a0, \u017ee odposlechy jeho telefonu zahrani\u010dn\u00edmi zpravodajsk\u00fdmi slu\u017ebami jsou p\u0159\u00edm\u00fdm d\u016fkazem vm\u011b\u0161ov\u00e1n\u00ed jin\u00fdch zem\u00ed do parlamentn\u00edch voleb a \u017ee je p\u0159esv\u011bd\u010den, \u017ee zve\u0159ejn\u011bn\u00ed jeho telefonn\u00edch rozhovor\u016f s rusk\u00fdmi prot\u011bj\u0161ky v n\u011bkolika zahrani\u010dn\u00edch m\u00e9di\u00edch bylo p\u0159esn\u011b na\u010dasov\u00e1no tak, aby se shodovalo s volbami:<\/span><\/p>\n<p><em><span dir=\"auto\">\u201eJe to nehor\u00e1zn\u00fd skand\u00e1l, \u017ee zahrani\u010dn\u00ed zpravodajsk\u00e9 slu\u017eby zasahuj\u00ed do parlamentn\u00edch voleb v Ma\u010farsku. Je to nehor\u00e1zn\u00fd skand\u00e1l, \u017ee zahrani\u010dn\u00ed zpravodajsk\u00e9 slu\u017eby s pomoc\u00ed ma\u010farsk\u00e9ho novin\u00e1\u0159e odposlouch\u00e1vaj\u00ed telefonn\u00ed rozhovory ma\u010farsk\u00e9ho ministra zahrani\u010d\u00ed. Je to nehor\u00e1zn\u00fd skand\u00e1l, \u017ee tyto telefonn\u00ed rozhovory, nahran\u00e9 zpravodajsk\u00fdmi slu\u017ebami pomoc\u00ed jejich vlastn\u00edch metod, jsou zve\u0159ej\u0148ov\u00e1ny v z\u00e1v\u011bre\u010dn\u00fdch f\u00e1z\u00edch ma\u010farsk\u00e9 volebn\u00ed kampan\u011b v z\u00e1jmu Ukrajiny.\u201c<\/span><\/em><\/p>\n<p><span dir=\"auto\">To p\u0159edstavuje \u201enejzjevn\u011bj\u0161\u00ed, nejz\u00e1va\u017en\u011bj\u0161\u00ed a nejbezprincip\u00e1ln\u011bj\u0161\u00ed vm\u011b\u0161ov\u00e1n\u00ed zahrani\u010dn\u00ed zpravodajsk\u00e9 slu\u017eby do ma\u010farsk\u00fdch parlamentn\u00edch voleb v cel\u00e9 jejich historii\u201c.<\/span><\/p>\n<h3 class=\"wp-block-heading\"><span dir=\"auto\">Orb\u00e1novi p\u0159\u00edznivci<\/span><\/h3>\n<p><span dir=\"auto\">Seznam Orb\u00e1nov\u00fdch p\u0159\u00edznivc\u016f v EU nen\u00ed dlouh\u00fd, ale p\u0159esto nen\u00ed tak izolovan\u00fd, jak m\u00e9dia r\u00e1da tvrd\u00ed. \u010cesk\u00fd premi\u00e9r Andrej Babi\u0161 a ministr zahrani\u010d\u00ed Petr Macinka Orb\u00e1na podporuj\u00ed p\u0159ed nadch\u00e1zej\u00edc\u00edmi volbami v Ma\u010farsku. Tot\u00e9\u017e plat\u00ed samoz\u0159ejm\u011b pro slovensk\u00e9ho premi\u00e9ra Fica.<\/span><\/p>\n<p><span dir=\"auto\">Italsk\u00fd m\u00edstop\u0159edseda vl\u00e1dy Matteo Salvini byl jedn\u00edm z m\u00e1la v EU, kdo odsoudil Zelensk\u00e9ho v\u00fdhr\u016f\u017eky smrt\u00ed Orb\u00e1novi. Salvini tak\u00e9 vyj\u00e1d\u0159il zd\u011b\u0161en\u00ed nad nedostate\u010dnou reakc\u00ed veden\u00ed EU na pokusy ukrajinsk\u00e9 vl\u00e1dy o vyd\u00edr\u00e1n\u00ed ma\u010farsk\u00e9 vl\u00e1dy.<\/span><\/p>\n<p><a href=\"https:\/\/tass.ru\/mezhdunarodnaya-panorama\/26985227\"><u><span dir=\"auto\">Americk\u00fd prezident Donald Trump je tak\u00e9 Orb\u00e1nov\u00fdm p\u0159\u00edznivcem a 7. a 8. dubna<\/span><\/u><\/a><span dir=\"auto\">\u00a0vyslal do Ma\u010farska sv\u00e9ho viceprezidenta Vancea,\u00a0aby Orb\u00e1na podpo\u0159il. Mimo jin\u00e9 m\u00e1 v Ma\u010farsku pron\u00e9st projev o \u201ebohat\u00e9m partnerstv\u00ed mezi USA a Ma\u010farskem\u201c.<\/span><\/p>\n<p><a href=\"https:\/\/anti-spiegel.ru\/2026\/mit-welchen-tricks-die-eu-versucht-orbans-wiederwahl-zu-verhindern\/\">Thomas R\u00f6per<\/a><\/p>\n<p><img decoding=\"async\" loading=\"lazy\" class=\"alignnone  wp-image-22016\" src=\"http:\/\/www.infokuryr.cz\/n\/wp-content\/uploads\/2023\/01\/Thomas-Roper-298x300.jpg\" alt=\"\" width=\"147\" height=\"148\" srcset=\"https:\/\/www.infokuryr.cz\/n\/wp-content\/uploads\/2023\/01\/Thomas-Roper-298x300.jpg 298w, https:\/\/www.infokuryr.cz\/n\/wp-content\/uploads\/2023\/01\/Thomas-Roper-150x150.jpg 150w, https:\/\/www.infokuryr.cz\/n\/wp-content\/uploads\/2023\/01\/Thomas-Roper.jpg 596w\" sizes=\"(max-width: 147px) 100vw, 147px\" \/><\/p>\n<p>&nbsp;<\/p>\n","protected":false},"excerpt":{"rendered":"<p>Opakovan\u011b jsem se zab\u00fdval t\u00edm, \u017ee volby v Ma\u010farsku 12. dubna budou osudn\u00e9 nejen pro&#8230;<\/p>\n","protected":false},"author":2,"featured_media":102362,"comment_status":"closed","ping_status":"closed","sticky":false,"template":"","format":"standard","meta":[],"categories":[7],"tags":[41,439,27],"_links":{"self":[{"href":"https:\/\/www.infokuryr.cz\/n\/wp-json\/wp\/v2\/posts\/103892"}],"collection":[{"href":"https:\/\/www.infokuryr.cz\/n\/wp-json\/wp\/v2\/posts"}],"about":[{"href":"https:\/\/www.infokuryr.cz\/n\/wp-json\/wp\/v2\/types\/post"}],"author":[{"embeddable":true,"href":"https:\/\/www.infokuryr.cz\/n\/wp-json\/wp\/v2\/users\/2"}],"replies":[{"embeddable":true,"href":"https:\/\/www.infokuryr.cz\/n\/wp-json\/wp\/v2\/comments?post=103892"}],"version-history":[{"count":0,"href":"https:\/\/www.infokuryr.cz\/n\/wp-json\/wp\/v2\/posts\/103892\/revisions"}],"wp:featuredmedia":[{"embeddable":true,"href":"https:\/\/www.infokuryr.cz\/n\/wp-json\/wp\/v2\/media\/102362"}],"wp:attachment":[{"href":"https:\/\/www.infokuryr.cz\/n\/wp-json\/wp\/v2\/media?parent=103892"}],"wp:term":[{"taxonomy":"category","embeddable":true,"href":"https:\/\/www.infokuryr.cz\/n\/wp-json\/wp\/v2\/categories?post=103892"},{"taxonomy":"post_tag","embeddable":true,"href":"https:\/\/www.infokuryr.cz\/n\/wp-json\/wp\/v2\/tags?post=103892"}],"curies":[{"name":"wp","href":"https:\/\/api.w.org\/{rel}","templated":true}]}}