{"id":103854,"date":"2026-04-06T00:23:18","date_gmt":"2026-04-05T22:23:18","guid":{"rendered":"https:\/\/www.infokuryr.cz\/n\/?p=103854"},"modified":"2026-04-05T20:24:02","modified_gmt":"2026-04-05T18:24:02","slug":"hizballah-zameril-izraelskou-valecnou-lod-rizenou-strelou","status":"publish","type":"post","link":"https:\/\/www.infokuryr.cz\/n\/2026\/04\/06\/hizballah-zameril-izraelskou-valecnou-lod-rizenou-strelou\/","title":{"rendered":"Hizball\u00e1h zam\u011b\u0159il izraelskou v\u00e1le\u010dnou lo\u010f \u0159\u00edzenou st\u0159elou"},"content":{"rendered":"<div id=\"fb-root\"><\/div>\n<p><strong><span dir=\"auto\">Hizball\u00e1h 5. dubna prohl\u00e1sil, \u017ee u libanonsk\u00e9ho pob\u0159e\u017e\u00ed zam\u011b\u0159il v\u00e1le\u010dnou lo\u010f izraelsk\u00e9ho n\u00e1mo\u0159nictva st\u0159elou s plochou dr\u00e1hou letu, co\u017e je prvn\u00ed takov\u00e9 tvrzen\u00ed t\u00e9to skupiny od za\u010d\u00e1tku konfrontace v Libanonu v p\u0159\u00edm\u00e9m d\u016fsledku americko-izraelsk\u00e9 v\u00e1lky proti \u00cdr\u00e1nu.<\/span><\/strong><\/p>\n<p><span dir=\"auto\">Ve sv\u00e9m prohl\u00e1\u0161en\u00ed skupina uvedla, \u017ee se zam\u011b\u0159ila na v\u00e1le\u010dnou lo\u010f, kter\u00e1 plula 68 n\u00e1mo\u0159n\u00edch mil od pob\u0159e\u017e\u00ed Libanonu, a tvrdila, \u017ee se \u201ep\u0159ipravuje k \u00fatok\u016fm na libanonsk\u00e9 \u00fazem\u00ed\u201c a \u017ee \u201ebyl potvrzen p\u0159\u00edm\u00fd z\u00e1sah\u201c.<\/span><\/p>\n<p><span dir=\"auto\">Izraelsk\u00e9 obrann\u00e9 s\u00edly (IDF) agentu\u0159e AFP po pozd\u011bj\u0161\u00ed komunikaci sd\u011blily, \u017ee si o \u017e\u00e1dn\u00e9m takov\u00e9m \u00fatoku Hizball\u00e1hu \u201enev\u00ed\u201c. Arm\u00e1da od za\u010d\u00e1tku prob\u00edhaj\u00edc\u00ed konfrontace udr\u017euje velmi vysokou \u00farove\u0148 cenzury.<\/span><\/p>\n<p><span dir=\"auto\">V\u0161eobecn\u011b se v\u011b\u0159ilo, \u017ee protilodn\u00ed schopnosti Hizball\u00e1hu byly zni\u010deny izraelsk\u00fdmi obrann\u00fdmi silami b\u011bhem p\u0159edchoz\u00ed konfrontace v Libanonu, kter\u00e1 vypukla po za\u010d\u00e1tku v\u00e1lky v p\u00e1smu Gazy. Nejnov\u011bj\u0161\u00ed \u00fatok v\u0161ak ukazuje, \u017ee skupina st\u00e1le vlastn\u00ed protilodn\u00ed st\u0159ely s plochou dr\u00e1hou letu.<\/span><\/p>\n<p><span dir=\"auto\">Zpr\u00e1vy hebrejsk\u00fdch m\u00e9di\u00ed varovaly, \u017ee Hizball\u00e1h je st\u00e1le schopen zam\u011b\u0159it se na v\u00e1le\u010dn\u00e9 lod\u011b izraelsk\u00e9ho n\u00e1mo\u0159nictva, kdy\u017e poprv\u00e9 vypukla prob\u00edhaj\u00edc\u00ed konfrontace.<\/span><\/p>\n<p><span dir=\"auto\">Raketa pou\u017eit\u00e1 Hizball\u00e1hem p\u0159i posledn\u00edm \u00fatoku byla s nejv\u011bt\u0161\u00ed pravd\u011bpodobnost\u00ed \u00edr\u00e1nsk\u00e1 Noor, co\u017e je reverzn\u011b in\u017een\u00fdrsky upraven\u00e1 \u010d\u00ednsk\u00e1 C-802.<\/span><\/p>\n<p><span dir=\"auto\">Isl\u00e1msk\u00e1 republika vyr\u00e1b\u00ed n\u011bkolik verz\u00ed rakety Noor s pr\u016fm\u011brn\u00fdm doletem 120 kilometr\u016f, tedy p\u0159ibli\u017en\u011b 125 n\u00e1mo\u0159n\u00edch mil. St\u0159ela je vybavena inerci\u00e1ln\u00edm naviga\u010dn\u00edm syst\u00e9mem a v termin\u00e1ln\u00ed f\u00e1zi vyu\u017e\u00edv\u00e1 aktivn\u00ed radarov\u00fd nav\u00e1d\u011bc\u00ed syst\u00e9m.<\/span><\/p>\n<p><span dir=\"auto\">Izraelsk\u00e9 v\u00e1le\u010dn\u00e9 lod\u011b byly obzvl\u00e1\u0161t\u011b aktivn\u00ed b\u011bhem prob\u00edhaj\u00edc\u00ed konfrontace s Hizball\u00e1hem v Libanonu a krom\u011b atent\u00e1t\u016f prov\u00e1d\u011bly i c\u00edlen\u00e9 \u00fadery proti velitelsk\u00fdm centr\u016fm a muni\u010dn\u00edm sklad\u016fm pod\u00e9l pob\u0159e\u017e\u00ed zem\u011b.<\/span><\/p>\n<p><span dir=\"auto\">Za zm\u00ednku stoj\u00ed, \u017ee b\u011bhem v\u00e1lky v Libanonu v roce 2006 se Hizball\u00e1hu poda\u0159ilo zas\u00e1hnout INS Hanit, korvetu t\u0159\u00eddy Sa&#8217;ar 5 izraelsk\u00e9ho n\u00e1mo\u0159nictva, pomoc\u00ed protilodn\u00edch st\u0159el s plochou dr\u00e1hou letu. B\u011bhem \u00fatoku byli zabiti \u010dty\u0159i \u010dlenov\u00e9 pos\u00e1dky, co\u017e z\u016fst\u00e1v\u00e1 jedn\u00edm z nejv\u011bt\u0161\u00edch \u00fasp\u011bch\u016f skupiny v desetilet\u00ed trvaj\u00edc\u00edm konfliktu s Izraelem.<\/span><\/p>\n<p><img decoding=\"async\" loading=\"lazy\" class=\"alignnone size-full wp-image-1185\" src=\"http:\/\/www.infokuryr.cz\/n\/wp-content\/uploads\/2021\/04\/kuryr-podpis.png\" alt=\"\" width=\"84\" height=\"24\" \/><\/p>\n<p>&nbsp;<\/p>\n","protected":false},"excerpt":{"rendered":"<p>Hizball\u00e1h 5. dubna prohl\u00e1sil, \u017ee u libanonsk\u00e9ho pob\u0159e\u017e\u00ed zam\u011b\u0159il v\u00e1le\u010dnou lo\u010f izraelsk\u00e9ho n\u00e1mo\u0159nictva st\u0159elou s&#8230;<\/p>\n","protected":false},"author":2,"featured_media":103855,"comment_status":"closed","ping_status":"closed","sticky":false,"template":"","format":"standard","meta":[],"categories":[7],"tags":[8012,107,349],"_links":{"self":[{"href":"https:\/\/www.infokuryr.cz\/n\/wp-json\/wp\/v2\/posts\/103854"}],"collection":[{"href":"https:\/\/www.infokuryr.cz\/n\/wp-json\/wp\/v2\/posts"}],"about":[{"href":"https:\/\/www.infokuryr.cz\/n\/wp-json\/wp\/v2\/types\/post"}],"author":[{"embeddable":true,"href":"https:\/\/www.infokuryr.cz\/n\/wp-json\/wp\/v2\/users\/2"}],"replies":[{"embeddable":true,"href":"https:\/\/www.infokuryr.cz\/n\/wp-json\/wp\/v2\/comments?post=103854"}],"version-history":[{"count":0,"href":"https:\/\/www.infokuryr.cz\/n\/wp-json\/wp\/v2\/posts\/103854\/revisions"}],"wp:featuredmedia":[{"embeddable":true,"href":"https:\/\/www.infokuryr.cz\/n\/wp-json\/wp\/v2\/media\/103855"}],"wp:attachment":[{"href":"https:\/\/www.infokuryr.cz\/n\/wp-json\/wp\/v2\/media?parent=103854"}],"wp:term":[{"taxonomy":"category","embeddable":true,"href":"https:\/\/www.infokuryr.cz\/n\/wp-json\/wp\/v2\/categories?post=103854"},{"taxonomy":"post_tag","embeddable":true,"href":"https:\/\/www.infokuryr.cz\/n\/wp-json\/wp\/v2\/tags?post=103854"}],"curies":[{"name":"wp","href":"https:\/\/api.w.org\/{rel}","templated":true}]}}