{"id":103831,"date":"2026-04-05T05:10:18","date_gmt":"2026-04-05T03:10:18","guid":{"rendered":"https:\/\/www.infokuryr.cz\/n\/?p=103831"},"modified":"2026-04-05T05:10:18","modified_gmt":"2026-04-05T03:10:18","slug":"zbynek-fiala-pohreb-nato","status":"publish","type":"post","link":"https:\/\/www.infokuryr.cz\/n\/2026\/04\/05\/zbynek-fiala-pohreb-nato\/","title":{"rendered":"Zbyn\u011bk Fiala: Poh\u0159eb NATO"},"content":{"rendered":"<div id=\"fb-root\"><\/div>\n<p><strong>A\u017e v \u010dervnu spust\u00ed v Turecku summit aliance, na kter\u00fd se Babi\u0161 s Macinkou tak t\u011b\u0161\u00ed, bude to setk\u00e1n\u00ed smute\u010dn\u00edch host\u00ed nad troskou, kter\u00e1 u\u017e d\u00e1vno neslou\u017e\u00ed obran\u011b zem\u00ed severn\u00edch b\u0159eh\u016f Atlantiku.<\/strong><\/p>\n<p style=\"font-weight: 400;\">Trumpova v\u00e1lka v\u00a0\u00cdr\u00e1nu n\u00e1s bude pron\u00e1sledovat je\u0161t\u011b dlouho pot\u00e9, co p\u0159estanou padat bomby. Bude to drah\u00e9, ceny nafty a benz\u00ednu se mohou zv\u00fd\u0161it n\u00e1sobn\u011b, pokud budou. Zavl\u00e1dne nedostatek hnojiv, plast\u016f, h\u00e9lia pro v\u00fdrobu \u010dip\u016f. Rozvr\u00e1cen\u00e9 dodavatelsk\u00e9 \u0159et\u011bzce n\u00e1s vr\u00e1t\u00ed do pom\u011br\u016f covidov\u00e9 krize. Ztrat\u00edme zdroje, ztrat\u00edme trhy. Rop\u011b se zkr\u00e1t\u00ed budoucnost.<\/p>\n<p style=\"font-weight: 400;\">Pokud jde o samotn\u00fd \u00cdr\u00e1n, pos\u00edl\u00ed radik\u00e1ln\u00ed k\u0159\u00eddlo revolu\u010dn\u00edch gard a padnou z\u00e1brany ve snaze z\u00edskat atomovou bombu, p\u00ed\u0161e v\u00a0britsk\u00e9m UnHeard profesor Ali Ansari, prezident Britsk\u00e9ho institutu persk\u00fdch studi\u00ed.<\/p>\n<p style=\"font-weight: 400;\"><em>\u201eV sou\u010dasn\u00e9 dob\u011b se \u0161\u00ed\u0159\u00ed teorie, \u017ee v\u00e1lka p\u0159im\u011bla Isl\u00e1mskou republiku k \u201etvrd\u0161\u00edmu postoji\u201c \u2013 jej\u00ed zast\u00e1nci poukazuj\u00ed na upevn\u011bn\u00ed moci ze strany Sboru isl\u00e1msk\u00fdch revolu\u010dn\u00edch gard (IRGC) a na n\u00e1stupnictv\u00ed Mod\u017etaby Chamenej\u00edho. Tvrd\u00ed se, \u017ee tomu v\u0161emu se dalo zabr\u00e1nit, kdyby USA a Izrael svou v\u00e1lku neza\u010daly. Chamenej\u00ed star\u0161\u00ed mohl zem\u0159\u00edt pokojn\u011b ve sv\u00e9 posteli a Isl\u00e1msk\u00e1 republika mohla jmenovat um\u00edrn\u011bn\u00e9ho v\u016fdce a zaujmout liber\u00e1ln\u00ed sm\u011br.<\/em><\/p>\n<p style=\"font-weight: 400;\"><em>Zku\u0161en\u00ed pozorovatel\u00e9 \u00cdr\u00e1nu ch\u00e1pou, \u017ee slovu \u201emohla\u201c se tu hodn\u011b pomohlo, zat\u00edmco \u00cdr\u00e1nci, kte\u0159\u00ed byli v lednu lo\u0148sk\u00e9ho roku vystaveni brut\u00e1ln\u00edmu n\u00e1sil\u00ed, si kladou ot\u00e1zku, o kolik tvrd\u0161\u00ed postoj re\u017eim pl\u00e1noval zaujmout. Ale p\u0159edstava, \u017ee IRGC usiluje o moc, kter\u00e1 mu dlouho unikala, je, up\u0159\u00edmn\u011b \u0159e\u010deno, sm\u011b\u0161n\u00e1. Bezpochyby vyu\u017e\u00edv\u00e1 v\u00fdjime\u010dn\u00e9ho stavu k pos\u00edlen\u00ed sv\u00e9 pozice, ale v dob\u011b v\u00e1lky si v\u0161echny arm\u00e1dy, i v neautorit\u00e1\u0159sk\u00fdch st\u00e1tech, u\u017e\u00edvaj\u00ed v\u00fdsadn\u00edho postaven\u00ed.<\/em><\/p>\n<p style=\"font-weight: 400;\"><em>Lze argumentovat, \u017ee se bude sna\u017eit v\u00e1lku prodlou\u017eit, proto\u017ee jej\u00ed v\u016fdci se v\u00edce ob\u00e1vaj\u00ed m\u00edru, kter\u00fd po n\u00ed nastane; ale n\u011bco zcela jin\u00e9ho je nazna\u010dovat, \u017ee uchopen\u00ed moci IRGC bylo zalo\u017eeno na samotn\u00e9m konfliktu. Vzestup Revolu\u010dn\u00edch gard se p\u0159ipravoval dlouho a jejich sou\u010dasn\u00e1 dominance jako politicko-vojensk\u00e9ho konglomer\u00e1tu je \u00fazce spjata se vzestupem Mod\u017etaby Chamenej\u00edho.\u201c<\/em><\/p>\n<p style=\"font-weight: 400;\"><a href=\"https:\/\/unherd.com\/2026\/04\/mojtaba-khamenei-stooge-of-the-revolutionary-guards\/\">https:\/\/unherd.com\/2026\/04\/mojtaba-khamenei-stooge-of-the-revolutionary-guards\/<\/a><\/p>\n<p style=\"font-weight: 400;\">Pochybnosti o smyslu, \u00edr\u00e1nsk\u00e9ho dobrodru\u017estv\u00ed zazn\u00edvaj\u00ed i v\u00a0Americe. Suzanne Maloneyov\u00e1 z\u00a0Brookings Institutu, poradkyn\u011b \u0159ady prezident\u016f, to vid\u00ed \u010dern\u011b:<\/p>\n<p style=\"font-weight: 400;\"><em>\u201eNevid\u00edm, \u017ee by na konci t\u00e9to krize do\u0161lo ke skute\u010dn\u00e9mu v\u00edt\u011bzstv\u00ed. Mo\u017en\u00e1 se n\u00e1m poda\u0159\u00ed z t\u00e9to situace vymanit, ani\u017e by do\u0161lo k je\u0161t\u011b katastrof\u00e1ln\u011bj\u0161\u00edm lidsk\u00fdm ztr\u00e1t\u00e1m, ne\u017e jak\u00e9 jsme ji\u017e za\u017eili. Existuje v\u0161ak jen velmi m\u00e1lo n\u00e1znak\u016f, \u017ee z t\u00e9to v\u00e1lky vyjdeme s jin\u00fdm re\u017eimem v \u00cdr\u00e1nu, kter\u00fd by m\u011bl men\u0161\u00ed kontrolu nad Hormuzsk\u00fdm pr\u016flivem.<\/em><\/p>\n<p style=\"font-weight: 400;\"><em>A to je z dlouhodob\u00e9ho hlediska velmi nebezpe\u010dn\u00fd v\u00fdsledek \u2013 \u0161ir\u0161\u00ed d\u016fsledky toho, \u017ee Spojen\u00e9 st\u00e1ty podnikly tuto akci zp\u016fsobem, kter\u00fd odcizil partnery a spojence v regionu i po cel\u00e9m sv\u011bt\u011b, \u010d\u00edm\u017e fakticky p\u0159enechaly obrovsk\u00e9 finan\u010dn\u00ed v\u00fdhody Rus\u016fm a potenci\u00e1ln\u011b i n\u011bkter\u00e9 diplomatick\u00e9 p\u0159\u00edle\u017eitosti \u010c\u00ed\u0148an\u016fm. A nen\u00ed jasn\u00e9, zda je prezident Trump p\u0159ipraven udr\u017eet americk\u00e9 vedouc\u00ed postaven\u00ed v d\u016fsledku toho, co se jev\u00ed jako katastrof\u00e1ln\u00ed p\u0159ecen\u011bn\u00ed sil a chybn\u00fd odhad situace v souvislosti s \u00fatoky na \u00cdr\u00e1n \u2013 zda by Spojen\u00fdm st\u00e1t\u016fm je\u0161t\u011b skute\u010dn\u011b d\u016fv\u011b\u0159ovaly zem\u011b po cel\u00e9m sv\u011bt\u011b.\u201c<\/em><\/p>\n<p style=\"font-weight: 400;\"><a href=\"https:\/\/www.nytimes.com\/2026\/04\/03\/opinion\/ezra-klein-podcast-suzanne-maloney.html\">https:\/\/www.nytimes.com\/2026\/04\/03\/opinion\/ezra-klein-podcast-suzanne-maloney.html<\/a><\/p>\n<p style=\"font-weight: 400;\">\u00cdr\u00e1nsk\u00e9 dobrodru\u017estv\u00ed tak rozjelo ve sv\u011bt\u011b z\u00e1sadn\u00ed politick\u00e9 zm\u011bny a vrac\u00ed n\u00e1s do f\u00e1ze historie, kdy se rozd\u00e1vaj\u00ed karty. N\u011bkdej\u0161\u00ed spojenci USA p\u0159estanou podl\u00e9zat vrtkav\u00e9mu obru, jeho\u017e velk\u00e9 \u0159e\u010di b\u011bhem kr\u00e1tk\u00e9 chv\u00edle nic neznamenaj\u00ed, a za\u010dnou se v\u011bnovat vlastn\u00edm z\u00e1jm\u016fm. Na tom bychom mohli naopak vyd\u011blat. Jakmile p\u0159estaneme platit v\u00fdpaln\u00e9 v\u00a0podob\u011b povinn\u00fdch n\u00e1kup\u016f zbran\u00ed v\u00a0USA a za\u010dneme p\u0159em\u00fd\u0161let o skute\u010dn\u00e9 teritori\u00e1ln\u00ed obran\u011b, obejdeme se bez jadern\u00fdch nosi\u010d\u016f i t\u011b\u017ek\u00fdch tank\u016f a m\u016f\u017eeme se vr\u00e1tit k p\u0159im\u011b\u0159en\u00fdm vojensk\u00fdm v\u00fddaj\u016fm kolem 1 procenta HDP.<\/p>\n<p style=\"font-weight: 400;\">P\u0159ipome\u0148me, \u017ee na vzestupu v\u00fddaj\u016f na obranu na 2 procenta HDP do deseti let se \u010dlensk\u00e9 zem\u011b dohodly na summitu ve Wallesu roku 2014. Konkr\u00e9tn\u011b bylo dohodnuto:<\/p>\n<ul>\n<li><em>\u010clensk\u00e9 st\u00e1ty, kter\u00e9 v sou\u010dasn\u00e9 dob\u011b spl\u0148uj\u00ed sm\u011brnici NATO o vynakl\u00e1d\u00e1n\u00ed minim\u00e1ln\u011b 2 % sv\u00e9ho hrub\u00e9ho dom\u00e1c\u00edho produktu (HDP) na obranu, se budou sna\u017eit v tomto trendu pokra\u010dovat.<\/em><\/li>\n<li><em>\u010clensk\u00e9 st\u00e1ty, u nich\u017e je sou\u010dasn\u00fd pod\u00edl HDP vynakl\u00e1dan\u00fd na obranu ni\u017e\u0161\u00ed ne\u017e tato \u00farove\u0148:<\/em><\/li>\n<\/ul>\n<p>o\u00a0\u00a0\u00a0<em>zastav\u00ed jak\u00fdkoli pokles v\u00fddaj\u016f na obranu;<\/em><\/p>\n<p>o\u00a0\u00a0\u00a0<em>budou usilovat o re\u00e1ln\u00fd n\u00e1r\u016fst v\u00fddaj\u016f na obranu v souvislosti s r\u016fstem HDP;<\/em><\/p>\n<p>o\u00a0\u00a0\u00a0<em>budou usilovat o dosa\u017een\u00ed 2% sm\u011brnice do deseti let s c\u00edlem splnit sv\u00e9 c\u00edle NATO v oblasti schopnost\u00ed a vy\u0159e\u0161it nedostatky ve schopnostech NATO.<\/em><\/p>\n<p style=\"font-weight: 400;\"><a href=\"https:\/\/www.nato.int\/en\/about-us\/official-texts-and-resources\/official-texts\/2014\/09\/05\/wales-summit-declaration\">https:\/\/www.nato.int\/en\/about-us\/official-texts-and-resources\/official-texts\/2014\/09\/05\/wales-summit-declaration<\/a><\/p>\n<p style=\"font-weight: 400;\">Tak\u017ee do deseti let. A nyn\u00ed bylo potvrzeno, \u017ee v\u00a0lo\u0148sk\u00e9m roce to bylo \u00fapln\u011b poprv\u00e9, kdy v\u0161ichni \u010dlenov\u00e9 NATO splnili z\u00e1vazek dvou procent HDP. Hysterii s\u00a05 procenty si tedy lze nechat od cesty.<\/p>\n<p style=\"font-weight: 400;\">Podle profesora Jasona Davidsona z\u00a0Atlantic Council by nakonec sta\u010dilo i jedno procento. Ani takto n\u00edzk\u00fd pod\u00edl by neznamenal, \u017ee m\u00e1me p\u0159ed sebou \u201e\u010dern\u00e9ho pasa\u017e\u00e9ra\u201c spole\u010dn\u00e9 obrany. Jde toti\u017e o to, zda se m\u00e1 jednat skute\u010dn\u011b o obranu, nikoliv o expedi\u010dn\u00ed sbor zasahuj\u00edc\u00ed v\u00a0americk\u00e9m z\u00e1jmu kdekoliv ve sv\u011bt\u011b.<\/p>\n<p style=\"font-weight: 400;\"><em>Obama, Trump a dal\u0161\u00ed, kte\u0159\u00ed obvi\u0148uj\u00ed spojence v NATO z parazitov\u00e1n\u00ed, argumentuj\u00ed t\u00edm, \u017ee spojenci se rozhodli utr\u00e1cet na obranu m\u00e9n\u011b, ne\u017e by jinak utratili, a to kv\u016fli obrovsk\u00e9mu vojensk\u00e9mu rozpo\u010dtu USA a z\u00e1vazku USA br\u00e1nit Evropu p\u0159ed \u00fatokem. Z tohoto pohledu jsou ameri\u010dt\u00ed da\u0148ov\u00ed poplatn\u00edci naivn\u00ed hlup\u00e1ci, kte\u0159\u00ed zaji\u0161\u0165uj\u00ed bezpe\u010dnost Evropan\u016fm, kte\u0159\u00ed na opl\u00e1tku utr\u00e1c\u00ed \u0161t\u011bd\u0159e na soci\u00e1ln\u00ed p\u00e9\u010di a infrastrukturu, m\u00edsto aby zajistili svou vlastn\u00ed obranu.<\/em><\/p>\n<p style=\"font-weight: 400;\"><em>V\u011bdci a odborn\u00edci v\u0161ak ji\u017e dlouho poukazuj\u00ed na probl\u00e9my s aplikac\u00ed teorie parazitov\u00e1n\u00ed na alianci, jako je NATO.<\/em><\/p>\n<p style=\"font-weight: 400;\"><em>Zaprv\u00e9, celkov\u00e1 \u010d\u00e1stka, kterou v\u0161ichni \u010dlenov\u00e9 NATO utrat\u00ed na obranu, je st\u011b\u017e\u00ed ve\u0159ejn\u00fdm statkem. Vzhledem k tomu, \u017ee ka\u017ed\u00fd \u010dlen NATO se m\u016f\u017ee rozhodnout p\u0159isp\u011bt nebo zdr\u017eet se \u00fa\u010dasti sv\u00fdch ozbrojen\u00fdch sil na operac\u00edch NATO (viz klauzule \u201epodle sv\u00e9ho uv\u00e1\u017een\u00ed\u201c v \u010dl\u00e1nku 5), lze nanejv\u00fd\u0161 \u0159\u00edci, \u017ee v\u00fddaje \u010dlen\u016f NATO na obranu p\u0159isp\u00edvaj\u00ed k potenci\u00e1lu lep\u0161\u00ed obrany aliance.<\/em><\/p>\n<p style=\"font-weight: 400;\"><em>Zadruh\u00e9, n\u011bkte\u0159\u00ed \u010dlenov\u00e9 NATO vynakl\u00e1daj\u00ed na obranu mnohem v\u00edce v pom\u011bru k HDP ne\u017e ostatn\u00ed, a p\u0159\u00edm\u00e1 kritika parazitov\u00e1n\u00ed nedok\u00e1\u017ee tuto odchylku vysv\u011btlit, ani kdy\u017e se zohledn\u00ed rozd\u00edly ve velikosti jednotliv\u00fdch spojenc\u016f.<\/em><\/p>\n<p style=\"font-weight: 400;\"><em>A kone\u010dn\u011b, logika kolektivn\u00edho jedn\u00e1n\u00ed plat\u00ed pouze v p\u0159\u00edpad\u011b, \u017ee se v\u0161ichni akt\u00e9\u0159i shodnou na povaze probl\u00e9mu i \u0159e\u0161en\u00ed.\u00a0<strong>Pokud nap\u0159\u00edklad \u010dlen NATO nevn\u00edm\u00e1 Rusko jako hrozbu pro svou \u00fazemn\u00ed celistvost, pak neparazituje na v\u00fddaj\u00edch USA na obranu t\u00edm, \u017ee vynakl\u00e1d\u00e1 1 % sv\u00e9ho HDP na obranu; poskytuje \u00farove\u0148 v\u00fddaj\u016f odpov\u00eddaj\u00edc\u00ed prost\u0159ed\u00ed, kter\u00e9 vn\u00edm\u00e1 jako hrozbu.<\/strong><\/em><\/p>\n<p style=\"font-weight: 400;\"><a href=\"https:\/\/www.atlanticcouncil.org\/blogs\/new-atlanticist\/no-free-riding-here-european-defense-spending-defies-us-critics\/\">https:\/\/www.atlanticcouncil.org\/blogs\/new-atlanticist\/no-free-riding-here-european-defense-spending-defies-us-critics\/<\/a><\/p>\n<p style=\"font-weight: 400;\">To kl\u00ed\u010dov\u00e9 jsem rad\u011bji zd\u016fraznil.<\/p>\n<p style=\"font-weight: 400;\">\u00cdr\u00e1n je mo\u017en\u00e1 hrozbou pro Izrael, ale je to vz\u00e1jemn\u00e9. Evropa v\u00a0tom nejede. Pro\u010d se do toho nechal Trump nav\u00e9zt, je ot\u00e1zka. Z\u0159ejm\u011b jsou Izraelci obratn\u011bj\u0161\u00ed v\u00a0p\u0159esv\u011bd\u010dov\u00e1n\u00ed partnera, se kter\u00fdm lze ostatn\u011b d\u016fv\u011brn\u011b hovo\u0159it i o tom, co se d\u011blo u Epsteina a v jeho har\u00e9mu.<\/p>\n<p style=\"font-weight: 400;\">To nen\u00ed na\u0161e v\u00e1lka, br\u00e1n\u00ed se evrop\u0161t\u00ed spojenci, zejm\u00e9na N\u011bmecko, Brit\u00e1nie a Francie, kter\u00e9 Trump marn\u011b l\u00e1k\u00e1 do hry. Najednou p\u0159ipom\u00ednaj\u00ed, \u017ee NATO, na kter\u00e9 se odvol\u00e1v\u00e1, kdy\u017e \u017e\u00e1d\u00e1 jejich pomoc, vzniklo jako spole\u010denstv\u00ed na obranu severoatlantick\u00e9ho prostoru. Na obranu!<\/p>\n<p style=\"font-weight: 400;\">\u0160pan\u011blsko dokonce nejen odm\u00edtlo \u00fa\u010dast a pou\u017eit\u00ed americk\u00fdch z\u00e1kladen na sv\u00e9m \u00fazem\u00ed, ale i p\u0159elety sv\u00e9ho vzdu\u0161n\u00e9ho prostoru \u00fato\u010d\u00edc\u00edmi letadly.<\/p>\n<p style=\"font-weight: 400;\">Pak je ale NATO k\u00a0ni\u010demu, soud\u00ed americk\u00fd prezident.\u00a0<em>\u201e\u010casto jsem pochyboval, zda by NATO skute\u010dn\u011b podpo\u0159ilo USA. Tato situace to prov\u011b\u0159ila \u2014 jejich pomoc jsme nepot\u0159ebovali, ale m\u011bli tu b\u00fdt,&#8220;\u00a0<\/em>\u0159ekl podle Reuters 17. b\u0159ezna.<\/p>\n<p style=\"font-weight: 400;\">Nepot\u0159ebovali n\u00e1s. A my je ano??<\/p>\n<p style=\"font-weight: 400;\"><em>\u201eVe sv\u00e9m st\u0159ede\u010dn\u00edm ve\u010dern\u00edm projevu k n\u00e1rodu se Donald Trump o NATO nezm\u00ednil, k \u00falev\u011b spojenc\u016f,\u201c<\/em>\u00a0p\u00ed\u0161\u00ed v anal\u00fdze\u00a0New York Times. Jak v\u0161ak poznamen\u00e1vaj\u00ed,\u00a0<em>\u201ejeden z vysok\u00fdch evropsk\u00fdch \u00fa\u0159edn\u00edk\u016f uvedl, \u017ee podle jeho n\u00e1zoru v\u011bt\u0161ina Evropan\u016f nev\u011b\u0159\u00ed, \u017ee \u010dl\u00e1nek 5, tedy z\u00e1vazek NATO ke kolektivn\u00ed obran\u011b, m\u00e1 je\u0161t\u011b n\u011bjakou v\u00e1hu. Spojen\u00e9 st\u00e1ty se nyn\u00ed jev\u00ed jako sou\u010d\u00e1st probl\u00e9mu sv\u011btov\u00e9ho chaosu, \u0159ekl tento \u00fa\u0159edn\u00edk, kter\u00fd vzhledem k citlivosti t\u00e9matu vystoupil anonymn\u011b. Tato zem\u011b ji\u017e nen\u00ed \u0159e\u0161en\u00edm ani garantem posledn\u00ed instance, dodal.\u201c<\/em><\/p>\n<p style=\"font-weight: 400;\"><a href=\"https:\/\/www.nytimes.com\/2026\/04\/02\/world\/europe\/trump-nato-iran.html\">https:\/\/www.nytimes.com\/2026\/04\/02\/world\/europe\/trump-nato-iran.html<\/a><\/p>\n<p style=\"font-weight: 400;\"><em>\u201eNATO je pap\u00edrov\u00fd tygr. Putin to v\u00ed tak\u00e9. Odchod USA je nyn\u00ed nepochybn\u00fd,\u201c\u00a0<\/em>\u0159ekl Trump v\u00a0rozhovoru pro Daily Telegraph 1. dubna, a nemyslel to jako apr\u00edl.<\/p>\n<p style=\"font-weight: 400;\">Kone\u010dn\u011b taky jedna dobr\u00e1 zpr\u00e1va. Ten Putin m\u011b a\u017e tak nestra\u0161\u00ed, kdy\u017e uv\u00e1\u017e\u00edm onen n\u00e1zor profesora Davidsona, \u017ee pot\u0159eba obrany z\u00e1vis\u00ed taky na tom, co sami vn\u00edm\u00e1me jako opravdovou hrozbu.<\/p>\n<p><a href=\"https:\/\/vasevec.info\/komentare\/zbynek-fiala-pohreb-nato\">Zbyn\u011bk Fiala<\/a><\/p>\n<p><img decoding=\"async\" loading=\"lazy\" class=\"alignnone size-medium wp-image-18520\" src=\"http:\/\/www.infokuryr.cz\/n\/wp-content\/uploads\/2022\/11\/zbynek-fiala-300x208.jpg\" alt=\"\" width=\"300\" height=\"208\" srcset=\"https:\/\/www.infokuryr.cz\/n\/wp-content\/uploads\/2022\/11\/zbynek-fiala-300x208.jpg 300w, https:\/\/www.infokuryr.cz\/n\/wp-content\/uploads\/2022\/11\/zbynek-fiala.jpg 318w\" sizes=\"(max-width: 300px) 100vw, 300px\" \/><\/p>\n<p>&nbsp;<\/p>\n","protected":false},"excerpt":{"rendered":"<p>A\u017e v \u010dervnu spust\u00ed v Turecku summit aliance, na kter\u00fd se Babi\u0161 s Macinkou tak&#8230;<\/p>\n","protected":false},"author":2,"featured_media":96501,"comment_status":"closed","ping_status":"closed","sticky":false,"template":"","format":"standard","meta":[],"categories":[6],"tags":[1042,39,1487],"_links":{"self":[{"href":"https:\/\/www.infokuryr.cz\/n\/wp-json\/wp\/v2\/posts\/103831"}],"collection":[{"href":"https:\/\/www.infokuryr.cz\/n\/wp-json\/wp\/v2\/posts"}],"about":[{"href":"https:\/\/www.infokuryr.cz\/n\/wp-json\/wp\/v2\/types\/post"}],"author":[{"embeddable":true,"href":"https:\/\/www.infokuryr.cz\/n\/wp-json\/wp\/v2\/users\/2"}],"replies":[{"embeddable":true,"href":"https:\/\/www.infokuryr.cz\/n\/wp-json\/wp\/v2\/comments?post=103831"}],"version-history":[{"count":0,"href":"https:\/\/www.infokuryr.cz\/n\/wp-json\/wp\/v2\/posts\/103831\/revisions"}],"wp:featuredmedia":[{"embeddable":true,"href":"https:\/\/www.infokuryr.cz\/n\/wp-json\/wp\/v2\/media\/96501"}],"wp:attachment":[{"href":"https:\/\/www.infokuryr.cz\/n\/wp-json\/wp\/v2\/media?parent=103831"}],"wp:term":[{"taxonomy":"category","embeddable":true,"href":"https:\/\/www.infokuryr.cz\/n\/wp-json\/wp\/v2\/categories?post=103831"},{"taxonomy":"post_tag","embeddable":true,"href":"https:\/\/www.infokuryr.cz\/n\/wp-json\/wp\/v2\/tags?post=103831"}],"curies":[{"name":"wp","href":"https:\/\/api.w.org\/{rel}","templated":true}]}}