{"id":10382,"date":"2022-05-09T01:20:05","date_gmt":"2022-05-08T23:20:05","guid":{"rendered":"http:\/\/www.infokuryr.cz\/n\/?p=10382"},"modified":"2022-05-08T14:59:19","modified_gmt":"2022-05-08T12:59:19","slug":"nova-britska-vladni-data-ukazuji-ze-vakciny-proti-covid-zabijeji-vice-lidi-nez-zachranuji","status":"publish","type":"post","link":"https:\/\/www.infokuryr.cz\/n\/2022\/05\/09\/nova-britska-vladni-data-ukazuji-ze-vakciny-proti-covid-zabijeji-vice-lidi-nez-zachranuji\/","title":{"rendered":"Nov\u00e1 britsk\u00e1 vl\u00e1dn\u00ed data ukazuj\u00ed, \u017ee vakc\u00edny proti COVID zab\u00edjej\u00ed v\u00edce lid\u00ed, ne\u017e zachra\u0148uj\u00ed"},"content":{"rendered":"<div id=\"fb-root\"><\/div>\n<div class=\"elementor-element elementor-element-1fb4c2c elementor-widget elementor-widget-theme-post-content\" data-id=\"1fb4c2c\" data-element_type=\"widget\" data-widget_type=\"theme-post-content.default\">\n<div class=\"elementor-widget-container\">\n<p><strong>Po\u017e\u00e1dal jsem v\u0161echny: uka\u017ete mi \u00fadaje o \u00famrtnosti ze v\u0161ech p\u0159\u00ed\u010din, kter\u00e9 dokazuj\u00ed, \u017ee vakc\u00edny jsou bezpe\u010dn\u00e9.\u00a0Te\u010f m\u00e1m kone\u010dn\u011b n\u011bjak\u00e9 term\u00edny.\u00a0Poch\u00e1zej\u00ed od britsk\u00e9 vl\u00e1dy a jsou zni\u010duj\u00edc\u00ed.\u00a0OPRAVDU zni\u010duj\u00edc\u00ed.<\/strong><\/p>\n<p><span style=\"font-size: 18pt;\"><strong>P\u0159ehled<\/strong><\/span><\/p>\n<p><span>Nov\u00e1 data od vl\u00e1dy Spojen\u00e9ho kr\u00e1lovstv\u00ed n\u00e1m umo\u017e\u0148uj\u00ed analyzovat data zp\u016fsoby, jak\u00fdmi jsme d\u0159\u00edve nebyli schopni.\u00a0Z t\u00e9to nov\u00e9 anal\u00fdzy je jasn\u00e9, \u017ee vakc\u00edny proti COVID zab\u00edjej\u00ed v\u00edce lid\u00ed, ne\u017e zachra\u0148uj\u00ed, a to pro v\u0161echny v\u011bkov\u00e9 kategorie.\u00a0Jin\u00fdmi slovy, nem\u011bl by je pou\u017e\u00edvat nikdo.\u00a0\u010c\u00edm jste mlad\u0161\u00ed, t\u00edm to d\u00e1v\u00e1 men\u0161\u00ed smysl.<\/span><\/p>\n<p><span>Ka\u017ed\u00fd m\u016f\u017ee ov\u011b\u0159it data a metodiku.\u00a0V\u00fdsledky jasn\u011b ukazuj\u00ed, \u017ee o\u010dkov\u00e1n\u00ed proti COVID by m\u011blo b\u00fdt okam\u017eit\u011b ukon\u010deno.<\/span><\/p>\n<p><span>Ani jeden zdravotnick\u00fd \u00fa\u0159ad v \u017e\u00e1dn\u00e9 zemi s n\u00e1mi nebude mluvit, abychom zd\u016fvodnili sv\u00e1 doporu\u010den\u00ed ohledn\u011b o\u010dkov\u00e1n\u00ed nebo vysv\u011btlili, pro\u010d je tato anal\u00fdza nespr\u00e1vn\u00e1, pt\u00e1m se pro\u010d?<\/span><\/p>\n<p><span style=\"font-size: 18pt;\"><strong>Co ukazuj\u00ed data<\/strong><\/span><\/p>\n<p><span>Zde je v\u00fdsledek anal\u00fdzy.<\/span><\/p>\n<div class=\"wp-block-image\">\n<figure class=\"aligncenter size-large\"><img decoding=\"async\" class=\"jetpack-lazy-image jetpack-lazy-image--handled\" src=\"https:\/\/i0.wp.com\/substackcdn.com\/image\/fetch\/w_1456,c_limit,f_auto,q_auto:good,fl_progressive:steep\/https%3A%2F%2Fbucketeer-e05bbc84-baa3-437e-9518-adb32be77984.s3.amazonaws.com%2Fpublic%2Fimages%2F2f938b85-ffc2-4917-8aef-da5ba0da9111_246x301.png?w=800&amp;ssl=1\" alt=\"\" data-recalc-dims=\"1\" data-lazy-loaded=\"1\" \/><\/figure>\n<\/div>\n<p><span>Obr\u00e1zek 1. V\u00fdpo\u010det pom\u011bru rizika a p\u0159\u00ednosu pomoc\u00ed britsk\u00fdch \u00fadaj\u016f ukazuje, \u017ee vakc\u00edny zab\u00edjej\u00ed v\u00edce lid\u00ed, ne\u017e zachra\u0148uj\u00ed pro v\u0161echny v\u011bkov\u00e9 skupiny.\u00a0Sk\u00f3re 15 znamen\u00e1, \u017ee zabijeme 15 lid\u00ed vakc\u00ednou, abychom zachr\u00e1nili 1 \u017eivot p\u0159ed COVIDem.\u00a0To je z\u0159ejm\u00e9 z karty\u00a0<\/span><a href=\"https:\/\/www.skirsch.com\/covid\/UK_ACM_Jan2022.xlsx\" target=\"_blank\" rel=\"noreferrer noopener\" data-type=\"URL\" data-id=\"https:\/\/www.skirsch.com\/covid\/UK_ACM_Jan2022.xlsx\"><span>Exec Summary<\/span><\/a><span>\u00a0v listu.<\/span><\/p>\n<p><span>To znamen\u00e1, \u017ee pokud je v\u00e1m 25, vakc\u00edna zabije 15 lid\u00ed na ka\u017ed\u00e9ho \u010dlov\u011bka, kter\u00e9ho zachr\u00e1n\u00ed p\u0159ed smrt\u00ed na COVID.\u00a0\u010c\u00edm mlad\u0161\u00ed je v\u00e1m 80 let, t\u00edm men\u0161\u00ed smysl m\u00e1 o\u010dkov\u00e1n\u00ed.\u00a0Bu\u0148ky ozna\u010den\u00e9 * znamenaj\u00ed, \u017ee vakc\u00edna ve skute\u010dnosti zp\u016fsobila v\u00edce p\u0159\u00edpad\u016f COVID ne\u017e neo\u010dkovan\u00ed.<\/span><\/p>\n<p><span>Pro osoby star\u0161\u00ed 80 let byly \u00fadaje ze Spojen\u00e9ho kr\u00e1lovstv\u00ed p\u0159\u00edli\u0161 spletit\u00e9 na to, aby byly u\u017eite\u010dn\u00e9.\u00a0Pokud tyto \u00fadaje nem\u00e1me, je nezodpov\u011bdn\u00e9 d\u00e1vat doporu\u010den\u00ed.<\/span><\/p>\n<p><span>N\u00ed\u017ee popisuji, jak si to m\u016f\u017eete sami vypo\u010d\u00edtat pomoc\u00ed britsk\u00fdch dat.<\/span><\/p>\n<p><span>Sd\u00edlejte pros\u00edm tento v\u00fdsledek na v\u0161ech sv\u00fdch platform\u00e1ch soci\u00e1ln\u00edch m\u00e9di\u00ed.<\/span><\/p>\n<p><span style=\"font-size: 18pt;\"><strong>\u00davod<\/strong><\/span><\/p>\n<p><span>M\u016fj p\u0159\u00edtel mi ned\u00e1vno poslal odkaz na \u00fadaje o \u00famrtnosti \u00fa\u0159adu vl\u00e1dy Spojen\u00e9ho kr\u00e1lovstv\u00ed pro n\u00e1rodn\u00ed statistiku za obdob\u00ed od 1. ledna 2021 do 31. ledna 2022. Tyto \u00fadaje jsem nikdy nevid\u011bl a neanalyzoval.<\/span><\/p>\n<p><span>To, co jsem zjistil, bylo naprosto ohromuj\u00edc\u00ed, proto\u017ee to bylo v souladu s anal\u00fdzou rizik a p\u0159\u00ednos\u016f VAERS podle v\u011bku, kterou jsem provedl v listopadu 2021.<\/span><\/p>\n<p><span style=\"font-size: 18pt;\"><strong>Kde mohu z\u00edskat vl\u00e1dn\u00ed \u00fadaje Spojen\u00e9ho kr\u00e1lovstv\u00ed?<\/strong><\/span><\/p>\n<p><span>Vl\u00e1dn\u00ed z\u00e1znamy jsou\u00a0archivov\u00e1ny\u00a0<\/span><a href=\"https:\/\/archive.ph\/kch6d\" target=\"_blank\" rel=\"noreferrer noopener\" data-type=\"URL\" data-id=\"https:\/\/archive.ph\/kch6d\"><span>zde .\u00a0<\/span><\/a><span>Otev\u0159ete tabulku a pod\u00edvejte se na kartu s n\u00e1zvem Tabulka 6.<\/span><\/p>\n<p><span>M\u016f\u017eete tak\u00e9 z\u00edskat p\u0159\u00edstup k\u00a0<\/span><a href=\"https:\/\/www.ons.gov.uk\/peoplepopulationandcommunity\/birthsdeathsandmarriages\/deaths\/datasets\/deathsbyvaccinationstatusengland\" target=\"_blank\" rel=\"noreferrer noopener\" data-type=\"URL\" data-id=\"https:\/\/www.ons.gov.uk\/peoplepopulationandcommunity\/birthsdeathsandmarriages\/deaths\/datasets\/deathsbyvaccinationstatusengland\"><span>p\u016fvodn\u00edmu<\/span><\/a><span>\u00a0zdroji.<\/span><\/p>\n<p><span>Kde m\u016f\u017eete naj\u00edt moji anal\u00fdzu dat<\/span><\/p>\n<p><span>Zdrojov\u00e1 data pro Spojen\u00e9 kr\u00e1lovstv\u00ed jsem anotoval a m\u016f\u017eete si je\u00a0st\u00e1hnout\u00a0<\/span><a href=\"https:\/\/www.skirsch.com\/covid\/UK_ACM_Jan2022.xlsx\" target=\"_blank\" rel=\"noreferrer noopener\" data-type=\"URL\" data-id=\"https:\/\/www.skirsch.com\/covid\/UK_ACM_Jan2022.xlsx\"><span>zde .\u00a0<\/span><\/a><span>D\u00edky tomu je snaz\u0161\u00ed vid\u011bt, co se d\u011bje.\u00a0V\u0161echna p\u016fvodn\u00ed data a moje vzorce pro v\u00fdpo\u010det pom\u011br\u016f ACM a anal\u00fdzu rizika a p\u0159\u00ednosu m\u016f\u017eete vid\u011bt v tabulce Tabulka 6.<\/span><\/p>\n<p><span>V\u0161e je v\u0161em jasn\u011b viditeln\u00e9.\u00a0Pot\u00e9 jsem zkop\u00edroval hodnoty na karty Summary a Exec Summary.<\/span><\/p>\n<p><span style=\"font-size: 18pt;\"><strong>Metodologie<\/strong><\/span><\/p>\n<p><span>Porovn\u00e1val jsem mortalitu ze v\u0161ech p\u0159\u00ed\u010din (ACM) pro subjekty, kter\u00e9 dostaly 2 o\u010dkov\u00e1n\u00ed alespo\u0148 p\u0159ed 6 m\u011bs\u00edci, s t\u011bmi, kte\u0159\u00ed nebyli o\u010dkovan\u00ed.\u00a0\u010casov\u00fd r\u00e1mec 6 m\u011bs\u00edc\u016f poskytuje p\u0159im\u011b\u0159en\u00e9 minim\u00e1ln\u00ed obdob\u00ed pro pozorov\u00e1n\u00ed v\u00fdsledk\u016f u typick\u00e9ho &#8222;pln\u011b o\u010dkovan\u00e9ho&#8220; jedince.<\/span><\/p>\n<p><span style=\"font-size: 18pt;\"><strong>Shrnut\u00ed \u00fadaj\u016f<\/strong><\/span><\/p>\n<p><span>N\u00ed\u017ee uveden\u00fd souhrn (kter\u00fd jsem zahrnul do z\u00e1lo\u017eky\u00a0<\/span><a href=\"https:\/\/www.skirsch.com\/covid\/UK_ACM_Jan2022.xlsx\" target=\"_blank\" rel=\"noreferrer noopener\" data-type=\"URL\" data-id=\"https:\/\/www.skirsch.com\/covid\/UK_ACM_Jan2022.xlsx\"><span>Souhrn<\/span><\/a><span>\u00a0napravo od z\u00e1lo\u017eky Tabulka 6) ukazuje m\u00edru \u00famrtnosti ze v\u0161ech p\u0159\u00ed\u010din na 100 000 osoborok\u016f pro ka\u017edou v\u011bkovou skupinu a pom\u011br rizika a p\u0159\u00ednosu.<\/span><\/p>\n<div class=\"wp-block-image\">\n<figure class=\"aligncenter size-large\"><img decoding=\"async\" class=\"jetpack-lazy-image jetpack-lazy-image--handled\" src=\"https:\/\/i0.wp.com\/substackcdn.com\/image\/fetch\/w_1456,c_limit,f_auto,q_auto:good,fl_progressive:steep\/https%3A%2F%2Fbucketeer-e05bbc84-baa3-437e-9518-adb32be77984.s3.amazonaws.com%2Fpublic%2Fimages%2F479598b0-2c1a-484b-8095-f434cef7aae7_1052x322.png?w=800&amp;ssl=1\" alt=\"\" data-recalc-dims=\"1\" data-lazy-loaded=\"1\" \/><figcaption><span>Obr. 2. Souhrn v\u00fdpo\u010dt\u016f zalo\u017een\u00fdch na \u00fadaj\u00edch Spojen\u00e9ho kr\u00e1lovstv\u00ed.\u00a0Toto se zobraz\u00ed na kart\u011b Souhrn v m\u00e9m\u00a0<\/span><a href=\"https:\/\/www.skirsch.com\/covid\/UK_ACM_Jan2022.xlsx\" target=\"_blank\" rel=\"noreferrer noopener\" data-type=\"URL\" data-id=\"https:\/\/www.skirsch.com\/covid\/UK_ACM_Jan2022.xlsx\"><span>listu<\/span><\/a><span>\u00a0.<\/span><\/figcaption><\/figure>\n<\/div>\n<p><span>Zde je legenda pro ka\u017ed\u00fd sloupec:<\/span><\/p>\n<ul>\n<li><span>A: V\u011bkov\u00e9 rozmez\u00ed pro seri\u00e1l<\/span><\/li>\n<li><span>B: Sazba ACM pro neo\u010dkovan\u00e9<\/span><\/li>\n<li><span>C: Sazba ACM pro o\u010dkovan\u00e9<\/span><\/li>\n<li><span>D: V\u00fdpo\u010det rizikov\u00e9ho p\u0159\u00ednosu, tj. po\u010det \u017eivot\u016f bez COVID ztracen\u00fdch vakc\u00ednou \/ po\u010det \u017eivot\u016f COVID zachr\u00e1n\u011bn\u00fdch vakc\u00ednou.\u00a0Toto je nejlep\u0161\u00ed metrika pro ospravedln\u011bn\u00ed pou\u017eit\u00ed m\u00edry.\u00a0\u010c\u00edm v\u011bt\u0161\u00ed je toto \u010d\u00edslo, t\u00edm men\u0161\u00ed smysl m\u00e1 opat\u0159en\u00ed.\u00a0Hodnota &gt;1 znamen\u00e1, \u017ee m\u011b\u0159en\u00ed by se nikdy nem\u011blo pou\u017e\u00edvat.\u00a0Bu\u0148ky s * znamenaj\u00ed, \u017ee vakc\u00edna ve skute\u010dnosti zp\u016fsobila v\u00edce p\u0159\u00edpad\u016f COVID ne\u017e neo\u010dkovan\u00ed lid\u00e9.\u00a0Pozn\u00e1mka: Abyste vid\u011bli data pou\u017eit\u00e1 k v\u00fdpo\u010dtu tohoto \u010d\u00edsla, mus\u00edte si prohl\u00e9dnout celou tabulku.\u00a0Pomoc\u00ed souhrnn\u00fdch \u00fadaj\u016f na t\u00e9to obrazovce to nelze prov\u00e9st.<\/span><\/li>\n<li><span>E: ACM o\u010dkovan\u00fdch\/ACM neo\u010dkovan\u00fdch, tj. sloupec C\/sloupec<\/span><\/li>\n<li><span>B. Hodnota &gt;1 znamen\u00e1, \u017ee z\u00e1sah by nem\u011bl b\u00fdt aplikov\u00e1n, proto\u017ee stoj\u00ed \u017eivoty.\u00a0Toto je hrub\u00e9 m\u011b\u0159\u00edtko \u00fa\u010dinnosti z\u00e1sahu, jak vysv\u011btlujeme n\u00ed\u017ee.<\/span><\/li>\n<li><span>Ot\u00e1zka: % \u00famrt\u00ed ACM v d\u016fsledku COVID, tj. pod\u00edl v\u0161ech \u00famrt\u00ed ACM zp\u016fsoben\u00fdch COVID<\/span><\/li>\n<\/ul>\n<p><span>\u00dadaje jasn\u011b ukazuj\u00ed, \u017ee p\u0159\u00ednos pro \u00famrtnost vypl\u00fdvaj\u00edc\u00ed z o\u010dkov\u00e1n\u00ed a sn\u00ed\u017een\u00ed rizika \u00famrt\u00ed na COVID je v\u00edce ne\u017e kompenzov\u00e1no ztr\u00e1tou \u00famrtnosti v d\u016fsledku samotn\u00e9 vakc\u00edny.\u00a0To nen\u00ed nic nov\u00e9ho.\u00a0\u0158\u00edk\u00e1m to od kv\u011btna 2021. Ale te\u010f jsem kone\u010dn\u011b na\u0161el data, ze kter\u00fdch to vypo\u010d\u00edtat.<\/span><\/p>\n<p class=\"has-medium-font-size\"><span style=\"font-size: 18pt;\"><strong>Ve studii f\u00e1ze 3 spole\u010dnosti Pfizer do\u0161lo u o\u010dkovan\u00e9 skupiny ke 40% zv\u00fd\u0161en\u00ed ACM.\u00a0Na ka\u017ed\u00e9ho \u010dlov\u011bka zachr\u00e1n\u011bn\u00e9ho p\u0159ed COVIDem zem\u0159elo odhadem 7 lid\u00ed!<\/strong><\/span><\/p>\n<p><span>Ve studii f\u00e1ze 3 spole\u010dnosti Pfizer do\u0161lo celkem k 21 \u00famrt\u00edm ve skupin\u011b s vakc\u00ednou a 15 \u00famrt\u00edm ve skupin\u011b s placebem.<\/span><\/p>\n<p><span>Toto 40% zv\u00fd\u0161en\u00ed mortality ze v\u0161ech p\u0159\u00ed\u010din ve studii (21\/15=1,4) bylo samoz\u0159ejm\u011b zam\u00edtnuto jako statisticky nev\u00fdznamn\u00e9.\u00a0I kdy\u017e je to pravda, neznamen\u00e1 to, \u017ee bychom tomuto \u010d\u00edslu nem\u011bli v\u011bnovat pozornost.<\/span><\/p>\n<p><span>Nyn\u00ed v\u0161ak z \u00fadaj\u016f ze Spojen\u00e9ho kr\u00e1lovstv\u00ed v\u00edme, \u017ee v\u00fdsledek studie f\u00e1ze 3 nebyl statistickou n\u00e1hodou.\u00a0V\u016fbec ne.<\/span><\/p>\n<p><span>Konkr\u00e9tn\u011b, pokud se pod\u00edv\u00e1me na rizikov\u00fd p\u0159\u00ednos, vid\u00edme, \u017ee jsme zachr\u00e1nili 1 \u017eivot p\u0159ed \u00famrt\u00edm na COVID (1 \u00famrt\u00ed na COVID v l\u00e9\u010debn\u00e9 skupin\u011b vs. 2 \u00famrt\u00ed na COVID ve skupin\u011b s placebem = 1 zachr\u00e1n\u011bn\u00fd \u017eivot), ale bylo tam 7 dal\u0161\u00edch ne &#8211; \u00damrt\u00ed na COVID (20 \u2013 13).<\/span><\/p>\n<p><span>Studie spole\u010dnosti Pfizer tedy uk\u00e1zala, \u017ee na ka\u017ed\u00e9ho \u010dlov\u011bka, kter\u00e9ho jsme zachr\u00e1nili p\u0159ed COVID, zem\u0159elo 7 lid\u00ed.\u00a0\u010c\u00edsla v\u0161ak byla p\u0159\u00edli\u0161 mal\u00e1 na to, aby se tento odhad dal s jistotou prov\u00e9st.<\/span><\/p>\n<p><span>\u0158ekl bych v\u0161ak, \u017ee studie Pfizer byla nejlep\u0161\u00edm p\u0159\u00edpadem, proto\u017ee:<\/span><\/p>\n<ul>\n<li><span>Studie se \u00fa\u010dastnili v\u00fdjime\u010dn\u011b zdrav\u00ed lid\u00e9, jejich\u017e \u00famrtnost byla 10kr\u00e1t ni\u017e\u0161\u00ed ne\u017e u b\u011b\u017en\u00e9 populace (pr\u016fm\u011brn\u00e1 \u00famrtnost v USA je 1 % ro\u010dn\u011b, ale ve skupin\u011b s placebem 22 000 \u00fa\u010dastn\u00edk\u016f do\u0161lo pouze k 15 \u00famrt\u00edm za 6 m\u011bs\u00edc\u016f, co\u017e odpov\u00edd\u00e1 k \u00famrtnosti 0,1 %).<\/span><\/li>\n<li><span>Dok\u00e1zali se zbavit ka\u017ed\u00e9ho, kdo projevil reakci na prvn\u00ed d\u00e1vku, ani\u017e by je po\u010d\u00edtal.<\/span><\/li>\n<\/ul>\n<p><span>Nejd\u016fle\u017eit\u011bj\u0161\u00ed je, \u017ee pom\u011br zabit\u00fdch a zachr\u00e1n\u011bn\u00fdch 7:1 studie Pfizer a pom\u011br 1,4 ACM jsou v souladu s hypot\u00e9zou, \u017ee vakc\u00edna zabije v\u00edce lid\u00ed, ne\u017e zachr\u00e1n\u00ed.<\/span><\/p>\n<p class=\"has-medium-font-size\"><span style=\"font-size: 18pt;\"><strong>M\u016fj odhad rizika\/p\u0159\u00ednosu ACM pomoc\u00ed VAERS<\/strong><\/span><\/p>\n<p><span>Toto je z v\u00fdpo\u010dtu rizika a p\u0159\u00ednosu, kter\u00fd jsem provedl 1. listopadu 2021 pomoc\u00ed dat VAERS k v\u00fdpo\u010dtu pom\u011bru mezi po\u010dtem lid\u00ed zabit\u00fdch vakc\u00ednou (V) a po\u010dtem lid\u00ed zachr\u00e1n\u011bn\u00fdch COVIDem (C), pokud by si vzali vakc\u00edna a m\u011bla 90% \u00fa\u010dinnost po dobu 6 m\u011bs\u00edc\u016f (proto\u017ee jsme v\u011bd\u011bli, \u017ee se \u010dasem vytrat\u00ed a varianty se zm\u011bn\u00ed).\u00a0Samoz\u0159ejm\u011b to byl konzervativn\u00ed odhad u\u017eite\u010dnosti, ale cht\u011bl jsem se ujistit, \u017ee v p\u0159\u00edpad\u011b \u00fatoku budu na bezpe\u010dn\u00e9m m\u00edst\u011b.<\/span><\/p>\n<p><span>Nyn\u00ed tedy v\u00edme, \u017ee m\u00e9 v\u00fdpo\u010dty VAERS zhruba odpov\u00eddaj\u00ed skute\u010dn\u00fdm \u00fadaj\u016fm ve Spojen\u00e9m kr\u00e1lovstv\u00ed na obr\u00e1zku 1.\u00a0Proto\u017ee moje anal\u00fdza byla z\u00e1m\u011brn\u011b konzervativn\u00ed, mnoho \u010d\u00edsel je men\u0161\u00edch ne\u017e skute\u010dn\u00e9 hodnoty.<\/span><\/p>\n<p><span>Toto je dal\u0161\u00ed p\u0159\u00edklad lid\u00ed, kte\u0159\u00ed tvrd\u00ed (bez d\u016fkaz\u016f), \u017ee data VAERS jsou p\u0159\u00edli\u0161 \u201enespolehliv\u00e1 na to, aby je bylo mo\u017en\u00e9 pou\u017e\u00edt\u201c, a jsou chybn\u00e1.\u00a0Pokud jsou tak nespolehliv\u00ed, pro\u010d tak dob\u0159e souhlas\u00ed se skute\u010dn\u00fdmi v\u00fdsledky Spojen\u00e9ho kr\u00e1lovstv\u00ed?<\/span><\/p>\n<div class=\"wp-block-image\">\n<figure class=\"aligncenter size-large\"><img decoding=\"async\" class=\"jetpack-lazy-image jetpack-lazy-image--handled\" src=\"https:\/\/i0.wp.com\/substackcdn.com\/image\/fetch\/w_1456,c_limit,f_auto,q_auto:good,fl_progressive:steep\/https%3A%2F%2Fbucketeer-e05bbc84-baa3-437e-9518-adb32be77984.s3.amazonaws.com%2Fpublic%2Fimages%2Fdf2dbf21-0c19-4b76-bb99-db7c5e27dac8_654x386.png?w=800&amp;ssl=1\" alt=\"\" data-recalc-dims=\"1\" data-lazy-loaded=\"1\" \/><figcaption><span>Obr\u00e1zek 3: Anal\u00fdza rizika a p\u0159\u00ednosu z VAERS<\/span><\/figcaption><\/figure>\n<\/div>\n<p><span>V\u0161imn\u011bte si, \u017ee VAERS tehdy vykazoval p\u0159esn\u011b stejn\u00fd \u00fa\u010dinek, jak\u00fd jsme se pr\u00e1v\u011b dozv\u011bd\u011bli z \u00fadaj\u016f ze Spojen\u00e9ho kr\u00e1lovstv\u00ed: \u010d\u00edm jste mlad\u0161\u00ed, t\u00edm je zbyte\u010dn\u00e9 o\u010dkovat.<\/span><\/p>\n<p><span>N\u00e1\u0161 sloupec V:C kles\u00e1 s v\u011bkem (z 6:1 na 1,8:1), stejn\u011b jako sloupec E (z 1,9:1 na 1:1 ve stejn\u00e9m rozsahu) na obr\u00e1zku 2.<\/span><\/p>\n<p><span>Nen\u00ed to zaj\u00edmav\u00e1 \u201en\u00e1hoda\u201c?\u00a0Jsou od sebe maxim\u00e1ln\u011b 3x.<\/span><\/p>\n<p class=\"has-medium-font-size\"><span style=\"font-size: 18pt;\"><strong>Doporu\u010den\u00ed od ostatn\u00edch<\/strong><\/span><\/p>\n<p><span>Nejsem jedin\u00fd, kdo si v\u0161imne, \u017ee vakc\u00edny proti COVID zab\u00edjej\u00ed v\u00edce lid\u00ed, ne\u017e zachra\u0148uj\u00ed.\u00a0Ostatn\u00ed polo\u017eky nevykazuj\u00ed bu\u010f \u017e\u00e1dn\u00fd p\u0159\u00ednos, nebo negativn\u00ed p\u0159\u00ednos.<\/span><\/p>\n<p><span>Pod\u00edvejte se nap\u0159\u00edklad na:<\/span><\/p>\n<p><a href=\"https:\/\/salafinsight.wordpress.com\/2021\/10\/30\/fully-vaccinated-6x-higher-overall-mortality-than-non-vaccinated\/\" target=\"_blank\" rel=\"noreferrer noopener\" data-type=\"URL\" data-id=\"https:\/\/salafinsight.wordpress.com\/2021\/10\/30\/fully-vaccinated-6x-higher-overall-mortality-than-non-vaccinated\/\"><span>Pln\u011b o\u010dkovan\u00ed 6x vy\u0161\u0161\u00ed \u00famrtnost ze v\u0161ech p\u0159\u00ed\u010din ne\u017e neo\u010dkovan\u00ed (30. \u0159\u00edjna 2021)<\/span><\/a><\/p>\n<p><a href=\"https:\/\/www.clarkcountytoday.com\/news\/long-term-lancet-study-shows-vaccines-dont-prevent-death\/\" target=\"_blank\" rel=\"noreferrer noopener\" data-type=\"URL\" data-id=\"https:\/\/www.clarkcountytoday.com\/news\/long-term-lancet-study-shows-vaccines-dont-prevent-death\/\"><span>Sledov\u00e1n\u00ed \u00fa\u010dastn\u00edk\u016f studie odhalilo \u201e\u017e\u00e1dn\u00fd vliv na \u00famrtnost ze v\u0161ech p\u0159\u00ed\u010din\u201c.<\/span><\/a><\/p>\n<div class=\"wp-block-image\">\n<figure class=\"aligncenter size-large\"><img decoding=\"async\" class=\"jetpack-lazy-image jetpack-lazy-image--handled\" src=\"https:\/\/i0.wp.com\/substackcdn.com\/image\/fetch\/w_1456,c_limit,f_auto,q_auto:good,fl_progressive:steep\/https%3A%2F%2Fbucketeer-e05bbc84-baa3-437e-9518-adb32be77984.s3.amazonaws.com%2Fpublic%2Fimages%2Fc88701fe-1491-466f-a6f3-bef87ea85de7_540x509.png?w=800&amp;ssl=1\" alt=\"\" data-recalc-dims=\"1\" data-lazy-loaded=\"1\" \/><\/figure>\n<\/div>\n<p><a href=\"https:\/\/www.theblaze.com\/op-ed\/horowitz-the-failure-of-the-mrna-shots-is-on-display-for-all-with-open-eyes\" target=\"_blank\" rel=\"noreferrer noopener\" data-type=\"URL\" data-id=\"https:\/\/www.theblaze.com\/op-ed\/horowitz-the-failure-of-the-mrna-shots-is-on-display-for-all-with-open-eyes\"><span>Horowitz: Selh\u00e1n\u00ed v\u00fdst\u0159el\u016f mRNA je pro ka\u017ed\u00e9ho vid\u011bt s otev\u0159en\u00fdma o\u010dima<\/span><\/a><\/p>\n<p><span>Je t\u0159eba poznamenat, \u017ee\u00a0<\/span><a href=\"https:\/\/papers.ssrn.com\/sol3\/papers.cfm?abstract_id=4072489\" target=\"_blank\" rel=\"noreferrer noopener\" data-type=\"URL\" data-id=\"https:\/\/papers.ssrn.com\/sol3\/papers.cfm?abstract_id=4072489\"><span>d\u00e1nsk\u00e1 studie<\/span><\/a><span>\u00a0(kter\u00e1 ji\u017e byla publikov\u00e1na v \u010dasopise Lancet) nezjistila na z\u00e1klad\u011b \u00fadaj\u016f z klinick\u00fdch studi\u00ed \u017e\u00e1dn\u00fd celkov\u00fd p\u0159\u00ednos pro mortalitu ze v\u0161ech p\u0159\u00ed\u010din.\u00a0To je jist\u011b optimisti\u010dt\u011bj\u0161\u00ed ne\u017e \u010d\u00edsla ve Spojen\u00e9m kr\u00e1lovstv\u00ed, ale probl\u00e9m v\u00fdrobc\u016f vakc\u00edn je v tom, \u017ee \u010d\u00edsla ve Spojen\u00e9m kr\u00e1lovstv\u00ed ukazuj\u00ed, \u017ee a\u017e 38 % \u00famrt\u00ed lze p\u0159ipsat COVID, to znamen\u00e1, \u017ee pokud by vakc\u00edny skute\u010dn\u011b fungovaly a jist\u011b, vid\u011bli byste obrovsk\u00fd p\u0159\u00ednos ACM. , ale nic jsi nevid\u011bl.<\/span><\/p>\n<p><span>Pro\u010d p\u0159edepisujeme vakc\u00ednu s nulov\u00fdm p\u0159\u00ednosem ACM?\u00a0\u017d\u00e1dn\u00fd \u00fa\u0159edn\u00edk ochrany ve\u0159ejn\u00e9ho zdrav\u00ed nechce na ot\u00e1zky odpov\u00eddat.<\/span><\/p>\n<p class=\"has-medium-font-size\"><span style=\"font-size: 18pt;\"><strong>\u010c\u00edm se tato anal\u00fdza li\u0161\u00ed od p\u0159edchoz\u00ed pr\u00e1ce<\/strong><\/span><\/p>\n<p><span>Zde pou\u017eit\u00fd datov\u00fd soubor zahrnuje \u00famrt\u00ed na COVID i osoby bez COVID podle v\u011bku.\u00a0To jsme je\u0161t\u011b nem\u011bli.<\/span><\/p>\n<p><span>To n\u00e1m umo\u017e\u0148uje poprv\u00e9 ov\u011b\u0159it data, jak vysv\u011btl\u00edme v dal\u0161\u00ed \u010d\u00e1sti.<\/span><\/p>\n<p><span>Stru\u010dn\u011b \u0159e\u010deno, data, kter\u00e1 m\u00e1me v tomto souboru dat, jsou podrobn\u011bj\u0161\u00ed ne\u017e b\u011b\u017en\u011bji citovan\u00e9 souhrny British Health Authority.<\/span><\/p>\n<p class=\"has-medium-font-size\"><span style=\"font-size: 18pt;\"><strong>Kontrola v\u011brohodnosti<\/strong><\/span><\/p>\n<p><span>Proto\u017ee se nejedn\u00e1 o randomizovanou studii, je d\u016fle\u017eit\u00e9 ov\u011b\u0159it data, aby nedo\u0161lo k z\u00e1m\u011bn\u011b.<\/span><\/p>\n<p><span>Zejm\u00e9na m\u00edra \u00famrtnosti ze v\u0161ech p\u0159\u00ed\u010din (ACM) u \u00famrt\u00ed NON-COVID v o\u010dkovan\u00fdch kohort\u00e1ch by m\u011bla b\u00fdt stejn\u00e1 jako u neo\u010dkovan\u00fdch osob pro pln\u011b bezpe\u010dnou vakc\u00ednu;\u00a0u t\u00e9to vakc\u00edny by m\u011bly b\u00fdt ur\u010dit\u011b vy\u0161\u0161\u00ed, jak zn\u00e1me z VAERS.<\/span><\/p>\n<p><span>Kdykoli je ACM bez COVID ni\u017e\u0161\u00ed mezi o\u010dkovan\u00fdmi ne\u017e mezi neo\u010dkovan\u00fdmi v jak\u00e9koli v\u011bkov\u00e9 kohort\u011b, \u00fadaje jsou nespolehliv\u00e9 (bu\u010f zkreslen\u00e9 nebo v\u00e1\u017en\u011b zmaten\u00e9).\u00a0Podle \u00fadaj\u016f poskytnut\u00fdch vl\u00e1dou Spojen\u00e9ho kr\u00e1lovstv\u00ed je na v\u011bt\u0161in\u011b linek ni\u017e\u0161\u00ed.\u00a0To nen\u00ed mo\u017en\u00e9.\u00a0Ukazuje to, \u017ee data jsou nespolehliv\u00e1.\u00a0Ostatn\u00ed si toho tak\u00e9 v\u0161imli.<\/span><\/p>\n<p><span>To je d\u016fvod, pro\u010d se mi tato datov\u00e1 sada tak l\u00edb\u00ed: obsahuje non-COVID ACM, tak\u017ee m\u016f\u017eeme zkontrolovat jej\u00ed p\u0159esnost.<\/span><\/p>\n<p><span>Tato zkou\u0161ka je d\u016fvod, pro\u010d jsem se zam\u011b\u0159il na linii 2 d\u00e1vek &gt; 6 m\u011bs\u00edc\u016f, proto\u017ee pro\u0161la touto jednoduchou zkou\u0161kou d\u016fsledn\u011bji ne\u017e kter\u00e1koli jin\u00e1 linie.<\/span><\/p>\n<p><span>Pokud ignorujete kontrolu v\u011brohodnosti a zahrnete v\u0161echny \u00fadaje o o\u010dkovan\u00fdch do britsk\u00e9 zpr\u00e1vy, pak jsou vakc\u00edny skv\u011bl\u00fdmi zachr\u00e1nci, ale POUZE pokud je v\u00e1m 25 let nebo v\u00edce.\u00a0Vakc\u00edna v\u00e1s zachr\u00e1n\u00ed p\u0159ed \u00famrt\u00edm na rakovinu, autonehody atd., zvl\u00e1\u0161t\u011b pokud jste star\u0161\u00ed.\u00a0Kdy\u017e to ud\u011bl\u00e1te, je to jako font\u00e1na ml\u00e1d\u00ed pro star\u0161\u00ed.\u00a0To je daleko od reality, kdy poh\u0159ebn\u00ed \u0159editel\u00e9 jako John O&#8217;Looney nemohli uv\u011b\u0159it po\u010dtu telefon\u00e1t\u016f, kter\u00e9 obdr\u017eel, kdy\u017e se objevily vakc\u00edny.<\/span><\/p>\n<p><span>N\u00ed\u017ee je podrobn\u011bj\u0161\u00ed vysv\u011btlen\u00ed zkreslen\u00ed p\u0159e\u017eiv\u0161\u00edch, kter\u00e9 vysv\u011btluje, pro\u010d tyto soubory dat nejsou vhodn\u00e9 pro na\u0161e \u00fa\u010dely.<\/span><\/p>\n<p><span>V\u0161echna data, kter\u00e1 jsme pou\u017eili, splnila krit\u00e9ria na\u0161\u00ed jednoduch\u00e9 kontroly v\u011brohodnosti.<\/span><\/p>\n<p><span>M\u016f\u017ee b\u00fdt m\u016fj test rozumu \u0161patn\u00fd, proto\u017ee vakc\u00edna skute\u010dn\u011b chr\u00e1n\u00ed p\u0159ed smrt\u00ed v\u0161emi nemocemi a tak\u00e9 p\u0159ed nehodami?\u00a0ani n\u00e1hodou\u00a0VAERS by byl pr\u00e1zdn\u00fd, kdyby tento l\u00e9k sn\u00ed\u017eil po\u010det ne\u017e\u00e1douc\u00edch \u00fa\u010dink\u016f a l\u00e9ka\u0159i hl\u00e1sili vyl\u00e9\u010den\u00ed nemoc\u00ed u star\u0161\u00edch osob.\u00a0M\u00edsto zpr\u00e1v o ne\u017e\u00e1douc\u00edch p\u0159\u00edhod\u00e1ch by l\u00e9ka\u0159i p\u0159edkl\u00e1dali zpr\u00e1vy o prosp\u011b\u0161n\u00fdch p\u0159\u00edhod\u00e1ch po o\u010dkov\u00e1n\u00ed (BER).<\/span><\/p>\n<p><span>O tomto \u00fadajn\u00e9m efektu \u201efont\u00e1ny ml\u00e1d\u00ed\u201c jsem psal 12. listopadu 2021.<\/span><\/p>\n<p class=\"has-medium-font-size\"><span style=\"font-size: 18pt;\"><strong>M\u011bli by se lid\u00e9 star\u0161\u00ed 80 let nechat o\u010dkovat?<\/strong><\/span><\/p>\n<p><span>Moje\u00a0<\/span><a href=\"https:\/\/www.skirsch.com\/covid\/VCage.pdf\" target=\"_blank\" rel=\"noreferrer noopener\" data-type=\"URL\" data-id=\"https:\/\/www.skirsch.com\/covid\/VCage.pdf\"><span>anal\u00fdza VAERS<\/span><\/a><span>\u00a0\u0159\u00edk\u00e1, \u017ee ne.<\/span><\/p>\n<p><span>Neofici\u00e1ln\u00ed\u00a0<\/span><a href=\"https:\/\/www.skirsch.com\/covid\/All.pdf\" target=\"_blank\" rel=\"noreferrer noopener\" data-type=\"URL\" data-id=\"https:\/\/www.skirsch.com\/covid\/All.pdf\"><span>\u00fadaje z<\/span><\/a><span>\u00a0domov\u016f pro seniory \u0159\u00edkaj\u00ed ne (viz sn\u00edmky 53 a\u017e 59).\u00a0Pat\u0159\u00ed mezi n\u011b Abrien Aguirre na Oahu, pe\u010dovatelsk\u00fd d\u016fm Sunnycrest v Kanad\u011b, a zku\u0161enosti Johna O&#8217;Looneyho a\u00a0<\/span><a href=\"https:\/\/stevekirsch.substack.com\/p\/exclusive-embalmer-reveals-93-of?s=w\" target=\"_blank\" rel=\"noreferrer noopener\" data-type=\"URL\" data-id=\"https:\/\/stevekirsch.substack.com\/p\/exclusive-embalmer-reveals-93-of?s=w\"><span>zku\u0161enosti balzamova\u010d\u016f<\/span><\/a><span>\u00a0, kde v\u011bt\u0161ina t\u011bl, kter\u00e1 jsou balzamov\u00e1na, m\u00e1 v\u00fdmluvn\u00e9 krevn\u00ed sra\u017eeniny zp\u016fsoben\u00e9 vakc\u00ednou.<\/span><\/p>\n<p><span>Soud\u011b podle\u00a0<\/span><a href=\"http:\/\/www.preearth.net\/images\/deaths-caused-saved-by-vaccines.png\" target=\"_blank\" rel=\"noreferrer noopener\" data-type=\"URL\" data-id=\"http:\/\/www.preearth.net\/images\/deaths-caused-saved-by-vaccines.png\"><span>k\u0159ivky<\/span><\/a><span>\u00a0, v\u011bci nevypadaj\u00ed dob\u0159e ani pro star\u0161\u00ed (podrobnosti viz tento\u00a0<\/span><a href=\"https:\/\/stevekirsch.substack.com\/p\/uk-government-data-shows-nobody-should\/comment\/6428571?s=w\" target=\"_blank\" rel=\"noreferrer noopener\" data-type=\"URL\" data-id=\"https:\/\/stevekirsch.substack.com\/p\/uk-government-data-shows-nobody-should\/comment\/6428571?s=w\"><span>koment\u00e1\u0159 \u010dten\u00e1\u0159e<\/span><\/a><span>\u00a0).<\/span><\/p>\n<p><span>Soubor \u00fadaj\u016f ze Spojen\u00e9ho kr\u00e1lovstv\u00ed pou\u017eit\u00fd v tomto \u010dl\u00e1nku byl p\u0159\u00edli\u0161 spletit\u00fd, ne\u017e aby jej bylo mo\u017en\u00e9 pou\u017e\u00edt, proto\u017ee m\u00edra ACM u neo\u010dkovan\u00fdch proti COVID byla ni\u017e\u0161\u00ed ne\u017e u o\u010dkovan\u00fdch, tak\u017ee nepro\u0161la kontrolou v\u011brohodnosti.<\/span><\/p>\n<p><span>Tak\u017ee kdyby mi bylo v\u00edce ne\u017e 80 let, nenechal bych se o\u010dkovat, dokud nebudu m\u00edt spolehliv\u00e1 a konzistentn\u00ed data z mnoha nez\u00e1visl\u00fdch zdroj\u016f, kter\u00e1 prokazuj\u00ed jasn\u00fd p\u0159\u00ednos.\u00a0Vid\u011bli jste n\u011bco takov\u00e9ho v posledn\u00ed dob\u011b?<\/span><\/p>\n<p class=\"has-medium-font-size\"><span style=\"font-size: 18pt;\"><strong>Pom\u011br ACM vs. anal\u00fdza rizika a p\u0159\u00ednosu<\/strong><\/span><\/p>\n<p><span>Nyn\u00ed, kdy\u017e m\u00e1me pokryty z\u00e1klady, r\u00e1d bych d\u00e1le vysv\u011btlil rozd\u00edl mezi pom\u011brem ACM a anal\u00fdzou rizika\/p\u0159\u00ednosu a pro\u010d bychom se m\u011bli zam\u011b\u0159it na druhou.<\/span><\/p>\n<p><span>Nap\u0159\u00edklad Toby Rogers odhadl, \u017ee na ka\u017ed\u00e9 d\u00edt\u011b, kter\u00e9 bychom mohli zachr\u00e1nit p\u0159ed smrt\u00ed na COVID ve v\u011bkov\u00e9 skupin\u011b 5\u201311 let, zabijeme 117 d\u011bt\u00ed vakc\u00ednou proti COVID.<\/span><\/p>\n<p><span>Pro je\u0161t\u011b mlad\u0161\u00ed v\u011bkovou skupinu (10\u201314 let) je pom\u011br 1600 ku 1. Probl\u00e9m s touto mladou v\u011bkovou skupinou je v tom, \u017ee je tak m\u00e1lo \u00famrt\u00ed, \u017ee existuje mnoho statistick\u00e9ho \u0161umu, proto\u017ee jmenovatel je tak mal\u00fd (bl\u00edzko do 0).\u00a0\u00dadaje z Velk\u00e9 Brit\u00e1nie v\u0161ak jasn\u011b ukazuj\u00ed, \u017ee je nesmysln\u00e9 o\u010dkovat d\u011bti do 20 let.\u00a0H\u00e1dat se o tom, jestli je to 117 nebo 1600, je jako p\u0159estavovat leh\u00e1tka na Titaniku.<\/span><\/p>\n<p><span>Zde je jednoduch\u00fd p\u0159\u00edklad pro ilustraci rozd\u00edlu mezi pom\u011brem ACM a anal\u00fdzou rizika\/p\u0159\u00ednosu:<\/span><\/p>\n<ul>\n<li><span>P\u0159edpokl\u00e1dejme, \u017ee ka\u017ed\u00fd rok zem\u0159e 100 lid\u00ed na 100 000 v ur\u010dit\u00e9 v\u011bkov\u00e9 skupin\u011b.<\/span><\/li>\n<li><span>M\u00e1me vakc\u00ednu, kter\u00e1 zachr\u00e1n\u00ed 1 \u017eivot na osobu, ale zabije 10.\u00a0To je mizern\u00fd z\u00e1sah, kter\u00fd zabije 10kr\u00e1t v\u00edce lid\u00ed, ne\u017e zachr\u00e1n\u00ed.<\/span><\/li>\n<li><span>Av\u0161ak p\u0159i porovn\u00e1n\u00ed \u010detnosti ACM v t\u011bchto dvou skupin\u00e1ch je toto \u010d\u00edslo 100 v neo\u010dkovan\u00e9 skupin\u011b a 109 \u00famrt\u00ed ve skupin\u011b o\u010dkovan\u00fdch.\u00a0Tak\u017ee pom\u011br ACM by byl pouze 1,1, co\u017e je 10% n\u00e1r\u016fst.\u00a0Ale pom\u011br rizika a p\u0159\u00ednosu je o 10:1 v\u011bt\u0161\u00ed riziko ne\u017e p\u0159\u00ednos.<\/span><\/li>\n<\/ul>\n<p><span>Z tohoto d\u016fvodu je spr\u00e1vn\u00fdm \u010d\u00edslem pom\u011br p\u0159\u00ednos\u016f a rizik, nikoli pom\u011br ACM ka\u017ed\u00e9 skupiny.<\/span><\/p>\n<p class=\"has-medium-font-size\"><span style=\"font-size: 18pt;\"><strong>Zkuste to zneplatnit<\/strong><\/span><\/p>\n<p><span>Profesor Jeffrey Morris sd\u00edlel vysv\u011btlen\u00ed ve sv\u00e9m blogov\u00e9m p\u0159\u00edsp\u011bvku \u201eArtefakty \u00fadaj\u016f o \u00famrt\u00ed ve Spojen\u00e9m kr\u00e1lovstv\u00ed: \u201eOpozdilci\u201c odkl\u00e1daj\u00ed d\u00e1vky vakc\u00edny, vybran\u00e1 skupina s vy\u0161\u0161\u00edm rizikem smrti.<\/span><\/p>\n<p><span>David Wilson, alias \u201eDebunk the Funk\u201c, citoval Morris\u016fv \u010dl\u00e1nek, kdy\u017e jsem ho po\u017e\u00e1dal, aby tento \u010dl\u00e1nek odhalil.<\/span><\/p>\n<p><span>Maj\u00ed tedy v\u011b\u0159it, \u017ee ka\u017ed\u00fd, kdo dostal 2 d\u00e1vky vakc\u00edny alespo\u0148 p\u0159ed 6 m\u011bs\u00edci, je opozdilec a m\u00e1 vy\u0161\u0161\u00ed riziko \u00famrt\u00ed.<\/span><\/p>\n<p><span>D\u011bl\u00e1\u0161 si ze m\u011b srandu?!?<\/span><\/p>\n<p class=\"has-medium-font-size\"><span style=\"font-size: 18pt;\"><strong>&#8222;Uka\u017e mi DATA&#8220;<\/strong><\/span><\/p>\n<p><span>Pamatujete si na film Jerry Maguire, kde Rod Tidwell rad\u00ed Jerrymu, \u017ee jedin\u00e9, co Jerry mus\u00ed ud\u011blat, aby si ho udr\u017eel jako z\u00e1kazn\u00edka, je: \u201eUka\u017e mi ty pen\u00edze!\u201c?<\/span><\/p>\n<p><span>V\u0161ichni bychom se m\u011bli CDC pt\u00e1t na tot\u00e9\u017e, ale m\u00edsto pen\u011bz bychom se jich m\u011bli pt\u00e1t: &#8222;Uka\u017ete mi DATA!&#8220;<\/span><\/p>\n<p><span>Pro\u010d n\u00e1m CDC neukazuje studii ACM, kterou pot\u0159ebujeme?<\/span><\/p>\n<p><span>Proto\u017ee klinick\u00e9 studie nebyly zaslepen\u00e9, pokud chceme v\u011bd\u011bt, zda tyto vakc\u00edny sni\u017euj\u00ed po\u010det \u00famrt\u00ed, m\u011bli bychom prov\u00e9st retrospektivn\u00ed studii se 100 000 lidmi v ka\u017ed\u00e9 skupin\u011b, kte\u0159\u00ed budou vybr\u00e1ni 1. prosince 2020, ne\u017e budou vakc\u00edny zve\u0159ejn\u011bny. sn\u00ed\u017eit.<\/span><\/p>\n<p><span>Jedna skupina se rozhodla nechat se o\u010dkovat.\u00a0Druh\u00e1 skupina se o\u010dkov\u00e1n\u00ed vyh\u00fdb\u00e1 \u00fapln\u011b.<\/span><\/p>\n<p><span>Pot\u00e9 se pod\u00edv\u00e1me na po\u010det \u00famrt\u00ed na COVID oproti \u00famrt\u00edm bez COVID v ka\u017ed\u00e9 skupin\u011b a vypo\u010d\u00edt\u00e1me anal\u00fdzu rizika a p\u0159\u00ednosu, jak jsme to ji\u017e provedli.<\/span><\/p>\n<p><span>Toto jsou data, kter\u00e1 chci vid\u011bt.\u00a0Kde jsou?\u00a0Nikdo mi je zat\u00edm nedok\u00e1zal uk\u00e1zat.<\/span><\/p>\n<p><span>A bez t\u011bchto \u00fadaj\u016f by se nikdo, bez ohledu na v\u011bk, nem\u011bl nechat o\u010dkovat ani doporu\u010dovat o\u010dkov\u00e1n\u00ed.<\/span><\/p>\n<p><span>\u0160el bych je\u0161t\u011b d\u00e1le a \u0159ekl:<\/span><\/p>\n<ul>\n<li><span>Pro CDC je nezodpov\u011bdn\u00e9 zatajovat tato data ve\u0159ejnosti.<\/span><\/li>\n<li><span>Je nezodpov\u011bdn\u00e9, \u017ee l\u00e9ka\u0159sk\u00e1 komunita nepo\u017eaduje vid\u011bt tato data.<\/span><\/li>\n<li><span>Od l\u00e9ka\u0159sk\u00e9 profese je nezodpov\u011bdn\u00e9 povzbuzovat kohokoli, aby se nechal o\u010dkovat, ani\u017e by vid\u011bl tato data, zejm\u00e9na s ohledem na alarmuj\u00edc\u00ed \u00fadaje ve VAERS a dal\u0161\u00edch zdroj\u00edch.<\/span><\/li>\n<li><span>Pokud jsou vakc\u00edny u\u017eite\u010dn\u00e9, jak vysv\u011btlujete tuto novou anal\u00fdzu \u00fadaj\u016f ze Spojen\u00e9ho kr\u00e1lovstv\u00ed?<\/span><\/li>\n<\/ul>\n<p class=\"has-medium-font-size\"><span style=\"font-size: 18pt;\"><strong>Souhrn<\/strong><\/span><\/p>\n<p><span>Na z\u00e1klad\u011b t\u011bchto nov\u00fdch vl\u00e1dn\u00edch \u00fadaj\u016f Spojen\u00e9ho kr\u00e1lovstv\u00ed m\u016f\u017eeme kone\u010dn\u011b vypo\u010d\u00edtat skute\u010dn\u00fd pom\u011br rizika a p\u0159\u00ednosu pro ka\u017edou v\u011bkovou skupinu.\u00a0Pro v\u0161echny skupiny je negativn\u00ed.\u00a0\u010c\u00edm jste mlad\u0161\u00ed, t\u00edm m\u00e1 o\u010dkov\u00e1n\u00ed men\u0161\u00ed smysl.<\/span><\/p>\n<p><span>Se\u010dteno a podtr\u017eeno: kone\u010dn\u011b jsou data ve\u0159ejn\u011b dostupn\u00e1 a jasn\u011b ukazuj\u00ed, \u017ee na\u0161e vl\u00e1dy n\u00e1s t\u011bmito vakc\u00ednami a p\u0159edpisy o o\u010dkov\u00e1n\u00ed ve\u0159ejn\u011b zbankrotovaly.<\/span><\/p>\n<p><span>Anal\u00fdza dat tak\u00e9 nen\u00ed zraniteln\u00e1.\u00a0Jsou to pln\u011b hl\u00e1\u0161en\u00e1 data p\u0159\u00edmo od vl\u00e1dy Spojen\u00e9ho kr\u00e1lovstv\u00ed a v\u00fdpo\u010dty jsou jednoduch\u00e9.\u00a0Jedin\u00fd zp\u016fsob, jak vysv\u011btlit v\u00fdsledky, je, \u017ee vakc\u00edny zabij\u00ed v\u00edce lid\u00ed, ne\u017e zachr\u00e1n\u00ed.<\/span><\/p>\n<p><span>Je ne\u0161\u0165astn\u00e9, \u017ee l\u00e9ka\u0159sk\u00e1 profese si tato data p\u0159ed doporu\u010den\u00edm vakc\u00edn ani nevy\u017e\u00e1dala.\u00a0Dodnes strkaj\u00ed hlavu do p\u00edsku a ne\u017e\u00e1daj\u00ed, aby vid\u011bli data ACM.<\/span><\/p>\n<p><span>Sd\u00edlejte pros\u00edm tento \u010dl\u00e1nek a pomozte n\u00e1m \u0161\u00ed\u0159it informace.<\/span><\/p>\n<p><strong>Steve Kirsch<\/strong><\/p>\n<\/div>\n<\/div>\n<div class=\"elementor-element elementor-element-8c57238 quelle dc-has-condition dc-condition-empty elementor-widget elementor-widget-heading\" data-id=\"8c57238\" data-element_type=\"widget\" data-widget_type=\"heading.default\">\n<div class=\"elementor-widget-container\">\n<h3 class=\"elementor-heading-title elementor-size-default\"><span style=\"font-size: 8pt;\"><a href=\"https:\/\/stevekirsch.substack.com\/p\/uk-government-data-shows-nobody-should?utm_source=%2Fprofile%2F40661664-steve-kirsch&amp;utm_medium=reader2&amp;s=r\" target=\"_blank\" rel=\"nofollow noopener\">ZDROJ: NOV\u00c1 BRITSK\u00c1 VL\u00c1DN\u00cd DATA UKAZUJ\u00cd, \u017dE VAKC\u00cdNY PROTI COVID ZAB\u00cdJEJ\u00cd V\u00cdCE LID\u00cd, NE\u017d ZACHRA\u0147UJ\u00cd<\/a><\/span><\/h3>\n<\/div>\n<\/div>\n","protected":false},"excerpt":{"rendered":"<p>Po\u017e\u00e1dal jsem v\u0161echny: uka\u017ete mi \u00fadaje o \u00famrtnosti ze v\u0161ech p\u0159\u00ed\u010din, kter\u00e9 dokazuj\u00ed, \u017ee vakc\u00edny&#8230;<\/p>\n","protected":false},"author":2,"featured_media":2836,"comment_status":"closed","ping_status":"closed","sticky":false,"template":"","format":"standard","meta":[],"categories":[7],"tags":[23,213,474,523,651],"_links":{"self":[{"href":"https:\/\/www.infokuryr.cz\/n\/wp-json\/wp\/v2\/posts\/10382"}],"collection":[{"href":"https:\/\/www.infokuryr.cz\/n\/wp-json\/wp\/v2\/posts"}],"about":[{"href":"https:\/\/www.infokuryr.cz\/n\/wp-json\/wp\/v2\/types\/post"}],"author":[{"embeddable":true,"href":"https:\/\/www.infokuryr.cz\/n\/wp-json\/wp\/v2\/users\/2"}],"replies":[{"embeddable":true,"href":"https:\/\/www.infokuryr.cz\/n\/wp-json\/wp\/v2\/comments?post=10382"}],"version-history":[{"count":0,"href":"https:\/\/www.infokuryr.cz\/n\/wp-json\/wp\/v2\/posts\/10382\/revisions"}],"wp:featuredmedia":[{"embeddable":true,"href":"https:\/\/www.infokuryr.cz\/n\/wp-json\/wp\/v2\/media\/2836"}],"wp:attachment":[{"href":"https:\/\/www.infokuryr.cz\/n\/wp-json\/wp\/v2\/media?parent=10382"}],"wp:term":[{"taxonomy":"category","embeddable":true,"href":"https:\/\/www.infokuryr.cz\/n\/wp-json\/wp\/v2\/categories?post=10382"},{"taxonomy":"post_tag","embeddable":true,"href":"https:\/\/www.infokuryr.cz\/n\/wp-json\/wp\/v2\/tags?post=10382"}],"curies":[{"name":"wp","href":"https:\/\/api.w.org\/{rel}","templated":true}]}}