{"id":103794,"date":"2026-04-05T00:20:20","date_gmt":"2026-04-04T22:20:20","guid":{"rendered":"https:\/\/www.infokuryr.cz\/n\/?p=103794"},"modified":"2026-04-04T12:46:12","modified_gmt":"2026-04-04T10:46:12","slug":"plukovnik-douglas-macgregor-americke-pozemni-jednotky-v-iranu-by-byly-katastrofou","status":"publish","type":"post","link":"https:\/\/www.infokuryr.cz\/n\/2026\/04\/05\/plukovnik-douglas-macgregor-americke-pozemni-jednotky-v-iranu-by-byly-katastrofou\/","title":{"rendered":"Plukovn\u00edk Douglas Macgregor: Americk\u00e9 pozemn\u00ed jednotky v \u00cdr\u00e1nu by byly katastrofou"},"content":{"rendered":"<div id=\"fb-root\"><\/div>\n<h3 class=\"wp-block-heading\"><span dir=\"auto\">Rozhovor a kl\u00ed\u010dov\u00e9 varov\u00e1n\u00ed<\/span><\/h3>\n<p><span dir=\"auto\">Ve velmi kontroverzn\u00edm rozhovoru se soudcem Andrewem Napolitanem na kan\u00e1lu \u201eJudging Freedom\u201c 2. dubna 2026 vydal americk\u00fd plukovn\u00edk ve v\u00fdslu\u017eb\u011b Douglas Macgregor ost\u0159e varov\u00e1n\u00ed p\u0159ed mo\u017en\u00fdm pozemn\u00edm nasazen\u00edm americk\u00fdch vojsk v \u00cdr\u00e1nu. Veter\u00e1n vojensk\u00fd expert ozna\u010dil tuto my\u0161lenku za strategickou katastrofu, ost\u0159e kritizoval sou\u010dasnou americkou politiku a obvinil administrativu z masivn\u00edho podce\u0148ov\u00e1n\u00ed \u00edr\u00e1nsk\u00fdch schopnost\u00ed. Macgregor, kter\u00fd je po cel\u00e1 desetilet\u00ed pova\u017eov\u00e1n za jednoho z nejbyst\u0159ej\u0161\u00edch kritik\u016f americk\u00fdch vojensk\u00fdch dobrodru\u017estv\u00ed, vykreslil bez\u00fat\u011b\u0161n\u00fd obraz d\u016fsledk\u016f eskalace.<\/span><\/p>\n<figure class=\"wp-block-embed is-type-video is-provider-youtube wp-block-embed-youtube wp-embed-aspect-16-9 wp-has-aspect-ratio\">\n<div class=\"wp-block-embed__wrapper\"><iframe loading=\"lazy\" title=\"Plukovn\u00edk Douglas Macgregor: Americk\u00e9 boty v ter\u00e9nu jsou katastrofou\" src=\"https:\/\/www.youtube.com\/embed\/52t7PrvbFo0?feature=oembed\" width=\"800\" height=\"450\" frameborder=\"0\" allowfullscreen=\"allowfullscreen\" data-mce-fragment=\"1\"><\/iframe><\/div>\n<\/figure>\n<h3 class=\"wp-block-heading\"><span dir=\"auto\">Z\u00e1sadn\u00ed kritika zahrani\u010dn\u00ed politiky USA<\/span><\/h3>\n<p><span dir=\"auto\">Plukovn\u00edk za\u010dal z\u00e1sadn\u00ed kritikou americk\u00e9 zahrani\u010dn\u00ed politiky. Nevyhl\u00e1\u0161en\u00e9 v\u00e1lky, \u0159ekl, se bohu\u017eel ve Spojen\u00fdch st\u00e1tech staly normou. Vl\u00e1da vedla preventivn\u00ed v\u00e1lky \u2013 tedy v\u00e1lky \u00fato\u010dn\u00e9 \u2013 ani\u017e by si americk\u00e1 ve\u0159ejnost st\u011b\u017eovala. Lid\u00e9 si zvykli na nelegitimn\u00ed pou\u017eit\u00ed s\u00edly ze strany st\u00e1tu.<\/span><\/p>\n<p><span dir=\"auto\">Macgregor citoval ide\u00e1ly Otc\u016f zakladatel\u016f Ameriky:<\/span><br \/>\n<span dir=\"auto\">\u201eCo kdy\u017e je n\u011bkdy jedin\u00fd zp\u016fsob, jak milovat svou zemi, zm\u011bnit nebo zru\u0161it vl\u00e1du? Co kdy\u017e m\u011bl Jefferson pravdu? Co kdy\u017e je nejlep\u0161\u00ed vl\u00e1da ta, kter\u00e1 vl\u00e1dne nejm\u00e9n\u011b? Co kdy\u017e je nebezpe\u010dn\u00e9 m\u00edt pravdu, kdy\u017e se vl\u00e1da m\u00fdl\u00ed? Co kdy\u017e je lep\u0161\u00ed zem\u0159\u00edt za svobodu ne\u017e \u017e\u00edt jako otrok?\u201c<\/span><\/p>\n<p><span dir=\"auto\">Nejv\u011bt\u0161\u00ed nebezpe\u010d\u00ed pro svobodu hroz\u00ed pr\u00e1v\u011b te\u010f.<\/span><\/p>\n<h3 class=\"wp-block-heading\"><span dir=\"auto\">Ztr\u00e1ty a um\u00edst\u011bn\u00ed americk\u00fdch z\u00e1kladen<\/span><\/h3>\n<p><span dir=\"auto\">V rozhovoru s Napolitanem Macgregor nejprve potvrdil, \u017ee americk\u00fdch ob\u011bt\u00ed bylo mnohem v\u00edce, ne\u017e bylo ofici\u00e1ln\u011b uzn\u00e1v\u00e1no. V\u011bt\u0161ina ob\u011bt\u00ed byli pozemn\u00ed pracovn\u00edci na americk\u00fdch z\u00e1kladn\u00e1ch v Persk\u00e9m z\u00e1livu, kter\u00e9 byly t\u011b\u017ece napadeny a v n\u011bkter\u00fdch p\u0159\u00edpadech zni\u010deny.<\/span><\/p>\n<p><span dir=\"auto\">Vyj\u00e1d\u0159il p\u0159ekvapen\u00ed, \u017ee tam v\u016fbec n\u011bjak\u00fd person\u00e1l je st\u00e1le um\u00edst\u011bn. Z\u00e1kladny p\u0159evzaly USA po britsk\u00e9m sta\u017een\u00ed v 60. letech \u2013 zpo\u010d\u00e1tku za prezidenta Cartera v reakci na vn\u00edmanou sov\u011btskou hrozbu z Afgh\u00e1nist\u00e1nu, kterou do zna\u010dn\u00e9 m\u00edry propagoval Izrael.<\/span><\/p>\n<p><span dir=\"auto\">Emir\u00e1ty a dal\u0161\u00ed st\u00e1ty Persk\u00e9ho z\u00e1livu si ve skute\u010dnosti p\u0159\u00e1ly americkou p\u0159\u00edtomnost, proto\u017ee o\u010dek\u00e1valy ochranu od \u00cdr\u00e1nu. Nyn\u00ed se uk\u00e1zalo, \u017ee USA tuto ochranu nemohou poskytnout \u2013 co\u017e je ho\u0159k\u00e1 lekce pro cel\u00fd region.<\/span><\/p>\n<h3 class=\"wp-block-heading\"><span dir=\"auto\">Nedostate\u010dn\u00e1 evakuace a chybn\u00fd odhad \u00cdr\u00e1nu<\/span><\/h3>\n<p><span dir=\"auto\">Navzdory \u00fatok\u016fm nebyly z\u00e1kladny evakuov\u00e1ny. Voj\u00e1ci a pravd\u011bpodobn\u011b i letci a mari\u0148\u00e1ci se uch\u00fdlili do civiln\u00edch budov, jako jsou sklepy bytov\u00fdch dom\u016f. Toto v\u0161ak nen\u00ed dlouhodob\u00e9 \u0159e\u0161en\u00ed.<\/span><\/p>\n<p><span dir=\"auto\">Macgregor to jasn\u011b uvedl: USA masivn\u011b podcenily vojensk\u00e9 schopnosti \u00cdr\u00e1nu. Kdyby byla situace posouzena realisticky, v\u0161echny s\u00edly by byly u\u017e d\u00e1vno sta\u017eeny.<\/span><\/p>\n<h3 class=\"wp-block-heading\"><span dir=\"auto\">Pohyby vojsk a vojensk\u00e1 realita<\/span><\/h3>\n<p><span dir=\"auto\">Pokud jde o p\u0159ibli\u017en\u011b 10 000 dal\u0161\u00edch pozemn\u00edch voj\u00e1k\u016f \u2013 p\u011bchoty a n\u00e1mo\u0159n\u00ed p\u011bchoty \u2013 kte\u0159\u00ed byli v posledn\u00edch dvou t\u00fddnech nasazeni z USA, Macgregor uvedl, \u017ee se na napaden\u00fdch z\u00e1kladn\u00e1ch nenach\u00e1zeli. N\u011bkter\u00e9 jednotky mohly infiltrovat region, aby prozkoumaly potenci\u00e1ln\u00ed m\u00edsta nasazen\u00ed, nap\u0159\u00edklad ve Spojen\u00fdch arabsk\u00fdch emir\u00e1tech, Kuvajtu nebo Bahrajnu.<\/span><\/p>\n<p><span dir=\"auto\">Nejnov\u011bj\u0161\u00ed skupina mari\u0148\u00e1k\u016f v\u0161ak byla nasazena do Diego Garcia. Americk\u00e1 flotila se dr\u017e\u00ed stovky kilometr\u016f od vstupu do Persk\u00e9ho z\u00e1livu, aby se nestala ter\u010dem \u00edr\u00e1nsk\u00fdch \u00fatok\u016f.<\/span><\/p>\n<p><span dir=\"auto\">Ot\u00e1zka, jak za t\u011bchto podm\u00ednek do regionu dopravit vojska, je extr\u00e9mn\u011b slo\u017eit\u00e1: letadla jsou nezbytn\u00e1, ale \u00cdr\u00e1n disponuje komplexn\u00edm a nep\u0159etr\u017eit\u00fdm dohledem \u2013 jak uvnit\u0159 vlastn\u00edch hranic, tak a\u017e do vzd\u00e1lenosti 1 000 kilometr\u016f za nimi. D\u00edky rusk\u00e9mu a \u010d\u00ednsk\u00e9mu satelitn\u00edmu zpravodajstv\u00ed m\u016f\u017ee Teher\u00e1n nejen v\u0161echno vid\u011bt, ale tak\u00e9 odposlouch\u00e1vat rozhovory na zemi. Takov\u00e9 prost\u0159ed\u00ed prakticky znemo\u017e\u0148uje p\u0159ekvapiv\u00e9 \u00fatoky.<\/span><\/p>\n<h3 class=\"wp-block-heading\"><span dir=\"auto\">Kritika Trumpova zobrazen\u00ed \u00cdr\u00e1nu<\/span><\/h3>\n<p><span dir=\"auto\">Macgregor se pot\u00e9 obr\u00e1til k projevu prezidenta Trumpa z p\u0159edchoz\u00edho ve\u010dera. V \u017e\u00e1dn\u00e9m p\u0159\u00edpad\u011b ho logika invaze nep\u0159esv\u011bd\u010dila. Trump pouze zopakoval teze Benjamina Netanjahua: \u00cdr\u00e1n jako teroristick\u00fd st\u00e1t, jako sponzor teroru, jako nejv\u011bt\u0161\u00ed hrozba pro sv\u011bt.<\/span><\/p>\n<p><span dir=\"auto\">Toto je jednostrann\u00fd, izraelsk\u00fd pohled, kter\u00fd je m\u00e9dii prosazov\u00e1n ji\u017e l\u00e9ta. Ve skute\u010dnosti \u00cdr\u00e1n u\u017e dlouho nen\u00ed teroristick\u00fdm st\u00e1tem.<\/span><\/p>\n<p><span dir=\"auto\">Macgregor p\u0159ipomn\u011bl, \u017ee gener\u00e1l K\u00e1sem Solejm\u00e1n\u00ed pom\u00e1hal USA v Ir\u00e1ku v letech 2006\/2007 t\u00edm, \u017ee zprost\u0159edkoval dohody se \u0161\u00editsk\u00fdmi milicemi a p\u0159esv\u011bd\u010dil je, aby ukon\u010dily boje. Pozd\u011bji tyto milice sehr\u00e1ly kl\u00ed\u010dovou roli v por\u00e1\u017ece ISIS a z\u00e1chran\u011b tis\u00edc\u016f nesunnit\u016f, v\u010detn\u011b k\u0159es\u0165an\u016f a Dr\u00faz\u016f.<\/span><\/p>\n<p><span dir=\"auto\">Tvrzen\u00ed, \u017ee \u00cdr\u00e1n buduje obrovsk\u00fd arzen\u00e1l balistick\u00fdch raket, aby ohrozil USA nebo Evropu, je absurdn\u00ed. \u00cdr\u00e1n masivn\u011b roz\u0161\u00ed\u0159il tyto rakety a drony pr\u00e1v\u011b proto, \u017ee nevlastn\u00ed jadern\u00e9 zbran\u011b a chce se chr\u00e1nit p\u0159ed izraelsk\u00fdmi \u00fatoky. P\u0159edchoz\u00ed nejvy\u0161\u0161\u00ed v\u016fdce v\u00fdvoj bomby v\u00fdslovn\u011b zak\u00e1zal.<\/span><\/p>\n<h3 class=\"wp-block-heading\"><span dir=\"auto\">Hodnocen\u00ed n\u00e1let\u016f<\/span><\/h3>\n<p><span dir=\"auto\">P\u0159edchoz\u00ed americk\u00e9 leteck\u00e9 \u00fadery, p\u0159i nich\u017e bylo pou\u017eito p\u0159es 11 000 p\u0159esn\u011b nav\u00e1d\u011bn\u00fdch raket a kter\u00e9 st\u00e1ly miliardy dolar\u016f, nebyly \u00fasp\u011b\u0161n\u00e9. \u00cdr\u00e1n nad\u00e1le odpaluje p\u0159esn\u00e9 rakety a drony \u2013 jak na Izrael, tak na emir\u00e1ty v Persk\u00e9m z\u00e1livu.<\/span><\/p>\n<p><span dir=\"auto\">Izraelsk\u00e1 protivzdu\u0161n\u00e1 obrana, v\u010detn\u011b Iron Dome, je z velk\u00e9 \u010d\u00e1sti vy\u010derpan\u00e1. M\u00edsto sl\u00edben\u00e9 kapitulace do 96 hodin nyn\u00ed \u010del\u00ed t\u0159em t\u00fddn\u016fm intenzivn\u00edho bombardov\u00e1n\u00ed.<\/span><\/p>\n<p><span dir=\"auto\">Trumpovo tvrzen\u00ed, \u017ee 90 nebo 80 procent \u00edr\u00e1nsk\u00fdch zbran\u00ed bylo zni\u010deno, vyvracej\u00ed prob\u00edhaj\u00edc\u00ed \u00fatoky.<\/span><\/p>\n<p><span dir=\"auto\">Je\u0161t\u011b hor\u0161\u00ed je, \u017ee nov\u00fd nejvy\u0161\u0161\u00ed v\u016fdce \u00cdr\u00e1nu nyn\u00ed zru\u0161il v\u0161echny z\u00e1kazy v\u00fdvoje jadern\u00fdch zbran\u00ed. P\u0159esn\u011b to, \u010demu cht\u011bl Trump zabr\u00e1nit, se nyn\u00ed s velkou pravd\u011bpodobnost\u00ed stane. Politika USA tak vede k \u0161\u00ed\u0159en\u00ed jadern\u00fdch zbran\u00ed po cel\u00e9m sv\u011bt\u011b. Ka\u017ed\u00e1 st\u0159edn\u011b velk\u00e1 mocnost si nyn\u00ed uv\u011bdomuje, \u017ee bez vlastn\u00edch jadern\u00fdch zbran\u00ed je \u00fatok USA a Izraele kdykoli mo\u017en\u00fd.<\/span><\/p>\n<h3 class=\"wp-block-heading\"><span dir=\"auto\">Kritika vojensk\u00e9 doktr\u00edny a opera\u010dn\u00edch pl\u00e1n\u016f<\/span><\/h3>\n<p><span dir=\"auto\">Macgregor tak\u00e9 kritizoval historick\u00e9 chybn\u00e9 odhady leteck\u00e9 s\u00edly. Od teori\u00ed Billyho Mitchella a Curtise LeMaye se v\u011b\u0159ilo, \u017ee nep\u0159\u00edtele lze srazit na kolena pouze bombardov\u00e1n\u00edm, bez pozemn\u00edch vojsk.<\/span><\/p>\n<p><span dir=\"auto\">To nikdy nefungovalo \u2013 ani za druh\u00e9 sv\u011btov\u00e9 v\u00e1lky, ani v Srbsku v roce 1999 po 78 dnech leteck\u00e9 v\u00e1lky. Nyn\u00ed se vzorec opakuje: po selh\u00e1n\u00ed n\u00e1let\u016f p\u0159ich\u00e1z\u00ed v\u00fdzva k nasazen\u00ed pozemn\u00edch vojsk. To je katastrofa.<\/span><\/p>\n<p><span dir=\"auto\">Pl\u00e1ny Pentagonu, v\u010detn\u011b operace komanda s c\u00edlem zabavit obohacen\u00fd uran, jsou iluzorn\u00ed. \u00cdr\u00e1n m\u00e1 milion ozbrojen\u00fdch mu\u017e\u016f, komplexn\u00ed dohled a \u010detn\u00e9 syst\u00e9my protivzdu\u0161n\u00e9 obrany. Speci\u00e1ln\u00ed jednotky jsou v takov\u00e9m prost\u0159ed\u00ed extr\u00e9mn\u011b zraniteln\u00e9 \u2013 jako hled\u00e1n\u00ed jehly v kupce sena. N\u00e1vnady a klamy ji\u017e n\u011bkolikr\u00e1t oklamaly leteck\u00e9 \u00fadery.<\/span><\/p>\n<h3 class=\"wp-block-heading\"><span dir=\"auto\">Obavy podle mezin\u00e1rodn\u00edho pr\u00e1va<\/span><\/h3>\n<p><span dir=\"auto\">Macgregor shledal Trumpovo ozn\u00e1men\u00ed, \u017ee pokud nebude dosa\u017eeno dohody, masivn\u011b bombarduje \u00edr\u00e1nsk\u00e9 elektr\u00e1rny, obzvl\u00e1\u0161t\u011b znepokojiv\u00e9. \u00datoky na civiln\u00ed infrastrukturu p\u0159edstavuj\u00ed podle mezin\u00e1rodn\u00edho pr\u00e1va v\u00e1le\u010dn\u00fd zlo\u010din.<\/span><\/p>\n<p><span dir=\"auto\">USA to u\u017e d\u0159\u00edve ud\u011blaly, ale to nem\u011bn\u00ed nic na tom, \u017ee je to nez\u00e1konn\u00e9. \u00cdr\u00e1nci se Izraeli \u2013 a tedy ani USA \u2013 nikdy nepodvol\u00ed. Historie a mentalita zem\u011b jim to prost\u011b nedovol\u00ed.<\/span><\/p>\n<p><span dir=\"auto\">\u00cdr\u00e1n nen\u00ed bombardov\u00e1n proto, \u017ee p\u0159edstavuje existen\u010dn\u00ed hrozbu pro USA, ale proto, aby se pos\u00edlila izraelsk\u00e1 dominance.<\/span><\/p>\n<h3 class=\"wp-block-heading\"><span dir=\"auto\">Glob\u00e1ln\u00ed ekonomick\u00e9 d\u016fsledky<\/span><\/h3>\n<p><span dir=\"auto\">Macgregor nakonec varoval p\u0159ed glob\u00e1ln\u00edmi d\u016fsledky. Sv\u011btov\u00e1 ekonomika ji\u017e trp\u00ed obrovsk\u00fdmi \u0161kodami: plastik\u00e1\u0159sk\u00fd pr\u016fmysl v Koreji a Japonsku se zastavil a posti\u017eeno je 47 kritick\u00fdch produkt\u016f vy\u017eaduj\u00edc\u00edch ropu.<\/span><\/p>\n<p><span dir=\"auto\">Indie trp\u00ed; celosv\u011btov\u011b je nedostatek potravin, paliv, surovin a hnojiv. Hroz\u00ed hladomor.<\/span><\/p>\n<p><span dir=\"auto\">Trump se v\u0161ak ve sv\u00e9m projevu nezm\u00ednil o humanit\u00e1rn\u00edch ohledech, ani slovem se nezm\u00ednil o d\u016fsledc\u00edch pro civilisty na cel\u00e9m sv\u011bt\u011b. M\u00edsto toho se jednalo ve vzduchopr\u00e1zdnu.<\/span><\/p>\n<h3 class=\"wp-block-heading\"><span dir=\"auto\">Z\u00e1v\u011br<\/span><\/h3>\n<p><span dir=\"auto\">Stru\u010dn\u011b \u0159e\u010deno, plukovn\u00edk Macgregor popsal cel\u00fd pl\u00e1n jako logicky nesouvisl\u00fd, bezohledn\u00fd a nekompetentn\u00ed.<\/span><\/p>\n<p><span dir=\"auto\">Nasazen\u00ed pozemn\u00edch vojsk \u2013 a\u0165 u\u017e pro okupaci ostrov\u016f, pr\u016fzkum uranu nebo jin\u00e9 c\u00edle \u2013 je extr\u00e9mn\u011b nebezpe\u010dn\u00e9. Flotila je p\u0159\u00edli\u0161 daleko, tankovac\u00ed letadla se ztr\u00e1cej\u00ed a dopl\u0148ov\u00e1n\u00ed z\u00e1sob je prakticky nemo\u017en\u00e9.<\/span><\/p>\n<p><span dir=\"auto\">\u00cdr\u00e1nsk\u00e9 balistick\u00e9 rakety a drony mohly snadno zas\u00e1hnout c\u00edle na mal\u00fdch ostrovech (\u010dasto o velikosti pouze 14\u201315 kilometr\u016f \u010dtvere\u010dn\u00edch). Ani ti nejlep\u0161\u00ed mari\u0148\u00e1ci a speci\u00e1ln\u00ed jednotky nemohli b\u00fdt v tomto nov\u00e9m sv\u011bt\u011b neust\u00e1l\u00e9ho sledov\u00e1n\u00ed a p\u0159esn\u00fdch proti\u00fatok\u016f chr\u00e1n\u011bni.<\/span><\/p>\n<p><span dir=\"auto\">Macgregor citoval b\u00fdval\u00e9ho n\u00e1m\u011bstka ministra obrany Roberta Worka: Takov\u00e9 oboj\u017eiveln\u00e9 nebo leteck\u00e9 operace jsou mo\u017en\u00e9 pouze tehdy, kdy\u017e jsou nep\u0159\u00e1telsk\u00e9 pr\u016fzkumn\u00e9 a \u00fadern\u00e9 schopnosti zcela eliminov\u00e1ny \u2013 co\u017e v tomto p\u0159\u00edpad\u011b nen\u00ed pravda.<\/span><\/p>\n<h3 class=\"wp-block-heading\"><span dir=\"auto\">Z\u00e1v\u011bre\u010dn\u00e9 vol\u00e1n\u00ed<\/span><\/h3>\n<p><span dir=\"auto\">Rozhovor skon\u010dil Macgregorovou v\u00fdzvou k rozumu a realismu. USA opakovaly chyby z minul\u00fdch v\u00e1lek.<\/span><\/p>\n<p><span dir=\"auto\">M\u00edsto demonstrace s\u00edly projevili slabost a riskovali nejen \u017eivoty americk\u00fdch voj\u00e1k\u016f, ale i glob\u00e1ln\u00ed humanit\u00e1rn\u00ed a ekonomickou katastrofu.<\/span><\/p>\n<p><span dir=\"auto\">Plukovn\u00edk Douglas Macgregor dal jasn\u011b najevo: americk\u00e9 pozemn\u00ed jednotky v \u00cdr\u00e1nu by nebyly v\u00edt\u011bzstv\u00edm \u2013 byly by katastrofou.<\/span><\/p>\n<p><img decoding=\"async\" loading=\"lazy\" class=\"alignnone size-full wp-image-1185\" src=\"http:\/\/www.infokuryr.cz\/n\/wp-content\/uploads\/2021\/04\/kuryr-podpis.png\" alt=\"\" width=\"84\" height=\"24\" \/><\/p>\n<p>&nbsp;<\/p>\n","protected":false},"excerpt":{"rendered":"<p>Rozhovor a kl\u00ed\u010dov\u00e9 varov\u00e1n\u00ed Ve velmi kontroverzn\u00edm rozhovoru se soudcem Andrewem Napolitanem na kan\u00e1lu \u201eJudging&#8230;<\/p>\n","protected":false},"author":2,"featured_media":33676,"comment_status":"closed","ping_status":"closed","sticky":false,"template":"","format":"standard","meta":[],"categories":[7],"tags":[1042,1052,37,40],"_links":{"self":[{"href":"https:\/\/www.infokuryr.cz\/n\/wp-json\/wp\/v2\/posts\/103794"}],"collection":[{"href":"https:\/\/www.infokuryr.cz\/n\/wp-json\/wp\/v2\/posts"}],"about":[{"href":"https:\/\/www.infokuryr.cz\/n\/wp-json\/wp\/v2\/types\/post"}],"author":[{"embeddable":true,"href":"https:\/\/www.infokuryr.cz\/n\/wp-json\/wp\/v2\/users\/2"}],"replies":[{"embeddable":true,"href":"https:\/\/www.infokuryr.cz\/n\/wp-json\/wp\/v2\/comments?post=103794"}],"version-history":[{"count":0,"href":"https:\/\/www.infokuryr.cz\/n\/wp-json\/wp\/v2\/posts\/103794\/revisions"}],"wp:featuredmedia":[{"embeddable":true,"href":"https:\/\/www.infokuryr.cz\/n\/wp-json\/wp\/v2\/media\/33676"}],"wp:attachment":[{"href":"https:\/\/www.infokuryr.cz\/n\/wp-json\/wp\/v2\/media?parent=103794"}],"wp:term":[{"taxonomy":"category","embeddable":true,"href":"https:\/\/www.infokuryr.cz\/n\/wp-json\/wp\/v2\/categories?post=103794"},{"taxonomy":"post_tag","embeddable":true,"href":"https:\/\/www.infokuryr.cz\/n\/wp-json\/wp\/v2\/tags?post=103794"}],"curies":[{"name":"wp","href":"https:\/\/api.w.org\/{rel}","templated":true}]}}