{"id":103781,"date":"2026-04-05T00:12:53","date_gmt":"2026-04-04T22:12:53","guid":{"rendered":"https:\/\/www.infokuryr.cz\/n\/?p=103781"},"modified":"2026-04-04T15:16:45","modified_gmt":"2026-04-04T13:16:45","slug":"britska-vlada-vyviji-system-sledovani-kontaktu-v-realnem-case-pro-pristi-pandemii","status":"publish","type":"post","link":"https:\/\/www.infokuryr.cz\/n\/2026\/04\/05\/britska-vlada-vyviji-system-sledovani-kontaktu-v-realnem-case-pro-pristi-pandemii\/","title":{"rendered":"Britsk\u00e1 vl\u00e1da vyv\u00edj\u00ed syst\u00e9m sledov\u00e1n\u00ed kontakt\u016f v re\u00e1ln\u00e9m \u010dase pro p\u0159\u00ed\u0161t\u00ed pandemii"},"content":{"rendered":"<div id=\"fb-root\"><\/div>\n<div class=\"longform-unstyled\" data-block=\"true\" data-editor=\"7e7ve\" data-offset-key=\"59vb8-0-0\">\n<div class=\"public-DraftStyleDefault-block public-DraftStyleDefault-ltr\" data-offset-key=\"59vb8-0-0\"><\/div>\n<\/div>\n<div data-offset-key=\"4shsd-0-0\">\n<div class=\"css-175oi2r r-1awozwy r-18u37iz r-1wbh5a2 r-dnmrzs\">\n<div class=\"css-175oi2r r-1wbh5a2 r-dnmrzs\">\n<div class=\"css-175oi2r r-1awozwy r-18u37iz r-1wbh5a2 r-dnmrzs\">\n<div class=\"css-146c3p1 r-bcqeeo r-1ttztb7 r-qvutc0 r-37j5jr r-a023e6 r-rjixqe r-16dba41 r-xoduu5 r-18u37iz r-1q142lx\" dir=\"ltr\">\n<p><strong>Britsk\u00e1 vl\u00e1da vynakl\u00e1d\u00e1 <\/strong>v\u00edce ne\u017e miliardu eur na v\u00fdvoj syst\u00e9mu sledov\u00e1n\u00ed kontakt\u016f pro p\u0159\u00ed\u0161t\u00ed pandemii a na vytv\u00e1\u0159en\u00ed z\u00e1sob ochrann\u00fdch prost\u0159edk\u016f. Pracuje tak\u00e9 na pandemick\u00e9 legislativ\u011b, kter\u00e1 by umo\u017enila flexibiln\u00ed opat\u0159en\u00ed v z\u00e1vislosti na typu pandemie.<\/p>\n<p><strong>Ministerstvo zdravotnictv\u00ed tento pl\u00e1n schv\u00e1lilo 26. b\u0159ezna. <\/strong>Vl\u00e1da p\u0159edpokl\u00e1d\u00e1, \u017ee k nov\u00e9 pandemii \u201ejist\u011b\u201c dojde. Stejn\u011b jist\u00e9 je v\u0161ak i to, \u017ee se bude li\u0161it od p\u0159edchoz\u00edch pandemi\u00ed. Pl\u00e1ny proto mus\u00ed b\u00fdt flexibiln\u00ed. Vl\u00e1da Labouristick\u00e9 strany veden\u00e1 Keirem Starmerem proto hodl\u00e1 do b\u0159ezna 2027 vypracovat n\u00e1vrh z\u00e1kona o v\u0161ech pandemi\u00edch souvisej\u00edc\u00edch s rizikem.<\/p>\n<p>Podle den\u00edku Telegraph <strong>je pl\u00e1n z velk\u00e9 \u010d\u00e1sti zalo\u017een <\/strong>na v\u00fdsledc\u00edch cvi\u010den\u00ed \u201ePegasus\u201c z roku 2025, kter\u00e9 simulovalo \u0161\u00ed\u0159en\u00ed nov\u00e9ho patogenu. Ministerstvo zdravotnictv\u00ed zve\u0159ejn\u00ed ofici\u00e1ln\u00ed zpr\u00e1vu o cvi\u010den\u00ed a\u017e koncem tohoto roku. Toto cvi\u010den\u00ed simulovalo \u0161\u00ed\u0159en\u00ed fiktivn\u00edho viru.<\/p>\n<p>Vl\u00e1da procvi\u010duje to, co ud\u011blala s koronavirem, zav\u00e1d\u00ed cestovn\u00ed omezen\u00ed, uzav\u00edr\u00e1 \u0161koly a podniky, pravidla soci\u00e1ln\u00edho distancov\u00e1n\u00ed a povinn\u00e9 no\u0161en\u00ed rou\u0161ek. Musela se tak\u00e9 vypo\u0159\u00e1dat s demonstracemi proti t\u011bmto opat\u0159en\u00edm.<\/p>\n<p><strong>Nov\u00fd syst\u00e9m trasov\u00e1n\u00ed kontakt\u016f<\/strong> m\u00e1 b\u00fdt vyvinut a provozov\u00e1n Agenturou pro zdravotn\u00ed bezpe\u010dnost Spojen\u00e9ho kr\u00e1lovstv\u00ed (UKHSA) a bude vyu\u017e\u00edvat data o poloze v re\u00e1ln\u00e9m \u010dase a um\u011blou inteligenci. UKHSA prozkoum\u00e1 mo\u017enosti spolupr\u00e1ce s velk\u00fdmi technologick\u00fdmi spole\u010dnostmi na implementaci syst\u00e9mu, kter\u00fd by m\u011bl b\u00fdt podle pl\u00e1nu funk\u010dn\u00ed do roku 2030.<\/p>\n<p><strong>Nov\u00e9 centrum biologick\u00e9 bezpe\u010dnosti m\u00e1 za c\u00edl <\/strong>v\u00fdzkum nov\u00fdch patogen\u016f a ve spolupr\u00e1ci s farmaceutickou spole\u010dnost\u00ed Moderna vyv\u00edjet proti nim vakc\u00edny. Podle vl\u00e1dn\u00edho pl\u00e1nu je c\u00edlem zp\u0159\u00edstupnit vakc\u00ednu obyvatelstvu 100 dn\u00ed po vypuknut\u00ed pandemie. Nov\u00e9 centrum by v\u0161ak nem\u011blo b\u00fdt v provozu d\u0159\u00edve ne\u017e v roce 2038.<\/p>\n<p><strong>Je pochybn\u00e9 , \u017ee v\u0161ichni Britov\u00e9 <\/strong>sd\u00edlej\u00ed nad\u0161en\u00ed den\u00edku Telegraph ohledn\u011b p\u0159\u00edprav na obnoven\u00e9 zp\u0159\u00edsn\u011bn\u00ed omezen\u00ed v souvislosti s koronavirem. Telegraph z\u00edskal miliony finan\u010dn\u00edch prost\u0159edk\u016f od Nadace Billa a Melindy Gatesov\u00fdch, kter\u00e1 se v\u00fdznamn\u011b pod\u00edl\u00ed na reklam\u011b na vakc\u00edny.<\/p>\n<p><a href=\"https:\/\/x.com\/norberthaering\/status\/2039581860527767647\"><strong><em>Norbert H\u00e4ring<\/em><\/strong><\/a><\/p>\n<\/div>\n<\/div>\n<\/div>\n<\/div>\n<div class=\"css-175oi2r r-18u37iz r-1wbh5a2\">\n<div class=\"css-175oi2r r-1d09ksm r-18u37iz r-1wbh5a2\">\n<div class=\"css-175oi2r r-1wbh5a2 r-dnmrzs\"><\/div>\n<\/div>\n<\/div>\n<\/div>\n","protected":false},"excerpt":{"rendered":"<p>Britsk\u00e1 vl\u00e1da vynakl\u00e1d\u00e1 v\u00edce ne\u017e miliardu eur na v\u00fdvoj syst\u00e9mu sledov\u00e1n\u00ed kontakt\u016f pro p\u0159\u00ed\u0161t\u00ed pandemii&#8230;<\/p>\n","protected":false},"author":2,"featured_media":103782,"comment_status":"closed","ping_status":"closed","sticky":false,"template":"","format":"standard","meta":[],"categories":[7],"tags":[1975,259,1430,303],"_links":{"self":[{"href":"https:\/\/www.infokuryr.cz\/n\/wp-json\/wp\/v2\/posts\/103781"}],"collection":[{"href":"https:\/\/www.infokuryr.cz\/n\/wp-json\/wp\/v2\/posts"}],"about":[{"href":"https:\/\/www.infokuryr.cz\/n\/wp-json\/wp\/v2\/types\/post"}],"author":[{"embeddable":true,"href":"https:\/\/www.infokuryr.cz\/n\/wp-json\/wp\/v2\/users\/2"}],"replies":[{"embeddable":true,"href":"https:\/\/www.infokuryr.cz\/n\/wp-json\/wp\/v2\/comments?post=103781"}],"version-history":[{"count":0,"href":"https:\/\/www.infokuryr.cz\/n\/wp-json\/wp\/v2\/posts\/103781\/revisions"}],"wp:featuredmedia":[{"embeddable":true,"href":"https:\/\/www.infokuryr.cz\/n\/wp-json\/wp\/v2\/media\/103782"}],"wp:attachment":[{"href":"https:\/\/www.infokuryr.cz\/n\/wp-json\/wp\/v2\/media?parent=103781"}],"wp:term":[{"taxonomy":"category","embeddable":true,"href":"https:\/\/www.infokuryr.cz\/n\/wp-json\/wp\/v2\/categories?post=103781"},{"taxonomy":"post_tag","embeddable":true,"href":"https:\/\/www.infokuryr.cz\/n\/wp-json\/wp\/v2\/tags?post=103781"}],"curies":[{"name":"wp","href":"https:\/\/api.w.org\/{rel}","templated":true}]}}