{"id":103779,"date":"2026-04-05T00:12:31","date_gmt":"2026-04-04T22:12:31","guid":{"rendered":"https:\/\/www.infokuryr.cz\/n\/?p=103779"},"modified":"2026-04-04T12:17:53","modified_gmt":"2026-04-04T10:17:53","slug":"osudove-bludy-o-mesiasi-a-druhem-prichodu-krista","status":"publish","type":"post","link":"https:\/\/www.infokuryr.cz\/n\/2026\/04\/05\/osudove-bludy-o-mesiasi-a-druhem-prichodu-krista\/","title":{"rendered":"Osudov\u00e9 bludy o Mesi\u00e1\u0161i a druh\u00e9m p\u0159\u00edchodu Krista"},"content":{"rendered":"<div id=\"fb-root\"><\/div>\n<p><strong><span dir=\"auto\">Ve sv\u00e9m \u010dl\u00e1nku z\u00a0<\/span><a href=\"https:\/\/fassadenkratzer.de\/2026\/03\/26\/apokalyptischer-fanatismus-treibt-die-us-kriegsmaschine-gegen-den-iran\/\"><span dir=\"auto\">26. b\u0159ezna 2026<\/span><\/a><span dir=\"auto\">\u00a0Hermann Ploppa pouk\u00e1zal na to, jak\u00e9 n\u00e1bo\u017eensk\u00e9 bludy o apokalyptick\u00e9m konci \u010das\u016f a druh\u00e9m p\u0159\u00edchodu Je\u017e\u00ed\u0161e Krista p\u0159e\u0161ly od vlivn\u00fdch evangelik\u00e1l\u016f v USA k Trumpov\u011b administrativ\u011b a do zna\u010dn\u00e9 m\u00edry poh\u00e1n\u011bj\u00ed jej\u00ed vojensk\u00e9 akce. Tyto bludy se spojuj\u00ed s podobn\u00fdmi p\u0159edstavami o zjeven\u00ed \u017eidovsk\u00e9ho Mesi\u00e1\u0161e, kter\u00e9 zast\u00e1vaj\u00ed vl\u00e1dnouc\u00ed sionist\u00e9 v Izraeli, a ur\u010duj\u00ed spole\u010dnou tot\u00e1ln\u00ed v\u00e1lku proti \u00cdr\u00e1nu a tamn\u00edm \u201ehord\u00e1m zla\u201c. Je velmi d\u016fle\u017eit\u00e9 pochopit p\u016fvod t\u011bchto blud\u016f.<\/span><\/strong><\/p>\n<h3><strong><span dir=\"auto\">Jid\u00e1\u0161<\/span><br \/>\n<\/strong><\/h3>\n<p><span dir=\"auto\">V dob\u011b Kristov\u011b existovaly mocn\u00e9 \u017eidovsk\u00e9 nacionalistick\u00e9 kruhy, jejich\u017e nejnal\u00e9hav\u011bj\u0161\u00edm c\u00edlem bylo vyhnat \u0159\u00edmsk\u00e9 okupanty ze zem\u011b. Jid\u00e1\u0161 I\u0161kariotsk\u00fd, jeden z Je\u017e\u00ed\u0161ov\u00fdch u\u010dedn\u00edk\u016f, pat\u0159il k t\u00e9to skupin\u011b. V\u011b\u0159ili, \u017ee netrp\u011bliv\u011b o\u010dek\u00e1van\u00fd Mesi\u00e1\u0161 se zjev\u00ed jako pozemsk\u00fd kr\u00e1l a osvobod\u00ed \u017eidovsk\u00fd lid.\u00a0<\/span><strong><sup><span dir=\"auto\">Jid\u00e1\u0161<\/span><br \/>\n<\/sup><\/strong><span dir=\"auto\">v\u011b\u0159il, \u017ee v Je\u017e\u00ed\u0161i rozpozn\u00e1v\u00e1 Mesi\u00e1\u0161e, a netrp\u011bliv\u011b \u010dekal, a\u017e se chop\u00ed me\u010de. Kdy\u017e se nic takov\u00e9ho nestalo, napadla ho zoufal\u00e1 my\u0161lenka zradit ho velekn\u011b\u017e\u00edm, aby ho donutil zjevit se jako kr\u00e1lovsk\u00fd Mesi\u00e1\u0161, kter\u00fd vol\u00e1 lid do zbran\u011b.<\/span><br \/>\n<span dir=\"auto\">To bylo samoz\u0159ejm\u011b materialistick\u00e9 nepochopen\u00ed podstaty Je\u017e\u00ed\u0161e Krista, kter\u00fd nikde neobhajoval vn\u011bj\u0161\u00ed n\u00e1sil\u00ed, ale je samotn\u00fdm zosobn\u011bn\u00edm nen\u00e1siln\u00e9, \u010dist\u00e9 l\u00e1sky.<\/span><\/p>\n<p><span dir=\"auto\">Nem\u011blo by se p\u0159ehl\u00ed\u017eet, \u017ee evangelium jasn\u011b popisuje, odkud v Jid\u00e1\u0161ov\u011b slepot\u011b poch\u00e1z\u00ed my\u0161lenka na jeho zradu: \u201e\u00a0<\/span><em><span dir=\"auto\">Kdy\u017e se za\u010dala ve\u010de\u0159e, \u010f\u00e1bel u\u017e vlo\u017eil do srdce Jid\u00e1\u0161e, syna \u0160imona I\u0161kariotsk\u00e9ho, my\u0161lenku, \u017ee ho zrad\u00ed\u201c (Jan 13,2).<\/span><\/em><span dir=\"auto\">\u00a0Je\u017e\u00ed\u0161 to samoz\u0159ejm\u011b v duchu vyc\u00edtil a \u0159ekl, \u017ee ho zrad\u00ed jeden z u\u010dedn\u00edk\u016f, ten, komu pod\u00e1 nam\u00e1\u010den\u00e9 sousto. A kdy\u017e Jid\u00e1\u0161 nab\u00edzen\u00e9 sousto vzal, \u201e\u00a0<\/span><em><span dir=\"auto\">vstoupila do n\u011bj moc satanova\u201c (Jan 13,27).<\/span><\/em><span dir=\"auto\">\u00a0\u010e\u00e1bel (Lucifer) tedy pokou\u0161el Jid\u00e1\u0161e, aby ho zradil; Satan (Ahriman) ho posedl a p\u0159im\u011bl ho, aby zradu okam\u017eit\u011b provedl.<\/span><\/p>\n<p><span dir=\"auto\">Kdy\u017e se po Jid\u00e1\u0161ov\u011b zrad\u011b velekn\u011bzovi slu\u017eebn\u00edci pokusili Je\u017e\u00ed\u0161e zatknout a Petr usekl jednomu z mu\u017e\u016f me\u010dem ucho, Je\u017e\u00ed\u0161 ho pok\u00e1ral slovy:\u00a0<\/span><em><span dir=\"auto\">\u201eSchovej me\u010d, nebo\u0165 v\u0161ichni, kdo tas\u00ed me\u010d, me\u010dem zem\u0159ou.\u201c<\/span><\/em><span dir=\"auto\">\u00a0(Matou\u0161 26:52)<\/span><br \/>\n<span dir=\"auto\">Je\u017e\u00ed\u0161 Kristus nemohl jasn\u011bji uk\u00e1zat, \u017ee z n\u011bj \u017e\u00e1dn\u00e9 n\u00e1sil\u00ed nevych\u00e1z\u00ed. N\u00e1sil\u00ed, kter\u00e9 proti n\u011bmu Jid\u00e1\u0161 podn\u011bcuje, poch\u00e1z\u00ed od Satana, z posedlosti ahrimansk\u00fdmi bytostmi.<\/span><\/p>\n<p><span dir=\"auto\">Tomu neodporuje ani jin\u00fd Krist\u016fv v\u00fdrok, kter\u00fd je \u010dasto citov\u00e1n:\u00a0<\/span><em><span dir=\"auto\">\u201eNep\u0159i\u0161el jsem na zem p\u0159in\u00e9st levn\u00fd pokoj, ale me\u010d\u201c<\/span><\/em><span dir=\"auto\">\u00a0(Matou\u0161 10:34), nebo\u0165, jak d\u016frazn\u011b zd\u016fraz\u0148uje Rudolf Steiner, je to zcela chybn\u00fd p\u0159eklad. Spr\u00e1vn\u00fd je: \u201e\u00a0<\/span><em><span dir=\"auto\">Nep\u0159i\u0161el jsem na tuto zem, abych z t\u00e9to zem\u011b odhodil pokoj, ale abych odhodil me\u010d.\u201c\u00a0<\/span><\/em><strong><sup><span dir=\"auto\">\u00b2<\/span><\/sup><\/strong><\/p>\n<p><span dir=\"auto\">Pouze tato slova skute\u010dn\u011b odr\u00e1\u017eej\u00ed podstatu Krista. Poka\u017ed\u00e9, kdy\u017e se po vzk\u0159\u00ed\u0161en\u00ed zjevil sv\u00fdm u\u010dedn\u00edk\u016fm, z\u00e1stupc\u016fm lidstva, prvn\u00ed v\u011bc, kterou \u0159ekl, bylo: \u201e\u00a0<\/span><em><span dir=\"auto\">Pokoj v\u00e1m!\u201c<\/span><br \/>\n<\/em><\/p>\n<p><span dir=\"auto\">Kristus promlouv\u00e1 k nitru lid\u00ed. Pokoj mus\u00ed vstoupit do jejich du\u0161\u00ed, do jejich srdc\u00ed. To p\u0159edpokl\u00e1d\u00e1, \u017ee l\u00e1kav\u00e9 s\u00edly zla v nich jsou pora\u017eeny. Lidsk\u00e9 bytosti k tomu nach\u00e1zej\u00ed s\u00edlu v univerz\u00e1ln\u00ed l\u00e1sce k lidstvu, v l\u00e1sce ke ka\u017ed\u00e9mu \u010dlov\u011bku, i ke sv\u00fdm nep\u0159\u00e1tel\u016fm. Kristus se stal \u010dlov\u011bkem, aby tuto l\u00e1sku lidstvu p\u0159inesl. Podstata t\u00e9to l\u00e1sky je bo\u017esk\u00e1, a proto siln\u011bj\u0161\u00ed ne\u017e v\u0161echny s\u00edly zla v n\u011bm, kter\u00e9 ho vedou ke konfliktu. V\u0161echno tedy z\u00e1vis\u00ed na p\u0159ijet\u00ed Kristova ducha do na\u0161ich dosud slab\u00fdch duch\u016f.<\/span><\/p>\n<p><span dir=\"auto\">Konflikt a v\u00e1lka pramen\u00ed ze skute\u010dnosti, \u017ee v\u00e1lka proti zlu se nevede uvnit\u0159 \u010dlov\u011bka, ale sp\u00ed\u0161e se prom\u00edt\u00e1 ven. M\u00edr nastolen\u00fd vn\u011bj\u0161\u00edmi opat\u0159en\u00edmi je fale\u0161n\u00fd m\u00edr, kter\u00fd se nevyhnuteln\u011b hrout\u00ed, pokud nevznikne z opravdov\u00e9 l\u00e1sky k lidstvu uvnit\u0159 lid\u00ed, l\u00e1sky, kter\u00e1 formuje jejich postoje a jedn\u00e1n\u00ed.<\/span><\/p>\n<h3><strong><span dir=\"auto\">Judaismus<\/span><\/strong><\/h3>\n<p><span dir=\"auto\">Velkou trag\u00e9di\u00ed judaismu je, \u017ee neuznal Je\u017e\u00ed\u0161e Krista jako prorokovan\u00e9ho Mesi\u00e1\u0161e. St\u00e1le je o\u010dek\u00e1v\u00e1n, ale ne jako bo\u017esk\u00e1 bytost, sp\u00ed\u0161e jako mu\u017e poslan\u00fd Bohem a pozemsk\u00fd kr\u00e1l \u010di v\u016fdce z rodu Davidova. Povede \u017didy zp\u011bt do Svat\u00e9 zem\u011b, obnov\u00ed jeruzal\u00e9msk\u00fd chr\u00e1m a osvobod\u00ed sv\u011bt od v\u00e1lky a utrpen\u00ed. P\u0159inese na zemi \u00e9ru univerz\u00e1ln\u00edho m\u00edru, spravedlnosti a pozn\u00e1n\u00ed Boha.\u00a0<\/span><strong><sup><span dir=\"auto\">3<\/span><\/sup><\/strong><\/p>\n<p><span dir=\"auto\">To p\u0159edstavuje sestup mesi\u00e1\u0161sk\u00e9ho konceptu do \u00fazk\u00fdch mez\u00ed pozemsk\u00e9ho nacionalismu, kter\u00fd o\u010dek\u00e1v\u00e1 sp\u00e1su vlastn\u00edho lidu z charismatick\u00fdch vn\u011bj\u0161\u00edch \u010din\u016f, je\u017e jsou nemo\u017en\u00e9 bez ozbrojen\u00e9 s\u00edly. To vede k tomu, \u010deho jsme dnes sv\u011bdky v Izraeli, kde fanatick\u00fd sionismus usiluje o vytvo\u0159en\u00ed Velk\u00e9ho Izraele pro v\u0161echny \u017didy prost\u0159ednictv\u00edm nejbrut\u00e1ln\u011bj\u0161\u00edho n\u00e1sil\u00ed, aby p\u0159ipravil a mo\u017en\u00e1 i urychlil p\u0159\u00edchod Mesi\u00e1\u0161e.<\/span><\/p>\n<p><span dir=\"auto\">M\u00edsto soust\u0159ed\u011bn\u00ed pozornosti na vlastn\u00ed nitro a boje se silami zla v n\u011bm, v n\u011bm\u017e by mohl Mesi\u00e1\u0161 p\u0159ij\u00edt na pomoc, se to bezmy\u0161lenkovit\u011b prom\u00edt\u00e1 ven v iluz\u00edch, \u017ee ten druh\u00fd je ten zlo, kter\u00e9ho je t\u0159eba n\u00e1sil\u00edm zlikvidovat.<\/span><\/p>\n<p><span dir=\"auto\">Ale \u201e\u00a0<\/span><em><span dir=\"auto\">v\u0161ichni, kdo tas\u00ed me\u010d, me\u010dem zahynou.\u201c<\/span><\/em><span dir=\"auto\">\u00a0Zbran\u011b se toti\u017e neovl\u00e1daj\u00ed z l\u00e1sky, ale z nen\u00e1visti. Jsou n\u00e1stroji zla a ahrimansk\u00e9 posedlosti, v n\u00ed\u017e \u010dlov\u011bk ji\u017e nen\u00ed pln\u011b p\u0159\u00edtomen, proto\u017ee vlastn\u00ed ego je odsunuto stranou. A v iluzi, \u017ee mus\u00ed bojovat s \u00fadajn\u00fdm zlem v druh\u00fdch zbran\u011bmi, se \u010dlov\u011bk s\u00e1m st\u00e1v\u00e1 sou\u010d\u00e1st\u00ed zla.<\/span><\/p>\n<h3><strong>\u00a0<\/strong><strong><span dir=\"auto\">Evangelik\u00e1lov\u00e9<\/span><\/strong><\/h3>\n<p><span dir=\"auto\">Pro evangelick\u00e9 k\u0159es\u0165any byl Je\u017e\u00ed\u0161 Kristus samoz\u0159ejm\u011b p\u0159\u00edtomen jako Mesi\u00e1\u0161. Jeho sl\u00edben\u00fd n\u00e1vrat je v\u0161ak v evangeli\u00edch prezentov\u00e1n tak\u00e9 materialistick\u00fdm zp\u016fsobem. Je\u017e\u00ed\u0161 se n\u00e1hle vr\u00e1t\u00ed na Zemi, osobn\u011b viditeln\u00fd a t\u011blesn\u00fd. Pot\u00e9 vynese kone\u010dn\u00fd soud nad v\u0161emi n\u00e1rody a povede sv\u011bt k oslaven\u00ed v\u011b\u0159\u00edc\u00edch.<\/span><br \/>\n<span dir=\"auto\">Sou\u010dasn\u00e9 sv\u011btov\u00e9 ud\u00e1losti (jako jsou v\u00e1lky, p\u0159\u00edrodn\u00ed katastrofy nebo situace na Bl\u00edzk\u00e9m v\u00fdchod\u011b) jsou interpretov\u00e1ny jako \u201eporodn\u00ed bolesti\u201c a p\u0159edzv\u011bsti bezprost\u0159edn\u00edho n\u00e1vratu\u00a0<\/span><strong><sup><span dir=\"auto\">.<\/span><\/sup><\/strong><\/p>\n<p><span dir=\"auto\">S\u00e1m Kristus opakovan\u011b prorokoval, \u017ee jeho p\u0159\u00edchodu budou p\u0159edch\u00e1zet nejen katastrofy, ale tak\u00e9 velk\u00e9 v\u00e1lky a hrozn\u00e9 \u00fatrapy. Ty vznikaj\u00ed proto, \u017ee boj proti zlu se neodehr\u00e1v\u00e1 uvnit\u0159 lid\u00ed. A kdy\u017e je Kristus prezentov\u00e1n jako vn\u011bj\u0161\u00ed kr\u00e1l ve fyzick\u00e9m t\u011ble, vede to k o\u010dek\u00e1v\u00e1n\u00ed, \u017ee v\u00edt\u011bzn\u011b zas\u00e1hne i do vn\u011bj\u0161\u00edch bitev skrze vn\u011bj\u0161\u00ed, pozemsk\u00e9 \u010diny. \u2013 To je materialistick\u00fd klam.<\/span><\/p>\n<h3><strong><span dir=\"auto\">Druh\u00fd p\u0159\u00edchod Krista v Nov\u00e9m z\u00e1kon\u011b<\/span><\/strong><\/h3>\n<p><span dir=\"auto\">Ve v\u0161ech pas\u00e1\u017e\u00edch evangeli\u00ed a knihy Zjeven\u00ed, kter\u00e9 prorokuj\u00ed druh\u00fd p\u0159\u00edchod Krista, se uv\u00e1d\u00ed, \u017ee p\u0159ijde v \u201eoblac\u00edch\u201c, s nimi nebo na \u201eoblac\u00edch\u201c. \u017d\u00e1dn\u00e1 bytost ve fyzick\u00e9m, hmotn\u00e9m t\u011ble se nem\u016f\u017ee v oblac\u00edch objevit. Proto se to mus\u00ed vztahovat na jeho zjeven\u00ed se v nadsmysln\u00e9m t\u011ble z nadsmysln\u00e9 sf\u00e9ry, na co\u017e nar\u00e1\u017e\u00ed obraz oblak\u016f.<\/span><\/p>\n<p><span dir=\"auto\">V oblac\u00edch se voda kondenzuje a nese \u017eivotod\u00e1rn\u00e9 s\u00edly, kter\u00e9 p\u0159esahuj\u00ed smysly a neust\u00e1le prostupuj\u00ed Zemi shora, neseny slune\u010dn\u00edm sv\u011btlem a teplem. Bez vody by na Zemi nemohl vzkv\u00e9tat \u017e\u00e1dn\u00fd \u017eivot. V\u0161echny \u017eiv\u00e9 bytosti jsou prodchnuty \u017eivotn\u00edmi silami, kter\u00e9 volaj\u00ed po ne\u017eiv\u00e9 hmot\u011b, aby vytvo\u0159ila \u017eiv\u00e9 struktury, struktury, kter\u00e9 by sama od sebe, rostouc\u00ed proti gravitaci, nikdy nemohla nab\u00fdt. Tyto \u017eivotn\u00ed s\u00edly jsou duchovn\u00ed, a proto nejsou p\u0159\u00edmo vn\u00edmateln\u00e9 smysly, ale jsou spojeny s neust\u00e1l\u00fdm pohybem vody, kter\u00e1 neust\u00e1le vyv\u011br\u00e1 z formov\u00e1n\u00ed oblak\u016f na obloze, a lze ji konkr\u00e9tn\u011b vn\u00edmat a pojmov\u011b uchopit.<\/span><\/p>\n<p><span dir=\"auto\">Oblaky jsou tedy viditeln\u00fdm obrazem neviditeln\u00e9 sf\u00e9ry \u017eivotn\u00edch sil, kter\u00e1 obklopuje a prostupuje Zemi. V t\u00e9to duchovn\u00ed sf\u00e9\u0159e se Kristus zjev\u00ed v t\u011ble stvo\u0159en\u00e9m z \u017eivotn\u00edch sil. Nebude tedy vn\u00edmateln\u00fd na\u0161imi fyzick\u00fdmi smysly, ale pouze t\u011bmi, kte\u0159\u00ed si sv\u00fdm dosavadn\u00edm \u017eivotem osvojili duchovn\u00ed vn\u00edm\u00e1n\u00ed \u017eivotn\u00edch sil a t\u011bla \u017eivotn\u00edch sil Krista.<\/span><\/p>\n<p><span dir=\"auto\">Nanebevstoupen\u00ed Zmrtv\u00fdchvstal\u00e9ho se tak\u00e9 zmi\u0148uje o oblac\u00edch:<\/span><br \/>\n<em><span dir=\"auto\">\u201eA kdy\u017e to do\u0159ekl, byl p\u0159ed jejich o\u010dima vznesen vzh\u016fru a oblak ho zakryl, tak\u017ee ho ji\u017e nevid\u011bli. \u2026 A hle, postavili se vedle nich dva mu\u017ei v b\u00edl\u00e9m a\u00a0<\/span><\/em><em><span dir=\"auto\">\u0159ekli: \u2026 Tento Je\u017e\u00ed\u0161, kter\u00fd byl p\u0159ed v\u00e1mi vzat do nebe, p\u0159ijde zase\u00a0<\/span><\/em><em><span dir=\"auto\">tak, jak jste ho nyn\u00ed vid\u011bli odch\u00e1zet do nebe.\u201c\u00a0<\/span><\/em><strong><sup><span dir=\"auto\">6<\/span><\/sup><\/strong><\/p>\n<p><span dir=\"auto\">V\u00fdstup do nadsmyslov\u00e9 sf\u00e9ry \u017eivotn\u00edch sil znamen\u00e1, \u017ee se Kristus stal pro u\u010dedn\u00edky neviditeln\u00fdm. A n\u00e1vrat v t\u011bchto nadsmyslov\u00fdch \u017eivotn\u00edch sil\u00e1ch proto nem\u016f\u017ee b\u00fdt fyzick\u00fd, jak se fantaz\u00edruje ve v\u00fd\u0161e uveden\u00e9m bizarn\u00edm obrazu na oblac\u00edch, ale mus\u00ed se projevit jako nadsmyslov\u00fd zjev, kter\u00fd se lidstvu bl\u00ed\u017e\u00ed.<\/span><\/p>\n<h3><strong><span dir=\"auto\">Krist\u016fv c\u00edl<\/span><\/strong><\/h3>\n<p><span dir=\"auto\">Rozhoduj\u00edc\u00edm aspektem Kristova pozemsk\u00e9ho \u017eivota v t\u011ble \u010dlov\u011bka Je\u017e\u00ed\u0161e z Nazareta nebylo jeho u\u010den\u00ed a vn\u011bj\u0161\u00ed \u010diny, ale vzk\u0159\u00ed\u0161en\u00ed jeho t\u011bla z mrtv\u00fdch jako semene pro v\u0161echny lidi. Ji\u017e Pavel to vyj\u00e1d\u0159il slovy:\u00a0<\/span><em><span dir=\"auto\">\u201eNebyl-li Kristus vzk\u0159\u00ed\u0161en, pak je na\u0161e k\u00e1z\u00e1n\u00ed i cel\u00e1 va\u0161e v\u00edra zbyte\u010dn\u00e1.\u201c\u00a0<\/span><\/em><strong><sup><span dir=\"auto\">5<\/span><\/sup><\/strong><span dir=\"auto\">\u00a0\u00a0Vzk\u0159\u00ed\u0161en\u00ed znamen\u00e1 obnoven\u00ed fyzick\u00e9 t\u011blesn\u00e9 formy, kter\u00e1 se p\u00e1dem st\u00e1le v\u00edce zkazila a byla odsouzena k smrti a kter\u00e1 lidstvu st\u00e1le m\u00e9n\u011b slou\u017eila jako zrcadlo pro jeho v\u011bdom\u00ed a rozvoj jeho vlastn\u00edho j\u00e1. Rozvoj vlastn\u00edho j\u00e1 sm\u011brem k sebeuv\u011bdom\u011bn\u00ed a svobod\u011b je v\u0161ak bo\u017esk\u00fdm c\u00edlem lidsk\u00e9 evoluce na Zemi.\u00a0<\/span><strong><sup><span dir=\"auto\">7 \u00a0<\/span><\/sup><\/strong><\/p>\n<p><span dir=\"auto\">Rozhoduj\u00edc\u00ed vliv Krista se tedy odehr\u00e1v\u00e1 v jednotlivci. P\u0159in\u00e1\u0161\u00ed s\u00edlu pro jeho duchovn\u00ed a du\u0161evn\u00ed rozvoj, kter\u00e1, pokud ji svobodn\u011b p\u0159ijme, mu umo\u017e\u0148uje postupn\u011b zvr\u00e1tit p\u00e1d.<\/span><\/p>\n<p><span dir=\"auto\">Zjeven\u00ed Krista na vy\u0161\u0161\u00ed, duchovn\u00ed \u00farovni bude tedy tak\u00e9 dal\u0161\u00edm impulsem pro vnit\u0159n\u00ed rozvoj \u010dlov\u011bka, nyn\u00ed ovliv\u0148uj\u00edc\u00edm jeho vit\u00e1ln\u011b-fyzickou bytost, jeho\u017e v\u00fdznam a dopad si zat\u00edm nedok\u00e1\u017eeme p\u0159edstavit. To v\u0161ak p\u0159edpokl\u00e1d\u00e1 pr\u00e1v\u011b to, \u017ee dnes k n\u011bmu ka\u017ed\u00fd usiluje ze svobody.<\/span><\/p>\n<h3><strong><span dir=\"auto\">Krist\u016fv jasn\u00fd pokyn<\/span><\/strong><\/h3>\n<p><span dir=\"auto\">Kristus s\u00e1m jasn\u011b \u0159\u00edk\u00e1, \u017ee se nevr\u00e1t\u00ed ve fyzick\u00e9m t\u011ble, kdy\u017e d\u016frazn\u011b varuje p\u0159ed lidmi, kte\u0159\u00ed se prohla\u0161uj\u00ed za Krista:<\/span><\/p>\n<p><em><span dir=\"auto\">\u201e\u0158ekne-li v\u00e1m n\u011bkdo: \u201aHle, zde je Kristus!\u2018 nebo \u201aHle, tam je!\u2018 neposlouchejte. Nebo\u0165 p\u0159ijdou ti, kte\u0159\u00ed se budou vyd\u00e1vat za Krista, ale j\u00edm nejsou, a proroci, kte\u0159\u00ed j\u00edm ve skute\u010dnosti nejsou. Budou d\u00e1vat velk\u00e1 vid\u011bn\u00ed a d\u011blat z\u00e1zraky, aby svedli lidi, i ty, v nich\u017e ji\u017e p\u0159eb\u00fdv\u00e1 vy\u0161\u0161\u00ed bytost. Hle, \u0159ekl jsem v\u00e1m to p\u0159edem.<\/span><br \/>\n<span dir=\"auto\">\u0158ekne-li v\u00e1m n\u011bkdo: \u201aJe na samot\u011b pou\u0161t\u011b,\u2018 necho\u010fte tam. A \u0159ekne-li n\u011bkdo: \u201aJe ve sv\u00e9m pokoji,\u2018 nev\u011b\u0159te tomu. Jako blesk na v\u00fdchod\u011b a je viditeln\u00fd na z\u00e1pad\u011b, takov\u00fd bude p\u0159\u00edchod Ducha Syna \u010dlov\u011bka.\u201c\u00a0<\/span><\/em><strong><sup><span dir=\"auto\">8<\/span><\/sup><\/strong><\/p>\n<p><span dir=\"auto\">Kristus se zmi\u0148uje o lidech, kte\u0159\u00ed \u017eij\u00ed na pozemsk\u00fdch m\u00edstech, tedy fyzicky na Zemi. Nikdo z nich nem\u016f\u017ee b\u00fdt Kristus. A on s\u00e1m mluv\u00ed o p\u0159\u00edchodu v duchu, kter\u00fd p\u0159irovn\u00e1v\u00e1 k oslniv\u00e9mu z\u00e1blesku blesku.<\/span><\/p>\n<p><span dir=\"auto\">Kn\u011bz Hans Werner Schroeder poukazuje na to, \u017ee tento obraz blesku pro zjeven\u00ed ducha je pou\u017eit i ve velikono\u010dn\u00edm vypr\u00e1v\u011bn\u00ed Matou\u0161ova evangelia:<\/span><br \/>\n<em><span dir=\"auto\">\u201eA hle, stalo se velk\u00e9 zem\u011bt\u0159esen\u00ed a z nebe sestoupil and\u011bl P\u00e1n\u011b\u2026 Jeho vzhled byl jako blesk a jeho od\u011bv byl b\u00edl\u00fd jako sn\u00edh.\u201c\u00a0<\/span><\/em><strong><sup><span dir=\"auto\">9<\/span><\/sup><\/strong><\/p>\n<h3><strong><span dir=\"auto\">N\u00e1sledovat<\/span><\/strong><strong><br \/>\n<\/strong><\/h3>\n<p><span dir=\"auto\">Ve sv\u00e9m \u010dl\u00e1nku\u00a0<\/span><a href=\"https:\/\/fassadenkratzer.de\/2026\/03\/26\/apokalyptischer-fanatismus-treibt-die-us-kriegsmaschine-gegen-den-iran\/\"><span dir=\"auto\">\u201eApokalyptick\u00fd fanatismus poh\u00e1n\u00ed americk\u00fd v\u00e1le\u010dn\u00fd stroj proti \u00cdr\u00e1nu\u201c<\/span><\/a><span dir=\"auto\">\u00a0popsal Hermann Ploppa katastrof\u00e1ln\u00ed d\u016fsledky plynouc\u00ed z materialistick\u00fdch p\u0159edstav Trumpovy administrativy o konci \u010das\u016f a druh\u00e9m p\u0159\u00edchodu Krista na jedn\u00e9 stran\u011b a materialistick\u00fdch p\u0159edstav vl\u00e1dnouc\u00edch sionist\u016f o p\u0159\u00edchodu Mesi\u00e1\u0161e na stran\u011b druh\u00e9. To jsou hnac\u00ed s\u00edly barbarsk\u00e9 agresivn\u00ed v\u00e1lky proti \u00cdr\u00e1nu, kter\u00e1 hroz\u00ed za\u017eehnout cel\u00fd sv\u011bt. \u201e\u00a0<\/span><em><span dir=\"auto\">Ob\u011b postavy spl\u00fdvaj\u00ed v jednu a tut\u00e9\u017e politicko-strategickou postavu konce \u010das\u016f.\u201c&lt;sup&gt;\u00a0<\/span><\/em><strong><sup><span dir=\"auto\">10&lt;\/sup&gt;<\/span><\/sup><\/strong><em>\u00a0\u00a0<\/em><\/p>\n<p><span dir=\"auto\">Je jasn\u00e9, \u017ee tyto materialistick\u00e9 my\u0161lenky jsou inspirov\u00e1ny Satanem (Ahrimanem), p\u00e1nem materialismu a smrti, a sv\u00e9 misantropick\u00e9 \u00fa\u010dinky odhaluj\u00ed v citliv\u00fdch du\u0161\u00edch.<\/span><\/p>\n<p><span dir=\"auto\">Nemilosrdn\u00e9, nen\u00e1vistn\u00e9 projevy p\u0159edn\u00edch v\u00e1le\u010dn\u00fdch \u0161tv\u00e1\u010d\u016f v USA a Izraeli mohou vyvolat dojem, \u017ee do nich vstoupily a posedly je ahrimansk\u00e9 bytosti. U\u017e z nich nic lidsk\u00e9ho neprosv\u00edt\u00ed, nato\u017e skrze jejich \u010diny.<\/span><\/p>\n<p><span dir=\"auto\">\u2014\u2014\u2014\u2014\u2014\u2014\u2014\u2014\u2014\u2014\u2014-<\/span><\/p>\n<p><span dir=\"auto\">1 Srov. Emil Bock: Caesars and Apostles, Stuttgart 1978, s. 195 a n\u00e1sl.<\/span><br \/>\n<span dir=\"auto\">2 Rudolf Steiner: The Gospel of Matthews, Dornach 1971, s. 253<\/span><br \/>\n<span dir=\"auto\">3 Viz \u201eMesi\u00e1\u0161sk\u00e9 o\u010dek\u00e1v\u00e1n\u00ed v judaismu\u201c na Googlu \u2013 \u201eDal\u0161\u00ed ot\u00e1zky\u201c<\/span><br \/>\n<span dir=\"auto\">4 Viz \u201eEvangelik\u00e1lov\u00e9 a druh\u00fd p\u0159\u00edchod Je\u017e\u00ed\u0161e\u201c na Googlu \u2013 AI<\/span><br \/>\n<span dir=\"auto\">5 1. Korintsk\u00fdm kapitola 15, ver\u0161 14<\/span><br \/>\n<span dir=\"auto\">6 Skutky 1:9-12<\/span><br \/>\n<span dir=\"auto\">7 V\u00edce informac\u00ed:\u00a0<\/span><a href=\"https:\/\/fassadenkratzer.de\/2017\/04\/16\/das-raetsel-der-auferstehung\/\"><span dir=\"auto\">https:\/\/fassadenkratzer.de\/2017\/04\/16\/das-raetsel-der-auferstehung\/<\/span><\/a><br \/>\n<span dir=\"auto\">8 Matou\u0161 24:23-28<\/span><br \/>\n<span dir=\"auto\">9 Matou\u0161 28:2-4;<\/span><br \/>\n<span dir=\"auto\">Hans-Werner Schroeder: On the Second Coming of Christ Today, Stuttgart 1991, s. 41<\/span><\/p>\n<p>&nbsp;<\/p>\n","protected":false},"excerpt":{"rendered":"<p>Ve sv\u00e9m \u010dl\u00e1nku z\u00a026. b\u0159ezna 2026\u00a0Hermann Ploppa pouk\u00e1zal na to, jak\u00e9 n\u00e1bo\u017eensk\u00e9 bludy o apokalyptick\u00e9m&#8230;<\/p>\n","protected":false},"author":2,"featured_media":103780,"comment_status":"closed","ping_status":"closed","sticky":false,"template":"","format":"standard","meta":[],"categories":[7],"tags":[1042,107,10838,37,40],"_links":{"self":[{"href":"https:\/\/www.infokuryr.cz\/n\/wp-json\/wp\/v2\/posts\/103779"}],"collection":[{"href":"https:\/\/www.infokuryr.cz\/n\/wp-json\/wp\/v2\/posts"}],"about":[{"href":"https:\/\/www.infokuryr.cz\/n\/wp-json\/wp\/v2\/types\/post"}],"author":[{"embeddable":true,"href":"https:\/\/www.infokuryr.cz\/n\/wp-json\/wp\/v2\/users\/2"}],"replies":[{"embeddable":true,"href":"https:\/\/www.infokuryr.cz\/n\/wp-json\/wp\/v2\/comments?post=103779"}],"version-history":[{"count":0,"href":"https:\/\/www.infokuryr.cz\/n\/wp-json\/wp\/v2\/posts\/103779\/revisions"}],"wp:featuredmedia":[{"embeddable":true,"href":"https:\/\/www.infokuryr.cz\/n\/wp-json\/wp\/v2\/media\/103780"}],"wp:attachment":[{"href":"https:\/\/www.infokuryr.cz\/n\/wp-json\/wp\/v2\/media?parent=103779"}],"wp:term":[{"taxonomy":"category","embeddable":true,"href":"https:\/\/www.infokuryr.cz\/n\/wp-json\/wp\/v2\/categories?post=103779"},{"taxonomy":"post_tag","embeddable":true,"href":"https:\/\/www.infokuryr.cz\/n\/wp-json\/wp\/v2\/tags?post=103779"}],"curies":[{"name":"wp","href":"https:\/\/api.w.org\/{rel}","templated":true}]}}